{"id":74159,"date":"2021-02-10T14:02:37","date_gmt":"2021-02-10T17:02:37","guid":{"rendered":"http:\/\/infoecos.com.ar\/?p=74159"},"modified":"2021-02-12T02:22:14","modified_gmt":"2021-02-12T05:22:14","slug":"fernandez-hablo-de-las-condiciones-profesionales-de-cada-uno-de-los-nuevos-funcionarios","status":"publish","type":"post","link":"https:\/\/infoecos.com.ar\/index.php\/fernandez-hablo-de-las-condiciones-profesionales-de-cada-uno-de-los-nuevos-funcionarios\/","title":{"rendered":"Fern\u00e1ndez habl\u00f3 de las condiciones profesionales de cada uno de los nuevos funcionarios"},"content":{"rendered":"\n<p>El intendente de Trenque Lauquen, Miguel Fern\u00e1ndez, que con la demora en dar a conocer los nombres de los nuevos funcionarios de su equipo a ra\u00edz de la renuncia que presentaron tres de ellos, gener\u00f3 marcada expectativa, muy especialmente en el \u00abmundillo\u00bb pol\u00edtico y en los medios de comunicaci\u00f3n, se\u00f1al\u00f3 que <strong>\u201ceste reordenamiento interno responde a la necesidad de darle otro perfil a la gesti\u00f3n en estos pr\u00f3ximos tres a\u00f1os que tenemos por delante\u201d<\/strong>.<\/p>\n\n\n\n<div class=\"wp-block-image\"><figure class=\"aligncenter size-medium\"><img loading=\"lazy\" decoding=\"async\" width=\"460\" height=\"307\" src=\"http:\/\/infoecos.com.ar\/wp-content\/uploads\/2021\/02\/fernandezanuncios-460x307.jpg\" alt=\"\" class=\"wp-image-74160\" srcset=\"https:\/\/infoecos.com.ar\/wp-content\/uploads\/2021\/02\/fernandezanuncios-460x307.jpg 460w, https:\/\/infoecos.com.ar\/wp-content\/uploads\/2021\/02\/fernandezanuncios-768x512.jpg 768w, https:\/\/infoecos.com.ar\/wp-content\/uploads\/2021\/02\/fernandezanuncios-675x450.jpg 675w, https:\/\/infoecos.com.ar\/wp-content\/uploads\/2021\/02\/fernandezanuncios.jpg 810w\" sizes=\"(max-width: 460px) 100vw, 460px\" \/><\/figure><\/div>\n\n\n\n<p>En el transcurso del encuentro con los medios, al referirse a las cualidades de cada uno de los reemplazantes indic\u00f3 que a Rabasa<strong> \u201ctodos lo conocen y saben de la val\u00eda de Cristian, quien se ha ganado este lugar en funci\u00f3n de todo el trabajo que ha venido haciendo primero en la gesti\u00f3n de Ra\u00fal Feito, en la primera etapa de nuestra gesti\u00f3n y ahora con este nuevo desaf\u00edo que le hemos propuesto\u201d<\/strong>.<\/p>\n\n\n\n<p>Acerca del nombramiento del ingeniero Javier Mina, en Servicios P\u00fablicos, Fern\u00e1ndez asegur\u00f3 que <strong>\u201cse trata de un \u00e1rea que conoce perfectamente bien y que ejerci\u00f3 durante mucho tiempo, ya que pas\u00f3 de esa \u00e1rea a la direcci\u00f3n de Obras Particulares y ahora le he pedido volver a recrear esa Subsecretar\u00eda porque hay mucho trabajo y necesito del compromiso que \u00e9l ha manifestado durante todo este tiempo\u201d<\/strong>. Explic\u00f3 que <strong>\u201cMina va a tener que conducir lo que es agua corriente, cloacas, alumbrado p\u00fablico y cuestiones relacionadas con infraestructura, pero siempre con una mirada muy integrada de lo que es Servicios P\u00fablicos y Obras P\u00fablicas y la Oficina T\u00e9cnica Municipal\u201d<\/strong>.<\/p>\n\n\n\n<p><strong>\u201cValeria demostr\u00f3 en estos cuatro a\u00f1os de trabajo (en la oficina de Ambiente de Treinta de Agosto) un \u00e9xito rotundo con el tema de ambiente y el reordenamiento de lo que es la planta de reciclado y queremos reproducir ese \u00e9xito (de Treinta de Agosto) en Trenque Lauquen con un mont\u00f3n de proyectos de otra envergadura, y creemos que ella nos va a dar las respuestas y las soluciones que necesitamos para estos pr\u00f3ximos tres a\u00f1os que tenemos por delante\u201d<\/strong>, se\u00f1al\u00f3 con respecto a la nueva responsable de la Direcci\u00f3n de Pol\u00edtica Ambiental. <strong>\u201cQuiz\u00e1s lo del Polo Ambiental no se ve tanto porque no est\u00e1 a la vista, la gente no va de visita, pero quienes lo conocemos bien y estamos adentro sabemos de los cambios que se han producido pero tambi\u00e9n sabemos de todo lo que falta por hacer y en esto hay mucho de gesti\u00f3n y para seguir empujando en los despachos oficiales de Naci\u00f3n y Provincia\u201d<\/strong>, apunt\u00f3 m\u00e1s adelante. <\/p>\n\n\n\n<p><strong>\u201cHoy volvemos a integrar la Oficina T\u00e9cnica Municipal, que va a estar a cargo de Domingo Lanciano, porque entendemos que todos los desaf\u00edos que tenemos en cuanto a la enorme cantidad de proyectos y obras para ejecutar requieran de esta organizaci\u00f3n\u201d<\/strong>, manifest\u00f3 en torno a la recuperaci\u00f3n de esta repartici\u00f3n.<\/p>\n\n\n\n<p>En relaci\u00f3n a esta nueva etapa dijo que <strong>\u201cesto se logra con un buen equipo, m\u00e1s all\u00e1 de los muy buenos jugadores, armar el equipo y que todos jueguen a lo que el intendente o el director t\u00e9cnico quiere, es lo que vamos a proponernos en los pr\u00f3ximos 3 a\u00f1os para concluir la segunda gesti\u00f3n cumpliendo todos los objetivos que nos propusimos en el 2015\u201d<\/strong>.<\/p>\n","protected":false},"excerpt":{"rendered":"<p>Se\u00f1al\u00f3 que \u201ceste reordenamiento interno responde a la necesidad de darle otro perfil a la gesti\u00f3n\u00bb<\/p>\n","protected":false},"author":2,"featured_media":74160,"comment_status":"closed","ping_status":"open","sticky":false,"template":"","format":"standard","meta":{"footnotes":""},"categories":[41],"tags":[2921],"class_list":["post-74159","post","type-post","status-publish","format-standard","has-post-thumbnail","hentry","category-inferior2","tag-destaco-trayectorias"],"yoast_head":"<!-- This site is optimized with the Yoast SEO plugin v23.4 - https:\/\/yoast.com\/wordpress\/plugins\/seo\/ -->\n<title>Fern\u00e1ndez habl\u00f3 de las condiciones profesionales de cada uno de los nuevos funcionarios - Infoecos<\/title>\n<meta name=\"robots\" content=\"index, follow, max-snippet:-1, max-image-preview:large, max-video-preview:-1\" \/>\n<link rel=\"canonical\" href=\"https:\/\/infoecos.com.ar\/index.php\/fernandez-hablo-de-las-condiciones-profesionales-de-cada-uno-de-los-nuevos-funcionarios\/\" \/>\n<meta property=\"og:locale\" content=\"es_ES\" \/>\n<meta property=\"og:type\" content=\"article\" \/>\n<meta property=\"og:title\" content=\"Fern\u00e1ndez habl\u00f3 de las condiciones profesionales de cada uno de los nuevos funcionarios - Infoecos\" \/>\n<meta property=\"og:description\" content=\"Se\u00f1al\u00f3 que \u201ceste reordenamiento interno responde a la necesidad de darle otro perfil a la gesti\u00f3n&quot;\" \/>\n<meta property=\"og:url\" content=\"https:\/\/infoecos.com.ar\/index.php\/fernandez-hablo-de-las-condiciones-profesionales-de-cada-uno-de-los-nuevos-funcionarios\/\" \/>\n<meta property=\"og:site_name\" content=\"Infoecos\" \/>\n<meta property=\"article:publisher\" content=\"https:\/\/www.facebook.com\/profile.php?id=100063200290284\" \/>\n<meta property=\"article:published_time\" content=\"2021-02-10T17:02:37+00:00\" \/>\n<meta property=\"article:modified_time\" content=\"2021-02-12T05:22:14+00:00\" \/>\n<meta property=\"og:image\" content=\"https:\/\/infoecos.com.ar\/wp-content\/uploads\/2021\/02\/fernandezanuncios.jpg\" \/>\n\t<meta property=\"og:image:width\" content=\"810\" \/>\n\t<meta property=\"og:image:height\" content=\"540\" \/>\n\t<meta property=\"og:image:type\" content=\"image\/jpeg\" \/>\n<meta name=\"author\" content=\"Jorge Matheus\" \/>\n<meta name=\"twitter:card\" content=\"summary_large_image\" \/>\n<meta name=\"twitter:creator\" content=\"@infoecos\" \/>\n<meta name=\"twitter:site\" content=\"@infoecos\" \/>\n<meta name=\"twitter:label1\" content=\"Escrito por\" \/>\n\t<meta name=\"twitter:data1\" content=\"Jorge Matheus\" \/>\n\t<meta name=\"twitter:label2\" content=\"Tiempo de lectura\" \/>\n\t<meta name=\"twitter:data2\" content=\"3 minutos\" \/>\n<script type=\"application\/ld+json\" class=\"yoast-schema-graph\">{\"@context\":\"https:\/\/schema.org\",\"@graph\":[{\"@type\":\"Article\",\"@id\":\"https:\/\/infoecos.com.ar\/index.php\/fernandez-hablo-de-las-condiciones-profesionales-de-cada-uno-de-los-nuevos-funcionarios\/#article\",\"isPartOf\":{\"@id\":\"https:\/\/infoecos.com.ar\/index.php\/fernandez-hablo-de-las-condiciones-profesionales-de-cada-uno-de-los-nuevos-funcionarios\/\"},\"author\":{\"name\":\"Jorge Matheus\",\"@id\":\"https:\/\/infoecos.com.ar\/#\/schema\/person\/8f5ace5ce73b4b4aac4b7245aee6f191\"},\"headline\":\"Fern\u00e1ndez habl\u00f3 de las condiciones profesionales de cada uno de los nuevos funcionarios\",\"datePublished\":\"2021-02-10T17:02:37+00:00\",\"dateModified\":\"2021-02-12T05:22:14+00:00\",\"mainEntityOfPage\":{\"@id\":\"https:\/\/infoecos.com.ar\/index.php\/fernandez-hablo-de-las-condiciones-profesionales-de-cada-uno-de-los-nuevos-funcionarios\/\"},\"wordCount\":589,\"publisher\":{\"@id\":\"https:\/\/infoecos.com.ar\/#organization\"},\"image\":{\"@id\":\"https:\/\/infoecos.com.ar\/index.php\/fernandez-hablo-de-las-condiciones-profesionales-de-cada-uno-de-los-nuevos-funcionarios\/#primaryimage\"},\"thumbnailUrl\":\"https:\/\/infoecos.com.ar\/wp-content\/uploads\/2021\/02\/fernandezanuncios.jpg\",\"keywords\":[\"DESTAC\u00d3 TRAYECTORIAS\"],\"articleSection\":[\"Bloque inferior - 2\"],\"inLanguage\":\"es\"},{\"@type\":\"WebPage\",\"@id\":\"https:\/\/infoecos.com.ar\/index.php\/fernandez-hablo-de-las-condiciones-profesionales-de-cada-uno-de-los-nuevos-funcionarios\/\",\"url\":\"https:\/\/infoecos.com.ar\/index.php\/fernandez-hablo-de-las-condiciones-profesionales-de-cada-uno-de-los-nuevos-funcionarios\/\",\"name\":\"Fern\u00e1ndez habl\u00f3 de las condiciones profesionales de cada uno de los nuevos funcionarios - Infoecos\",\"isPartOf\":{\"@id\":\"https:\/\/infoecos.com.ar\/#website\"},\"primaryImageOfPage\":{\"@id\":\"https:\/\/infoecos.com.ar\/index.php\/fernandez-hablo-de-las-condiciones-profesionales-de-cada-uno-de-los-nuevos-funcionarios\/#primaryimage\"},\"image\":{\"@id\":\"https:\/\/infoecos.com.ar\/index.php\/fernandez-hablo-de-las-condiciones-profesionales-de-cada-uno-de-los-nuevos-funcionarios\/#primaryimage\"},\"thumbnailUrl\":\"https:\/\/infoecos.com.ar\/wp-content\/uploads\/2021\/02\/fernandezanuncios.jpg\",\"datePublished\":\"2021-02-10T17:02:37+00:00\",\"dateModified\":\"2021-02-12T05:22:14+00:00\",\"breadcrumb\":{\"@id\":\"https:\/\/infoecos.com.ar\/index.php\/fernandez-hablo-de-las-condiciones-profesionales-de-cada-uno-de-los-nuevos-funcionarios\/#breadcrumb\"},\"inLanguage\":\"es\",\"potentialAction\":[{\"@type\":\"ReadAction\",\"target\":[\"https:\/\/infoecos.com.ar\/index.php\/fernandez-hablo-de-las-condiciones-profesionales-de-cada-uno-de-los-nuevos-funcionarios\/\"]}]},{\"@type\":\"ImageObject\",\"inLanguage\":\"es\",\"@id\":\"https:\/\/infoecos.com.ar\/index.php\/fernandez-hablo-de-las-condiciones-profesionales-de-cada-uno-de-los-nuevos-funcionarios\/#primaryimage\",\"url\":\"https:\/\/infoecos.com.ar\/wp-content\/uploads\/2021\/02\/fernandezanuncios.jpg\",\"contentUrl\":\"https:\/\/infoecos.com.ar\/wp-content\/uploads\/2021\/02\/fernandezanuncios.jpg\",\"width\":810,\"height\":540},{\"@type\":\"BreadcrumbList\",\"@id\":\"https:\/\/infoecos.com.ar\/index.php\/fernandez-hablo-de-las-condiciones-profesionales-de-cada-uno-de-los-nuevos-funcionarios\/#breadcrumb\",\"itemListElement\":[{\"@type\":\"ListItem\",\"position\":1,\"name\":\"Portada\",\"item\":\"https:\/\/infoecos.com.ar\/\"},{\"@type\":\"ListItem\",\"position\":2,\"name\":\"Fern\u00e1ndez habl\u00f3 de las condiciones profesionales de cada uno de los nuevos funcionarios\"}]},{\"@type\":\"WebSite\",\"@id\":\"https:\/\/infoecos.com.ar\/#website\",\"url\":\"https:\/\/infoecos.com.ar\/\",\"name\":\"Infoecos\",\"description\":\"Noticias de trenque lauquen y la zona\",\"publisher\":{\"@id\":\"https:\/\/infoecos.com.ar\/#organization\"},\"alternateName\":\"Noticias\",\"potentialAction\":[{\"@type\":\"SearchAction\",\"target\":{\"@type\":\"EntryPoint\",\"urlTemplate\":\"https:\/\/infoecos.com.ar\/?s={search_term_string}\"},\"query-input\":{\"@type\":\"PropertyValueSpecification\",\"valueRequired\":true,\"valueName\":\"search_term_string\"}}],\"inLanguage\":\"es\"},{\"@type\":\"Organization\",\"@id\":\"https:\/\/infoecos.com.ar\/#organization\",\"name\":\"Infoecos\",\"alternateName\":\"Noticias\",\"url\":\"https:\/\/infoecos.com.ar\/\",\"logo\":{\"@type\":\"ImageObject\",\"inLanguage\":\"es\",\"@id\":\"https:\/\/infoecos.com.ar\/#\/schema\/logo\/image\/\",\"url\":\"https:\/\/infoecos.com.ar\/wp-content\/uploads\/2024\/03\/cropped-logo.png\",\"contentUrl\":\"https:\/\/infoecos.com.ar\/wp-content\/uploads\/2024\/03\/cropped-logo.png\",\"width\":374,\"height\":90,\"caption\":\"Infoecos\"},\"image\":{\"@id\":\"https:\/\/infoecos.com.ar\/#\/schema\/logo\/image\/\"},\"sameAs\":[\"https:\/\/www.facebook.com\/profile.php?id=100063200290284\",\"https:\/\/x.com\/infoecos\"]},{\"@type\":\"Person\",\"@id\":\"https:\/\/infoecos.com.ar\/#\/schema\/person\/8f5ace5ce73b4b4aac4b7245aee6f191\",\"name\":\"Jorge Matheus\",\"url\":\"https:\/\/infoecos.com.ar\/index.php\/author\/jomatheus\/\"}]}<\/script>\n<!-- \/ Yoast SEO plugin. -->","yoast_head_json":{"title":"Fern\u00e1ndez habl\u00f3 de las condiciones profesionales de cada uno de los nuevos funcionarios - Infoecos","robots":{"index":"index","follow":"follow","max-snippet":"max-snippet:-1","max-image-preview":"max-image-preview:large","max-video-preview":"max-video-preview:-1"},"canonical":"https:\/\/infoecos.com.ar\/index.php\/fernandez-hablo-de-las-condiciones-profesionales-de-cada-uno-de-los-nuevos-funcionarios\/","og_locale":"es_ES","og_type":"article","og_title":"Fern\u00e1ndez habl\u00f3 de las condiciones profesionales de cada uno de los nuevos funcionarios - Infoecos","og_description":"Se\u00f1al\u00f3 que \u201ceste reordenamiento interno responde a la necesidad de darle otro perfil a la gesti\u00f3n\"","og_url":"https:\/\/infoecos.com.ar\/index.php\/fernandez-hablo-de-las-condiciones-profesionales-de-cada-uno-de-los-nuevos-funcionarios\/","og_site_name":"Infoecos","article_publisher":"https:\/\/www.facebook.com\/profile.php?id=100063200290284","article_published_time":"2021-02-10T17:02:37+00:00","article_modified_time":"2021-02-12T05:22:14+00:00","og_image":[{"width":810,"height":540,"url":"https:\/\/infoecos.com.ar\/wp-content\/uploads\/2021\/02\/fernandezanuncios.jpg","type":"image\/jpeg"}],"author":"Jorge Matheus","twitter_card":"summary_large_image","twitter_creator":"@infoecos","twitter_site":"@infoecos","twitter_misc":{"Escrito por":"Jorge Matheus","Tiempo de lectura":"3 minutos"},"schema":{"@context":"https:\/\/schema.org","@graph":[{"@type":"Article","@id":"https:\/\/infoecos.com.ar\/index.php\/fernandez-hablo-de-las-condiciones-profesionales-de-cada-uno-de-los-nuevos-funcionarios\/#article","isPartOf":{"@id":"https:\/\/infoecos.com.ar\/index.php\/fernandez-hablo-de-las-condiciones-profesionales-de-cada-uno-de-los-nuevos-funcionarios\/"},"author":{"name":"Jorge Matheus","@id":"https:\/\/infoecos.com.ar\/#\/schema\/person\/8f5ace5ce73b4b4aac4b7245aee6f191"},"headline":"Fern\u00e1ndez habl\u00f3 de las condiciones profesionales de cada uno de los nuevos funcionarios","datePublished":"2021-02-10T17:02:37+00:00","dateModified":"2021-02-12T05:22:14+00:00","mainEntityOfPage":{"@id":"https:\/\/infoecos.com.ar\/index.php\/fernandez-hablo-de-las-condiciones-profesionales-de-cada-uno-de-los-nuevos-funcionarios\/"},"wordCount":589,"publisher":{"@id":"https:\/\/infoecos.com.ar\/#organization"},"image":{"@id":"https:\/\/infoecos.com.ar\/index.php\/fernandez-hablo-de-las-condiciones-profesionales-de-cada-uno-de-los-nuevos-funcionarios\/#primaryimage"},"thumbnailUrl":"https:\/\/infoecos.com.ar\/wp-content\/uploads\/2021\/02\/fernandezanuncios.jpg","keywords":["DESTAC\u00d3 TRAYECTORIAS"],"articleSection":["Bloque inferior - 2"],"inLanguage":"es"},{"@type":"WebPage","@id":"https:\/\/infoecos.com.ar\/index.php\/fernandez-hablo-de-las-condiciones-profesionales-de-cada-uno-de-los-nuevos-funcionarios\/","url":"https:\/\/infoecos.com.ar\/index.php\/fernandez-hablo-de-las-condiciones-profesionales-de-cada-uno-de-los-nuevos-funcionarios\/","name":"Fern\u00e1ndez habl\u00f3 de las condiciones profesionales de cada uno de los nuevos funcionarios - Infoecos","isPartOf":{"@id":"https:\/\/infoecos.com.ar\/#website"},"primaryImageOfPage":{"@id":"https:\/\/infoecos.com.ar\/index.php\/fernandez-hablo-de-las-condiciones-profesionales-de-cada-uno-de-los-nuevos-funcionarios\/#primaryimage"},"image":{"@id":"https:\/\/infoecos.com.ar\/index.php\/fernandez-hablo-de-las-condiciones-profesionales-de-cada-uno-de-los-nuevos-funcionarios\/#primaryimage"},"thumbnailUrl":"https:\/\/infoecos.com.ar\/wp-content\/uploads\/2021\/02\/fernandezanuncios.jpg","datePublished":"2021-02-10T17:02:37+00:00","dateModified":"2021-02-12T05:22:14+00:00","breadcrumb":{"@id":"https:\/\/infoecos.com.ar\/index.php\/fernandez-hablo-de-las-condiciones-profesionales-de-cada-uno-de-los-nuevos-funcionarios\/#breadcrumb"},"inLanguage":"es","potentialAction":[{"@type":"ReadAction","target":["https:\/\/infoecos.com.ar\/index.php\/fernandez-hablo-de-las-condiciones-profesionales-de-cada-uno-de-los-nuevos-funcionarios\/"]}]},{"@type":"ImageObject","inLanguage":"es","@id":"https:\/\/infoecos.com.ar\/index.php\/fernandez-hablo-de-las-condiciones-profesionales-de-cada-uno-de-los-nuevos-funcionarios\/#primaryimage","url":"https:\/\/infoecos.com.ar\/wp-content\/uploads\/2021\/02\/fernandezanuncios.jpg","contentUrl":"https:\/\/infoecos.com.ar\/wp-content\/uploads\/2021\/02\/fernandezanuncios.jpg","width":810,"height":540},{"@type":"BreadcrumbList","@id":"https:\/\/infoecos.com.ar\/index.php\/fernandez-hablo-de-las-condiciones-profesionales-de-cada-uno-de-los-nuevos-funcionarios\/#breadcrumb","itemListElement":[{"@type":"ListItem","position":1,"name":"Portada","item":"https:\/\/infoecos.com.ar\/"},{"@type":"ListItem","position":2,"name":"Fern\u00e1ndez habl\u00f3 de las condiciones profesionales de cada uno de los nuevos funcionarios"}]},{"@type":"WebSite","@id":"https:\/\/infoecos.com.ar\/#website","url":"https:\/\/infoecos.com.ar\/","name":"Infoecos","description":"Noticias de trenque lauquen y la zona","publisher":{"@id":"https:\/\/infoecos.com.ar\/#organization"},"alternateName":"Noticias","potentialAction":[{"@type":"SearchAction","target":{"@type":"EntryPoint","urlTemplate":"https:\/\/infoecos.com.ar\/?s={search_term_string}"},"query-input":{"@type":"PropertyValueSpecification","valueRequired":true,"valueName":"search_term_string"}}],"inLanguage":"es"},{"@type":"Organization","@id":"https:\/\/infoecos.com.ar\/#organization","name":"Infoecos","alternateName":"Noticias","url":"https:\/\/infoecos.com.ar\/","logo":{"@type":"ImageObject","inLanguage":"es","@id":"https:\/\/infoecos.com.ar\/#\/schema\/logo\/image\/","url":"https:\/\/infoecos.com.ar\/wp-content\/uploads\/2024\/03\/cropped-logo.png","contentUrl":"https:\/\/infoecos.com.ar\/wp-content\/uploads\/2024\/03\/cropped-logo.png","width":374,"height":90,"caption":"Infoecos"},"image":{"@id":"https:\/\/infoecos.com.ar\/#\/schema\/logo\/image\/"},"sameAs":["https:\/\/www.facebook.com\/profile.php?id=100063200290284","https:\/\/x.com\/infoecos"]},{"@type":"Person","@id":"https:\/\/infoecos.com.ar\/#\/schema\/person\/8f5ace5ce73b4b4aac4b7245aee6f191","name":"Jorge Matheus","url":"https:\/\/infoecos.com.ar\/index.php\/author\/jomatheus\/"}]}},"featured_image_urls":{"full":["https:\/\/infoecos.com.ar\/wp-content\/uploads\/2021\/02\/fernandezanuncios.jpg",810,540,false],"thumbnail":["https:\/\/infoecos.com.ar\/wp-content\/uploads\/2021\/02\/fernandezanuncios-150x150.jpg",150,150,true],"medium":["https:\/\/infoecos.com.ar\/wp-content\/uploads\/2021\/02\/fernandezanuncios-460x307.jpg",460,307,true],"medium_large":["https:\/\/infoecos.com.ar\/wp-content\/uploads\/2021\/02\/fernandezanuncios-768x512.jpg",640,427,true],"large":["https:\/\/infoecos.com.ar\/wp-content\/uploads\/2021\/02\/fernandezanuncios.jpg",640,427,false],"1536x1536":["https:\/\/infoecos.com.ar\/wp-content\/uploads\/2021\/02\/fernandezanuncios.jpg",810,540,false],"2048x2048":["https:\/\/infoecos.com.ar\/wp-content\/uploads\/2021\/02\/fernandezanuncios.jpg",810,540,false],"covernews-slider-full":["https:\/\/infoecos.com.ar\/wp-content\/uploads\/2021\/02\/fernandezanuncios.jpg",810,540,false],"covernews-slider-center":["https:\/\/infoecos.com.ar\/wp-content\/uploads\/2021\/02\/fernandezanuncios.jpg",750,500,false],"covernews-featured":["https:\/\/infoecos.com.ar\/wp-content\/uploads\/2021\/02\/fernandezanuncios.jpg",810,540,false],"covernews-medium":["https:\/\/infoecos.com.ar\/wp-content\/uploads\/2021\/02\/fernandezanuncios-720x380.jpg",540,285,true],"covernews-medium-square":["https:\/\/infoecos.com.ar\/wp-content\/uploads\/2021\/02\/fernandezanuncios-675x450.jpg",375,250,true]},"author_info":{"info":["Jorge Matheus"]},"category_info":"<a href=\"https:\/\/infoecos.com.ar\/index.php\/category\/inferior2\/\" rel=\"category tag\">Bloque inferior - 2<\/a>","tag_info":"Bloque inferior - 2","comment_count":"0","_links":{"self":[{"href":"https:\/\/infoecos.com.ar\/index.php\/wp-json\/wp\/v2\/posts\/74159"}],"collection":[{"href":"https:\/\/infoecos.com.ar\/index.php\/wp-json\/wp\/v2\/posts"}],"about":[{"href":"https:\/\/infoecos.com.ar\/index.php\/wp-json\/wp\/v2\/types\/post"}],"author":[{"embeddable":true,"href":"https:\/\/infoecos.com.ar\/index.php\/wp-json\/wp\/v2\/users\/2"}],"replies":[{"embeddable":true,"href":"https:\/\/infoecos.com.ar\/index.php\/wp-json\/wp\/v2\/comments?post=74159"}],"version-history":[{"count":1,"href":"https:\/\/infoecos.com.ar\/index.php\/wp-json\/wp\/v2\/posts\/74159\/revisions"}],"predecessor-version":[{"id":74161,"href":"https:\/\/infoecos.com.ar\/index.php\/wp-json\/wp\/v2\/posts\/74159\/revisions\/74161"}],"wp:featuredmedia":[{"embeddable":true,"href":"https:\/\/infoecos.com.ar\/index.php\/wp-json\/wp\/v2\/media\/74160"}],"wp:attachment":[{"href":"https:\/\/infoecos.com.ar\/index.php\/wp-json\/wp\/v2\/media?parent=74159"}],"wp:term":[{"taxonomy":"category","embeddable":true,"href":"https:\/\/infoecos.com.ar\/index.php\/wp-json\/wp\/v2\/categories?post=74159"},{"taxonomy":"post_tag","embeddable":true,"href":"https:\/\/infoecos.com.ar\/index.php\/wp-json\/wp\/v2\/tags?post=74159"}],"curies":[{"name":"wp","href":"https:\/\/api.w.org\/{rel}","templated":true}]}}