{"id":74199,"date":"2021-02-11T01:56:19","date_gmt":"2021-02-11T04:56:19","guid":{"rendered":"http:\/\/infoecos.com.ar\/?p=74199"},"modified":"2021-02-11T01:56:22","modified_gmt":"2021-02-11T04:56:22","slug":"berni-acuso-a-los-policias-desafectados-de-estar-disputando-una-caja-millonaria","status":"publish","type":"post","link":"https:\/\/infoecos.com.ar\/index.php\/berni-acuso-a-los-policias-desafectados-de-estar-disputando-una-caja-millonaria\/","title":{"rendered":"Berni acus\u00f3 a los polic\u00edas desafectados de estar disputando una caja millonaria"},"content":{"rendered":"\n<p>Sergio Berni particip\u00f3 del acto junto al Gobernador Axel Kicillof\u00a0en Florencio Varela y acus\u00f3 a los polic\u00edas desafectados en las ultimas horas de\u00a0\u201cest\u00e1n disputando una caja millonaria\u201d\u00a0de una \u201csupuesta sindicalizaci\u00f3n policial\u201d.<\/p>\n\n\n\n<div class=\"wp-block-image\"><figure class=\"aligncenter size-medium\"><img loading=\"lazy\" decoding=\"async\" width=\"460\" height=\"288\" src=\"http:\/\/infoecos.com.ar\/wp-content\/uploads\/2021\/02\/berni-460x288.jpg\" alt=\"\" class=\"wp-image-74200\" srcset=\"https:\/\/infoecos.com.ar\/wp-content\/uploads\/2021\/02\/berni-460x288.jpg 460w, https:\/\/infoecos.com.ar\/wp-content\/uploads\/2021\/02\/berni-768x480.jpg 768w, https:\/\/infoecos.com.ar\/wp-content\/uploads\/2021\/02\/berni.jpg 800w\" sizes=\"(max-width: 460px) 100vw, 460px\" \/><\/figure><\/div>\n\n\n\n<p>Sobre los polic\u00edas desafectados tras un reclamo de mejores condiciones de trabajo y salario en los \u00faltimos meses,\u00a0Berni asegur\u00f3 que \u201cintentan hacerse (de esa caja) por un mecanismo que no es viable, el de la sindicalizaci\u00f3n\u201d.<\/p>\n\n\n\n<p>Y a su vez subray\u00f3 que las protestas fueron\u00a0\u201cexonerados por ladrones\u201d\u00a0que intentan \u201cgenerar esta rebeld\u00eda\u201d pero sin \u201cdecir la verdad\u201d. Pero agreg\u00f3 que el numero de polic\u00edas que se sumaron a estos reclamos\u00a0son un \u201cun grupo min\u00fasculo de personas\u00a0que, desde el anonimato intentan empujar a los incr\u00e9dulos a violar nuestras leyes\u201d.<\/p>\n\n\n\n<p>Enfatiz\u00f3 el hecho de que los polic\u00edas no reclamaron de una manera acorde y atentaron contra la envestidura presidencial y resalt\u00f3 el hecho de que no hayan reclamado en los a\u00f1os anteriores,&nbsp;<strong>\u201cNo escuch\u00e9 esas voces hace cuatro a\u00f1os, \u00bfo ser\u00e1 que su silencio ten\u00eda precio?\u201d .<\/strong><\/p>\n\n\n\n<p>Sin embargo se refiri\u00f3 a las condiciones de trabajo que padecen los miles de polic\u00edas de la bonaerense:&nbsp;<strong>\u201chay que tener mucho est\u00f3mago para estar cinco minutos en una comisar\u00eda nuestra, abarrotada de presos\u201d.<\/strong><\/p>\n","protected":false},"excerpt":{"rendered":"<p>Sobre los polic\u00edas desafectados tras un reclamo de mejores condiciones de trabajo y salario en los \u00faltimos meses, Berni asegur\u00f3 que \u201cintentan hacerse (de esa caja) por un mecanismo que no es viable, el de la sindicalizaci\u00f3n\u201d<\/p>\n","protected":false},"author":2,"featured_media":74200,"comment_status":"closed","ping_status":"open","sticky":false,"template":"","format":"standard","meta":{"footnotes":""},"categories":[50],"tags":[2932],"class_list":["post-74199","post","type-post","status-publish","format-standard","has-post-thumbnail","hentry","category-c1nota4","tag-estuvo-en-florencio-varela"],"yoast_head":"<!-- This site is optimized with the Yoast SEO plugin v23.4 - https:\/\/yoast.com\/wordpress\/plugins\/seo\/ -->\n<title>Berni acus\u00f3 a los polic\u00edas desafectados de estar disputando una caja millonaria - Infoecos<\/title>\n<meta name=\"robots\" content=\"index, follow, max-snippet:-1, max-image-preview:large, max-video-preview:-1\" \/>\n<link rel=\"canonical\" href=\"https:\/\/infoecos.com.ar\/index.php\/berni-acuso-a-los-policias-desafectados-de-estar-disputando-una-caja-millonaria\/\" \/>\n<meta property=\"og:locale\" content=\"es_ES\" \/>\n<meta property=\"og:type\" content=\"article\" \/>\n<meta property=\"og:title\" content=\"Berni acus\u00f3 a los polic\u00edas desafectados de estar disputando una caja millonaria - Infoecos\" \/>\n<meta property=\"og:description\" content=\"Sobre los polic\u00edas desafectados tras un reclamo de mejores condiciones de trabajo y salario en los \u00faltimos meses, Berni asegur\u00f3 que \u201cintentan hacerse (de esa caja) por un mecanismo que no es viable, el de la sindicalizaci\u00f3n\u201d\" \/>\n<meta property=\"og:url\" content=\"https:\/\/infoecos.com.ar\/index.php\/berni-acuso-a-los-policias-desafectados-de-estar-disputando-una-caja-millonaria\/\" \/>\n<meta property=\"og:site_name\" content=\"Infoecos\" \/>\n<meta property=\"article:publisher\" content=\"https:\/\/www.facebook.com\/profile.php?id=100063200290284\" \/>\n<meta property=\"article:published_time\" content=\"2021-02-11T04:56:19+00:00\" \/>\n<meta property=\"article:modified_time\" content=\"2021-02-11T04:56:22+00:00\" \/>\n<meta property=\"og:image\" content=\"https:\/\/infoecos.com.ar\/wp-content\/uploads\/2021\/02\/berni.jpg\" \/>\n\t<meta property=\"og:image:width\" content=\"800\" \/>\n\t<meta property=\"og:image:height\" content=\"500\" \/>\n\t<meta property=\"og:image:type\" content=\"image\/jpeg\" \/>\n<meta name=\"author\" content=\"Jorge Matheus\" \/>\n<meta name=\"twitter:card\" content=\"summary_large_image\" \/>\n<meta name=\"twitter:creator\" content=\"@infoecos\" \/>\n<meta name=\"twitter:site\" content=\"@infoecos\" \/>\n<meta name=\"twitter:label1\" content=\"Escrito por\" \/>\n\t<meta name=\"twitter:data1\" content=\"Jorge Matheus\" \/>\n\t<meta name=\"twitter:label2\" content=\"Tiempo de lectura\" \/>\n\t<meta name=\"twitter:data2\" content=\"1 minuto\" \/>\n<script type=\"application\/ld+json\" class=\"yoast-schema-graph\">{\"@context\":\"https:\/\/schema.org\",\"@graph\":[{\"@type\":\"Article\",\"@id\":\"https:\/\/infoecos.com.ar\/index.php\/berni-acuso-a-los-policias-desafectados-de-estar-disputando-una-caja-millonaria\/#article\",\"isPartOf\":{\"@id\":\"https:\/\/infoecos.com.ar\/index.php\/berni-acuso-a-los-policias-desafectados-de-estar-disputando-una-caja-millonaria\/\"},\"author\":{\"name\":\"Jorge Matheus\",\"@id\":\"https:\/\/infoecos.com.ar\/#\/schema\/person\/8f5ace5ce73b4b4aac4b7245aee6f191\"},\"headline\":\"Berni acus\u00f3 a los polic\u00edas desafectados de estar disputando una caja millonaria\",\"datePublished\":\"2021-02-11T04:56:19+00:00\",\"dateModified\":\"2021-02-11T04:56:22+00:00\",\"mainEntityOfPage\":{\"@id\":\"https:\/\/infoecos.com.ar\/index.php\/berni-acuso-a-los-policias-desafectados-de-estar-disputando-una-caja-millonaria\/\"},\"wordCount\":237,\"publisher\":{\"@id\":\"https:\/\/infoecos.com.ar\/#organization\"},\"image\":{\"@id\":\"https:\/\/infoecos.com.ar\/index.php\/berni-acuso-a-los-policias-desafectados-de-estar-disputando-una-caja-millonaria\/#primaryimage\"},\"thumbnailUrl\":\"https:\/\/infoecos.com.ar\/wp-content\/uploads\/2021\/02\/berni.jpg\",\"keywords\":[\"ESTUVO EN FLORENCIO VARELA\"],\"articleSection\":[\"C1 N4\"],\"inLanguage\":\"es\"},{\"@type\":\"WebPage\",\"@id\":\"https:\/\/infoecos.com.ar\/index.php\/berni-acuso-a-los-policias-desafectados-de-estar-disputando-una-caja-millonaria\/\",\"url\":\"https:\/\/infoecos.com.ar\/index.php\/berni-acuso-a-los-policias-desafectados-de-estar-disputando-una-caja-millonaria\/\",\"name\":\"Berni acus\u00f3 a los polic\u00edas desafectados de estar disputando una caja millonaria - Infoecos\",\"isPartOf\":{\"@id\":\"https:\/\/infoecos.com.ar\/#website\"},\"primaryImageOfPage\":{\"@id\":\"https:\/\/infoecos.com.ar\/index.php\/berni-acuso-a-los-policias-desafectados-de-estar-disputando-una-caja-millonaria\/#primaryimage\"},\"image\":{\"@id\":\"https:\/\/infoecos.com.ar\/index.php\/berni-acuso-a-los-policias-desafectados-de-estar-disputando-una-caja-millonaria\/#primaryimage\"},\"thumbnailUrl\":\"https:\/\/infoecos.com.ar\/wp-content\/uploads\/2021\/02\/berni.jpg\",\"datePublished\":\"2021-02-11T04:56:19+00:00\",\"dateModified\":\"2021-02-11T04:56:22+00:00\",\"breadcrumb\":{\"@id\":\"https:\/\/infoecos.com.ar\/index.php\/berni-acuso-a-los-policias-desafectados-de-estar-disputando-una-caja-millonaria\/#breadcrumb\"},\"inLanguage\":\"es\",\"potentialAction\":[{\"@type\":\"ReadAction\",\"target\":[\"https:\/\/infoecos.com.ar\/index.php\/berni-acuso-a-los-policias-desafectados-de-estar-disputando-una-caja-millonaria\/\"]}]},{\"@type\":\"ImageObject\",\"inLanguage\":\"es\",\"@id\":\"https:\/\/infoecos.com.ar\/index.php\/berni-acuso-a-los-policias-desafectados-de-estar-disputando-una-caja-millonaria\/#primaryimage\",\"url\":\"https:\/\/infoecos.com.ar\/wp-content\/uploads\/2021\/02\/berni.jpg\",\"contentUrl\":\"https:\/\/infoecos.com.ar\/wp-content\/uploads\/2021\/02\/berni.jpg\",\"width\":800,\"height\":500},{\"@type\":\"BreadcrumbList\",\"@id\":\"https:\/\/infoecos.com.ar\/index.php\/berni-acuso-a-los-policias-desafectados-de-estar-disputando-una-caja-millonaria\/#breadcrumb\",\"itemListElement\":[{\"@type\":\"ListItem\",\"position\":1,\"name\":\"Portada\",\"item\":\"https:\/\/infoecos.com.ar\/\"},{\"@type\":\"ListItem\",\"position\":2,\"name\":\"Berni acus\u00f3 a los polic\u00edas desafectados de estar disputando una caja millonaria\"}]},{\"@type\":\"WebSite\",\"@id\":\"https:\/\/infoecos.com.ar\/#website\",\"url\":\"https:\/\/infoecos.com.ar\/\",\"name\":\"Infoecos\",\"description\":\"Noticias de trenque lauquen y la zona\",\"publisher\":{\"@id\":\"https:\/\/infoecos.com.ar\/#organization\"},\"alternateName\":\"Noticias\",\"potentialAction\":[{\"@type\":\"SearchAction\",\"target\":{\"@type\":\"EntryPoint\",\"urlTemplate\":\"https:\/\/infoecos.com.ar\/?s={search_term_string}\"},\"query-input\":{\"@type\":\"PropertyValueSpecification\",\"valueRequired\":true,\"valueName\":\"search_term_string\"}}],\"inLanguage\":\"es\"},{\"@type\":\"Organization\",\"@id\":\"https:\/\/infoecos.com.ar\/#organization\",\"name\":\"Infoecos\",\"alternateName\":\"Noticias\",\"url\":\"https:\/\/infoecos.com.ar\/\",\"logo\":{\"@type\":\"ImageObject\",\"inLanguage\":\"es\",\"@id\":\"https:\/\/infoecos.com.ar\/#\/schema\/logo\/image\/\",\"url\":\"https:\/\/infoecos.com.ar\/wp-content\/uploads\/2024\/03\/cropped-logo.png\",\"contentUrl\":\"https:\/\/infoecos.com.ar\/wp-content\/uploads\/2024\/03\/cropped-logo.png\",\"width\":374,\"height\":90,\"caption\":\"Infoecos\"},\"image\":{\"@id\":\"https:\/\/infoecos.com.ar\/#\/schema\/logo\/image\/\"},\"sameAs\":[\"https:\/\/www.facebook.com\/profile.php?id=100063200290284\",\"https:\/\/x.com\/infoecos\"]},{\"@type\":\"Person\",\"@id\":\"https:\/\/infoecos.com.ar\/#\/schema\/person\/8f5ace5ce73b4b4aac4b7245aee6f191\",\"name\":\"Jorge Matheus\",\"url\":\"https:\/\/infoecos.com.ar\/index.php\/author\/jomatheus\/\"}]}<\/script>\n<!-- \/ Yoast SEO plugin. -->","yoast_head_json":{"title":"Berni acus\u00f3 a los polic\u00edas desafectados de estar disputando una caja millonaria - Infoecos","robots":{"index":"index","follow":"follow","max-snippet":"max-snippet:-1","max-image-preview":"max-image-preview:large","max-video-preview":"max-video-preview:-1"},"canonical":"https:\/\/infoecos.com.ar\/index.php\/berni-acuso-a-los-policias-desafectados-de-estar-disputando-una-caja-millonaria\/","og_locale":"es_ES","og_type":"article","og_title":"Berni acus\u00f3 a los polic\u00edas desafectados de estar disputando una caja millonaria - Infoecos","og_description":"Sobre los polic\u00edas desafectados tras un reclamo de mejores condiciones de trabajo y salario en los \u00faltimos meses, Berni asegur\u00f3 que \u201cintentan hacerse (de esa caja) por un mecanismo que no es viable, el de la sindicalizaci\u00f3n\u201d","og_url":"https:\/\/infoecos.com.ar\/index.php\/berni-acuso-a-los-policias-desafectados-de-estar-disputando-una-caja-millonaria\/","og_site_name":"Infoecos","article_publisher":"https:\/\/www.facebook.com\/profile.php?id=100063200290284","article_published_time":"2021-02-11T04:56:19+00:00","article_modified_time":"2021-02-11T04:56:22+00:00","og_image":[{"width":800,"height":500,"url":"https:\/\/infoecos.com.ar\/wp-content\/uploads\/2021\/02\/berni.jpg","type":"image\/jpeg"}],"author":"Jorge Matheus","twitter_card":"summary_large_image","twitter_creator":"@infoecos","twitter_site":"@infoecos","twitter_misc":{"Escrito por":"Jorge Matheus","Tiempo de lectura":"1 minuto"},"schema":{"@context":"https:\/\/schema.org","@graph":[{"@type":"Article","@id":"https:\/\/infoecos.com.ar\/index.php\/berni-acuso-a-los-policias-desafectados-de-estar-disputando-una-caja-millonaria\/#article","isPartOf":{"@id":"https:\/\/infoecos.com.ar\/index.php\/berni-acuso-a-los-policias-desafectados-de-estar-disputando-una-caja-millonaria\/"},"author":{"name":"Jorge Matheus","@id":"https:\/\/infoecos.com.ar\/#\/schema\/person\/8f5ace5ce73b4b4aac4b7245aee6f191"},"headline":"Berni acus\u00f3 a los polic\u00edas desafectados de estar disputando una caja millonaria","datePublished":"2021-02-11T04:56:19+00:00","dateModified":"2021-02-11T04:56:22+00:00","mainEntityOfPage":{"@id":"https:\/\/infoecos.com.ar\/index.php\/berni-acuso-a-los-policias-desafectados-de-estar-disputando-una-caja-millonaria\/"},"wordCount":237,"publisher":{"@id":"https:\/\/infoecos.com.ar\/#organization"},"image":{"@id":"https:\/\/infoecos.com.ar\/index.php\/berni-acuso-a-los-policias-desafectados-de-estar-disputando-una-caja-millonaria\/#primaryimage"},"thumbnailUrl":"https:\/\/infoecos.com.ar\/wp-content\/uploads\/2021\/02\/berni.jpg","keywords":["ESTUVO EN FLORENCIO VARELA"],"articleSection":["C1 N4"],"inLanguage":"es"},{"@type":"WebPage","@id":"https:\/\/infoecos.com.ar\/index.php\/berni-acuso-a-los-policias-desafectados-de-estar-disputando-una-caja-millonaria\/","url":"https:\/\/infoecos.com.ar\/index.php\/berni-acuso-a-los-policias-desafectados-de-estar-disputando-una-caja-millonaria\/","name":"Berni acus\u00f3 a los polic\u00edas desafectados de estar disputando una caja millonaria - Infoecos","isPartOf":{"@id":"https:\/\/infoecos.com.ar\/#website"},"primaryImageOfPage":{"@id":"https:\/\/infoecos.com.ar\/index.php\/berni-acuso-a-los-policias-desafectados-de-estar-disputando-una-caja-millonaria\/#primaryimage"},"image":{"@id":"https:\/\/infoecos.com.ar\/index.php\/berni-acuso-a-los-policias-desafectados-de-estar-disputando-una-caja-millonaria\/#primaryimage"},"thumbnailUrl":"https:\/\/infoecos.com.ar\/wp-content\/uploads\/2021\/02\/berni.jpg","datePublished":"2021-02-11T04:56:19+00:00","dateModified":"2021-02-11T04:56:22+00:00","breadcrumb":{"@id":"https:\/\/infoecos.com.ar\/index.php\/berni-acuso-a-los-policias-desafectados-de-estar-disputando-una-caja-millonaria\/#breadcrumb"},"inLanguage":"es","potentialAction":[{"@type":"ReadAction","target":["https:\/\/infoecos.com.ar\/index.php\/berni-acuso-a-los-policias-desafectados-de-estar-disputando-una-caja-millonaria\/"]}]},{"@type":"ImageObject","inLanguage":"es","@id":"https:\/\/infoecos.com.ar\/index.php\/berni-acuso-a-los-policias-desafectados-de-estar-disputando-una-caja-millonaria\/#primaryimage","url":"https:\/\/infoecos.com.ar\/wp-content\/uploads\/2021\/02\/berni.jpg","contentUrl":"https:\/\/infoecos.com.ar\/wp-content\/uploads\/2021\/02\/berni.jpg","width":800,"height":500},{"@type":"BreadcrumbList","@id":"https:\/\/infoecos.com.ar\/index.php\/berni-acuso-a-los-policias-desafectados-de-estar-disputando-una-caja-millonaria\/#breadcrumb","itemListElement":[{"@type":"ListItem","position":1,"name":"Portada","item":"https:\/\/infoecos.com.ar\/"},{"@type":"ListItem","position":2,"name":"Berni acus\u00f3 a los polic\u00edas desafectados de estar disputando una caja millonaria"}]},{"@type":"WebSite","@id":"https:\/\/infoecos.com.ar\/#website","url":"https:\/\/infoecos.com.ar\/","name":"Infoecos","description":"Noticias de trenque lauquen y la zona","publisher":{"@id":"https:\/\/infoecos.com.ar\/#organization"},"alternateName":"Noticias","potentialAction":[{"@type":"SearchAction","target":{"@type":"EntryPoint","urlTemplate":"https:\/\/infoecos.com.ar\/?s={search_term_string}"},"query-input":{"@type":"PropertyValueSpecification","valueRequired":true,"valueName":"search_term_string"}}],"inLanguage":"es"},{"@type":"Organization","@id":"https:\/\/infoecos.com.ar\/#organization","name":"Infoecos","alternateName":"Noticias","url":"https:\/\/infoecos.com.ar\/","logo":{"@type":"ImageObject","inLanguage":"es","@id":"https:\/\/infoecos.com.ar\/#\/schema\/logo\/image\/","url":"https:\/\/infoecos.com.ar\/wp-content\/uploads\/2024\/03\/cropped-logo.png","contentUrl":"https:\/\/infoecos.com.ar\/wp-content\/uploads\/2024\/03\/cropped-logo.png","width":374,"height":90,"caption":"Infoecos"},"image":{"@id":"https:\/\/infoecos.com.ar\/#\/schema\/logo\/image\/"},"sameAs":["https:\/\/www.facebook.com\/profile.php?id=100063200290284","https:\/\/x.com\/infoecos"]},{"@type":"Person","@id":"https:\/\/infoecos.com.ar\/#\/schema\/person\/8f5ace5ce73b4b4aac4b7245aee6f191","name":"Jorge Matheus","url":"https:\/\/infoecos.com.ar\/index.php\/author\/jomatheus\/"}]}},"featured_image_urls":{"full":["https:\/\/infoecos.com.ar\/wp-content\/uploads\/2021\/02\/berni.jpg",800,500,false],"thumbnail":["https:\/\/infoecos.com.ar\/wp-content\/uploads\/2021\/02\/berni-150x150.jpg",150,150,true],"medium":["https:\/\/infoecos.com.ar\/wp-content\/uploads\/2021\/02\/berni-460x288.jpg",460,288,true],"medium_large":["https:\/\/infoecos.com.ar\/wp-content\/uploads\/2021\/02\/berni-768x480.jpg",640,400,true],"large":["https:\/\/infoecos.com.ar\/wp-content\/uploads\/2021\/02\/berni.jpg",640,400,false],"1536x1536":["https:\/\/infoecos.com.ar\/wp-content\/uploads\/2021\/02\/berni.jpg",800,500,false],"2048x2048":["https:\/\/infoecos.com.ar\/wp-content\/uploads\/2021\/02\/berni.jpg",800,500,false],"covernews-slider-full":["https:\/\/infoecos.com.ar\/wp-content\/uploads\/2021\/02\/berni.jpg",800,500,false],"covernews-slider-center":["https:\/\/infoecos.com.ar\/wp-content\/uploads\/2021\/02\/berni.jpg",800,500,false],"covernews-featured":["https:\/\/infoecos.com.ar\/wp-content\/uploads\/2021\/02\/berni.jpg",800,500,false],"covernews-medium":["https:\/\/infoecos.com.ar\/wp-content\/uploads\/2021\/02\/berni-720x380.jpg",540,285,true],"covernews-medium-square":["https:\/\/infoecos.com.ar\/wp-content\/uploads\/2021\/02\/berni-675x450.jpg",375,250,true]},"author_info":{"info":["Jorge Matheus"]},"category_info":"<a href=\"https:\/\/infoecos.com.ar\/index.php\/category\/c1nota4\/\" rel=\"category tag\">C1 N4<\/a>","tag_info":"C1 N4","comment_count":"0","_links":{"self":[{"href":"https:\/\/infoecos.com.ar\/index.php\/wp-json\/wp\/v2\/posts\/74199"}],"collection":[{"href":"https:\/\/infoecos.com.ar\/index.php\/wp-json\/wp\/v2\/posts"}],"about":[{"href":"https:\/\/infoecos.com.ar\/index.php\/wp-json\/wp\/v2\/types\/post"}],"author":[{"embeddable":true,"href":"https:\/\/infoecos.com.ar\/index.php\/wp-json\/wp\/v2\/users\/2"}],"replies":[{"embeddable":true,"href":"https:\/\/infoecos.com.ar\/index.php\/wp-json\/wp\/v2\/comments?post=74199"}],"version-history":[{"count":1,"href":"https:\/\/infoecos.com.ar\/index.php\/wp-json\/wp\/v2\/posts\/74199\/revisions"}],"predecessor-version":[{"id":74201,"href":"https:\/\/infoecos.com.ar\/index.php\/wp-json\/wp\/v2\/posts\/74199\/revisions\/74201"}],"wp:featuredmedia":[{"embeddable":true,"href":"https:\/\/infoecos.com.ar\/index.php\/wp-json\/wp\/v2\/media\/74200"}],"wp:attachment":[{"href":"https:\/\/infoecos.com.ar\/index.php\/wp-json\/wp\/v2\/media?parent=74199"}],"wp:term":[{"taxonomy":"category","embeddable":true,"href":"https:\/\/infoecos.com.ar\/index.php\/wp-json\/wp\/v2\/categories?post=74199"},{"taxonomy":"post_tag","embeddable":true,"href":"https:\/\/infoecos.com.ar\/index.php\/wp-json\/wp\/v2\/tags?post=74199"}],"curies":[{"name":"wp","href":"https:\/\/api.w.org\/{rel}","templated":true}]}}