{"id":74202,"date":"2021-02-11T02:02:01","date_gmt":"2021-02-11T05:02:01","guid":{"rendered":"http:\/\/infoecos.com.ar\/?p=74202"},"modified":"2021-02-12T02:26:27","modified_gmt":"2021-02-12T05:26:27","slug":"el-presidente-de-la-nacion-pidio-ser-inflexibles-con-lo-autores-de-femicidios","status":"publish","type":"post","link":"https:\/\/infoecos.com.ar\/index.php\/el-presidente-de-la-nacion-pidio-ser-inflexibles-con-lo-autores-de-femicidios\/","title":{"rendered":"El presidente de la Naci\u00f3n pidi\u00f3 ser \u00abinflexibles\u00bb con lo autores de femicidios"},"content":{"rendered":"\n<p>El presidente de la Naci\u00f3n, Alberto Fern\u00e1ndez, brind\u00f3 algunas palabras sobre el femicidio de \u00darsula Bahillo y pidi\u00f3 ser estrictos con la condena al asesino.<\/p>\n\n\n\n<div class=\"wp-block-image\"><figure class=\"aligncenter size-medium\"><img loading=\"lazy\" decoding=\"async\" width=\"460\" height=\"321\" src=\"http:\/\/infoecos.com.ar\/wp-content\/uploads\/2021\/02\/FERNANDEZSALIDA-460x321.png\" alt=\"\" class=\"wp-image-74203\" srcset=\"https:\/\/infoecos.com.ar\/wp-content\/uploads\/2021\/02\/FERNANDEZSALIDA-460x321.png 460w, https:\/\/infoecos.com.ar\/wp-content\/uploads\/2021\/02\/FERNANDEZSALIDA-920x642.png 920w, https:\/\/infoecos.com.ar\/wp-content\/uploads\/2021\/02\/FERNANDEZSALIDA-768x536.png 768w, https:\/\/infoecos.com.ar\/wp-content\/uploads\/2021\/02\/FERNANDEZSALIDA-1024x715.png 1024w, https:\/\/infoecos.com.ar\/wp-content\/uploads\/2021\/02\/FERNANDEZSALIDA.png 1074w\" sizes=\"(max-width: 460px) 100vw, 460px\" \/><\/figure><\/div>\n\n\n\n<p>A la salida de Casa Rosada, el mandatario fue frenado por la organizaci\u00f3n Militancia Feminista, quienes le preguntaron por el femicidio de \u00darsula. Ante esto, Fern\u00e1ndez expres\u00f3: \u201cTremendo. Eso hay que terminarlo de una vez, por toda la Argentina. Hay que ser inflexible con los autores de esto\u201d.<\/p>\n\n\n\n<p>\u00darsula, de 18 a\u00f1os, ya hab\u00eda radicado 18 denuncias por violencia de g\u00e9nero contra su exnovio, Mat\u00edas Mart\u00ednez, de 25. Sin embargo, este oficial de la Polic\u00eda bonaerense ya contaba con denuncias de otras exparejas y fue acusado de violar a una nena con discapacidad, adem\u00e1s de intentar asesinar a una exnovia.<\/p>\n\n\n\n<p>El viernes la joven fue a radicar una nueva denuncia pero desde las autoridades, quienes nunca hicieron el seguimiento de la orden de restricci\u00f3n ni le otorgaron un bot\u00f3n antip\u00e1nico a \u00darsula, le explicaron que ser\u00eda sin sentido radicarla ya que el juzgado de Paz de Rojas, a cargo del juez Luciano Callegari, no estaba en funcionamiento. Poco despu\u00e9s, \u00darsula Bahillo fue asesinada por Mat\u00edas Mart\u00ednez<\/p>\n","protected":false},"excerpt":{"rendered":"<p>Fern\u00e1ndez expres\u00f3: \u201cTremendo. Eso hay que terminarlo de una vez, por toda la Argentina. Hay que ser inflexible con los autores de esto\u201d<\/p>\n","protected":false},"author":2,"featured_media":74203,"comment_status":"closed","ping_status":"open","sticky":false,"template":"","format":"standard","meta":{"footnotes":""},"categories":[1334],"tags":[2933],"class_list":["post-74202","post","type-post","status-publish","format-standard","has-post-thumbnail","hentry","category-inferior14","tag-sobre-el-asesinato-de-ursula-bahillo"],"yoast_head":"<!-- This site is optimized with the Yoast SEO plugin v23.4 - https:\/\/yoast.com\/wordpress\/plugins\/seo\/ -->\n<title>El presidente de la Naci\u00f3n pidi\u00f3 ser &quot;inflexibles&quot; con lo autores de femicidios - Infoecos<\/title>\n<meta name=\"robots\" content=\"index, follow, max-snippet:-1, max-image-preview:large, max-video-preview:-1\" \/>\n<link rel=\"canonical\" href=\"https:\/\/infoecos.com.ar\/index.php\/el-presidente-de-la-nacion-pidio-ser-inflexibles-con-lo-autores-de-femicidios\/\" \/>\n<meta property=\"og:locale\" content=\"es_ES\" \/>\n<meta property=\"og:type\" content=\"article\" \/>\n<meta property=\"og:title\" content=\"El presidente de la Naci\u00f3n pidi\u00f3 ser &quot;inflexibles&quot; con lo autores de femicidios - Infoecos\" \/>\n<meta property=\"og:description\" content=\"Fern\u00e1ndez expres\u00f3: \u201cTremendo. Eso hay que terminarlo de una vez, por toda la Argentina. Hay que ser inflexible con los autores de esto\u201d\" \/>\n<meta property=\"og:url\" content=\"https:\/\/infoecos.com.ar\/index.php\/el-presidente-de-la-nacion-pidio-ser-inflexibles-con-lo-autores-de-femicidios\/\" \/>\n<meta property=\"og:site_name\" content=\"Infoecos\" \/>\n<meta property=\"article:publisher\" content=\"https:\/\/www.facebook.com\/profile.php?id=100063200290284\" \/>\n<meta property=\"article:published_time\" content=\"2021-02-11T05:02:01+00:00\" \/>\n<meta property=\"article:modified_time\" content=\"2021-02-12T05:26:27+00:00\" \/>\n<meta property=\"og:image\" content=\"https:\/\/infoecos.com.ar\/wp-content\/uploads\/2021\/02\/FERNANDEZSALIDA.png\" \/>\n\t<meta property=\"og:image:width\" content=\"1074\" \/>\n\t<meta property=\"og:image:height\" content=\"750\" \/>\n\t<meta property=\"og:image:type\" content=\"image\/png\" \/>\n<meta name=\"author\" content=\"Jorge Matheus\" \/>\n<meta name=\"twitter:card\" content=\"summary_large_image\" \/>\n<meta name=\"twitter:creator\" content=\"@infoecos\" \/>\n<meta name=\"twitter:site\" content=\"@infoecos\" \/>\n<meta name=\"twitter:label1\" content=\"Escrito por\" \/>\n\t<meta name=\"twitter:data1\" content=\"Jorge Matheus\" \/>\n\t<meta name=\"twitter:label2\" content=\"Tiempo de lectura\" \/>\n\t<meta name=\"twitter:data2\" content=\"1 minuto\" \/>\n<script type=\"application\/ld+json\" class=\"yoast-schema-graph\">{\"@context\":\"https:\/\/schema.org\",\"@graph\":[{\"@type\":\"Article\",\"@id\":\"https:\/\/infoecos.com.ar\/index.php\/el-presidente-de-la-nacion-pidio-ser-inflexibles-con-lo-autores-de-femicidios\/#article\",\"isPartOf\":{\"@id\":\"https:\/\/infoecos.com.ar\/index.php\/el-presidente-de-la-nacion-pidio-ser-inflexibles-con-lo-autores-de-femicidios\/\"},\"author\":{\"name\":\"Jorge Matheus\",\"@id\":\"https:\/\/infoecos.com.ar\/#\/schema\/person\/8f5ace5ce73b4b4aac4b7245aee6f191\"},\"headline\":\"El presidente de la Naci\u00f3n pidi\u00f3 ser \u00abinflexibles\u00bb con lo autores de femicidios\",\"datePublished\":\"2021-02-11T05:02:01+00:00\",\"dateModified\":\"2021-02-12T05:26:27+00:00\",\"mainEntityOfPage\":{\"@id\":\"https:\/\/infoecos.com.ar\/index.php\/el-presidente-de-la-nacion-pidio-ser-inflexibles-con-lo-autores-de-femicidios\/\"},\"wordCount\":220,\"publisher\":{\"@id\":\"https:\/\/infoecos.com.ar\/#organization\"},\"image\":{\"@id\":\"https:\/\/infoecos.com.ar\/index.php\/el-presidente-de-la-nacion-pidio-ser-inflexibles-con-lo-autores-de-femicidios\/#primaryimage\"},\"thumbnailUrl\":\"https:\/\/infoecos.com.ar\/wp-content\/uploads\/2021\/02\/FERNANDEZSALIDA.png\",\"keywords\":[\"sobre el asesinato de \u00darsula Bahillo\"],\"articleSection\":[\"Bloque inferior - 14\"],\"inLanguage\":\"es\"},{\"@type\":\"WebPage\",\"@id\":\"https:\/\/infoecos.com.ar\/index.php\/el-presidente-de-la-nacion-pidio-ser-inflexibles-con-lo-autores-de-femicidios\/\",\"url\":\"https:\/\/infoecos.com.ar\/index.php\/el-presidente-de-la-nacion-pidio-ser-inflexibles-con-lo-autores-de-femicidios\/\",\"name\":\"El presidente de la Naci\u00f3n pidi\u00f3 ser \\\"inflexibles\\\" con lo autores de femicidios - Infoecos\",\"isPartOf\":{\"@id\":\"https:\/\/infoecos.com.ar\/#website\"},\"primaryImageOfPage\":{\"@id\":\"https:\/\/infoecos.com.ar\/index.php\/el-presidente-de-la-nacion-pidio-ser-inflexibles-con-lo-autores-de-femicidios\/#primaryimage\"},\"image\":{\"@id\":\"https:\/\/infoecos.com.ar\/index.php\/el-presidente-de-la-nacion-pidio-ser-inflexibles-con-lo-autores-de-femicidios\/#primaryimage\"},\"thumbnailUrl\":\"https:\/\/infoecos.com.ar\/wp-content\/uploads\/2021\/02\/FERNANDEZSALIDA.png\",\"datePublished\":\"2021-02-11T05:02:01+00:00\",\"dateModified\":\"2021-02-12T05:26:27+00:00\",\"breadcrumb\":{\"@id\":\"https:\/\/infoecos.com.ar\/index.php\/el-presidente-de-la-nacion-pidio-ser-inflexibles-con-lo-autores-de-femicidios\/#breadcrumb\"},\"inLanguage\":\"es\",\"potentialAction\":[{\"@type\":\"ReadAction\",\"target\":[\"https:\/\/infoecos.com.ar\/index.php\/el-presidente-de-la-nacion-pidio-ser-inflexibles-con-lo-autores-de-femicidios\/\"]}]},{\"@type\":\"ImageObject\",\"inLanguage\":\"es\",\"@id\":\"https:\/\/infoecos.com.ar\/index.php\/el-presidente-de-la-nacion-pidio-ser-inflexibles-con-lo-autores-de-femicidios\/#primaryimage\",\"url\":\"https:\/\/infoecos.com.ar\/wp-content\/uploads\/2021\/02\/FERNANDEZSALIDA.png\",\"contentUrl\":\"https:\/\/infoecos.com.ar\/wp-content\/uploads\/2021\/02\/FERNANDEZSALIDA.png\",\"width\":1074,\"height\":750},{\"@type\":\"BreadcrumbList\",\"@id\":\"https:\/\/infoecos.com.ar\/index.php\/el-presidente-de-la-nacion-pidio-ser-inflexibles-con-lo-autores-de-femicidios\/#breadcrumb\",\"itemListElement\":[{\"@type\":\"ListItem\",\"position\":1,\"name\":\"Portada\",\"item\":\"https:\/\/infoecos.com.ar\/\"},{\"@type\":\"ListItem\",\"position\":2,\"name\":\"El presidente de la Naci\u00f3n pidi\u00f3 ser \u00abinflexibles\u00bb con lo autores de femicidios\"}]},{\"@type\":\"WebSite\",\"@id\":\"https:\/\/infoecos.com.ar\/#website\",\"url\":\"https:\/\/infoecos.com.ar\/\",\"name\":\"Infoecos\",\"description\":\"Noticias de trenque lauquen y la zona\",\"publisher\":{\"@id\":\"https:\/\/infoecos.com.ar\/#organization\"},\"alternateName\":\"Noticias\",\"potentialAction\":[{\"@type\":\"SearchAction\",\"target\":{\"@type\":\"EntryPoint\",\"urlTemplate\":\"https:\/\/infoecos.com.ar\/?s={search_term_string}\"},\"query-input\":{\"@type\":\"PropertyValueSpecification\",\"valueRequired\":true,\"valueName\":\"search_term_string\"}}],\"inLanguage\":\"es\"},{\"@type\":\"Organization\",\"@id\":\"https:\/\/infoecos.com.ar\/#organization\",\"name\":\"Infoecos\",\"alternateName\":\"Noticias\",\"url\":\"https:\/\/infoecos.com.ar\/\",\"logo\":{\"@type\":\"ImageObject\",\"inLanguage\":\"es\",\"@id\":\"https:\/\/infoecos.com.ar\/#\/schema\/logo\/image\/\",\"url\":\"https:\/\/infoecos.com.ar\/wp-content\/uploads\/2024\/03\/cropped-logo.png\",\"contentUrl\":\"https:\/\/infoecos.com.ar\/wp-content\/uploads\/2024\/03\/cropped-logo.png\",\"width\":374,\"height\":90,\"caption\":\"Infoecos\"},\"image\":{\"@id\":\"https:\/\/infoecos.com.ar\/#\/schema\/logo\/image\/\"},\"sameAs\":[\"https:\/\/www.facebook.com\/profile.php?id=100063200290284\",\"https:\/\/x.com\/infoecos\"]},{\"@type\":\"Person\",\"@id\":\"https:\/\/infoecos.com.ar\/#\/schema\/person\/8f5ace5ce73b4b4aac4b7245aee6f191\",\"name\":\"Jorge Matheus\",\"url\":\"https:\/\/infoecos.com.ar\/index.php\/author\/jomatheus\/\"}]}<\/script>\n<!-- \/ Yoast SEO plugin. -->","yoast_head_json":{"title":"El presidente de la Naci\u00f3n pidi\u00f3 ser \"inflexibles\" con lo autores de femicidios - Infoecos","robots":{"index":"index","follow":"follow","max-snippet":"max-snippet:-1","max-image-preview":"max-image-preview:large","max-video-preview":"max-video-preview:-1"},"canonical":"https:\/\/infoecos.com.ar\/index.php\/el-presidente-de-la-nacion-pidio-ser-inflexibles-con-lo-autores-de-femicidios\/","og_locale":"es_ES","og_type":"article","og_title":"El presidente de la Naci\u00f3n pidi\u00f3 ser \"inflexibles\" con lo autores de femicidios - Infoecos","og_description":"Fern\u00e1ndez expres\u00f3: \u201cTremendo. Eso hay que terminarlo de una vez, por toda la Argentina. Hay que ser inflexible con los autores de esto\u201d","og_url":"https:\/\/infoecos.com.ar\/index.php\/el-presidente-de-la-nacion-pidio-ser-inflexibles-con-lo-autores-de-femicidios\/","og_site_name":"Infoecos","article_publisher":"https:\/\/www.facebook.com\/profile.php?id=100063200290284","article_published_time":"2021-02-11T05:02:01+00:00","article_modified_time":"2021-02-12T05:26:27+00:00","og_image":[{"width":1074,"height":750,"url":"https:\/\/infoecos.com.ar\/wp-content\/uploads\/2021\/02\/FERNANDEZSALIDA.png","type":"image\/png"}],"author":"Jorge Matheus","twitter_card":"summary_large_image","twitter_creator":"@infoecos","twitter_site":"@infoecos","twitter_misc":{"Escrito por":"Jorge Matheus","Tiempo de lectura":"1 minuto"},"schema":{"@context":"https:\/\/schema.org","@graph":[{"@type":"Article","@id":"https:\/\/infoecos.com.ar\/index.php\/el-presidente-de-la-nacion-pidio-ser-inflexibles-con-lo-autores-de-femicidios\/#article","isPartOf":{"@id":"https:\/\/infoecos.com.ar\/index.php\/el-presidente-de-la-nacion-pidio-ser-inflexibles-con-lo-autores-de-femicidios\/"},"author":{"name":"Jorge Matheus","@id":"https:\/\/infoecos.com.ar\/#\/schema\/person\/8f5ace5ce73b4b4aac4b7245aee6f191"},"headline":"El presidente de la Naci\u00f3n pidi\u00f3 ser \u00abinflexibles\u00bb con lo autores de femicidios","datePublished":"2021-02-11T05:02:01+00:00","dateModified":"2021-02-12T05:26:27+00:00","mainEntityOfPage":{"@id":"https:\/\/infoecos.com.ar\/index.php\/el-presidente-de-la-nacion-pidio-ser-inflexibles-con-lo-autores-de-femicidios\/"},"wordCount":220,"publisher":{"@id":"https:\/\/infoecos.com.ar\/#organization"},"image":{"@id":"https:\/\/infoecos.com.ar\/index.php\/el-presidente-de-la-nacion-pidio-ser-inflexibles-con-lo-autores-de-femicidios\/#primaryimage"},"thumbnailUrl":"https:\/\/infoecos.com.ar\/wp-content\/uploads\/2021\/02\/FERNANDEZSALIDA.png","keywords":["sobre el asesinato de \u00darsula Bahillo"],"articleSection":["Bloque inferior - 14"],"inLanguage":"es"},{"@type":"WebPage","@id":"https:\/\/infoecos.com.ar\/index.php\/el-presidente-de-la-nacion-pidio-ser-inflexibles-con-lo-autores-de-femicidios\/","url":"https:\/\/infoecos.com.ar\/index.php\/el-presidente-de-la-nacion-pidio-ser-inflexibles-con-lo-autores-de-femicidios\/","name":"El presidente de la Naci\u00f3n pidi\u00f3 ser \"inflexibles\" con lo autores de femicidios - Infoecos","isPartOf":{"@id":"https:\/\/infoecos.com.ar\/#website"},"primaryImageOfPage":{"@id":"https:\/\/infoecos.com.ar\/index.php\/el-presidente-de-la-nacion-pidio-ser-inflexibles-con-lo-autores-de-femicidios\/#primaryimage"},"image":{"@id":"https:\/\/infoecos.com.ar\/index.php\/el-presidente-de-la-nacion-pidio-ser-inflexibles-con-lo-autores-de-femicidios\/#primaryimage"},"thumbnailUrl":"https:\/\/infoecos.com.ar\/wp-content\/uploads\/2021\/02\/FERNANDEZSALIDA.png","datePublished":"2021-02-11T05:02:01+00:00","dateModified":"2021-02-12T05:26:27+00:00","breadcrumb":{"@id":"https:\/\/infoecos.com.ar\/index.php\/el-presidente-de-la-nacion-pidio-ser-inflexibles-con-lo-autores-de-femicidios\/#breadcrumb"},"inLanguage":"es","potentialAction":[{"@type":"ReadAction","target":["https:\/\/infoecos.com.ar\/index.php\/el-presidente-de-la-nacion-pidio-ser-inflexibles-con-lo-autores-de-femicidios\/"]}]},{"@type":"ImageObject","inLanguage":"es","@id":"https:\/\/infoecos.com.ar\/index.php\/el-presidente-de-la-nacion-pidio-ser-inflexibles-con-lo-autores-de-femicidios\/#primaryimage","url":"https:\/\/infoecos.com.ar\/wp-content\/uploads\/2021\/02\/FERNANDEZSALIDA.png","contentUrl":"https:\/\/infoecos.com.ar\/wp-content\/uploads\/2021\/02\/FERNANDEZSALIDA.png","width":1074,"height":750},{"@type":"BreadcrumbList","@id":"https:\/\/infoecos.com.ar\/index.php\/el-presidente-de-la-nacion-pidio-ser-inflexibles-con-lo-autores-de-femicidios\/#breadcrumb","itemListElement":[{"@type":"ListItem","position":1,"name":"Portada","item":"https:\/\/infoecos.com.ar\/"},{"@type":"ListItem","position":2,"name":"El presidente de la Naci\u00f3n pidi\u00f3 ser \u00abinflexibles\u00bb con lo autores de femicidios"}]},{"@type":"WebSite","@id":"https:\/\/infoecos.com.ar\/#website","url":"https:\/\/infoecos.com.ar\/","name":"Infoecos","description":"Noticias de trenque lauquen y la zona","publisher":{"@id":"https:\/\/infoecos.com.ar\/#organization"},"alternateName":"Noticias","potentialAction":[{"@type":"SearchAction","target":{"@type":"EntryPoint","urlTemplate":"https:\/\/infoecos.com.ar\/?s={search_term_string}"},"query-input":{"@type":"PropertyValueSpecification","valueRequired":true,"valueName":"search_term_string"}}],"inLanguage":"es"},{"@type":"Organization","@id":"https:\/\/infoecos.com.ar\/#organization","name":"Infoecos","alternateName":"Noticias","url":"https:\/\/infoecos.com.ar\/","logo":{"@type":"ImageObject","inLanguage":"es","@id":"https:\/\/infoecos.com.ar\/#\/schema\/logo\/image\/","url":"https:\/\/infoecos.com.ar\/wp-content\/uploads\/2024\/03\/cropped-logo.png","contentUrl":"https:\/\/infoecos.com.ar\/wp-content\/uploads\/2024\/03\/cropped-logo.png","width":374,"height":90,"caption":"Infoecos"},"image":{"@id":"https:\/\/infoecos.com.ar\/#\/schema\/logo\/image\/"},"sameAs":["https:\/\/www.facebook.com\/profile.php?id=100063200290284","https:\/\/x.com\/infoecos"]},{"@type":"Person","@id":"https:\/\/infoecos.com.ar\/#\/schema\/person\/8f5ace5ce73b4b4aac4b7245aee6f191","name":"Jorge Matheus","url":"https:\/\/infoecos.com.ar\/index.php\/author\/jomatheus\/"}]}},"featured_image_urls":{"full":["https:\/\/infoecos.com.ar\/wp-content\/uploads\/2021\/02\/FERNANDEZSALIDA.png",1074,750,false],"thumbnail":["https:\/\/infoecos.com.ar\/wp-content\/uploads\/2021\/02\/FERNANDEZSALIDA-150x150.png",150,150,true],"medium":["https:\/\/infoecos.com.ar\/wp-content\/uploads\/2021\/02\/FERNANDEZSALIDA-460x321.png",460,321,true],"medium_large":["https:\/\/infoecos.com.ar\/wp-content\/uploads\/2021\/02\/FERNANDEZSALIDA-768x536.png",640,447,true],"large":["https:\/\/infoecos.com.ar\/wp-content\/uploads\/2021\/02\/FERNANDEZSALIDA-920x642.png",640,447,true],"1536x1536":["https:\/\/infoecos.com.ar\/wp-content\/uploads\/2021\/02\/FERNANDEZSALIDA.png",1074,750,false],"2048x2048":["https:\/\/infoecos.com.ar\/wp-content\/uploads\/2021\/02\/FERNANDEZSALIDA.png",1074,750,false],"covernews-slider-full":["https:\/\/infoecos.com.ar\/wp-content\/uploads\/2021\/02\/FERNANDEZSALIDA.png",1024,715,false],"covernews-slider-center":["https:\/\/infoecos.com.ar\/wp-content\/uploads\/2021\/02\/FERNANDEZSALIDA-936x750.png",624,500,true],"covernews-featured":["https:\/\/infoecos.com.ar\/wp-content\/uploads\/2021\/02\/FERNANDEZSALIDA-1024x715.png",1024,715,true],"covernews-medium":["https:\/\/infoecos.com.ar\/wp-content\/uploads\/2021\/02\/FERNANDEZSALIDA-720x380.png",540,285,true],"covernews-medium-square":["https:\/\/infoecos.com.ar\/wp-content\/uploads\/2021\/02\/FERNANDEZSALIDA-675x450.png",375,250,true]},"author_info":{"info":["Jorge Matheus"]},"category_info":"<a href=\"https:\/\/infoecos.com.ar\/index.php\/category\/inferior14\/\" rel=\"category tag\">Bloque inferior - 14<\/a>","tag_info":"Bloque inferior - 14","comment_count":"0","_links":{"self":[{"href":"https:\/\/infoecos.com.ar\/index.php\/wp-json\/wp\/v2\/posts\/74202"}],"collection":[{"href":"https:\/\/infoecos.com.ar\/index.php\/wp-json\/wp\/v2\/posts"}],"about":[{"href":"https:\/\/infoecos.com.ar\/index.php\/wp-json\/wp\/v2\/types\/post"}],"author":[{"embeddable":true,"href":"https:\/\/infoecos.com.ar\/index.php\/wp-json\/wp\/v2\/users\/2"}],"replies":[{"embeddable":true,"href":"https:\/\/infoecos.com.ar\/index.php\/wp-json\/wp\/v2\/comments?post=74202"}],"version-history":[{"count":1,"href":"https:\/\/infoecos.com.ar\/index.php\/wp-json\/wp\/v2\/posts\/74202\/revisions"}],"predecessor-version":[{"id":74204,"href":"https:\/\/infoecos.com.ar\/index.php\/wp-json\/wp\/v2\/posts\/74202\/revisions\/74204"}],"wp:featuredmedia":[{"embeddable":true,"href":"https:\/\/infoecos.com.ar\/index.php\/wp-json\/wp\/v2\/media\/74203"}],"wp:attachment":[{"href":"https:\/\/infoecos.com.ar\/index.php\/wp-json\/wp\/v2\/media?parent=74202"}],"wp:term":[{"taxonomy":"category","embeddable":true,"href":"https:\/\/infoecos.com.ar\/index.php\/wp-json\/wp\/v2\/categories?post=74202"},{"taxonomy":"post_tag","embeddable":true,"href":"https:\/\/infoecos.com.ar\/index.php\/wp-json\/wp\/v2\/tags?post=74202"}],"curies":[{"name":"wp","href":"https:\/\/api.w.org\/{rel}","templated":true}]}}