{"id":74227,"date":"2021-02-11T14:54:58","date_gmt":"2021-02-11T17:54:58","guid":{"rendered":"http:\/\/infoecos.com.ar\/?p=74227"},"modified":"2021-02-11T14:55:01","modified_gmt":"2021-02-11T17:55:01","slug":"esperemos-que-la-vacunacion-nos-ayude-a-frenar-la-segunda-senalo-nicolas-kreplak","status":"publish","type":"post","link":"https:\/\/infoecos.com.ar\/index.php\/esperemos-que-la-vacunacion-nos-ayude-a-frenar-la-segunda-senalo-nicolas-kreplak\/","title":{"rendered":"\u00abEsperemos que la vacunaci\u00f3n nos ayude a frenar la segunda\u00bb, se\u00f1al\u00f3 Nicol\u00e1s Kreplak"},"content":{"rendered":"\n<p>El viceministro de Salud bonaerense, Nicol\u00e1s Kreplak, se refiri\u00f3 a la situaci\u00f3n sanitaria y el plan de vacunaci\u00f3n contra el coronavirus que est\u00e1 llevando adelante la Provincia.<\/p>\n\n\n\n<div class=\"wp-block-image\"><figure class=\"aligncenter size-medium\"><img loading=\"lazy\" decoding=\"async\" width=\"460\" height=\"306\" src=\"http:\/\/infoecos.com.ar\/wp-content\/uploads\/2020\/11\/2020_10_03_CB_Conferencia-de-prensa-Salud_SGE_1429-460x306.jpg\" alt=\"\" class=\"wp-image-70244\" srcset=\"https:\/\/infoecos.com.ar\/wp-content\/uploads\/2020\/11\/2020_10_03_CB_Conferencia-de-prensa-Salud_SGE_1429-460x306.jpg 460w, https:\/\/infoecos.com.ar\/wp-content\/uploads\/2020\/11\/2020_10_03_CB_Conferencia-de-prensa-Salud_SGE_1429-920x612.jpg 920w, https:\/\/infoecos.com.ar\/wp-content\/uploads\/2020\/11\/2020_10_03_CB_Conferencia-de-prensa-Salud_SGE_1429-768x511.jpg 768w, https:\/\/infoecos.com.ar\/wp-content\/uploads\/2020\/11\/2020_10_03_CB_Conferencia-de-prensa-Salud_SGE_1429-1536x1020.jpg 1536w, https:\/\/infoecos.com.ar\/wp-content\/uploads\/2020\/11\/2020_10_03_CB_Conferencia-de-prensa-Salud_SGE_1429-2048x1363.jpg 2048w, https:\/\/infoecos.com.ar\/wp-content\/uploads\/2020\/11\/2020_10_03_CB_Conferencia-de-prensa-Salud_SGE_1429-1024x682.jpg 1024w, https:\/\/infoecos.com.ar\/wp-content\/uploads\/2020\/11\/2020_10_03_CB_Conferencia-de-prensa-Salud_SGE_1429-675x450.jpg 675w\" sizes=\"(max-width: 460px) 100vw, 460px\" \/><\/figure><\/div>\n\n\n\n<p>En declaraciones a Radio Provincia asegur\u00f3 que \u201cesperemos que la vacunaci\u00f3n nos ayude a frenar la segunda ola\u201d y destac\u00f3 que este a\u00f1o el objetivo no es la inmunidad de reba\u00f1o sino \u201cinmunizar a la poblaci\u00f3n de riesgo\u201d.<\/p>\n\n\n\n<p>Kreplak dijo que \u201cen todos los pa\u00edses la temporada de invierno es donde se dan los contagios de las enfermedades respiratorias. Corremos con la ventaja de que tenemos algo de vacunaci\u00f3n\u201d.<\/p>\n\n\n\n<p>\u00abEst\u00e1bamos empezando a vacunar con medidas muy restrictivas sin incorporar a embarazadas, personas inmuncomprometidas y mujeres en \u00e9poca de lactancia. Pero ahora que se sigui\u00f3 investigado y hay un poco m\u00e1s de informaci\u00f3n la Comisi\u00f3n Nacional de Inmunizaciones recomend\u00f3 al\u00a0 Ministerio de Salud de la Naci\u00f3n incorporarlos, porque el riesgo a la enfermedad es mayor\u00bb, sostuvo Kreplak.<\/p>\n\n\n\n<p>Por otra parte, con respecto al Ciclo Lectivo 2021 se\u00f1al\u00f3 que \u201cme preocupan los docentes, especialmente los de riesgo. Pero tambi\u00e9n la gente de riesgo que est\u00e1 en la casa y los ni\u00f1os pueden contagiar\u00bb y reiter\u00f3 que \u201cno hay que forzar la presencialidad. Hay que hacerlo con mucho cuidado y responsabilidad\u201d.<\/p>\n","protected":false},"excerpt":{"rendered":"<p>Kreplak dijo que \u201cen todos los pa\u00edses la temporada de invierno es donde se dan los contagios de las enfermedades respiratorias. Corremos con la ventaja de que tenemos algo de vacunaci\u00f3n\u201d<\/p>\n","protected":false},"author":2,"featured_media":70244,"comment_status":"closed","ping_status":"open","sticky":false,"template":"","format":"standard","meta":{"footnotes":""},"categories":[28],"tags":[2936],"class_list":["post-74227","post","type-post","status-publish","format-standard","has-post-thumbnail","hentry","category-c1nota1","tag-declaraciones-del-viceministro-de-salud"],"yoast_head":"<!-- This site is optimized with the Yoast SEO plugin v23.4 - https:\/\/yoast.com\/wordpress\/plugins\/seo\/ -->\n<title>&quot;Esperemos que la vacunaci\u00f3n nos ayude a frenar la segunda&quot;, se\u00f1al\u00f3 Nicol\u00e1s Kreplak - Infoecos<\/title>\n<meta name=\"robots\" content=\"index, follow, max-snippet:-1, max-image-preview:large, max-video-preview:-1\" \/>\n<link rel=\"canonical\" href=\"https:\/\/infoecos.com.ar\/index.php\/esperemos-que-la-vacunacion-nos-ayude-a-frenar-la-segunda-senalo-nicolas-kreplak\/\" \/>\n<meta property=\"og:locale\" content=\"es_ES\" \/>\n<meta property=\"og:type\" content=\"article\" \/>\n<meta property=\"og:title\" content=\"&quot;Esperemos que la vacunaci\u00f3n nos ayude a frenar la segunda&quot;, se\u00f1al\u00f3 Nicol\u00e1s Kreplak - Infoecos\" \/>\n<meta property=\"og:description\" content=\"Kreplak dijo que \u201cen todos los pa\u00edses la temporada de invierno es donde se dan los contagios de las enfermedades respiratorias. Corremos con la ventaja de que tenemos algo de vacunaci\u00f3n\u201d\" \/>\n<meta property=\"og:url\" content=\"https:\/\/infoecos.com.ar\/index.php\/esperemos-que-la-vacunacion-nos-ayude-a-frenar-la-segunda-senalo-nicolas-kreplak\/\" \/>\n<meta property=\"og:site_name\" content=\"Infoecos\" \/>\n<meta property=\"article:publisher\" content=\"https:\/\/www.facebook.com\/profile.php?id=100063200290284\" \/>\n<meta property=\"article:published_time\" content=\"2021-02-11T17:54:58+00:00\" \/>\n<meta property=\"article:modified_time\" content=\"2021-02-11T17:55:01+00:00\" \/>\n<meta property=\"og:image\" content=\"https:\/\/infoecos.com.ar\/wp-content\/uploads\/2020\/11\/2020_10_03_CB_Conferencia-de-prensa-Salud_SGE_1429-scaled.jpg\" \/>\n\t<meta property=\"og:image:width\" content=\"2560\" \/>\n\t<meta property=\"og:image:height\" content=\"1704\" \/>\n\t<meta property=\"og:image:type\" content=\"image\/jpeg\" \/>\n<meta name=\"author\" content=\"Jorge Matheus\" \/>\n<meta name=\"twitter:card\" content=\"summary_large_image\" \/>\n<meta name=\"twitter:creator\" content=\"@infoecos\" \/>\n<meta name=\"twitter:site\" content=\"@infoecos\" \/>\n<meta name=\"twitter:label1\" content=\"Escrito por\" \/>\n\t<meta name=\"twitter:data1\" content=\"Jorge Matheus\" \/>\n\t<meta name=\"twitter:label2\" content=\"Tiempo de lectura\" \/>\n\t<meta name=\"twitter:data2\" content=\"1 minuto\" \/>\n<script type=\"application\/ld+json\" class=\"yoast-schema-graph\">{\"@context\":\"https:\/\/schema.org\",\"@graph\":[{\"@type\":\"Article\",\"@id\":\"https:\/\/infoecos.com.ar\/index.php\/esperemos-que-la-vacunacion-nos-ayude-a-frenar-la-segunda-senalo-nicolas-kreplak\/#article\",\"isPartOf\":{\"@id\":\"https:\/\/infoecos.com.ar\/index.php\/esperemos-que-la-vacunacion-nos-ayude-a-frenar-la-segunda-senalo-nicolas-kreplak\/\"},\"author\":{\"name\":\"Jorge Matheus\",\"@id\":\"https:\/\/infoecos.com.ar\/#\/schema\/person\/8f5ace5ce73b4b4aac4b7245aee6f191\"},\"headline\":\"\u00abEsperemos que la vacunaci\u00f3n nos ayude a frenar la segunda\u00bb, se\u00f1al\u00f3 Nicol\u00e1s Kreplak\",\"datePublished\":\"2021-02-11T17:54:58+00:00\",\"dateModified\":\"2021-02-11T17:55:01+00:00\",\"mainEntityOfPage\":{\"@id\":\"https:\/\/infoecos.com.ar\/index.php\/esperemos-que-la-vacunacion-nos-ayude-a-frenar-la-segunda-senalo-nicolas-kreplak\/\"},\"wordCount\":237,\"publisher\":{\"@id\":\"https:\/\/infoecos.com.ar\/#organization\"},\"image\":{\"@id\":\"https:\/\/infoecos.com.ar\/index.php\/esperemos-que-la-vacunacion-nos-ayude-a-frenar-la-segunda-senalo-nicolas-kreplak\/#primaryimage\"},\"thumbnailUrl\":\"https:\/\/infoecos.com.ar\/wp-content\/uploads\/2020\/11\/2020_10_03_CB_Conferencia-de-prensa-Salud_SGE_1429-scaled.jpg\",\"keywords\":[\"DECLARACIONES DEL VICEMINISTRO DE SALUD\"],\"articleSection\":[\"C1 N1\"],\"inLanguage\":\"es\"},{\"@type\":\"WebPage\",\"@id\":\"https:\/\/infoecos.com.ar\/index.php\/esperemos-que-la-vacunacion-nos-ayude-a-frenar-la-segunda-senalo-nicolas-kreplak\/\",\"url\":\"https:\/\/infoecos.com.ar\/index.php\/esperemos-que-la-vacunacion-nos-ayude-a-frenar-la-segunda-senalo-nicolas-kreplak\/\",\"name\":\"\\\"Esperemos que la vacunaci\u00f3n nos ayude a frenar la segunda\\\", se\u00f1al\u00f3 Nicol\u00e1s Kreplak - Infoecos\",\"isPartOf\":{\"@id\":\"https:\/\/infoecos.com.ar\/#website\"},\"primaryImageOfPage\":{\"@id\":\"https:\/\/infoecos.com.ar\/index.php\/esperemos-que-la-vacunacion-nos-ayude-a-frenar-la-segunda-senalo-nicolas-kreplak\/#primaryimage\"},\"image\":{\"@id\":\"https:\/\/infoecos.com.ar\/index.php\/esperemos-que-la-vacunacion-nos-ayude-a-frenar-la-segunda-senalo-nicolas-kreplak\/#primaryimage\"},\"thumbnailUrl\":\"https:\/\/infoecos.com.ar\/wp-content\/uploads\/2020\/11\/2020_10_03_CB_Conferencia-de-prensa-Salud_SGE_1429-scaled.jpg\",\"datePublished\":\"2021-02-11T17:54:58+00:00\",\"dateModified\":\"2021-02-11T17:55:01+00:00\",\"breadcrumb\":{\"@id\":\"https:\/\/infoecos.com.ar\/index.php\/esperemos-que-la-vacunacion-nos-ayude-a-frenar-la-segunda-senalo-nicolas-kreplak\/#breadcrumb\"},\"inLanguage\":\"es\",\"potentialAction\":[{\"@type\":\"ReadAction\",\"target\":[\"https:\/\/infoecos.com.ar\/index.php\/esperemos-que-la-vacunacion-nos-ayude-a-frenar-la-segunda-senalo-nicolas-kreplak\/\"]}]},{\"@type\":\"ImageObject\",\"inLanguage\":\"es\",\"@id\":\"https:\/\/infoecos.com.ar\/index.php\/esperemos-que-la-vacunacion-nos-ayude-a-frenar-la-segunda-senalo-nicolas-kreplak\/#primaryimage\",\"url\":\"https:\/\/infoecos.com.ar\/wp-content\/uploads\/2020\/11\/2020_10_03_CB_Conferencia-de-prensa-Salud_SGE_1429-scaled.jpg\",\"contentUrl\":\"https:\/\/infoecos.com.ar\/wp-content\/uploads\/2020\/11\/2020_10_03_CB_Conferencia-de-prensa-Salud_SGE_1429-scaled.jpg\",\"width\":2560,\"height\":1704},{\"@type\":\"BreadcrumbList\",\"@id\":\"https:\/\/infoecos.com.ar\/index.php\/esperemos-que-la-vacunacion-nos-ayude-a-frenar-la-segunda-senalo-nicolas-kreplak\/#breadcrumb\",\"itemListElement\":[{\"@type\":\"ListItem\",\"position\":1,\"name\":\"Portada\",\"item\":\"https:\/\/infoecos.com.ar\/\"},{\"@type\":\"ListItem\",\"position\":2,\"name\":\"\u00abEsperemos que la vacunaci\u00f3n nos ayude a frenar la segunda\u00bb, se\u00f1al\u00f3 Nicol\u00e1s Kreplak\"}]},{\"@type\":\"WebSite\",\"@id\":\"https:\/\/infoecos.com.ar\/#website\",\"url\":\"https:\/\/infoecos.com.ar\/\",\"name\":\"Infoecos\",\"description\":\"Noticias de trenque lauquen y la zona\",\"publisher\":{\"@id\":\"https:\/\/infoecos.com.ar\/#organization\"},\"alternateName\":\"Noticias\",\"potentialAction\":[{\"@type\":\"SearchAction\",\"target\":{\"@type\":\"EntryPoint\",\"urlTemplate\":\"https:\/\/infoecos.com.ar\/?s={search_term_string}\"},\"query-input\":{\"@type\":\"PropertyValueSpecification\",\"valueRequired\":true,\"valueName\":\"search_term_string\"}}],\"inLanguage\":\"es\"},{\"@type\":\"Organization\",\"@id\":\"https:\/\/infoecos.com.ar\/#organization\",\"name\":\"Infoecos\",\"alternateName\":\"Noticias\",\"url\":\"https:\/\/infoecos.com.ar\/\",\"logo\":{\"@type\":\"ImageObject\",\"inLanguage\":\"es\",\"@id\":\"https:\/\/infoecos.com.ar\/#\/schema\/logo\/image\/\",\"url\":\"https:\/\/infoecos.com.ar\/wp-content\/uploads\/2024\/03\/cropped-logo.png\",\"contentUrl\":\"https:\/\/infoecos.com.ar\/wp-content\/uploads\/2024\/03\/cropped-logo.png\",\"width\":374,\"height\":90,\"caption\":\"Infoecos\"},\"image\":{\"@id\":\"https:\/\/infoecos.com.ar\/#\/schema\/logo\/image\/\"},\"sameAs\":[\"https:\/\/www.facebook.com\/profile.php?id=100063200290284\",\"https:\/\/x.com\/infoecos\"]},{\"@type\":\"Person\",\"@id\":\"https:\/\/infoecos.com.ar\/#\/schema\/person\/8f5ace5ce73b4b4aac4b7245aee6f191\",\"name\":\"Jorge Matheus\",\"url\":\"https:\/\/infoecos.com.ar\/index.php\/author\/jomatheus\/\"}]}<\/script>\n<!-- \/ Yoast SEO plugin. -->","yoast_head_json":{"title":"\"Esperemos que la vacunaci\u00f3n nos ayude a frenar la segunda\", se\u00f1al\u00f3 Nicol\u00e1s Kreplak - Infoecos","robots":{"index":"index","follow":"follow","max-snippet":"max-snippet:-1","max-image-preview":"max-image-preview:large","max-video-preview":"max-video-preview:-1"},"canonical":"https:\/\/infoecos.com.ar\/index.php\/esperemos-que-la-vacunacion-nos-ayude-a-frenar-la-segunda-senalo-nicolas-kreplak\/","og_locale":"es_ES","og_type":"article","og_title":"\"Esperemos que la vacunaci\u00f3n nos ayude a frenar la segunda\", se\u00f1al\u00f3 Nicol\u00e1s Kreplak - Infoecos","og_description":"Kreplak dijo que \u201cen todos los pa\u00edses la temporada de invierno es donde se dan los contagios de las enfermedades respiratorias. Corremos con la ventaja de que tenemos algo de vacunaci\u00f3n\u201d","og_url":"https:\/\/infoecos.com.ar\/index.php\/esperemos-que-la-vacunacion-nos-ayude-a-frenar-la-segunda-senalo-nicolas-kreplak\/","og_site_name":"Infoecos","article_publisher":"https:\/\/www.facebook.com\/profile.php?id=100063200290284","article_published_time":"2021-02-11T17:54:58+00:00","article_modified_time":"2021-02-11T17:55:01+00:00","og_image":[{"width":2560,"height":1704,"url":"https:\/\/infoecos.com.ar\/wp-content\/uploads\/2020\/11\/2020_10_03_CB_Conferencia-de-prensa-Salud_SGE_1429-scaled.jpg","type":"image\/jpeg"}],"author":"Jorge Matheus","twitter_card":"summary_large_image","twitter_creator":"@infoecos","twitter_site":"@infoecos","twitter_misc":{"Escrito por":"Jorge Matheus","Tiempo de lectura":"1 minuto"},"schema":{"@context":"https:\/\/schema.org","@graph":[{"@type":"Article","@id":"https:\/\/infoecos.com.ar\/index.php\/esperemos-que-la-vacunacion-nos-ayude-a-frenar-la-segunda-senalo-nicolas-kreplak\/#article","isPartOf":{"@id":"https:\/\/infoecos.com.ar\/index.php\/esperemos-que-la-vacunacion-nos-ayude-a-frenar-la-segunda-senalo-nicolas-kreplak\/"},"author":{"name":"Jorge Matheus","@id":"https:\/\/infoecos.com.ar\/#\/schema\/person\/8f5ace5ce73b4b4aac4b7245aee6f191"},"headline":"\u00abEsperemos que la vacunaci\u00f3n nos ayude a frenar la segunda\u00bb, se\u00f1al\u00f3 Nicol\u00e1s Kreplak","datePublished":"2021-02-11T17:54:58+00:00","dateModified":"2021-02-11T17:55:01+00:00","mainEntityOfPage":{"@id":"https:\/\/infoecos.com.ar\/index.php\/esperemos-que-la-vacunacion-nos-ayude-a-frenar-la-segunda-senalo-nicolas-kreplak\/"},"wordCount":237,"publisher":{"@id":"https:\/\/infoecos.com.ar\/#organization"},"image":{"@id":"https:\/\/infoecos.com.ar\/index.php\/esperemos-que-la-vacunacion-nos-ayude-a-frenar-la-segunda-senalo-nicolas-kreplak\/#primaryimage"},"thumbnailUrl":"https:\/\/infoecos.com.ar\/wp-content\/uploads\/2020\/11\/2020_10_03_CB_Conferencia-de-prensa-Salud_SGE_1429-scaled.jpg","keywords":["DECLARACIONES DEL VICEMINISTRO DE SALUD"],"articleSection":["C1 N1"],"inLanguage":"es"},{"@type":"WebPage","@id":"https:\/\/infoecos.com.ar\/index.php\/esperemos-que-la-vacunacion-nos-ayude-a-frenar-la-segunda-senalo-nicolas-kreplak\/","url":"https:\/\/infoecos.com.ar\/index.php\/esperemos-que-la-vacunacion-nos-ayude-a-frenar-la-segunda-senalo-nicolas-kreplak\/","name":"\"Esperemos que la vacunaci\u00f3n nos ayude a frenar la segunda\", se\u00f1al\u00f3 Nicol\u00e1s Kreplak - Infoecos","isPartOf":{"@id":"https:\/\/infoecos.com.ar\/#website"},"primaryImageOfPage":{"@id":"https:\/\/infoecos.com.ar\/index.php\/esperemos-que-la-vacunacion-nos-ayude-a-frenar-la-segunda-senalo-nicolas-kreplak\/#primaryimage"},"image":{"@id":"https:\/\/infoecos.com.ar\/index.php\/esperemos-que-la-vacunacion-nos-ayude-a-frenar-la-segunda-senalo-nicolas-kreplak\/#primaryimage"},"thumbnailUrl":"https:\/\/infoecos.com.ar\/wp-content\/uploads\/2020\/11\/2020_10_03_CB_Conferencia-de-prensa-Salud_SGE_1429-scaled.jpg","datePublished":"2021-02-11T17:54:58+00:00","dateModified":"2021-02-11T17:55:01+00:00","breadcrumb":{"@id":"https:\/\/infoecos.com.ar\/index.php\/esperemos-que-la-vacunacion-nos-ayude-a-frenar-la-segunda-senalo-nicolas-kreplak\/#breadcrumb"},"inLanguage":"es","potentialAction":[{"@type":"ReadAction","target":["https:\/\/infoecos.com.ar\/index.php\/esperemos-que-la-vacunacion-nos-ayude-a-frenar-la-segunda-senalo-nicolas-kreplak\/"]}]},{"@type":"ImageObject","inLanguage":"es","@id":"https:\/\/infoecos.com.ar\/index.php\/esperemos-que-la-vacunacion-nos-ayude-a-frenar-la-segunda-senalo-nicolas-kreplak\/#primaryimage","url":"https:\/\/infoecos.com.ar\/wp-content\/uploads\/2020\/11\/2020_10_03_CB_Conferencia-de-prensa-Salud_SGE_1429-scaled.jpg","contentUrl":"https:\/\/infoecos.com.ar\/wp-content\/uploads\/2020\/11\/2020_10_03_CB_Conferencia-de-prensa-Salud_SGE_1429-scaled.jpg","width":2560,"height":1704},{"@type":"BreadcrumbList","@id":"https:\/\/infoecos.com.ar\/index.php\/esperemos-que-la-vacunacion-nos-ayude-a-frenar-la-segunda-senalo-nicolas-kreplak\/#breadcrumb","itemListElement":[{"@type":"ListItem","position":1,"name":"Portada","item":"https:\/\/infoecos.com.ar\/"},{"@type":"ListItem","position":2,"name":"\u00abEsperemos que la vacunaci\u00f3n nos ayude a frenar la segunda\u00bb, se\u00f1al\u00f3 Nicol\u00e1s Kreplak"}]},{"@type":"WebSite","@id":"https:\/\/infoecos.com.ar\/#website","url":"https:\/\/infoecos.com.ar\/","name":"Infoecos","description":"Noticias de trenque lauquen y la zona","publisher":{"@id":"https:\/\/infoecos.com.ar\/#organization"},"alternateName":"Noticias","potentialAction":[{"@type":"SearchAction","target":{"@type":"EntryPoint","urlTemplate":"https:\/\/infoecos.com.ar\/?s={search_term_string}"},"query-input":{"@type":"PropertyValueSpecification","valueRequired":true,"valueName":"search_term_string"}}],"inLanguage":"es"},{"@type":"Organization","@id":"https:\/\/infoecos.com.ar\/#organization","name":"Infoecos","alternateName":"Noticias","url":"https:\/\/infoecos.com.ar\/","logo":{"@type":"ImageObject","inLanguage":"es","@id":"https:\/\/infoecos.com.ar\/#\/schema\/logo\/image\/","url":"https:\/\/infoecos.com.ar\/wp-content\/uploads\/2024\/03\/cropped-logo.png","contentUrl":"https:\/\/infoecos.com.ar\/wp-content\/uploads\/2024\/03\/cropped-logo.png","width":374,"height":90,"caption":"Infoecos"},"image":{"@id":"https:\/\/infoecos.com.ar\/#\/schema\/logo\/image\/"},"sameAs":["https:\/\/www.facebook.com\/profile.php?id=100063200290284","https:\/\/x.com\/infoecos"]},{"@type":"Person","@id":"https:\/\/infoecos.com.ar\/#\/schema\/person\/8f5ace5ce73b4b4aac4b7245aee6f191","name":"Jorge Matheus","url":"https:\/\/infoecos.com.ar\/index.php\/author\/jomatheus\/"}]}},"featured_image_urls":{"full":["https:\/\/infoecos.com.ar\/wp-content\/uploads\/2020\/11\/2020_10_03_CB_Conferencia-de-prensa-Salud_SGE_1429-scaled.jpg",2560,1704,false],"thumbnail":["https:\/\/infoecos.com.ar\/wp-content\/uploads\/2020\/11\/2020_10_03_CB_Conferencia-de-prensa-Salud_SGE_1429-150x150.jpg",150,150,true],"medium":["https:\/\/infoecos.com.ar\/wp-content\/uploads\/2020\/11\/2020_10_03_CB_Conferencia-de-prensa-Salud_SGE_1429-460x306.jpg",460,306,true],"medium_large":["https:\/\/infoecos.com.ar\/wp-content\/uploads\/2020\/11\/2020_10_03_CB_Conferencia-de-prensa-Salud_SGE_1429-768x511.jpg",640,426,true],"large":["https:\/\/infoecos.com.ar\/wp-content\/uploads\/2020\/11\/2020_10_03_CB_Conferencia-de-prensa-Salud_SGE_1429-920x612.jpg",640,426,true],"1536x1536":["https:\/\/infoecos.com.ar\/wp-content\/uploads\/2020\/11\/2020_10_03_CB_Conferencia-de-prensa-Salud_SGE_1429-1536x1022.jpg",1536,1022,true],"2048x2048":["https:\/\/infoecos.com.ar\/wp-content\/uploads\/2020\/11\/2020_10_03_CB_Conferencia-de-prensa-Salud_SGE_1429-2048x1363.jpg",2048,1363,true],"covernews-slider-full":["https:\/\/infoecos.com.ar\/wp-content\/uploads\/2020\/11\/2020_10_03_CB_Conferencia-de-prensa-Salud_SGE_1429-1536x1020.jpg",1077,715,true],"covernews-slider-center":["https:\/\/infoecos.com.ar\/wp-content\/uploads\/2020\/11\/2020_10_03_CB_Conferencia-de-prensa-Salud_SGE_1429-936x897.jpg",522,500,true],"covernews-featured":["https:\/\/infoecos.com.ar\/wp-content\/uploads\/2020\/11\/2020_10_03_CB_Conferencia-de-prensa-Salud_SGE_1429-1024x682.jpg",1024,682,true],"covernews-medium":["https:\/\/infoecos.com.ar\/wp-content\/uploads\/2020\/11\/2020_10_03_CB_Conferencia-de-prensa-Salud_SGE_1429-720x380.jpg",540,285,true],"covernews-medium-square":["https:\/\/infoecos.com.ar\/wp-content\/uploads\/2020\/11\/2020_10_03_CB_Conferencia-de-prensa-Salud_SGE_1429-675x450.jpg",375,250,true]},"author_info":{"info":["Jorge Matheus"]},"category_info":"<a href=\"https:\/\/infoecos.com.ar\/index.php\/category\/c1nota1\/\" rel=\"category tag\">C1 N1<\/a>","tag_info":"C1 N1","comment_count":"0","_links":{"self":[{"href":"https:\/\/infoecos.com.ar\/index.php\/wp-json\/wp\/v2\/posts\/74227"}],"collection":[{"href":"https:\/\/infoecos.com.ar\/index.php\/wp-json\/wp\/v2\/posts"}],"about":[{"href":"https:\/\/infoecos.com.ar\/index.php\/wp-json\/wp\/v2\/types\/post"}],"author":[{"embeddable":true,"href":"https:\/\/infoecos.com.ar\/index.php\/wp-json\/wp\/v2\/users\/2"}],"replies":[{"embeddable":true,"href":"https:\/\/infoecos.com.ar\/index.php\/wp-json\/wp\/v2\/comments?post=74227"}],"version-history":[{"count":1,"href":"https:\/\/infoecos.com.ar\/index.php\/wp-json\/wp\/v2\/posts\/74227\/revisions"}],"predecessor-version":[{"id":74228,"href":"https:\/\/infoecos.com.ar\/index.php\/wp-json\/wp\/v2\/posts\/74227\/revisions\/74228"}],"wp:featuredmedia":[{"embeddable":true,"href":"https:\/\/infoecos.com.ar\/index.php\/wp-json\/wp\/v2\/media\/70244"}],"wp:attachment":[{"href":"https:\/\/infoecos.com.ar\/index.php\/wp-json\/wp\/v2\/media?parent=74227"}],"wp:term":[{"taxonomy":"category","embeddable":true,"href":"https:\/\/infoecos.com.ar\/index.php\/wp-json\/wp\/v2\/categories?post=74227"},{"taxonomy":"post_tag","embeddable":true,"href":"https:\/\/infoecos.com.ar\/index.php\/wp-json\/wp\/v2\/tags?post=74227"}],"curies":[{"name":"wp","href":"https:\/\/api.w.org\/{rel}","templated":true}]}}