{"id":74244,"date":"2021-02-11T16:15:43","date_gmt":"2021-02-11T19:15:43","guid":{"rendered":"http:\/\/infoecos.com.ar\/?p=74244"},"modified":"2021-02-11T16:15:50","modified_gmt":"2021-02-11T19:15:50","slug":"personas-embarazadas-en-periodo-de-lactancia-o-con-enfermedades-autoinmunes-ya-pueden-recibir-la-vacuna-sputnik-v","status":"publish","type":"post","link":"https:\/\/infoecos.com.ar\/index.php\/personas-embarazadas-en-periodo-de-lactancia-o-con-enfermedades-autoinmunes-ya-pueden-recibir-la-vacuna-sputnik-v\/","title":{"rendered":"Personas embarazadas, en per\u00edodo de lactancia o con enfermedades autoinmunes ya pueden recibir la vacuna Sputnik V"},"content":{"rendered":"\n<p>El Ministerio de Salud Nacional excluy\u00f3 el concepto de contraindicaci\u00f3n para la vacunaci\u00f3n en estos sectores de la poblaci\u00f3n que presenten un riesgo de exposici\u00f3n alto. Incluye personal de salud, docente y personas con enfermedades subyacentes.<\/p>\n\n\n\n<div class=\"wp-block-image\"><figure class=\"aligncenter size-medium\"><img loading=\"lazy\" decoding=\"async\" width=\"460\" height=\"307\" src=\"http:\/\/infoecos.com.ar\/wp-content\/uploads\/2021\/01\/MANSO-PANDEMIA-COVID-VACUNA-SPUTNIK-V-HOSPITAL-SEGUNDA-ENTREGA-PRIMERA-DOSIS-400-024-460x307.jpg\" alt=\"\" class=\"wp-image-73120\" srcset=\"https:\/\/infoecos.com.ar\/wp-content\/uploads\/2021\/01\/MANSO-PANDEMIA-COVID-VACUNA-SPUTNIK-V-HOSPITAL-SEGUNDA-ENTREGA-PRIMERA-DOSIS-400-024-460x307.jpg 460w, https:\/\/infoecos.com.ar\/wp-content\/uploads\/2021\/01\/MANSO-PANDEMIA-COVID-VACUNA-SPUTNIK-V-HOSPITAL-SEGUNDA-ENTREGA-PRIMERA-DOSIS-400-024-920x614.jpg 920w, https:\/\/infoecos.com.ar\/wp-content\/uploads\/2021\/01\/MANSO-PANDEMIA-COVID-VACUNA-SPUTNIK-V-HOSPITAL-SEGUNDA-ENTREGA-PRIMERA-DOSIS-400-024-768x513.jpg 768w, https:\/\/infoecos.com.ar\/wp-content\/uploads\/2021\/01\/MANSO-PANDEMIA-COVID-VACUNA-SPUTNIK-V-HOSPITAL-SEGUNDA-ENTREGA-PRIMERA-DOSIS-400-024-1536x1025.jpg 1536w, https:\/\/infoecos.com.ar\/wp-content\/uploads\/2021\/01\/MANSO-PANDEMIA-COVID-VACUNA-SPUTNIK-V-HOSPITAL-SEGUNDA-ENTREGA-PRIMERA-DOSIS-400-024-2048x1367.jpg 2048w, https:\/\/infoecos.com.ar\/wp-content\/uploads\/2021\/01\/MANSO-PANDEMIA-COVID-VACUNA-SPUTNIK-V-HOSPITAL-SEGUNDA-ENTREGA-PRIMERA-DOSIS-400-024-1024x684.jpg 1024w, https:\/\/infoecos.com.ar\/wp-content\/uploads\/2021\/01\/MANSO-PANDEMIA-COVID-VACUNA-SPUTNIK-V-HOSPITAL-SEGUNDA-ENTREGA-PRIMERA-DOSIS-400-024-675x450.jpg 675w\" sizes=\"(max-width: 460px) 100vw, 460px\" \/><\/figure><\/div>\n\n\n\n<p>Personas embarazadas, en per\u00edodo de lactancia, &nbsp;inmunocomprometidas o con enfermedades autoinmunes que formen parte de los grupos de riesgo podr\u00e1n recibir la vacuna Sputnik V contra el coronavirus. A trav\u00e9s de una resoluci\u00f3n del Ministerio de Salud Nacional se ampl\u00eda el grupo de personas de riesgo con prioridad para la Campa\u00f1a de Vacunaci\u00f3n.<\/p>\n\n\n\n<p>La recomendaci\u00f3n fue impulsada por la Comisi\u00f3n Nacional de Inmunizaciones (CoNaIn) en consenso con diversas Sociedades Cient\u00edficas y expertos externos a la cartera sanitaria nacional, y en l\u00ednea con los an\u00e1lisis y recomendaciones publicadas en las \u00faltimas semanas en otros pa\u00edses. Tambi\u00e9n recomendaron la consulta previa con personal de salud para que brinde informaci\u00f3n previa a la vacunaci\u00f3n.<\/p>\n\n\n\n<p>A partir de ahora pueden optar por vacunarse aquellas personas embarazadas, en per\u00edodo de lactancia, inmunocomprometidas o con enfermedades autoinmunes, que presenten un riesgo de exposici\u00f3n alto al Coronavirus. La resoluci\u00f3n informa que &nbsp;\u201csiempre y cuando la plataforma de la vacuna utilizada no sea a virus vivos y atenuados\u201d.<\/p>\n\n\n\n<p>El memor\u00e1ndum denominado \u201cActualizaci\u00f3n sobre situaciones especiales en la poblaci\u00f3n objetivo a vacunar\u201d incluye &nbsp;al personal de salud, personal estrat\u00e9gico, docente y no docente y los que presenten enfermedades subyacentes como diabetes, obesidad grado 2 o mayor o enfermedades cr\u00f3nicas renales, respiratorias o card\u00edacas.<\/p>\n\n\n\n<p>La recomendaci\u00f3n se sustenta en la necesidad de realizar una evaluaci\u00f3n individualizada del beneficio que puede ofrecer la vacunaci\u00f3n en estas condiciones especiales (embarazo, lactancia, inmunocompromiso y enfermedades autoinmunes) en caso de poblaciones de alto riesgo.<\/p>\n\n\n\n<p>Quienes opten por recibir la vacuna se preinscriban en alguno de los canales establecidos por el Gobierno de la Provincia de Buenos Aires. Pueden hacerlo a trav\u00e9s del sitio&nbsp;<a href=\"http:\/\/www.vacunatepba.gba.gob.ar\/\" target=\"_blank\" rel=\"noreferrer noopener\">www.vacunatepba.gba.gob.ar<\/a>&nbsp;o descargando la aplicaci\u00f3n vacunatePBA en tel\u00e9fonos celulares con sistemas operativo Android o iOS.<\/p>\n","protected":false},"excerpt":{"rendered":"<p>A trav\u00e9s de una resoluci\u00f3n del Ministerio de Salud Nacional se ampl\u00eda el grupo de personas de riesgo con prioridad para la Campa\u00f1a de Vacunaci\u00f3n<\/p>\n","protected":false},"author":2,"featured_media":73767,"comment_status":"closed","ping_status":"open","sticky":false,"template":"","format":"standard","meta":{"footnotes":""},"categories":[198],"tags":[2941],"class_list":["post-74244","post","type-post","status-publish","format-standard","has-post-thumbnail","hentry","category-c1nota5","tag-campana-de-vacunacion"],"yoast_head":"<!-- This site is optimized with the Yoast SEO plugin v23.4 - https:\/\/yoast.com\/wordpress\/plugins\/seo\/ -->\n<title>Personas embarazadas, en per\u00edodo de lactancia o con enfermedades autoinmunes ya pueden recibir la vacuna Sputnik V - Infoecos<\/title>\n<meta name=\"robots\" content=\"index, follow, max-snippet:-1, max-image-preview:large, max-video-preview:-1\" \/>\n<link rel=\"canonical\" href=\"https:\/\/infoecos.com.ar\/index.php\/personas-embarazadas-en-periodo-de-lactancia-o-con-enfermedades-autoinmunes-ya-pueden-recibir-la-vacuna-sputnik-v\/\" \/>\n<meta property=\"og:locale\" content=\"es_ES\" \/>\n<meta property=\"og:type\" content=\"article\" \/>\n<meta property=\"og:title\" content=\"Personas embarazadas, en per\u00edodo de lactancia o con enfermedades autoinmunes ya pueden recibir la vacuna Sputnik V - Infoecos\" \/>\n<meta property=\"og:description\" content=\"A trav\u00e9s de una resoluci\u00f3n del Ministerio de Salud Nacional se ampl\u00eda el grupo de personas de riesgo con prioridad para la Campa\u00f1a de Vacunaci\u00f3n\" \/>\n<meta property=\"og:url\" content=\"https:\/\/infoecos.com.ar\/index.php\/personas-embarazadas-en-periodo-de-lactancia-o-con-enfermedades-autoinmunes-ya-pueden-recibir-la-vacuna-sputnik-v\/\" \/>\n<meta property=\"og:site_name\" content=\"Infoecos\" \/>\n<meta property=\"article:publisher\" content=\"https:\/\/www.facebook.com\/profile.php?id=100063200290284\" \/>\n<meta property=\"article:published_time\" content=\"2021-02-11T19:15:43+00:00\" \/>\n<meta property=\"article:modified_time\" content=\"2021-02-11T19:15:50+00:00\" \/>\n<meta property=\"og:image\" content=\"https:\/\/infoecos.com.ar\/wp-content\/uploads\/2021\/02\/sputnik.jpg\" \/>\n\t<meta property=\"og:image:width\" content=\"1004\" \/>\n\t<meta property=\"og:image:height\" content=\"565\" \/>\n\t<meta property=\"og:image:type\" content=\"image\/jpeg\" \/>\n<meta name=\"author\" content=\"Jorge Matheus\" \/>\n<meta name=\"twitter:card\" content=\"summary_large_image\" \/>\n<meta name=\"twitter:creator\" content=\"@infoecos\" \/>\n<meta name=\"twitter:site\" content=\"@infoecos\" \/>\n<meta name=\"twitter:label1\" content=\"Escrito por\" \/>\n\t<meta name=\"twitter:data1\" content=\"Jorge Matheus\" \/>\n\t<meta name=\"twitter:label2\" content=\"Tiempo de lectura\" \/>\n\t<meta name=\"twitter:data2\" content=\"2 minutos\" \/>\n<script type=\"application\/ld+json\" class=\"yoast-schema-graph\">{\"@context\":\"https:\/\/schema.org\",\"@graph\":[{\"@type\":\"Article\",\"@id\":\"https:\/\/infoecos.com.ar\/index.php\/personas-embarazadas-en-periodo-de-lactancia-o-con-enfermedades-autoinmunes-ya-pueden-recibir-la-vacuna-sputnik-v\/#article\",\"isPartOf\":{\"@id\":\"https:\/\/infoecos.com.ar\/index.php\/personas-embarazadas-en-periodo-de-lactancia-o-con-enfermedades-autoinmunes-ya-pueden-recibir-la-vacuna-sputnik-v\/\"},\"author\":{\"name\":\"Jorge Matheus\",\"@id\":\"https:\/\/infoecos.com.ar\/#\/schema\/person\/8f5ace5ce73b4b4aac4b7245aee6f191\"},\"headline\":\"Personas embarazadas, en per\u00edodo de lactancia o con enfermedades autoinmunes ya pueden recibir la vacuna Sputnik V\",\"datePublished\":\"2021-02-11T19:15:43+00:00\",\"dateModified\":\"2021-02-11T19:15:50+00:00\",\"mainEntityOfPage\":{\"@id\":\"https:\/\/infoecos.com.ar\/index.php\/personas-embarazadas-en-periodo-de-lactancia-o-con-enfermedades-autoinmunes-ya-pueden-recibir-la-vacuna-sputnik-v\/\"},\"wordCount\":381,\"publisher\":{\"@id\":\"https:\/\/infoecos.com.ar\/#organization\"},\"image\":{\"@id\":\"https:\/\/infoecos.com.ar\/index.php\/personas-embarazadas-en-periodo-de-lactancia-o-con-enfermedades-autoinmunes-ya-pueden-recibir-la-vacuna-sputnik-v\/#primaryimage\"},\"thumbnailUrl\":\"https:\/\/infoecos.com.ar\/wp-content\/uploads\/2021\/02\/sputnik.jpg\",\"keywords\":[\"CAMPA\u00d1A DE VACUNACI\u00d3N\"],\"articleSection\":[\"C1 nota 5\"],\"inLanguage\":\"es\"},{\"@type\":\"WebPage\",\"@id\":\"https:\/\/infoecos.com.ar\/index.php\/personas-embarazadas-en-periodo-de-lactancia-o-con-enfermedades-autoinmunes-ya-pueden-recibir-la-vacuna-sputnik-v\/\",\"url\":\"https:\/\/infoecos.com.ar\/index.php\/personas-embarazadas-en-periodo-de-lactancia-o-con-enfermedades-autoinmunes-ya-pueden-recibir-la-vacuna-sputnik-v\/\",\"name\":\"Personas embarazadas, en per\u00edodo de lactancia o con enfermedades autoinmunes ya pueden recibir la vacuna Sputnik V - Infoecos\",\"isPartOf\":{\"@id\":\"https:\/\/infoecos.com.ar\/#website\"},\"primaryImageOfPage\":{\"@id\":\"https:\/\/infoecos.com.ar\/index.php\/personas-embarazadas-en-periodo-de-lactancia-o-con-enfermedades-autoinmunes-ya-pueden-recibir-la-vacuna-sputnik-v\/#primaryimage\"},\"image\":{\"@id\":\"https:\/\/infoecos.com.ar\/index.php\/personas-embarazadas-en-periodo-de-lactancia-o-con-enfermedades-autoinmunes-ya-pueden-recibir-la-vacuna-sputnik-v\/#primaryimage\"},\"thumbnailUrl\":\"https:\/\/infoecos.com.ar\/wp-content\/uploads\/2021\/02\/sputnik.jpg\",\"datePublished\":\"2021-02-11T19:15:43+00:00\",\"dateModified\":\"2021-02-11T19:15:50+00:00\",\"breadcrumb\":{\"@id\":\"https:\/\/infoecos.com.ar\/index.php\/personas-embarazadas-en-periodo-de-lactancia-o-con-enfermedades-autoinmunes-ya-pueden-recibir-la-vacuna-sputnik-v\/#breadcrumb\"},\"inLanguage\":\"es\",\"potentialAction\":[{\"@type\":\"ReadAction\",\"target\":[\"https:\/\/infoecos.com.ar\/index.php\/personas-embarazadas-en-periodo-de-lactancia-o-con-enfermedades-autoinmunes-ya-pueden-recibir-la-vacuna-sputnik-v\/\"]}]},{\"@type\":\"ImageObject\",\"inLanguage\":\"es\",\"@id\":\"https:\/\/infoecos.com.ar\/index.php\/personas-embarazadas-en-periodo-de-lactancia-o-con-enfermedades-autoinmunes-ya-pueden-recibir-la-vacuna-sputnik-v\/#primaryimage\",\"url\":\"https:\/\/infoecos.com.ar\/wp-content\/uploads\/2021\/02\/sputnik.jpg\",\"contentUrl\":\"https:\/\/infoecos.com.ar\/wp-content\/uploads\/2021\/02\/sputnik.jpg\",\"width\":1004,\"height\":565},{\"@type\":\"BreadcrumbList\",\"@id\":\"https:\/\/infoecos.com.ar\/index.php\/personas-embarazadas-en-periodo-de-lactancia-o-con-enfermedades-autoinmunes-ya-pueden-recibir-la-vacuna-sputnik-v\/#breadcrumb\",\"itemListElement\":[{\"@type\":\"ListItem\",\"position\":1,\"name\":\"Portada\",\"item\":\"https:\/\/infoecos.com.ar\/\"},{\"@type\":\"ListItem\",\"position\":2,\"name\":\"Personas embarazadas, en per\u00edodo de lactancia o con enfermedades autoinmunes ya pueden recibir la vacuna Sputnik V\"}]},{\"@type\":\"WebSite\",\"@id\":\"https:\/\/infoecos.com.ar\/#website\",\"url\":\"https:\/\/infoecos.com.ar\/\",\"name\":\"Infoecos\",\"description\":\"Noticias de trenque lauquen y la zona\",\"publisher\":{\"@id\":\"https:\/\/infoecos.com.ar\/#organization\"},\"alternateName\":\"Noticias\",\"potentialAction\":[{\"@type\":\"SearchAction\",\"target\":{\"@type\":\"EntryPoint\",\"urlTemplate\":\"https:\/\/infoecos.com.ar\/?s={search_term_string}\"},\"query-input\":{\"@type\":\"PropertyValueSpecification\",\"valueRequired\":true,\"valueName\":\"search_term_string\"}}],\"inLanguage\":\"es\"},{\"@type\":\"Organization\",\"@id\":\"https:\/\/infoecos.com.ar\/#organization\",\"name\":\"Infoecos\",\"alternateName\":\"Noticias\",\"url\":\"https:\/\/infoecos.com.ar\/\",\"logo\":{\"@type\":\"ImageObject\",\"inLanguage\":\"es\",\"@id\":\"https:\/\/infoecos.com.ar\/#\/schema\/logo\/image\/\",\"url\":\"https:\/\/infoecos.com.ar\/wp-content\/uploads\/2024\/03\/cropped-logo.png\",\"contentUrl\":\"https:\/\/infoecos.com.ar\/wp-content\/uploads\/2024\/03\/cropped-logo.png\",\"width\":374,\"height\":90,\"caption\":\"Infoecos\"},\"image\":{\"@id\":\"https:\/\/infoecos.com.ar\/#\/schema\/logo\/image\/\"},\"sameAs\":[\"https:\/\/www.facebook.com\/profile.php?id=100063200290284\",\"https:\/\/x.com\/infoecos\"]},{\"@type\":\"Person\",\"@id\":\"https:\/\/infoecos.com.ar\/#\/schema\/person\/8f5ace5ce73b4b4aac4b7245aee6f191\",\"name\":\"Jorge Matheus\",\"url\":\"https:\/\/infoecos.com.ar\/index.php\/author\/jomatheus\/\"}]}<\/script>\n<!-- \/ Yoast SEO plugin. -->","yoast_head_json":{"title":"Personas embarazadas, en per\u00edodo de lactancia o con enfermedades autoinmunes ya pueden recibir la vacuna Sputnik V - Infoecos","robots":{"index":"index","follow":"follow","max-snippet":"max-snippet:-1","max-image-preview":"max-image-preview:large","max-video-preview":"max-video-preview:-1"},"canonical":"https:\/\/infoecos.com.ar\/index.php\/personas-embarazadas-en-periodo-de-lactancia-o-con-enfermedades-autoinmunes-ya-pueden-recibir-la-vacuna-sputnik-v\/","og_locale":"es_ES","og_type":"article","og_title":"Personas embarazadas, en per\u00edodo de lactancia o con enfermedades autoinmunes ya pueden recibir la vacuna Sputnik V - Infoecos","og_description":"A trav\u00e9s de una resoluci\u00f3n del Ministerio de Salud Nacional se ampl\u00eda el grupo de personas de riesgo con prioridad para la Campa\u00f1a de Vacunaci\u00f3n","og_url":"https:\/\/infoecos.com.ar\/index.php\/personas-embarazadas-en-periodo-de-lactancia-o-con-enfermedades-autoinmunes-ya-pueden-recibir-la-vacuna-sputnik-v\/","og_site_name":"Infoecos","article_publisher":"https:\/\/www.facebook.com\/profile.php?id=100063200290284","article_published_time":"2021-02-11T19:15:43+00:00","article_modified_time":"2021-02-11T19:15:50+00:00","og_image":[{"width":1004,"height":565,"url":"https:\/\/infoecos.com.ar\/wp-content\/uploads\/2021\/02\/sputnik.jpg","type":"image\/jpeg"}],"author":"Jorge Matheus","twitter_card":"summary_large_image","twitter_creator":"@infoecos","twitter_site":"@infoecos","twitter_misc":{"Escrito por":"Jorge Matheus","Tiempo de lectura":"2 minutos"},"schema":{"@context":"https:\/\/schema.org","@graph":[{"@type":"Article","@id":"https:\/\/infoecos.com.ar\/index.php\/personas-embarazadas-en-periodo-de-lactancia-o-con-enfermedades-autoinmunes-ya-pueden-recibir-la-vacuna-sputnik-v\/#article","isPartOf":{"@id":"https:\/\/infoecos.com.ar\/index.php\/personas-embarazadas-en-periodo-de-lactancia-o-con-enfermedades-autoinmunes-ya-pueden-recibir-la-vacuna-sputnik-v\/"},"author":{"name":"Jorge Matheus","@id":"https:\/\/infoecos.com.ar\/#\/schema\/person\/8f5ace5ce73b4b4aac4b7245aee6f191"},"headline":"Personas embarazadas, en per\u00edodo de lactancia o con enfermedades autoinmunes ya pueden recibir la vacuna Sputnik V","datePublished":"2021-02-11T19:15:43+00:00","dateModified":"2021-02-11T19:15:50+00:00","mainEntityOfPage":{"@id":"https:\/\/infoecos.com.ar\/index.php\/personas-embarazadas-en-periodo-de-lactancia-o-con-enfermedades-autoinmunes-ya-pueden-recibir-la-vacuna-sputnik-v\/"},"wordCount":381,"publisher":{"@id":"https:\/\/infoecos.com.ar\/#organization"},"image":{"@id":"https:\/\/infoecos.com.ar\/index.php\/personas-embarazadas-en-periodo-de-lactancia-o-con-enfermedades-autoinmunes-ya-pueden-recibir-la-vacuna-sputnik-v\/#primaryimage"},"thumbnailUrl":"https:\/\/infoecos.com.ar\/wp-content\/uploads\/2021\/02\/sputnik.jpg","keywords":["CAMPA\u00d1A DE VACUNACI\u00d3N"],"articleSection":["C1 nota 5"],"inLanguage":"es"},{"@type":"WebPage","@id":"https:\/\/infoecos.com.ar\/index.php\/personas-embarazadas-en-periodo-de-lactancia-o-con-enfermedades-autoinmunes-ya-pueden-recibir-la-vacuna-sputnik-v\/","url":"https:\/\/infoecos.com.ar\/index.php\/personas-embarazadas-en-periodo-de-lactancia-o-con-enfermedades-autoinmunes-ya-pueden-recibir-la-vacuna-sputnik-v\/","name":"Personas embarazadas, en per\u00edodo de lactancia o con enfermedades autoinmunes ya pueden recibir la vacuna Sputnik V - Infoecos","isPartOf":{"@id":"https:\/\/infoecos.com.ar\/#website"},"primaryImageOfPage":{"@id":"https:\/\/infoecos.com.ar\/index.php\/personas-embarazadas-en-periodo-de-lactancia-o-con-enfermedades-autoinmunes-ya-pueden-recibir-la-vacuna-sputnik-v\/#primaryimage"},"image":{"@id":"https:\/\/infoecos.com.ar\/index.php\/personas-embarazadas-en-periodo-de-lactancia-o-con-enfermedades-autoinmunes-ya-pueden-recibir-la-vacuna-sputnik-v\/#primaryimage"},"thumbnailUrl":"https:\/\/infoecos.com.ar\/wp-content\/uploads\/2021\/02\/sputnik.jpg","datePublished":"2021-02-11T19:15:43+00:00","dateModified":"2021-02-11T19:15:50+00:00","breadcrumb":{"@id":"https:\/\/infoecos.com.ar\/index.php\/personas-embarazadas-en-periodo-de-lactancia-o-con-enfermedades-autoinmunes-ya-pueden-recibir-la-vacuna-sputnik-v\/#breadcrumb"},"inLanguage":"es","potentialAction":[{"@type":"ReadAction","target":["https:\/\/infoecos.com.ar\/index.php\/personas-embarazadas-en-periodo-de-lactancia-o-con-enfermedades-autoinmunes-ya-pueden-recibir-la-vacuna-sputnik-v\/"]}]},{"@type":"ImageObject","inLanguage":"es","@id":"https:\/\/infoecos.com.ar\/index.php\/personas-embarazadas-en-periodo-de-lactancia-o-con-enfermedades-autoinmunes-ya-pueden-recibir-la-vacuna-sputnik-v\/#primaryimage","url":"https:\/\/infoecos.com.ar\/wp-content\/uploads\/2021\/02\/sputnik.jpg","contentUrl":"https:\/\/infoecos.com.ar\/wp-content\/uploads\/2021\/02\/sputnik.jpg","width":1004,"height":565},{"@type":"BreadcrumbList","@id":"https:\/\/infoecos.com.ar\/index.php\/personas-embarazadas-en-periodo-de-lactancia-o-con-enfermedades-autoinmunes-ya-pueden-recibir-la-vacuna-sputnik-v\/#breadcrumb","itemListElement":[{"@type":"ListItem","position":1,"name":"Portada","item":"https:\/\/infoecos.com.ar\/"},{"@type":"ListItem","position":2,"name":"Personas embarazadas, en per\u00edodo de lactancia o con enfermedades autoinmunes ya pueden recibir la vacuna Sputnik V"}]},{"@type":"WebSite","@id":"https:\/\/infoecos.com.ar\/#website","url":"https:\/\/infoecos.com.ar\/","name":"Infoecos","description":"Noticias de trenque lauquen y la zona","publisher":{"@id":"https:\/\/infoecos.com.ar\/#organization"},"alternateName":"Noticias","potentialAction":[{"@type":"SearchAction","target":{"@type":"EntryPoint","urlTemplate":"https:\/\/infoecos.com.ar\/?s={search_term_string}"},"query-input":{"@type":"PropertyValueSpecification","valueRequired":true,"valueName":"search_term_string"}}],"inLanguage":"es"},{"@type":"Organization","@id":"https:\/\/infoecos.com.ar\/#organization","name":"Infoecos","alternateName":"Noticias","url":"https:\/\/infoecos.com.ar\/","logo":{"@type":"ImageObject","inLanguage":"es","@id":"https:\/\/infoecos.com.ar\/#\/schema\/logo\/image\/","url":"https:\/\/infoecos.com.ar\/wp-content\/uploads\/2024\/03\/cropped-logo.png","contentUrl":"https:\/\/infoecos.com.ar\/wp-content\/uploads\/2024\/03\/cropped-logo.png","width":374,"height":90,"caption":"Infoecos"},"image":{"@id":"https:\/\/infoecos.com.ar\/#\/schema\/logo\/image\/"},"sameAs":["https:\/\/www.facebook.com\/profile.php?id=100063200290284","https:\/\/x.com\/infoecos"]},{"@type":"Person","@id":"https:\/\/infoecos.com.ar\/#\/schema\/person\/8f5ace5ce73b4b4aac4b7245aee6f191","name":"Jorge Matheus","url":"https:\/\/infoecos.com.ar\/index.php\/author\/jomatheus\/"}]}},"featured_image_urls":{"full":["https:\/\/infoecos.com.ar\/wp-content\/uploads\/2021\/02\/sputnik.jpg",1004,565,false],"thumbnail":["https:\/\/infoecos.com.ar\/wp-content\/uploads\/2021\/02\/sputnik-150x150.jpg",150,150,true],"medium":["https:\/\/infoecos.com.ar\/wp-content\/uploads\/2021\/02\/sputnik-460x259.jpg",460,259,true],"medium_large":["https:\/\/infoecos.com.ar\/wp-content\/uploads\/2021\/02\/sputnik-768x432.jpg",640,360,true],"large":["https:\/\/infoecos.com.ar\/wp-content\/uploads\/2021\/02\/sputnik-920x518.jpg",640,360,true],"1536x1536":["https:\/\/infoecos.com.ar\/wp-content\/uploads\/2021\/02\/sputnik.jpg",1004,565,false],"2048x2048":["https:\/\/infoecos.com.ar\/wp-content\/uploads\/2021\/02\/sputnik.jpg",1004,565,false],"covernews-slider-full":["https:\/\/infoecos.com.ar\/wp-content\/uploads\/2021\/02\/sputnik.jpg",1004,565,false],"covernews-slider-center":["https:\/\/infoecos.com.ar\/wp-content\/uploads\/2021\/02\/sputnik-936x565.jpg",800,483,true],"covernews-featured":["https:\/\/infoecos.com.ar\/wp-content\/uploads\/2021\/02\/sputnik.jpg",1004,565,false],"covernews-medium":["https:\/\/infoecos.com.ar\/wp-content\/uploads\/2021\/02\/sputnik-720x380.jpg",540,285,true],"covernews-medium-square":["https:\/\/infoecos.com.ar\/wp-content\/uploads\/2021\/02\/sputnik-675x450.jpg",375,250,true]},"author_info":{"info":["Jorge Matheus"]},"category_info":"<a href=\"https:\/\/infoecos.com.ar\/index.php\/category\/c1nota5\/\" rel=\"category tag\">C1 nota 5<\/a>","tag_info":"C1 nota 5","comment_count":"0","_links":{"self":[{"href":"https:\/\/infoecos.com.ar\/index.php\/wp-json\/wp\/v2\/posts\/74244"}],"collection":[{"href":"https:\/\/infoecos.com.ar\/index.php\/wp-json\/wp\/v2\/posts"}],"about":[{"href":"https:\/\/infoecos.com.ar\/index.php\/wp-json\/wp\/v2\/types\/post"}],"author":[{"embeddable":true,"href":"https:\/\/infoecos.com.ar\/index.php\/wp-json\/wp\/v2\/users\/2"}],"replies":[{"embeddable":true,"href":"https:\/\/infoecos.com.ar\/index.php\/wp-json\/wp\/v2\/comments?post=74244"}],"version-history":[{"count":1,"href":"https:\/\/infoecos.com.ar\/index.php\/wp-json\/wp\/v2\/posts\/74244\/revisions"}],"predecessor-version":[{"id":74245,"href":"https:\/\/infoecos.com.ar\/index.php\/wp-json\/wp\/v2\/posts\/74244\/revisions\/74245"}],"wp:featuredmedia":[{"embeddable":true,"href":"https:\/\/infoecos.com.ar\/index.php\/wp-json\/wp\/v2\/media\/73767"}],"wp:attachment":[{"href":"https:\/\/infoecos.com.ar\/index.php\/wp-json\/wp\/v2\/media?parent=74244"}],"wp:term":[{"taxonomy":"category","embeddable":true,"href":"https:\/\/infoecos.com.ar\/index.php\/wp-json\/wp\/v2\/categories?post=74244"},{"taxonomy":"post_tag","embeddable":true,"href":"https:\/\/infoecos.com.ar\/index.php\/wp-json\/wp\/v2\/tags?post=74244"}],"curies":[{"name":"wp","href":"https:\/\/api.w.org\/{rel}","templated":true}]}}