{"id":74246,"date":"2021-02-11T16:20:06","date_gmt":"2021-02-11T19:20:06","guid":{"rendered":"http:\/\/infoecos.com.ar\/?p=74246"},"modified":"2021-02-11T16:20:10","modified_gmt":"2021-02-11T19:20:10","slug":"abad-y-el-inicio-del-ciclo-lectivo-tiene-que-ocurrir-en-forma-segura","status":"publish","type":"post","link":"https:\/\/infoecos.com.ar\/index.php\/abad-y-el-inicio-del-ciclo-lectivo-tiene-que-ocurrir-en-forma-segura\/","title":{"rendered":"Abad y el inicio del ciclo lectivo: \u00abtiene que ocurrir en forma segura\u00bb"},"content":{"rendered":"\n<p class=\"wp-block-paragraph\">El presidente del Bloque de Juntos por el Cambio en la C\u00e1mara de Diputados bonaerense, Maximiliano Abad, se refiri\u00f3 al inicio del ciclo lectivo y a la problem\u00e1tica de la seguridad.<\/p>\n\n\n\n<div class=\"wp-block-image\"><figure class=\"aligncenter size-large\"><img decoding=\"async\" src=\"http:\/\/infoecos.com.ar\/wp-content\/uploads\/maximiliano_abad.jpg\" alt=\"\" class=\"wp-image-51094\"\/><figcaption>Abad, Maximiliano<\/figcaption><\/figure><\/div>\n\n\n\n<p class=\"wp-block-paragraph\">En declaraciones a <strong>Radio Provincia<\/strong> destac\u00f3 que \u201cla vuelta a clases es un hecho que tiene que ocurrir en forma segura y que no haya peligro de contagios\u201d.<\/p>\n\n\n\n<p class=\"wp-block-paragraph\">Por otro lado, se refiri\u00f3 a la seguridad y se\u00f1al\u00f3 que \u201cal gobierno le falta el di\u00e1logo, es algo general de Frente de Todos. El liderazgo se ejercita por medio del di\u00e1logo, no se puede estar amenazando todo el tiempo porque eso ni en una familia funciona\u201d.<\/p>\n\n\n\n<p class=\"wp-block-paragraph\">Al ser consultado sobre una representaci\u00f3n gremial de las fuerzas sostuvo que debe haber con \u201cla Polic\u00eda un di\u00e1logo fuerte y profundo\u201d.\u00a0\u00a0<\/p>\n","protected":false},"excerpt":{"rendered":"<p>Destac\u00f3 que \u201cla vuelta a clases es un hecho que tiene que ocurrir en forma segura y que no haya peligro de contagios\u201d<\/p>\n","protected":false},"author":2,"featured_media":51094,"comment_status":"closed","ping_status":"open","sticky":false,"template":"","format":"standard","meta":{"footnotes":""},"categories":[1323],"tags":[2942],"class_list":["post-74246","post","type-post","status-publish","format-standard","has-post-thumbnail","hentry","category-c2nota5","tag-aspirante-a-presidir-ucr-bonaerense"],"featured_image_urls":{"full":"","thumbnail":"","medium":"","medium_large":"","large":"","1536x1536":"","2048x2048":"","covernews-slider-full":"","covernews-slider-center":"","covernews-featured":"","covernews-medium":"","covernews-medium-square":""},"author_info":{"info":["Jorge Matheus"]},"category_info":"<a href=\"https:\/\/infoecos.com.ar\/index.php\/category\/c2nota5\/\" rel=\"category tag\">C2 N5<\/a>","tag_info":"C2 N5","comment_count":"0","_links":{"self":[{"href":"https:\/\/infoecos.com.ar\/index.php\/wp-json\/wp\/v2\/posts\/74246","targetHints":{"allow":["GET"]}}],"collection":[{"href":"https:\/\/infoecos.com.ar\/index.php\/wp-json\/wp\/v2\/posts"}],"about":[{"href":"https:\/\/infoecos.com.ar\/index.php\/wp-json\/wp\/v2\/types\/post"}],"author":[{"embeddable":true,"href":"https:\/\/infoecos.com.ar\/index.php\/wp-json\/wp\/v2\/users\/2"}],"replies":[{"embeddable":true,"href":"https:\/\/infoecos.com.ar\/index.php\/wp-json\/wp\/v2\/comments?post=74246"}],"version-history":[{"count":1,"href":"https:\/\/infoecos.com.ar\/index.php\/wp-json\/wp\/v2\/posts\/74246\/revisions"}],"predecessor-version":[{"id":74247,"href":"https:\/\/infoecos.com.ar\/index.php\/wp-json\/wp\/v2\/posts\/74246\/revisions\/74247"}],"wp:attachment":[{"href":"https:\/\/infoecos.com.ar\/index.php\/wp-json\/wp\/v2\/media?parent=74246"}],"wp:term":[{"taxonomy":"category","embeddable":true,"href":"https:\/\/infoecos.com.ar\/index.php\/wp-json\/wp\/v2\/categories?post=74246"},{"taxonomy":"post_tag","embeddable":true,"href":"https:\/\/infoecos.com.ar\/index.php\/wp-json\/wp\/v2\/tags?post=74246"}],"curies":[{"name":"wp","href":"https:\/\/api.w.org\/{rel}","templated":true}]}}