{"id":74256,"date":"2021-02-11T16:52:34","date_gmt":"2021-02-11T19:52:34","guid":{"rendered":"http:\/\/infoecos.com.ar\/?p=74256"},"modified":"2021-02-11T16:52:37","modified_gmt":"2021-02-11T19:52:37","slug":"el-indice-de-precios-al-consumidor-aumento-4-durante-enero","status":"publish","type":"post","link":"https:\/\/infoecos.com.ar\/index.php\/el-indice-de-precios-al-consumidor-aumento-4-durante-enero\/","title":{"rendered":"El \u00cdndice de Precios al Consumidor aument\u00f3 4% durante enero"},"content":{"rendered":"\n<p>El \u00cdndice de Precios al Consumidor (IPC-Costo de Vida) aument\u00f3 4% durante enero,<strong>\u00a0<\/strong>impulsada por la suba del 15,1 % en el sector de Comunicaciones, del 5,4% en Hoteles y Restaurantes y del 4,8% en Alimentos y Bebidas, inform\u00f3 el Instituto Nacional de Estad\u00edstica y Censos (Indec).<\/p>\n\n\n\n<div class=\"wp-block-image\"><figure class=\"aligncenter size-medium\"><img loading=\"lazy\" decoding=\"async\" width=\"460\" height=\"336\" src=\"http:\/\/infoecos.com.ar\/wp-content\/uploads\/2021\/02\/INDICEDEPRECIOSALCONSUMIDOR-460x336.jpg\" alt=\"\" class=\"wp-image-74257\" srcset=\"https:\/\/infoecos.com.ar\/wp-content\/uploads\/2021\/02\/INDICEDEPRECIOSALCONSUMIDOR-460x336.jpg 460w, https:\/\/infoecos.com.ar\/wp-content\/uploads\/2021\/02\/INDICEDEPRECIOSALCONSUMIDOR.jpg 680w\" sizes=\"(max-width: 460px) 100vw, 460px\" \/><\/figure><\/div>\n\n\n\n<p>Tambi\u00e9n mostraron subas por encima del Nivel general las divisiones Transporte, con el 4,6%, producto principalmente del alza observada en combustibles y en adquisici\u00f3n de veh\u00edculos, y Bebidas alcoh\u00f3licas y tabaco, con 4,5%, donde incidieron en mayor medida las alzas en los cigarrillos.<\/p>\n\n\n\n<p>De esta manera, el \u00cdndice de Precios al Consumidor (IPC) alcanz\u00f3 4% mensual en enero, igual cifra que la registrada en diciembre, y present\u00f3 una inflaci\u00f3n interanual de 38,5%.<\/p>\n\n\n\n<p>La cartera econ\u00f3mica analiz\u00f3 que\u00a0el aumento del IPC fue impulsado mayormente por los denominados precios regulados, entre los que se encuentran las telecomunicaciones, cuya suba fue superior a la autorizada por el Ente Nacional de las Comunicaciones.<\/p>\n\n\n\n<p>El aumento de precios reflej\u00f3 tambi\u00e9n el efecto de lo ocurrido en Alimentos y Bebidas, tras el deslistamiento de Precios M\u00e1ximos, y la actualizaci\u00f3n de Precios Cuidados, aunque Carnes y derivados redujo a la mitad la suba registrada en diciembre.<\/p>\n","protected":false},"excerpt":{"rendered":"<p>El Instituto Nacional de Estad\u00edstica y Censos (Indec) inform\u00f3 que el rubro Alimentos y Bebidas subi\u00f3 4,8%, Comunicaci\u00f3n 15% y Restaurantes y Hoteles 5,4%<\/p>\n","protected":false},"author":2,"featured_media":74257,"comment_status":"closed","ping_status":"open","sticky":false,"template":"","format":"standard","meta":{"footnotes":""},"categories":[51],"tags":[2946],"class_list":["post-74256","post","type-post","status-publish","format-standard","has-post-thumbnail","hentry","category-c2nota4","tag-el-informe-mensual-del-indec"],"yoast_head":"<!-- This site is optimized with the Yoast SEO plugin v23.4 - https:\/\/yoast.com\/wordpress\/plugins\/seo\/ -->\n<title>El \u00cdndice de Precios al Consumidor aument\u00f3 4% durante enero - Infoecos<\/title>\n<meta name=\"robots\" content=\"index, follow, max-snippet:-1, max-image-preview:large, max-video-preview:-1\" \/>\n<link rel=\"canonical\" href=\"https:\/\/infoecos.com.ar\/index.php\/el-indice-de-precios-al-consumidor-aumento-4-durante-enero\/\" \/>\n<meta property=\"og:locale\" content=\"es_ES\" \/>\n<meta property=\"og:type\" content=\"article\" \/>\n<meta property=\"og:title\" content=\"El \u00cdndice de Precios al Consumidor aument\u00f3 4% durante enero - Infoecos\" \/>\n<meta property=\"og:description\" content=\"El Instituto Nacional de Estad\u00edstica y Censos (Indec) inform\u00f3 que el rubro Alimentos y Bebidas subi\u00f3 4,8%, Comunicaci\u00f3n 15% y Restaurantes y Hoteles 5,4%\" \/>\n<meta property=\"og:url\" content=\"https:\/\/infoecos.com.ar\/index.php\/el-indice-de-precios-al-consumidor-aumento-4-durante-enero\/\" \/>\n<meta property=\"og:site_name\" content=\"Infoecos\" \/>\n<meta property=\"article:publisher\" content=\"https:\/\/www.facebook.com\/profile.php?id=100063200290284\" \/>\n<meta property=\"article:published_time\" content=\"2021-02-11T19:52:34+00:00\" \/>\n<meta property=\"article:modified_time\" content=\"2021-02-11T19:52:37+00:00\" \/>\n<meta property=\"og:image\" content=\"https:\/\/infoecos.com.ar\/wp-content\/uploads\/2021\/02\/INDICEDEPRECIOSALCONSUMIDOR.jpg\" \/>\n\t<meta property=\"og:image:width\" content=\"680\" \/>\n\t<meta property=\"og:image:height\" content=\"496\" \/>\n\t<meta property=\"og:image:type\" content=\"image\/jpeg\" \/>\n<meta name=\"author\" content=\"Jorge Matheus\" \/>\n<meta name=\"twitter:card\" content=\"summary_large_image\" \/>\n<meta name=\"twitter:creator\" content=\"@infoecos\" \/>\n<meta name=\"twitter:site\" content=\"@infoecos\" \/>\n<meta name=\"twitter:label1\" content=\"Escrito por\" \/>\n\t<meta name=\"twitter:data1\" content=\"Jorge Matheus\" \/>\n\t<meta name=\"twitter:label2\" content=\"Tiempo de lectura\" \/>\n\t<meta name=\"twitter:data2\" content=\"1 minuto\" \/>\n<script type=\"application\/ld+json\" class=\"yoast-schema-graph\">{\"@context\":\"https:\/\/schema.org\",\"@graph\":[{\"@type\":\"Article\",\"@id\":\"https:\/\/infoecos.com.ar\/index.php\/el-indice-de-precios-al-consumidor-aumento-4-durante-enero\/#article\",\"isPartOf\":{\"@id\":\"https:\/\/infoecos.com.ar\/index.php\/el-indice-de-precios-al-consumidor-aumento-4-durante-enero\/\"},\"author\":{\"name\":\"Jorge Matheus\",\"@id\":\"https:\/\/infoecos.com.ar\/#\/schema\/person\/8f5ace5ce73b4b4aac4b7245aee6f191\"},\"headline\":\"El \u00cdndice de Precios al Consumidor aument\u00f3 4% durante enero\",\"datePublished\":\"2021-02-11T19:52:34+00:00\",\"dateModified\":\"2021-02-11T19:52:37+00:00\",\"mainEntityOfPage\":{\"@id\":\"https:\/\/infoecos.com.ar\/index.php\/el-indice-de-precios-al-consumidor-aumento-4-durante-enero\/\"},\"wordCount\":207,\"publisher\":{\"@id\":\"https:\/\/infoecos.com.ar\/#organization\"},\"image\":{\"@id\":\"https:\/\/infoecos.com.ar\/index.php\/el-indice-de-precios-al-consumidor-aumento-4-durante-enero\/#primaryimage\"},\"thumbnailUrl\":\"https:\/\/infoecos.com.ar\/wp-content\/uploads\/2021\/02\/INDICEDEPRECIOSALCONSUMIDOR.jpg\",\"keywords\":[\"el informe mensual del indec\"],\"articleSection\":[\"C2 N4\"],\"inLanguage\":\"es\"},{\"@type\":\"WebPage\",\"@id\":\"https:\/\/infoecos.com.ar\/index.php\/el-indice-de-precios-al-consumidor-aumento-4-durante-enero\/\",\"url\":\"https:\/\/infoecos.com.ar\/index.php\/el-indice-de-precios-al-consumidor-aumento-4-durante-enero\/\",\"name\":\"El \u00cdndice de Precios al Consumidor aument\u00f3 4% durante enero - Infoecos\",\"isPartOf\":{\"@id\":\"https:\/\/infoecos.com.ar\/#website\"},\"primaryImageOfPage\":{\"@id\":\"https:\/\/infoecos.com.ar\/index.php\/el-indice-de-precios-al-consumidor-aumento-4-durante-enero\/#primaryimage\"},\"image\":{\"@id\":\"https:\/\/infoecos.com.ar\/index.php\/el-indice-de-precios-al-consumidor-aumento-4-durante-enero\/#primaryimage\"},\"thumbnailUrl\":\"https:\/\/infoecos.com.ar\/wp-content\/uploads\/2021\/02\/INDICEDEPRECIOSALCONSUMIDOR.jpg\",\"datePublished\":\"2021-02-11T19:52:34+00:00\",\"dateModified\":\"2021-02-11T19:52:37+00:00\",\"breadcrumb\":{\"@id\":\"https:\/\/infoecos.com.ar\/index.php\/el-indice-de-precios-al-consumidor-aumento-4-durante-enero\/#breadcrumb\"},\"inLanguage\":\"es\",\"potentialAction\":[{\"@type\":\"ReadAction\",\"target\":[\"https:\/\/infoecos.com.ar\/index.php\/el-indice-de-precios-al-consumidor-aumento-4-durante-enero\/\"]}]},{\"@type\":\"ImageObject\",\"inLanguage\":\"es\",\"@id\":\"https:\/\/infoecos.com.ar\/index.php\/el-indice-de-precios-al-consumidor-aumento-4-durante-enero\/#primaryimage\",\"url\":\"https:\/\/infoecos.com.ar\/wp-content\/uploads\/2021\/02\/INDICEDEPRECIOSALCONSUMIDOR.jpg\",\"contentUrl\":\"https:\/\/infoecos.com.ar\/wp-content\/uploads\/2021\/02\/INDICEDEPRECIOSALCONSUMIDOR.jpg\",\"width\":680,\"height\":496},{\"@type\":\"BreadcrumbList\",\"@id\":\"https:\/\/infoecos.com.ar\/index.php\/el-indice-de-precios-al-consumidor-aumento-4-durante-enero\/#breadcrumb\",\"itemListElement\":[{\"@type\":\"ListItem\",\"position\":1,\"name\":\"Portada\",\"item\":\"https:\/\/infoecos.com.ar\/\"},{\"@type\":\"ListItem\",\"position\":2,\"name\":\"El \u00cdndice de Precios al Consumidor aument\u00f3 4% durante enero\"}]},{\"@type\":\"WebSite\",\"@id\":\"https:\/\/infoecos.com.ar\/#website\",\"url\":\"https:\/\/infoecos.com.ar\/\",\"name\":\"Infoecos\",\"description\":\"Noticias de trenque lauquen y la zona\",\"publisher\":{\"@id\":\"https:\/\/infoecos.com.ar\/#organization\"},\"alternateName\":\"Noticias\",\"potentialAction\":[{\"@type\":\"SearchAction\",\"target\":{\"@type\":\"EntryPoint\",\"urlTemplate\":\"https:\/\/infoecos.com.ar\/?s={search_term_string}\"},\"query-input\":{\"@type\":\"PropertyValueSpecification\",\"valueRequired\":true,\"valueName\":\"search_term_string\"}}],\"inLanguage\":\"es\"},{\"@type\":\"Organization\",\"@id\":\"https:\/\/infoecos.com.ar\/#organization\",\"name\":\"Infoecos\",\"alternateName\":\"Noticias\",\"url\":\"https:\/\/infoecos.com.ar\/\",\"logo\":{\"@type\":\"ImageObject\",\"inLanguage\":\"es\",\"@id\":\"https:\/\/infoecos.com.ar\/#\/schema\/logo\/image\/\",\"url\":\"https:\/\/infoecos.com.ar\/wp-content\/uploads\/2024\/03\/cropped-logo.png\",\"contentUrl\":\"https:\/\/infoecos.com.ar\/wp-content\/uploads\/2024\/03\/cropped-logo.png\",\"width\":374,\"height\":90,\"caption\":\"Infoecos\"},\"image\":{\"@id\":\"https:\/\/infoecos.com.ar\/#\/schema\/logo\/image\/\"},\"sameAs\":[\"https:\/\/www.facebook.com\/profile.php?id=100063200290284\",\"https:\/\/x.com\/infoecos\"]},{\"@type\":\"Person\",\"@id\":\"https:\/\/infoecos.com.ar\/#\/schema\/person\/8f5ace5ce73b4b4aac4b7245aee6f191\",\"name\":\"Jorge Matheus\",\"url\":\"https:\/\/infoecos.com.ar\/index.php\/author\/jomatheus\/\"}]}<\/script>\n<!-- \/ Yoast SEO plugin. -->","yoast_head_json":{"title":"El \u00cdndice de Precios al Consumidor aument\u00f3 4% durante enero - Infoecos","robots":{"index":"index","follow":"follow","max-snippet":"max-snippet:-1","max-image-preview":"max-image-preview:large","max-video-preview":"max-video-preview:-1"},"canonical":"https:\/\/infoecos.com.ar\/index.php\/el-indice-de-precios-al-consumidor-aumento-4-durante-enero\/","og_locale":"es_ES","og_type":"article","og_title":"El \u00cdndice de Precios al Consumidor aument\u00f3 4% durante enero - Infoecos","og_description":"El Instituto Nacional de Estad\u00edstica y Censos (Indec) inform\u00f3 que el rubro Alimentos y Bebidas subi\u00f3 4,8%, Comunicaci\u00f3n 15% y Restaurantes y Hoteles 5,4%","og_url":"https:\/\/infoecos.com.ar\/index.php\/el-indice-de-precios-al-consumidor-aumento-4-durante-enero\/","og_site_name":"Infoecos","article_publisher":"https:\/\/www.facebook.com\/profile.php?id=100063200290284","article_published_time":"2021-02-11T19:52:34+00:00","article_modified_time":"2021-02-11T19:52:37+00:00","og_image":[{"width":680,"height":496,"url":"https:\/\/infoecos.com.ar\/wp-content\/uploads\/2021\/02\/INDICEDEPRECIOSALCONSUMIDOR.jpg","type":"image\/jpeg"}],"author":"Jorge Matheus","twitter_card":"summary_large_image","twitter_creator":"@infoecos","twitter_site":"@infoecos","twitter_misc":{"Escrito por":"Jorge Matheus","Tiempo de lectura":"1 minuto"},"schema":{"@context":"https:\/\/schema.org","@graph":[{"@type":"Article","@id":"https:\/\/infoecos.com.ar\/index.php\/el-indice-de-precios-al-consumidor-aumento-4-durante-enero\/#article","isPartOf":{"@id":"https:\/\/infoecos.com.ar\/index.php\/el-indice-de-precios-al-consumidor-aumento-4-durante-enero\/"},"author":{"name":"Jorge Matheus","@id":"https:\/\/infoecos.com.ar\/#\/schema\/person\/8f5ace5ce73b4b4aac4b7245aee6f191"},"headline":"El \u00cdndice de Precios al Consumidor aument\u00f3 4% durante enero","datePublished":"2021-02-11T19:52:34+00:00","dateModified":"2021-02-11T19:52:37+00:00","mainEntityOfPage":{"@id":"https:\/\/infoecos.com.ar\/index.php\/el-indice-de-precios-al-consumidor-aumento-4-durante-enero\/"},"wordCount":207,"publisher":{"@id":"https:\/\/infoecos.com.ar\/#organization"},"image":{"@id":"https:\/\/infoecos.com.ar\/index.php\/el-indice-de-precios-al-consumidor-aumento-4-durante-enero\/#primaryimage"},"thumbnailUrl":"https:\/\/infoecos.com.ar\/wp-content\/uploads\/2021\/02\/INDICEDEPRECIOSALCONSUMIDOR.jpg","keywords":["el informe mensual del indec"],"articleSection":["C2 N4"],"inLanguage":"es"},{"@type":"WebPage","@id":"https:\/\/infoecos.com.ar\/index.php\/el-indice-de-precios-al-consumidor-aumento-4-durante-enero\/","url":"https:\/\/infoecos.com.ar\/index.php\/el-indice-de-precios-al-consumidor-aumento-4-durante-enero\/","name":"El \u00cdndice de Precios al Consumidor aument\u00f3 4% durante enero - Infoecos","isPartOf":{"@id":"https:\/\/infoecos.com.ar\/#website"},"primaryImageOfPage":{"@id":"https:\/\/infoecos.com.ar\/index.php\/el-indice-de-precios-al-consumidor-aumento-4-durante-enero\/#primaryimage"},"image":{"@id":"https:\/\/infoecos.com.ar\/index.php\/el-indice-de-precios-al-consumidor-aumento-4-durante-enero\/#primaryimage"},"thumbnailUrl":"https:\/\/infoecos.com.ar\/wp-content\/uploads\/2021\/02\/INDICEDEPRECIOSALCONSUMIDOR.jpg","datePublished":"2021-02-11T19:52:34+00:00","dateModified":"2021-02-11T19:52:37+00:00","breadcrumb":{"@id":"https:\/\/infoecos.com.ar\/index.php\/el-indice-de-precios-al-consumidor-aumento-4-durante-enero\/#breadcrumb"},"inLanguage":"es","potentialAction":[{"@type":"ReadAction","target":["https:\/\/infoecos.com.ar\/index.php\/el-indice-de-precios-al-consumidor-aumento-4-durante-enero\/"]}]},{"@type":"ImageObject","inLanguage":"es","@id":"https:\/\/infoecos.com.ar\/index.php\/el-indice-de-precios-al-consumidor-aumento-4-durante-enero\/#primaryimage","url":"https:\/\/infoecos.com.ar\/wp-content\/uploads\/2021\/02\/INDICEDEPRECIOSALCONSUMIDOR.jpg","contentUrl":"https:\/\/infoecos.com.ar\/wp-content\/uploads\/2021\/02\/INDICEDEPRECIOSALCONSUMIDOR.jpg","width":680,"height":496},{"@type":"BreadcrumbList","@id":"https:\/\/infoecos.com.ar\/index.php\/el-indice-de-precios-al-consumidor-aumento-4-durante-enero\/#breadcrumb","itemListElement":[{"@type":"ListItem","position":1,"name":"Portada","item":"https:\/\/infoecos.com.ar\/"},{"@type":"ListItem","position":2,"name":"El \u00cdndice de Precios al Consumidor aument\u00f3 4% durante enero"}]},{"@type":"WebSite","@id":"https:\/\/infoecos.com.ar\/#website","url":"https:\/\/infoecos.com.ar\/","name":"Infoecos","description":"Noticias de trenque lauquen y la zona","publisher":{"@id":"https:\/\/infoecos.com.ar\/#organization"},"alternateName":"Noticias","potentialAction":[{"@type":"SearchAction","target":{"@type":"EntryPoint","urlTemplate":"https:\/\/infoecos.com.ar\/?s={search_term_string}"},"query-input":{"@type":"PropertyValueSpecification","valueRequired":true,"valueName":"search_term_string"}}],"inLanguage":"es"},{"@type":"Organization","@id":"https:\/\/infoecos.com.ar\/#organization","name":"Infoecos","alternateName":"Noticias","url":"https:\/\/infoecos.com.ar\/","logo":{"@type":"ImageObject","inLanguage":"es","@id":"https:\/\/infoecos.com.ar\/#\/schema\/logo\/image\/","url":"https:\/\/infoecos.com.ar\/wp-content\/uploads\/2024\/03\/cropped-logo.png","contentUrl":"https:\/\/infoecos.com.ar\/wp-content\/uploads\/2024\/03\/cropped-logo.png","width":374,"height":90,"caption":"Infoecos"},"image":{"@id":"https:\/\/infoecos.com.ar\/#\/schema\/logo\/image\/"},"sameAs":["https:\/\/www.facebook.com\/profile.php?id=100063200290284","https:\/\/x.com\/infoecos"]},{"@type":"Person","@id":"https:\/\/infoecos.com.ar\/#\/schema\/person\/8f5ace5ce73b4b4aac4b7245aee6f191","name":"Jorge Matheus","url":"https:\/\/infoecos.com.ar\/index.php\/author\/jomatheus\/"}]}},"featured_image_urls":{"full":["https:\/\/infoecos.com.ar\/wp-content\/uploads\/2021\/02\/INDICEDEPRECIOSALCONSUMIDOR.jpg",680,496,false],"thumbnail":["https:\/\/infoecos.com.ar\/wp-content\/uploads\/2021\/02\/INDICEDEPRECIOSALCONSUMIDOR-150x150.jpg",150,150,true],"medium":["https:\/\/infoecos.com.ar\/wp-content\/uploads\/2021\/02\/INDICEDEPRECIOSALCONSUMIDOR-460x336.jpg",460,336,true],"medium_large":["https:\/\/infoecos.com.ar\/wp-content\/uploads\/2021\/02\/INDICEDEPRECIOSALCONSUMIDOR.jpg",640,467,false],"large":["https:\/\/infoecos.com.ar\/wp-content\/uploads\/2021\/02\/INDICEDEPRECIOSALCONSUMIDOR.jpg",640,467,false],"1536x1536":["https:\/\/infoecos.com.ar\/wp-content\/uploads\/2021\/02\/INDICEDEPRECIOSALCONSUMIDOR.jpg",680,496,false],"2048x2048":["https:\/\/infoecos.com.ar\/wp-content\/uploads\/2021\/02\/INDICEDEPRECIOSALCONSUMIDOR.jpg",680,496,false],"covernews-slider-full":["https:\/\/infoecos.com.ar\/wp-content\/uploads\/2021\/02\/INDICEDEPRECIOSALCONSUMIDOR.jpg",680,496,false],"covernews-slider-center":["https:\/\/infoecos.com.ar\/wp-content\/uploads\/2021\/02\/INDICEDEPRECIOSALCONSUMIDOR.jpg",680,496,false],"covernews-featured":["https:\/\/infoecos.com.ar\/wp-content\/uploads\/2021\/02\/INDICEDEPRECIOSALCONSUMIDOR.jpg",680,496,false],"covernews-medium":["https:\/\/infoecos.com.ar\/wp-content\/uploads\/2021\/02\/INDICEDEPRECIOSALCONSUMIDOR-680x380.jpg",540,302,true],"covernews-medium-square":["https:\/\/infoecos.com.ar\/wp-content\/uploads\/2021\/02\/INDICEDEPRECIOSALCONSUMIDOR-675x450.jpg",375,250,true]},"author_info":{"info":["Jorge Matheus"]},"category_info":"<a href=\"https:\/\/infoecos.com.ar\/index.php\/category\/c2nota4\/\" rel=\"category tag\">C2 N4<\/a>","tag_info":"C2 N4","comment_count":"0","_links":{"self":[{"href":"https:\/\/infoecos.com.ar\/index.php\/wp-json\/wp\/v2\/posts\/74256"}],"collection":[{"href":"https:\/\/infoecos.com.ar\/index.php\/wp-json\/wp\/v2\/posts"}],"about":[{"href":"https:\/\/infoecos.com.ar\/index.php\/wp-json\/wp\/v2\/types\/post"}],"author":[{"embeddable":true,"href":"https:\/\/infoecos.com.ar\/index.php\/wp-json\/wp\/v2\/users\/2"}],"replies":[{"embeddable":true,"href":"https:\/\/infoecos.com.ar\/index.php\/wp-json\/wp\/v2\/comments?post=74256"}],"version-history":[{"count":1,"href":"https:\/\/infoecos.com.ar\/index.php\/wp-json\/wp\/v2\/posts\/74256\/revisions"}],"predecessor-version":[{"id":74258,"href":"https:\/\/infoecos.com.ar\/index.php\/wp-json\/wp\/v2\/posts\/74256\/revisions\/74258"}],"wp:featuredmedia":[{"embeddable":true,"href":"https:\/\/infoecos.com.ar\/index.php\/wp-json\/wp\/v2\/media\/74257"}],"wp:attachment":[{"href":"https:\/\/infoecos.com.ar\/index.php\/wp-json\/wp\/v2\/media?parent=74256"}],"wp:term":[{"taxonomy":"category","embeddable":true,"href":"https:\/\/infoecos.com.ar\/index.php\/wp-json\/wp\/v2\/categories?post=74256"},{"taxonomy":"post_tag","embeddable":true,"href":"https:\/\/infoecos.com.ar\/index.php\/wp-json\/wp\/v2\/tags?post=74256"}],"curies":[{"name":"wp","href":"https:\/\/api.w.org\/{rel}","templated":true}]}}