{"id":74290,"date":"2021-02-12T14:22:27","date_gmt":"2021-02-12T17:22:27","guid":{"rendered":"http:\/\/infoecos.com.ar\/?p=74290"},"modified":"2021-02-13T02:32:19","modified_gmt":"2021-02-13T05:32:19","slug":"el-presidente-de-la-nacion-presidio-la-reunion-del-consejo-federal-de-educacion","status":"publish","type":"post","link":"https:\/\/infoecos.com.ar\/index.php\/el-presidente-de-la-nacion-presidio-la-reunion-del-consejo-federal-de-educacion\/","title":{"rendered":"El presidente de la Naci\u00f3n presidi\u00f3 la reuni\u00f3n del Consejo Federal de Educaci\u00f3n"},"content":{"rendered":"\n<p class=\"wp-block-paragraph\">El presidente Alberto Fern\u00e1ndez afirm\u00f3 que \u201csin salud no hay presente y sin educaci\u00f3n no hay futuro\u201d al realizar mediante videoconferencia desde la residencia de Olivos el discurso de cierre de la 102 Asamblea del Consejo Federal de Educaci\u00f3n (CFE).&nbsp;<\/p>\n\n\n\n<div class=\"wp-block-image\"><figure class=\"aligncenter size-medium\"><img loading=\"lazy\" decoding=\"async\" width=\"460\" height=\"259\" src=\"http:\/\/infoecos.com.ar\/wp-content\/uploads\/2021\/02\/fernandezeducacion-460x259.jpg\" alt=\"\" class=\"wp-image-74293\" srcset=\"https:\/\/infoecos.com.ar\/wp-content\/uploads\/2021\/02\/fernandezeducacion-460x259.jpg 460w, https:\/\/infoecos.com.ar\/wp-content\/uploads\/2021\/02\/fernandezeducacion-768x432.jpg 768w, https:\/\/infoecos.com.ar\/wp-content\/uploads\/2021\/02\/fernandezeducacion.jpg 900w\" sizes=\"auto, (max-width: 460px) 100vw, 460px\" \/><\/figure><\/div>\n\n\n\n<p class=\"wp-block-paragraph\">Durante la reuni\u00f3n, se trabaj\u00f3 en el proceso de retorno a las clases presenciales en todo el pa\u00eds seg\u00fan la situaci\u00f3n epidemiol\u00f3gica de cada regi\u00f3n y bajo condiciones de seguridad sanitaria que garanticen el cuidado de la salud de la comunidad educativa y la implementaci\u00f3n de los protocolos aprobados.<\/p>\n\n\n\n<p class=\"wp-block-paragraph\">\u201cVolver a clase esta vez no tiene las caracter\u00edsticas de un d\u00eda de marzo cualquiera, es volver a clase llenos de cuidados, preservando la distancia y la cercan\u00eda de docentes y alumnos, y priorizando a la salud de los docentes, a quienes debemos ayudar en su vacunaci\u00f3n lo antes posible\u201d afirm\u00f3 el Presidente, quien estuvo acompa\u00f1ado por el ministro de Educaci\u00f3n, Nicol\u00e1s Trotta.&nbsp;<\/p>\n\n\n\n<p class=\"wp-block-paragraph\">El mandatario dijo que \u201cnada es m\u00e1s importante para nosotros que la salud y la educaci\u00f3n de los argentinos, porque sin salud no hay presente y sin educaci\u00f3n no hay futuro\u201d.&nbsp;<\/p>\n\n\n\n<p class=\"wp-block-paragraph\">Explic\u00f3 que \u201cla riqueza de las sociedades hoy en d\u00eda no se mide por las riquezas naturales que un pa\u00eds tenga sino por la inteligencia que se logra desarrollar\u201d.<\/p>\n\n\n\n<div class=\"wp-block-image\"><figure class=\"aligncenter size-medium\"><img loading=\"lazy\" decoding=\"async\" width=\"460\" height=\"259\" src=\"http:\/\/infoecos.com.ar\/wp-content\/uploads\/2021\/02\/fermandezalberto-460x259.jpg\" alt=\"\" class=\"wp-image-74291\" srcset=\"https:\/\/infoecos.com.ar\/wp-content\/uploads\/2021\/02\/fermandezalberto-460x259.jpg 460w, https:\/\/infoecos.com.ar\/wp-content\/uploads\/2021\/02\/fermandezalberto-920x518.jpg 920w, https:\/\/infoecos.com.ar\/wp-content\/uploads\/2021\/02\/fermandezalberto-768x432.jpg 768w, https:\/\/infoecos.com.ar\/wp-content\/uploads\/2021\/02\/fermandezalberto.jpg 1004w\" sizes=\"auto, (max-width: 460px) 100vw, 460px\" \/><\/figure><\/div>\n\n\n\n<p class=\"wp-block-paragraph\">\u201cUna sociedad que retrasa su calidad educativa, es una sociedad que, en estos tiempos, poco a poco, se va quedando al margen del mundo y una sociedad que desarrolla la inteligencia a trav\u00e9s de la educaci\u00f3n es una sociedad que tiene una posibilidad de avanzar a pasos agigantados\u201d, remarc\u00f3 y dijo: \u201cLa educaci\u00f3n de nuestros chicos es el futuro de ellos, es el futuro de nuestra patria\u201d.<\/p>\n\n\n\n<p class=\"wp-block-paragraph\">El Presidente se refiri\u00f3 en estos t\u00e9rminos durante la comunicaci\u00f3n con las ministras y los ministros de Educaci\u00f3n de las 23 provincias y la Ciudad Aut\u00f3noma de Buenos Aires y los representantes del Consejo de Universidades que conforman el Consejo Federal de Educaci\u00f3n.&nbsp;<\/p>\n\n\n\n<p class=\"wp-block-paragraph\">\u201cEs una jornada muy importante porque estamos finalizando el proceso de un regreso a una presencialidad cuidada\u201d, afirm\u00f3 el ministro Trotta.<br>El titular de la cartera educativa destac\u00f3 que en el encuentro analizaron \u201clos protocolos para una presencialidad responsable y resoluciones que clarifican la necesidad de un di\u00e1logo con las familias para que toda la comunidad tenga claro c\u00f3mo van a ser los procesos\u201d.<\/p>\n\n\n\n<p class=\"wp-block-paragraph\">\u201cNuestra responsabilidad es luchar para la mayor centralidad de la agenda educativa en cada uno de los gobiernos, por cuidar la escuela y lograr que los presupuestos educativos no solo no sufran recortes, sino que crezcan a\u00f1o tras a\u00f1o\u201d, afirm\u00f3 el funcionario nacional.<\/p>\n\n\n\n<figure class=\"wp-block-embed is-type-video is-provider-youtube wp-block-embed-youtube wp-embed-aspect-16-9 wp-has-aspect-ratio\"><div class=\"wp-block-embed__wrapper\">\n<iframe loading=\"lazy\" title=\"Consejo Federal de Educaci\u00f3n - Conferencia de prensa del ministro Nicol\u00e1s Trotta\" width=\"640\" height=\"360\" src=\"https:\/\/www.youtube.com\/embed\/zTU5tolTEaQ?feature=oembed\" frameborder=\"0\" allow=\"accelerometer; autoplay; clipboard-write; encrypted-media; gyroscope; picture-in-picture; web-share\" referrerpolicy=\"strict-origin-when-cross-origin\" allowfullscreen><\/iframe>\n<\/div><\/figure>\n\n\n\n<p class=\"wp-block-paragraph\">El CFE ratific\u00f3 que las clases iniciar\u00e1n en todos los niveles obligatorios y modalidades en las fechas fijadas en el calendario escolar de cada jurisdicci\u00f3n bajo cualquiera de las formas de escolarizaci\u00f3n, sea \u00e9sta presencial, no presencial, o combinada.<\/p>\n\n\n\n<p class=\"wp-block-paragraph\">Sin embargo se plante\u00f3 la necesidad de priorizar la actividad escolar presencial por sobre otras formas en todos los niveles y modalidades de la educaci\u00f3n obligatoria cuando un distrito cuente con la situaci\u00f3n sanitaria de \u201cdistanciamiento social, preventivo y obligatorio\u201d.<\/p>\n\n\n\n<p class=\"wp-block-paragraph\">Se establecieron, adem\u00e1s, prioridades en los grupos de estudiantes para el regreso presencial a las aulas, como por ejemplo, la sala de 5 a\u00f1os del nivel inicial, y el primer y el \u00faltimo a\u00f1o del nivel primario y del nivel secundario en todas sus modalidades y orientaciones.&nbsp;<\/p>\n\n\n\n<p class=\"wp-block-paragraph\">Tambi\u00e9n estar\u00e1n primeros en la lista las poblaciones escolares que no hayan podido mantener su continuidad pedag\u00f3gica en 2020, y los ni\u00f1os y ni\u00f1as con discapacidad que no forman parte de los grupos de riesgo.<\/p>\n\n\n\n<p class=\"wp-block-paragraph\">En cuanto al personal docente y no docente, ser\u00e1n dispensados de asistir a los establecimientos de manera presencial quienes formen parte del grupo de riesgo hasta tanto no est\u00e9n vacunados.&nbsp;<\/p>\n\n\n\n<p class=\"wp-block-paragraph\">Del encuentro participaron tambi\u00e9n representantes de los sindicatos nacionales docentes, de Unicef y de Naciones Unidas.<\/p>\n","protected":false},"excerpt":{"rendered":"<p>El CFE ratific\u00f3 que las clases iniciar\u00e1n en todos los niveles obligatorios y modalidades en las fechas fijadas en el calendario escolar de cada jurisdicci\u00f3n bajo cualquiera de las formas de escolarizaci\u00f3n, sea \u00e9sta presencial, no presencial, o combinada<\/p>\n","protected":false},"author":2,"featured_media":74293,"comment_status":"closed","ping_status":"open","sticky":false,"template":"","format":"standard","meta":{"footnotes":""},"categories":[50],"tags":[2951],"class_list":["post-74290","post","type-post","status-publish","format-standard","has-post-thumbnail","hentry","category-c1nota4","tag-inicio-de-las-clases"],"featured_image_urls":{"full":["https:\/\/infoecos.com.ar\/wp-content\/uploads\/2021\/02\/fernandezeducacion.jpg",900,506,false],"thumbnail":["https:\/\/infoecos.com.ar\/wp-content\/uploads\/2021\/02\/fernandezeducacion-150x150.jpg",150,150,true],"medium":["https:\/\/infoecos.com.ar\/wp-content\/uploads\/2021\/02\/fernandezeducacion-460x259.jpg",460,259,true],"medium_large":["https:\/\/infoecos.com.ar\/wp-content\/uploads\/2021\/02\/fernandezeducacion-768x432.jpg",640,360,true],"large":["https:\/\/infoecos.com.ar\/wp-content\/uploads\/2021\/02\/fernandezeducacion.jpg",640,360,false],"1536x1536":["https:\/\/infoecos.com.ar\/wp-content\/uploads\/2021\/02\/fernandezeducacion.jpg",900,506,false],"2048x2048":["https:\/\/infoecos.com.ar\/wp-content\/uploads\/2021\/02\/fernandezeducacion.jpg",900,506,false],"covernews-slider-full":["https:\/\/infoecos.com.ar\/wp-content\/uploads\/2021\/02\/fernandezeducacion.jpg",900,506,false],"covernews-slider-center":["https:\/\/infoecos.com.ar\/wp-content\/uploads\/2021\/02\/fernandezeducacion.jpg",800,450,false],"covernews-featured":["https:\/\/infoecos.com.ar\/wp-content\/uploads\/2021\/02\/fernandezeducacion.jpg",900,506,false],"covernews-medium":["https:\/\/infoecos.com.ar\/wp-content\/uploads\/2021\/02\/fernandezeducacion-720x380.jpg",540,285,true],"covernews-medium-square":["https:\/\/infoecos.com.ar\/wp-content\/uploads\/2021\/02\/fernandezeducacion-675x450.jpg",375,250,true]},"author_info":{"info":["Jorge Matheus"]},"category_info":"<a href=\"https:\/\/infoecos.com.ar\/index.php\/category\/c1nota4\/\" rel=\"category tag\">C1 N4<\/a>","tag_info":"C1 N4","comment_count":"0","_links":{"self":[{"href":"https:\/\/infoecos.com.ar\/index.php\/wp-json\/wp\/v2\/posts\/74290","targetHints":{"allow":["GET"]}}],"collection":[{"href":"https:\/\/infoecos.com.ar\/index.php\/wp-json\/wp\/v2\/posts"}],"about":[{"href":"https:\/\/infoecos.com.ar\/index.php\/wp-json\/wp\/v2\/types\/post"}],"author":[{"embeddable":true,"href":"https:\/\/infoecos.com.ar\/index.php\/wp-json\/wp\/v2\/users\/2"}],"replies":[{"embeddable":true,"href":"https:\/\/infoecos.com.ar\/index.php\/wp-json\/wp\/v2\/comments?post=74290"}],"version-history":[{"count":2,"href":"https:\/\/infoecos.com.ar\/index.php\/wp-json\/wp\/v2\/posts\/74290\/revisions"}],"predecessor-version":[{"id":74337,"href":"https:\/\/infoecos.com.ar\/index.php\/wp-json\/wp\/v2\/posts\/74290\/revisions\/74337"}],"wp:featuredmedia":[{"embeddable":true,"href":"https:\/\/infoecos.com.ar\/index.php\/wp-json\/wp\/v2\/media\/74293"}],"wp:attachment":[{"href":"https:\/\/infoecos.com.ar\/index.php\/wp-json\/wp\/v2\/media?parent=74290"}],"wp:term":[{"taxonomy":"category","embeddable":true,"href":"https:\/\/infoecos.com.ar\/index.php\/wp-json\/wp\/v2\/categories?post=74290"},{"taxonomy":"post_tag","embeddable":true,"href":"https:\/\/infoecos.com.ar\/index.php\/wp-json\/wp\/v2\/tags?post=74290"}],"curies":[{"name":"wp","href":"https:\/\/api.w.org\/{rel}","templated":true}]}}