{"id":74309,"date":"2021-02-12T15:54:42","date_gmt":"2021-02-12T18:54:42","guid":{"rendered":"http:\/\/infoecos.com.ar\/?p=74309"},"modified":"2021-02-17T02:03:10","modified_gmt":"2021-02-17T05:03:10","slug":"hospital-centro-civico-30-de-agosto-desagues-pluviales-red-troncal-de-agua-y-viviendas","status":"publish","type":"post","link":"https:\/\/infoecos.com.ar\/index.php\/hospital-centro-civico-30-de-agosto-desagues-pluviales-red-troncal-de-agua-y-viviendas\/","title":{"rendered":"Hospital, Centro C\u00edvico 30 de Agosto, desag\u00fces pluviales, red troncal de agua y viviendas"},"content":{"rendered":"\n<p>Miguel Fern\u00e1ndez mantuvo importantes reuniones en el ministerio de Infraestructura de la provincia de Buenos Aires, con sede en La Plata.<\/p>\n\n\n\n<div class=\"wp-block-image\"><figure class=\"aligncenter size-medium\"><img loading=\"lazy\" decoding=\"async\" width=\"460\" height=\"345\" src=\"http:\/\/infoecos.com.ar\/wp-content\/uploads\/2021\/02\/Fernandez-con-Mariana-Rodriguez-Infraestructura-Pcia-1-460x345.jpg\" alt=\"\" class=\"wp-image-74310\" srcset=\"https:\/\/infoecos.com.ar\/wp-content\/uploads\/2021\/02\/Fernandez-con-Mariana-Rodriguez-Infraestructura-Pcia-1-460x345.jpg 460w, https:\/\/infoecos.com.ar\/wp-content\/uploads\/2021\/02\/Fernandez-con-Mariana-Rodriguez-Infraestructura-Pcia-1-920x690.jpg 920w, https:\/\/infoecos.com.ar\/wp-content\/uploads\/2021\/02\/Fernandez-con-Mariana-Rodriguez-Infraestructura-Pcia-1-768x576.jpg 768w, https:\/\/infoecos.com.ar\/wp-content\/uploads\/2021\/02\/Fernandez-con-Mariana-Rodriguez-Infraestructura-Pcia-1-1024x768.jpg 1024w, https:\/\/infoecos.com.ar\/wp-content\/uploads\/2021\/02\/Fernandez-con-Mariana-Rodriguez-Infraestructura-Pcia-1.jpg 1280w\" sizes=\"(max-width: 460px) 100vw, 460px\" \/><\/figure><\/div>\n\n\n\n<p>Fue recibido por Mariana Rodr\u00edguez. Con la funcionaria analizaron la ejecuci\u00f3n de proyectos vinculados a fondos de Infraestructura, tales como la finalizaci\u00f3n del \u00e1rea de Terapia Intensiva del Hospital de Trenque Lauquen, la finalizaci\u00f3n del Centro C\u00edvico de 30 de Agosto y del nuevo edificio del Peque\u00f1o Hogar\u00bb.<\/p>\n\n\n\n<div class=\"wp-block-image\"><figure class=\"aligncenter size-medium\"><img loading=\"lazy\" decoding=\"async\" width=\"460\" height=\"345\" src=\"http:\/\/infoecos.com.ar\/wp-content\/uploads\/2021\/02\/Fernandez-con-Guillermo-Jelinsky-Pcia-1-460x345.jpg\" alt=\"\" class=\"wp-image-74311\" srcset=\"https:\/\/infoecos.com.ar\/wp-content\/uploads\/2021\/02\/Fernandez-con-Guillermo-Jelinsky-Pcia-1-460x345.jpg 460w, https:\/\/infoecos.com.ar\/wp-content\/uploads\/2021\/02\/Fernandez-con-Guillermo-Jelinsky-Pcia-1-920x690.jpg 920w, https:\/\/infoecos.com.ar\/wp-content\/uploads\/2021\/02\/Fernandez-con-Guillermo-Jelinsky-Pcia-1-768x576.jpg 768w, https:\/\/infoecos.com.ar\/wp-content\/uploads\/2021\/02\/Fernandez-con-Guillermo-Jelinsky-Pcia-1-1024x768.jpg 1024w, https:\/\/infoecos.com.ar\/wp-content\/uploads\/2021\/02\/Fernandez-con-Guillermo-Jelinsky-Pcia-1.jpg 1280w\" sizes=\"(max-width: 460px) 100vw, 460px\" \/><\/figure><\/div>\n\n\n\n<p>Tambi\u00e9n se reuni\u00f3 con Guillermo Jelinski, que tiene a su cargo el \u00e1rea h\u00eddrica bonaerense. Se indic\u00f3 que pasaron revista a proyectos de agua, cloacas y desag\u00fces pluviales financiados con aportes de la provincia. El mandatario comunal los enumer\u00f3: recambio de la red troncal de agua potable de Trenque Lauquen, desag\u00fces pluviales de calle Vignau y la Ampliaci\u00f3n Urbana, en Trenque Lauquen, y de la calle Liniers en 30 de Agosto. <\/p>\n\n\n\n<div class=\"wp-block-image\"><figure class=\"aligncenter size-medium\"><img loading=\"lazy\" decoding=\"async\" width=\"460\" height=\"345\" src=\"http:\/\/infoecos.com.ar\/wp-content\/uploads\/2021\/02\/Fernandez-con-Miguel-Oroz-Instituto-Pcial-de-la-Vivienda-1-460x345.jpg\" alt=\"\" class=\"wp-image-74312\" srcset=\"https:\/\/infoecos.com.ar\/wp-content\/uploads\/2021\/02\/Fernandez-con-Miguel-Oroz-Instituto-Pcial-de-la-Vivienda-1-460x345.jpg 460w, https:\/\/infoecos.com.ar\/wp-content\/uploads\/2021\/02\/Fernandez-con-Miguel-Oroz-Instituto-Pcial-de-la-Vivienda-1-920x690.jpg 920w, https:\/\/infoecos.com.ar\/wp-content\/uploads\/2021\/02\/Fernandez-con-Miguel-Oroz-Instituto-Pcial-de-la-Vivienda-1-768x576.jpg 768w, https:\/\/infoecos.com.ar\/wp-content\/uploads\/2021\/02\/Fernandez-con-Miguel-Oroz-Instituto-Pcial-de-la-Vivienda-1-1024x768.jpg 1024w, https:\/\/infoecos.com.ar\/wp-content\/uploads\/2021\/02\/Fernandez-con-Miguel-Oroz-Instituto-Pcial-de-la-Vivienda-1.jpg 1280w\" sizes=\"(max-width: 460px) 100vw, 460px\" \/><\/figure><\/div>\n\n\n\n<p>Culmin\u00f3 la serie de encuentros con Miguel Oroz, Administrador del Instituto Provincial de la Vivienda. Desde el municipio se indic\u00f3 que se sigui\u00f3 avanzando en la firma del convenio para las 100 viviendas que est\u00e1n incluidas en el presupuesto provincial 2021&#8243;.  <\/p>\n","protected":false},"excerpt":{"rendered":"<p>Se sigui\u00f3 avanzando en la firma del convenio para las 100 viviendas que est\u00e1n incluidas en el presupuesto provincial 2021<\/p>\n","protected":false},"author":2,"featured_media":74312,"comment_status":"closed","ping_status":"open","sticky":false,"template":"","format":"standard","meta":{"footnotes":""},"categories":[200],"tags":[2955],"class_list":["post-74309","post","type-post","status-publish","format-standard","has-post-thumbnail","hentry","category-inferior8","tag-reuniones-de-fernandez-en-la-plata"],"yoast_head":"<!-- This site is optimized with the Yoast SEO plugin v23.4 - https:\/\/yoast.com\/wordpress\/plugins\/seo\/ -->\n<title>Hospital, Centro C\u00edvico 30 de Agosto, desag\u00fces pluviales, red troncal de agua y viviendas - Infoecos<\/title>\n<meta name=\"robots\" content=\"index, follow, max-snippet:-1, max-image-preview:large, max-video-preview:-1\" \/>\n<link rel=\"canonical\" href=\"https:\/\/infoecos.com.ar\/index.php\/hospital-centro-civico-30-de-agosto-desagues-pluviales-red-troncal-de-agua-y-viviendas\/\" \/>\n<meta property=\"og:locale\" content=\"es_ES\" \/>\n<meta property=\"og:type\" content=\"article\" \/>\n<meta property=\"og:title\" content=\"Hospital, Centro C\u00edvico 30 de Agosto, desag\u00fces pluviales, red troncal de agua y viviendas - Infoecos\" \/>\n<meta property=\"og:description\" content=\"Se sigui\u00f3 avanzando en la firma del convenio para las 100 viviendas que est\u00e1n incluidas en el presupuesto provincial 2021\" \/>\n<meta property=\"og:url\" content=\"https:\/\/infoecos.com.ar\/index.php\/hospital-centro-civico-30-de-agosto-desagues-pluviales-red-troncal-de-agua-y-viviendas\/\" \/>\n<meta property=\"og:site_name\" content=\"Infoecos\" \/>\n<meta property=\"article:publisher\" content=\"https:\/\/www.facebook.com\/profile.php?id=100063200290284\" \/>\n<meta property=\"article:published_time\" content=\"2021-02-12T18:54:42+00:00\" \/>\n<meta property=\"article:modified_time\" content=\"2021-02-17T05:03:10+00:00\" \/>\n<meta property=\"og:image\" content=\"https:\/\/infoecos.com.ar\/wp-content\/uploads\/2021\/02\/Fernandez-con-Miguel-Oroz-Instituto-Pcial-de-la-Vivienda-1.jpg\" \/>\n\t<meta property=\"og:image:width\" content=\"1280\" \/>\n\t<meta property=\"og:image:height\" content=\"960\" \/>\n\t<meta property=\"og:image:type\" content=\"image\/jpeg\" \/>\n<meta name=\"author\" content=\"Jorge Matheus\" \/>\n<meta name=\"twitter:card\" content=\"summary_large_image\" \/>\n<meta name=\"twitter:creator\" content=\"@infoecos\" \/>\n<meta name=\"twitter:site\" content=\"@infoecos\" \/>\n<meta name=\"twitter:label1\" content=\"Escrito por\" \/>\n\t<meta name=\"twitter:data1\" content=\"Jorge Matheus\" \/>\n\t<meta name=\"twitter:label2\" content=\"Tiempo de lectura\" \/>\n\t<meta name=\"twitter:data2\" content=\"1 minuto\" \/>\n<script type=\"application\/ld+json\" class=\"yoast-schema-graph\">{\"@context\":\"https:\/\/schema.org\",\"@graph\":[{\"@type\":\"Article\",\"@id\":\"https:\/\/infoecos.com.ar\/index.php\/hospital-centro-civico-30-de-agosto-desagues-pluviales-red-troncal-de-agua-y-viviendas\/#article\",\"isPartOf\":{\"@id\":\"https:\/\/infoecos.com.ar\/index.php\/hospital-centro-civico-30-de-agosto-desagues-pluviales-red-troncal-de-agua-y-viviendas\/\"},\"author\":{\"name\":\"Jorge Matheus\",\"@id\":\"https:\/\/infoecos.com.ar\/#\/schema\/person\/8f5ace5ce73b4b4aac4b7245aee6f191\"},\"headline\":\"Hospital, Centro C\u00edvico 30 de Agosto, desag\u00fces pluviales, red troncal de agua y viviendas\",\"datePublished\":\"2021-02-12T18:54:42+00:00\",\"dateModified\":\"2021-02-17T05:03:10+00:00\",\"mainEntityOfPage\":{\"@id\":\"https:\/\/infoecos.com.ar\/index.php\/hospital-centro-civico-30-de-agosto-desagues-pluviales-red-troncal-de-agua-y-viviendas\/\"},\"wordCount\":205,\"publisher\":{\"@id\":\"https:\/\/infoecos.com.ar\/#organization\"},\"image\":{\"@id\":\"https:\/\/infoecos.com.ar\/index.php\/hospital-centro-civico-30-de-agosto-desagues-pluviales-red-troncal-de-agua-y-viviendas\/#primaryimage\"},\"thumbnailUrl\":\"https:\/\/infoecos.com.ar\/wp-content\/uploads\/2021\/02\/Fernandez-con-Miguel-Oroz-Instituto-Pcial-de-la-Vivienda-1.jpg\",\"keywords\":[\"REUNIONES DE FERN\u00c1NDEZ EN LA PLATA\"],\"articleSection\":[\"Bloque inferior - 8\"],\"inLanguage\":\"es\"},{\"@type\":\"WebPage\",\"@id\":\"https:\/\/infoecos.com.ar\/index.php\/hospital-centro-civico-30-de-agosto-desagues-pluviales-red-troncal-de-agua-y-viviendas\/\",\"url\":\"https:\/\/infoecos.com.ar\/index.php\/hospital-centro-civico-30-de-agosto-desagues-pluviales-red-troncal-de-agua-y-viviendas\/\",\"name\":\"Hospital, Centro C\u00edvico 30 de Agosto, desag\u00fces pluviales, red troncal de agua y viviendas - Infoecos\",\"isPartOf\":{\"@id\":\"https:\/\/infoecos.com.ar\/#website\"},\"primaryImageOfPage\":{\"@id\":\"https:\/\/infoecos.com.ar\/index.php\/hospital-centro-civico-30-de-agosto-desagues-pluviales-red-troncal-de-agua-y-viviendas\/#primaryimage\"},\"image\":{\"@id\":\"https:\/\/infoecos.com.ar\/index.php\/hospital-centro-civico-30-de-agosto-desagues-pluviales-red-troncal-de-agua-y-viviendas\/#primaryimage\"},\"thumbnailUrl\":\"https:\/\/infoecos.com.ar\/wp-content\/uploads\/2021\/02\/Fernandez-con-Miguel-Oroz-Instituto-Pcial-de-la-Vivienda-1.jpg\",\"datePublished\":\"2021-02-12T18:54:42+00:00\",\"dateModified\":\"2021-02-17T05:03:10+00:00\",\"breadcrumb\":{\"@id\":\"https:\/\/infoecos.com.ar\/index.php\/hospital-centro-civico-30-de-agosto-desagues-pluviales-red-troncal-de-agua-y-viviendas\/#breadcrumb\"},\"inLanguage\":\"es\",\"potentialAction\":[{\"@type\":\"ReadAction\",\"target\":[\"https:\/\/infoecos.com.ar\/index.php\/hospital-centro-civico-30-de-agosto-desagues-pluviales-red-troncal-de-agua-y-viviendas\/\"]}]},{\"@type\":\"ImageObject\",\"inLanguage\":\"es\",\"@id\":\"https:\/\/infoecos.com.ar\/index.php\/hospital-centro-civico-30-de-agosto-desagues-pluviales-red-troncal-de-agua-y-viviendas\/#primaryimage\",\"url\":\"https:\/\/infoecos.com.ar\/wp-content\/uploads\/2021\/02\/Fernandez-con-Miguel-Oroz-Instituto-Pcial-de-la-Vivienda-1.jpg\",\"contentUrl\":\"https:\/\/infoecos.com.ar\/wp-content\/uploads\/2021\/02\/Fernandez-con-Miguel-Oroz-Instituto-Pcial-de-la-Vivienda-1.jpg\",\"width\":1280,\"height\":960},{\"@type\":\"BreadcrumbList\",\"@id\":\"https:\/\/infoecos.com.ar\/index.php\/hospital-centro-civico-30-de-agosto-desagues-pluviales-red-troncal-de-agua-y-viviendas\/#breadcrumb\",\"itemListElement\":[{\"@type\":\"ListItem\",\"position\":1,\"name\":\"Portada\",\"item\":\"https:\/\/infoecos.com.ar\/\"},{\"@type\":\"ListItem\",\"position\":2,\"name\":\"Hospital, Centro C\u00edvico 30 de Agosto, desag\u00fces pluviales, red troncal de agua y viviendas\"}]},{\"@type\":\"WebSite\",\"@id\":\"https:\/\/infoecos.com.ar\/#website\",\"url\":\"https:\/\/infoecos.com.ar\/\",\"name\":\"Infoecos\",\"description\":\"Noticias de trenque lauquen y la zona\",\"publisher\":{\"@id\":\"https:\/\/infoecos.com.ar\/#organization\"},\"alternateName\":\"Noticias\",\"potentialAction\":[{\"@type\":\"SearchAction\",\"target\":{\"@type\":\"EntryPoint\",\"urlTemplate\":\"https:\/\/infoecos.com.ar\/?s={search_term_string}\"},\"query-input\":{\"@type\":\"PropertyValueSpecification\",\"valueRequired\":true,\"valueName\":\"search_term_string\"}}],\"inLanguage\":\"es\"},{\"@type\":\"Organization\",\"@id\":\"https:\/\/infoecos.com.ar\/#organization\",\"name\":\"Infoecos\",\"alternateName\":\"Noticias\",\"url\":\"https:\/\/infoecos.com.ar\/\",\"logo\":{\"@type\":\"ImageObject\",\"inLanguage\":\"es\",\"@id\":\"https:\/\/infoecos.com.ar\/#\/schema\/logo\/image\/\",\"url\":\"https:\/\/infoecos.com.ar\/wp-content\/uploads\/2024\/03\/cropped-logo.png\",\"contentUrl\":\"https:\/\/infoecos.com.ar\/wp-content\/uploads\/2024\/03\/cropped-logo.png\",\"width\":374,\"height\":90,\"caption\":\"Infoecos\"},\"image\":{\"@id\":\"https:\/\/infoecos.com.ar\/#\/schema\/logo\/image\/\"},\"sameAs\":[\"https:\/\/www.facebook.com\/profile.php?id=100063200290284\",\"https:\/\/x.com\/infoecos\"]},{\"@type\":\"Person\",\"@id\":\"https:\/\/infoecos.com.ar\/#\/schema\/person\/8f5ace5ce73b4b4aac4b7245aee6f191\",\"name\":\"Jorge Matheus\",\"url\":\"https:\/\/infoecos.com.ar\/index.php\/author\/jomatheus\/\"}]}<\/script>\n<!-- \/ Yoast SEO plugin. -->","yoast_head_json":{"title":"Hospital, Centro C\u00edvico 30 de Agosto, desag\u00fces pluviales, red troncal de agua y viviendas - Infoecos","robots":{"index":"index","follow":"follow","max-snippet":"max-snippet:-1","max-image-preview":"max-image-preview:large","max-video-preview":"max-video-preview:-1"},"canonical":"https:\/\/infoecos.com.ar\/index.php\/hospital-centro-civico-30-de-agosto-desagues-pluviales-red-troncal-de-agua-y-viviendas\/","og_locale":"es_ES","og_type":"article","og_title":"Hospital, Centro C\u00edvico 30 de Agosto, desag\u00fces pluviales, red troncal de agua y viviendas - Infoecos","og_description":"Se sigui\u00f3 avanzando en la firma del convenio para las 100 viviendas que est\u00e1n incluidas en el presupuesto provincial 2021","og_url":"https:\/\/infoecos.com.ar\/index.php\/hospital-centro-civico-30-de-agosto-desagues-pluviales-red-troncal-de-agua-y-viviendas\/","og_site_name":"Infoecos","article_publisher":"https:\/\/www.facebook.com\/profile.php?id=100063200290284","article_published_time":"2021-02-12T18:54:42+00:00","article_modified_time":"2021-02-17T05:03:10+00:00","og_image":[{"width":1280,"height":960,"url":"https:\/\/infoecos.com.ar\/wp-content\/uploads\/2021\/02\/Fernandez-con-Miguel-Oroz-Instituto-Pcial-de-la-Vivienda-1.jpg","type":"image\/jpeg"}],"author":"Jorge Matheus","twitter_card":"summary_large_image","twitter_creator":"@infoecos","twitter_site":"@infoecos","twitter_misc":{"Escrito por":"Jorge Matheus","Tiempo de lectura":"1 minuto"},"schema":{"@context":"https:\/\/schema.org","@graph":[{"@type":"Article","@id":"https:\/\/infoecos.com.ar\/index.php\/hospital-centro-civico-30-de-agosto-desagues-pluviales-red-troncal-de-agua-y-viviendas\/#article","isPartOf":{"@id":"https:\/\/infoecos.com.ar\/index.php\/hospital-centro-civico-30-de-agosto-desagues-pluviales-red-troncal-de-agua-y-viviendas\/"},"author":{"name":"Jorge Matheus","@id":"https:\/\/infoecos.com.ar\/#\/schema\/person\/8f5ace5ce73b4b4aac4b7245aee6f191"},"headline":"Hospital, Centro C\u00edvico 30 de Agosto, desag\u00fces pluviales, red troncal de agua y viviendas","datePublished":"2021-02-12T18:54:42+00:00","dateModified":"2021-02-17T05:03:10+00:00","mainEntityOfPage":{"@id":"https:\/\/infoecos.com.ar\/index.php\/hospital-centro-civico-30-de-agosto-desagues-pluviales-red-troncal-de-agua-y-viviendas\/"},"wordCount":205,"publisher":{"@id":"https:\/\/infoecos.com.ar\/#organization"},"image":{"@id":"https:\/\/infoecos.com.ar\/index.php\/hospital-centro-civico-30-de-agosto-desagues-pluviales-red-troncal-de-agua-y-viviendas\/#primaryimage"},"thumbnailUrl":"https:\/\/infoecos.com.ar\/wp-content\/uploads\/2021\/02\/Fernandez-con-Miguel-Oroz-Instituto-Pcial-de-la-Vivienda-1.jpg","keywords":["REUNIONES DE FERN\u00c1NDEZ EN LA PLATA"],"articleSection":["Bloque inferior - 8"],"inLanguage":"es"},{"@type":"WebPage","@id":"https:\/\/infoecos.com.ar\/index.php\/hospital-centro-civico-30-de-agosto-desagues-pluviales-red-troncal-de-agua-y-viviendas\/","url":"https:\/\/infoecos.com.ar\/index.php\/hospital-centro-civico-30-de-agosto-desagues-pluviales-red-troncal-de-agua-y-viviendas\/","name":"Hospital, Centro C\u00edvico 30 de Agosto, desag\u00fces pluviales, red troncal de agua y viviendas - Infoecos","isPartOf":{"@id":"https:\/\/infoecos.com.ar\/#website"},"primaryImageOfPage":{"@id":"https:\/\/infoecos.com.ar\/index.php\/hospital-centro-civico-30-de-agosto-desagues-pluviales-red-troncal-de-agua-y-viviendas\/#primaryimage"},"image":{"@id":"https:\/\/infoecos.com.ar\/index.php\/hospital-centro-civico-30-de-agosto-desagues-pluviales-red-troncal-de-agua-y-viviendas\/#primaryimage"},"thumbnailUrl":"https:\/\/infoecos.com.ar\/wp-content\/uploads\/2021\/02\/Fernandez-con-Miguel-Oroz-Instituto-Pcial-de-la-Vivienda-1.jpg","datePublished":"2021-02-12T18:54:42+00:00","dateModified":"2021-02-17T05:03:10+00:00","breadcrumb":{"@id":"https:\/\/infoecos.com.ar\/index.php\/hospital-centro-civico-30-de-agosto-desagues-pluviales-red-troncal-de-agua-y-viviendas\/#breadcrumb"},"inLanguage":"es","potentialAction":[{"@type":"ReadAction","target":["https:\/\/infoecos.com.ar\/index.php\/hospital-centro-civico-30-de-agosto-desagues-pluviales-red-troncal-de-agua-y-viviendas\/"]}]},{"@type":"ImageObject","inLanguage":"es","@id":"https:\/\/infoecos.com.ar\/index.php\/hospital-centro-civico-30-de-agosto-desagues-pluviales-red-troncal-de-agua-y-viviendas\/#primaryimage","url":"https:\/\/infoecos.com.ar\/wp-content\/uploads\/2021\/02\/Fernandez-con-Miguel-Oroz-Instituto-Pcial-de-la-Vivienda-1.jpg","contentUrl":"https:\/\/infoecos.com.ar\/wp-content\/uploads\/2021\/02\/Fernandez-con-Miguel-Oroz-Instituto-Pcial-de-la-Vivienda-1.jpg","width":1280,"height":960},{"@type":"BreadcrumbList","@id":"https:\/\/infoecos.com.ar\/index.php\/hospital-centro-civico-30-de-agosto-desagues-pluviales-red-troncal-de-agua-y-viviendas\/#breadcrumb","itemListElement":[{"@type":"ListItem","position":1,"name":"Portada","item":"https:\/\/infoecos.com.ar\/"},{"@type":"ListItem","position":2,"name":"Hospital, Centro C\u00edvico 30 de Agosto, desag\u00fces pluviales, red troncal de agua y viviendas"}]},{"@type":"WebSite","@id":"https:\/\/infoecos.com.ar\/#website","url":"https:\/\/infoecos.com.ar\/","name":"Infoecos","description":"Noticias de trenque lauquen y la zona","publisher":{"@id":"https:\/\/infoecos.com.ar\/#organization"},"alternateName":"Noticias","potentialAction":[{"@type":"SearchAction","target":{"@type":"EntryPoint","urlTemplate":"https:\/\/infoecos.com.ar\/?s={search_term_string}"},"query-input":{"@type":"PropertyValueSpecification","valueRequired":true,"valueName":"search_term_string"}}],"inLanguage":"es"},{"@type":"Organization","@id":"https:\/\/infoecos.com.ar\/#organization","name":"Infoecos","alternateName":"Noticias","url":"https:\/\/infoecos.com.ar\/","logo":{"@type":"ImageObject","inLanguage":"es","@id":"https:\/\/infoecos.com.ar\/#\/schema\/logo\/image\/","url":"https:\/\/infoecos.com.ar\/wp-content\/uploads\/2024\/03\/cropped-logo.png","contentUrl":"https:\/\/infoecos.com.ar\/wp-content\/uploads\/2024\/03\/cropped-logo.png","width":374,"height":90,"caption":"Infoecos"},"image":{"@id":"https:\/\/infoecos.com.ar\/#\/schema\/logo\/image\/"},"sameAs":["https:\/\/www.facebook.com\/profile.php?id=100063200290284","https:\/\/x.com\/infoecos"]},{"@type":"Person","@id":"https:\/\/infoecos.com.ar\/#\/schema\/person\/8f5ace5ce73b4b4aac4b7245aee6f191","name":"Jorge Matheus","url":"https:\/\/infoecos.com.ar\/index.php\/author\/jomatheus\/"}]}},"featured_image_urls":{"full":["https:\/\/infoecos.com.ar\/wp-content\/uploads\/2021\/02\/Fernandez-con-Miguel-Oroz-Instituto-Pcial-de-la-Vivienda-1.jpg",1280,960,false],"thumbnail":["https:\/\/infoecos.com.ar\/wp-content\/uploads\/2021\/02\/Fernandez-con-Miguel-Oroz-Instituto-Pcial-de-la-Vivienda-1-150x150.jpg",150,150,true],"medium":["https:\/\/infoecos.com.ar\/wp-content\/uploads\/2021\/02\/Fernandez-con-Miguel-Oroz-Instituto-Pcial-de-la-Vivienda-1-460x345.jpg",460,345,true],"medium_large":["https:\/\/infoecos.com.ar\/wp-content\/uploads\/2021\/02\/Fernandez-con-Miguel-Oroz-Instituto-Pcial-de-la-Vivienda-1-768x576.jpg",640,480,true],"large":["https:\/\/infoecos.com.ar\/wp-content\/uploads\/2021\/02\/Fernandez-con-Miguel-Oroz-Instituto-Pcial-de-la-Vivienda-1-920x690.jpg",640,480,true],"1536x1536":["https:\/\/infoecos.com.ar\/wp-content\/uploads\/2021\/02\/Fernandez-con-Miguel-Oroz-Instituto-Pcial-de-la-Vivienda-1.jpg",1280,960,false],"2048x2048":["https:\/\/infoecos.com.ar\/wp-content\/uploads\/2021\/02\/Fernandez-con-Miguel-Oroz-Instituto-Pcial-de-la-Vivienda-1.jpg",1280,960,false],"covernews-slider-full":["https:\/\/infoecos.com.ar\/wp-content\/uploads\/2021\/02\/Fernandez-con-Miguel-Oroz-Instituto-Pcial-de-la-Vivienda-1.jpg",953,715,false],"covernews-slider-center":["https:\/\/infoecos.com.ar\/wp-content\/uploads\/2021\/02\/Fernandez-con-Miguel-Oroz-Instituto-Pcial-de-la-Vivienda-1-936x897.jpg",522,500,true],"covernews-featured":["https:\/\/infoecos.com.ar\/wp-content\/uploads\/2021\/02\/Fernandez-con-Miguel-Oroz-Instituto-Pcial-de-la-Vivienda-1-1024x768.jpg",1024,768,true],"covernews-medium":["https:\/\/infoecos.com.ar\/wp-content\/uploads\/2021\/02\/Fernandez-con-Miguel-Oroz-Instituto-Pcial-de-la-Vivienda-1-720x380.jpg",540,285,true],"covernews-medium-square":["https:\/\/infoecos.com.ar\/wp-content\/uploads\/2021\/02\/Fernandez-con-Miguel-Oroz-Instituto-Pcial-de-la-Vivienda-1-675x450.jpg",375,250,true]},"author_info":{"info":["Jorge Matheus"]},"category_info":"<a href=\"https:\/\/infoecos.com.ar\/index.php\/category\/inferior8\/\" rel=\"category tag\">Bloque inferior - 8<\/a>","tag_info":"Bloque inferior - 8","comment_count":"0","_links":{"self":[{"href":"https:\/\/infoecos.com.ar\/index.php\/wp-json\/wp\/v2\/posts\/74309"}],"collection":[{"href":"https:\/\/infoecos.com.ar\/index.php\/wp-json\/wp\/v2\/posts"}],"about":[{"href":"https:\/\/infoecos.com.ar\/index.php\/wp-json\/wp\/v2\/types\/post"}],"author":[{"embeddable":true,"href":"https:\/\/infoecos.com.ar\/index.php\/wp-json\/wp\/v2\/users\/2"}],"replies":[{"embeddable":true,"href":"https:\/\/infoecos.com.ar\/index.php\/wp-json\/wp\/v2\/comments?post=74309"}],"version-history":[{"count":1,"href":"https:\/\/infoecos.com.ar\/index.php\/wp-json\/wp\/v2\/posts\/74309\/revisions"}],"predecessor-version":[{"id":74313,"href":"https:\/\/infoecos.com.ar\/index.php\/wp-json\/wp\/v2\/posts\/74309\/revisions\/74313"}],"wp:featuredmedia":[{"embeddable":true,"href":"https:\/\/infoecos.com.ar\/index.php\/wp-json\/wp\/v2\/media\/74312"}],"wp:attachment":[{"href":"https:\/\/infoecos.com.ar\/index.php\/wp-json\/wp\/v2\/media?parent=74309"}],"wp:term":[{"taxonomy":"category","embeddable":true,"href":"https:\/\/infoecos.com.ar\/index.php\/wp-json\/wp\/v2\/categories?post=74309"},{"taxonomy":"post_tag","embeddable":true,"href":"https:\/\/infoecos.com.ar\/index.php\/wp-json\/wp\/v2\/tags?post=74309"}],"curies":[{"name":"wp","href":"https:\/\/api.w.org\/{rel}","templated":true}]}}