{"id":74342,"date":"2021-02-13T02:48:18","date_gmt":"2021-02-13T05:48:18","guid":{"rendered":"http:\/\/infoecos.com.ar\/?p=74342"},"modified":"2021-02-17T02:00:46","modified_gmt":"2021-02-17T05:00:46","slug":"joaquin-de-la-torre-en-pehuajo-acompanado-por-gilberto-alegre-hernan-albisu-y-julio-cerda","status":"publish","type":"post","link":"https:\/\/infoecos.com.ar\/index.php\/joaquin-de-la-torre-en-pehuajo-acompanado-por-gilberto-alegre-hernan-albisu-y-julio-cerda\/","title":{"rendered":"Joaqu\u00edn De La Torre en Pehuaj\u00f3, acompa\u00f1ado por Gilberto Alegre, Hern\u00e1n Albisu y Julio Cerd\u00e1"},"content":{"rendered":"\n<p>Joaqu\u00edn de la Torre, ex ministro de Gobierno de Mar\u00eda Eugenia Vidal, que se encuentra trabajando en el armado pol\u00edtico de una nueva corriente en el territorio de la provincia de Buenos Aires visit\u00f3 Pehuaj\u00f3.<\/p>\n\n\n\n<div class=\"wp-block-image\"><figure class=\"aligncenter size-medium\"><img loading=\"lazy\" decoding=\"async\" width=\"460\" height=\"260\" src=\"http:\/\/infoecos.com.ar\/wp-content\/uploads\/2021\/02\/delatorre-460x260.jpg\" alt=\"\" class=\"wp-image-74343\" srcset=\"https:\/\/infoecos.com.ar\/wp-content\/uploads\/2021\/02\/delatorre-460x260.jpg 460w, https:\/\/infoecos.com.ar\/wp-content\/uploads\/2021\/02\/delatorre.jpg 620w\" sizes=\"(max-width: 460px) 100vw, 460px\" \/><\/figure><\/div>\n\n\n\n<p>El dirigente, ex intendente del distrito de San Miguel, lo hizo acompa\u00f1ado por el ex diputado nacional Gilberto Alegre, y el ex senador bonaerense, Hern\u00e1n Albisu, siendo su referente en Pehuaj\u00f3 el dirigente Julio Cerd\u00e1.<\/p>\n\n\n\n<p>De la Torre coment\u00f3 sobre este espacio que \u201ctenemos una mirada de c\u00f3mo deber\u00eda funcionar la provincia de Buenos Aires, que ha tenido demasiados problemas\u201d. Luego el ex funcionario de la gesti\u00f3n de Vidal marc\u00f3 que Buenos Aires \u201ces viable, no inviable\u201d, para a\u00f1adir que \u201ces inviable porque la gobierna gente que no conoce las localidades de la provincia\u201d. De inmediato afirm\u00f3: \u201cTiene que ser gobernada por bonaerenses\u201d.<\/p>\n\n\n\n<p>En su paso por la ciudad, De la Torre narr\u00f3 que \u201cel interior m\u00e1s el conurbano, eso es la provincia de Buenos Aires, con realidades distintas, que son conocidas por quienes viven en la provincia\u201d.<\/p>\n\n\n\n<p>Tambi\u00e9n expres\u00f3: \u201cEn los \u00faltimos diez a\u00f1os, tengo varias vueltas sobre la provincia, y eso es importante para gobernarla\u201d. Al hacer menci\u00f3n a quienes lo acompa\u00f1an en este grupo pol\u00edtico, rescat\u00f3 a Gilberto Alegre, Guillermo Britos, Hern\u00e1n Albizu que \u201cnos conocemos, somos parte de un equipo con el objetivo de que la provincia sea gobernada por bonaerenses\u201d. Tambi\u00e9n es parte de este equipo Claudia Rucci, y \u201cJulio Cerd\u00e1 es nuestro referente a nivel local. Contento de poder caminar Pehuaj\u00f3, junto a \u00e9l\u201d.<\/p>\n\n\n\n<p><strong>Fuentes: 365pehuaj\u00f3 y radiomagicadigital<\/strong><\/p>\n","protected":false},"excerpt":{"rendered":"<p>De la Torre coment\u00f3 sobre su espacio que \u201ctenemos una mirada de c\u00f3mo deber\u00eda funcionar la provincia de Buenos Aires, que ha tenido demasiados problemas\u201d<\/p>\n","protected":false},"author":2,"featured_media":74343,"comment_status":"closed","ping_status":"open","sticky":false,"template":"","format":"standard","meta":{"footnotes":""},"categories":[43],"tags":[2964],"class_list":["post-74342","post","type-post","status-publish","format-standard","has-post-thumbnail","hentry","category-inferior4","tag-de-campana-2021"],"yoast_head":"<!-- This site is optimized with the Yoast SEO plugin v23.4 - https:\/\/yoast.com\/wordpress\/plugins\/seo\/ -->\n<title>Joaqu\u00edn De La Torre en Pehuaj\u00f3, acompa\u00f1ado por Gilberto Alegre, Hern\u00e1n Albisu y Julio Cerd\u00e1 - Infoecos<\/title>\n<meta name=\"robots\" content=\"index, follow, max-snippet:-1, max-image-preview:large, max-video-preview:-1\" \/>\n<link rel=\"canonical\" href=\"https:\/\/infoecos.com.ar\/index.php\/joaquin-de-la-torre-en-pehuajo-acompanado-por-gilberto-alegre-hernan-albisu-y-julio-cerda\/\" \/>\n<meta property=\"og:locale\" content=\"es_ES\" \/>\n<meta property=\"og:type\" content=\"article\" \/>\n<meta property=\"og:title\" content=\"Joaqu\u00edn De La Torre en Pehuaj\u00f3, acompa\u00f1ado por Gilberto Alegre, Hern\u00e1n Albisu y Julio Cerd\u00e1 - Infoecos\" \/>\n<meta property=\"og:description\" content=\"De la Torre coment\u00f3 sobre su espacio que \u201ctenemos una mirada de c\u00f3mo deber\u00eda funcionar la provincia de Buenos Aires, que ha tenido demasiados problemas\u201d\" \/>\n<meta property=\"og:url\" content=\"https:\/\/infoecos.com.ar\/index.php\/joaquin-de-la-torre-en-pehuajo-acompanado-por-gilberto-alegre-hernan-albisu-y-julio-cerda\/\" \/>\n<meta property=\"og:site_name\" content=\"Infoecos\" \/>\n<meta property=\"article:publisher\" content=\"https:\/\/www.facebook.com\/profile.php?id=100063200290284\" \/>\n<meta property=\"article:published_time\" content=\"2021-02-13T05:48:18+00:00\" \/>\n<meta property=\"article:modified_time\" content=\"2021-02-17T05:00:46+00:00\" \/>\n<meta property=\"og:image\" content=\"https:\/\/infoecos.com.ar\/wp-content\/uploads\/2021\/02\/delatorre.jpg\" \/>\n\t<meta property=\"og:image:width\" content=\"620\" \/>\n\t<meta property=\"og:image:height\" content=\"350\" \/>\n\t<meta property=\"og:image:type\" content=\"image\/jpeg\" \/>\n<meta name=\"author\" content=\"Jorge Matheus\" \/>\n<meta name=\"twitter:card\" content=\"summary_large_image\" \/>\n<meta name=\"twitter:creator\" content=\"@infoecos\" \/>\n<meta name=\"twitter:site\" content=\"@infoecos\" \/>\n<meta name=\"twitter:label1\" content=\"Escrito por\" \/>\n\t<meta name=\"twitter:data1\" content=\"Jorge Matheus\" \/>\n\t<meta name=\"twitter:label2\" content=\"Tiempo de lectura\" \/>\n\t<meta name=\"twitter:data2\" content=\"1 minuto\" \/>\n<script type=\"application\/ld+json\" class=\"yoast-schema-graph\">{\"@context\":\"https:\/\/schema.org\",\"@graph\":[{\"@type\":\"Article\",\"@id\":\"https:\/\/infoecos.com.ar\/index.php\/joaquin-de-la-torre-en-pehuajo-acompanado-por-gilberto-alegre-hernan-albisu-y-julio-cerda\/#article\",\"isPartOf\":{\"@id\":\"https:\/\/infoecos.com.ar\/index.php\/joaquin-de-la-torre-en-pehuajo-acompanado-por-gilberto-alegre-hernan-albisu-y-julio-cerda\/\"},\"author\":{\"name\":\"Jorge Matheus\",\"@id\":\"https:\/\/infoecos.com.ar\/#\/schema\/person\/8f5ace5ce73b4b4aac4b7245aee6f191\"},\"headline\":\"Joaqu\u00edn De La Torre en Pehuaj\u00f3, acompa\u00f1ado por Gilberto Alegre, Hern\u00e1n Albisu y Julio Cerd\u00e1\",\"datePublished\":\"2021-02-13T05:48:18+00:00\",\"dateModified\":\"2021-02-17T05:00:46+00:00\",\"mainEntityOfPage\":{\"@id\":\"https:\/\/infoecos.com.ar\/index.php\/joaquin-de-la-torre-en-pehuajo-acompanado-por-gilberto-alegre-hernan-albisu-y-julio-cerda\/\"},\"wordCount\":294,\"publisher\":{\"@id\":\"https:\/\/infoecos.com.ar\/#organization\"},\"image\":{\"@id\":\"https:\/\/infoecos.com.ar\/index.php\/joaquin-de-la-torre-en-pehuajo-acompanado-por-gilberto-alegre-hernan-albisu-y-julio-cerda\/#primaryimage\"},\"thumbnailUrl\":\"https:\/\/infoecos.com.ar\/wp-content\/uploads\/2021\/02\/delatorre.jpg\",\"keywords\":[\"DE CAMPA\u00d1A 2021\"],\"articleSection\":[\"Bloque inferior - 4\"],\"inLanguage\":\"es\"},{\"@type\":\"WebPage\",\"@id\":\"https:\/\/infoecos.com.ar\/index.php\/joaquin-de-la-torre-en-pehuajo-acompanado-por-gilberto-alegre-hernan-albisu-y-julio-cerda\/\",\"url\":\"https:\/\/infoecos.com.ar\/index.php\/joaquin-de-la-torre-en-pehuajo-acompanado-por-gilberto-alegre-hernan-albisu-y-julio-cerda\/\",\"name\":\"Joaqu\u00edn De La Torre en Pehuaj\u00f3, acompa\u00f1ado por Gilberto Alegre, Hern\u00e1n Albisu y Julio Cerd\u00e1 - Infoecos\",\"isPartOf\":{\"@id\":\"https:\/\/infoecos.com.ar\/#website\"},\"primaryImageOfPage\":{\"@id\":\"https:\/\/infoecos.com.ar\/index.php\/joaquin-de-la-torre-en-pehuajo-acompanado-por-gilberto-alegre-hernan-albisu-y-julio-cerda\/#primaryimage\"},\"image\":{\"@id\":\"https:\/\/infoecos.com.ar\/index.php\/joaquin-de-la-torre-en-pehuajo-acompanado-por-gilberto-alegre-hernan-albisu-y-julio-cerda\/#primaryimage\"},\"thumbnailUrl\":\"https:\/\/infoecos.com.ar\/wp-content\/uploads\/2021\/02\/delatorre.jpg\",\"datePublished\":\"2021-02-13T05:48:18+00:00\",\"dateModified\":\"2021-02-17T05:00:46+00:00\",\"breadcrumb\":{\"@id\":\"https:\/\/infoecos.com.ar\/index.php\/joaquin-de-la-torre-en-pehuajo-acompanado-por-gilberto-alegre-hernan-albisu-y-julio-cerda\/#breadcrumb\"},\"inLanguage\":\"es\",\"potentialAction\":[{\"@type\":\"ReadAction\",\"target\":[\"https:\/\/infoecos.com.ar\/index.php\/joaquin-de-la-torre-en-pehuajo-acompanado-por-gilberto-alegre-hernan-albisu-y-julio-cerda\/\"]}]},{\"@type\":\"ImageObject\",\"inLanguage\":\"es\",\"@id\":\"https:\/\/infoecos.com.ar\/index.php\/joaquin-de-la-torre-en-pehuajo-acompanado-por-gilberto-alegre-hernan-albisu-y-julio-cerda\/#primaryimage\",\"url\":\"https:\/\/infoecos.com.ar\/wp-content\/uploads\/2021\/02\/delatorre.jpg\",\"contentUrl\":\"https:\/\/infoecos.com.ar\/wp-content\/uploads\/2021\/02\/delatorre.jpg\",\"width\":620,\"height\":350},{\"@type\":\"BreadcrumbList\",\"@id\":\"https:\/\/infoecos.com.ar\/index.php\/joaquin-de-la-torre-en-pehuajo-acompanado-por-gilberto-alegre-hernan-albisu-y-julio-cerda\/#breadcrumb\",\"itemListElement\":[{\"@type\":\"ListItem\",\"position\":1,\"name\":\"Portada\",\"item\":\"https:\/\/infoecos.com.ar\/\"},{\"@type\":\"ListItem\",\"position\":2,\"name\":\"Joaqu\u00edn De La Torre en Pehuaj\u00f3, acompa\u00f1ado por Gilberto Alegre, Hern\u00e1n Albisu y Julio Cerd\u00e1\"}]},{\"@type\":\"WebSite\",\"@id\":\"https:\/\/infoecos.com.ar\/#website\",\"url\":\"https:\/\/infoecos.com.ar\/\",\"name\":\"Infoecos\",\"description\":\"Noticias de trenque lauquen y la zona\",\"publisher\":{\"@id\":\"https:\/\/infoecos.com.ar\/#organization\"},\"alternateName\":\"Noticias\",\"potentialAction\":[{\"@type\":\"SearchAction\",\"target\":{\"@type\":\"EntryPoint\",\"urlTemplate\":\"https:\/\/infoecos.com.ar\/?s={search_term_string}\"},\"query-input\":{\"@type\":\"PropertyValueSpecification\",\"valueRequired\":true,\"valueName\":\"search_term_string\"}}],\"inLanguage\":\"es\"},{\"@type\":\"Organization\",\"@id\":\"https:\/\/infoecos.com.ar\/#organization\",\"name\":\"Infoecos\",\"alternateName\":\"Noticias\",\"url\":\"https:\/\/infoecos.com.ar\/\",\"logo\":{\"@type\":\"ImageObject\",\"inLanguage\":\"es\",\"@id\":\"https:\/\/infoecos.com.ar\/#\/schema\/logo\/image\/\",\"url\":\"https:\/\/infoecos.com.ar\/wp-content\/uploads\/2024\/03\/cropped-logo.png\",\"contentUrl\":\"https:\/\/infoecos.com.ar\/wp-content\/uploads\/2024\/03\/cropped-logo.png\",\"width\":374,\"height\":90,\"caption\":\"Infoecos\"},\"image\":{\"@id\":\"https:\/\/infoecos.com.ar\/#\/schema\/logo\/image\/\"},\"sameAs\":[\"https:\/\/www.facebook.com\/profile.php?id=100063200290284\",\"https:\/\/x.com\/infoecos\"]},{\"@type\":\"Person\",\"@id\":\"https:\/\/infoecos.com.ar\/#\/schema\/person\/8f5ace5ce73b4b4aac4b7245aee6f191\",\"name\":\"Jorge Matheus\",\"url\":\"https:\/\/infoecos.com.ar\/index.php\/author\/jomatheus\/\"}]}<\/script>\n<!-- \/ Yoast SEO plugin. -->","yoast_head_json":{"title":"Joaqu\u00edn De La Torre en Pehuaj\u00f3, acompa\u00f1ado por Gilberto Alegre, Hern\u00e1n Albisu y Julio Cerd\u00e1 - Infoecos","robots":{"index":"index","follow":"follow","max-snippet":"max-snippet:-1","max-image-preview":"max-image-preview:large","max-video-preview":"max-video-preview:-1"},"canonical":"https:\/\/infoecos.com.ar\/index.php\/joaquin-de-la-torre-en-pehuajo-acompanado-por-gilberto-alegre-hernan-albisu-y-julio-cerda\/","og_locale":"es_ES","og_type":"article","og_title":"Joaqu\u00edn De La Torre en Pehuaj\u00f3, acompa\u00f1ado por Gilberto Alegre, Hern\u00e1n Albisu y Julio Cerd\u00e1 - Infoecos","og_description":"De la Torre coment\u00f3 sobre su espacio que \u201ctenemos una mirada de c\u00f3mo deber\u00eda funcionar la provincia de Buenos Aires, que ha tenido demasiados problemas\u201d","og_url":"https:\/\/infoecos.com.ar\/index.php\/joaquin-de-la-torre-en-pehuajo-acompanado-por-gilberto-alegre-hernan-albisu-y-julio-cerda\/","og_site_name":"Infoecos","article_publisher":"https:\/\/www.facebook.com\/profile.php?id=100063200290284","article_published_time":"2021-02-13T05:48:18+00:00","article_modified_time":"2021-02-17T05:00:46+00:00","og_image":[{"width":620,"height":350,"url":"https:\/\/infoecos.com.ar\/wp-content\/uploads\/2021\/02\/delatorre.jpg","type":"image\/jpeg"}],"author":"Jorge Matheus","twitter_card":"summary_large_image","twitter_creator":"@infoecos","twitter_site":"@infoecos","twitter_misc":{"Escrito por":"Jorge Matheus","Tiempo de lectura":"1 minuto"},"schema":{"@context":"https:\/\/schema.org","@graph":[{"@type":"Article","@id":"https:\/\/infoecos.com.ar\/index.php\/joaquin-de-la-torre-en-pehuajo-acompanado-por-gilberto-alegre-hernan-albisu-y-julio-cerda\/#article","isPartOf":{"@id":"https:\/\/infoecos.com.ar\/index.php\/joaquin-de-la-torre-en-pehuajo-acompanado-por-gilberto-alegre-hernan-albisu-y-julio-cerda\/"},"author":{"name":"Jorge Matheus","@id":"https:\/\/infoecos.com.ar\/#\/schema\/person\/8f5ace5ce73b4b4aac4b7245aee6f191"},"headline":"Joaqu\u00edn De La Torre en Pehuaj\u00f3, acompa\u00f1ado por Gilberto Alegre, Hern\u00e1n Albisu y Julio Cerd\u00e1","datePublished":"2021-02-13T05:48:18+00:00","dateModified":"2021-02-17T05:00:46+00:00","mainEntityOfPage":{"@id":"https:\/\/infoecos.com.ar\/index.php\/joaquin-de-la-torre-en-pehuajo-acompanado-por-gilberto-alegre-hernan-albisu-y-julio-cerda\/"},"wordCount":294,"publisher":{"@id":"https:\/\/infoecos.com.ar\/#organization"},"image":{"@id":"https:\/\/infoecos.com.ar\/index.php\/joaquin-de-la-torre-en-pehuajo-acompanado-por-gilberto-alegre-hernan-albisu-y-julio-cerda\/#primaryimage"},"thumbnailUrl":"https:\/\/infoecos.com.ar\/wp-content\/uploads\/2021\/02\/delatorre.jpg","keywords":["DE CAMPA\u00d1A 2021"],"articleSection":["Bloque inferior - 4"],"inLanguage":"es"},{"@type":"WebPage","@id":"https:\/\/infoecos.com.ar\/index.php\/joaquin-de-la-torre-en-pehuajo-acompanado-por-gilberto-alegre-hernan-albisu-y-julio-cerda\/","url":"https:\/\/infoecos.com.ar\/index.php\/joaquin-de-la-torre-en-pehuajo-acompanado-por-gilberto-alegre-hernan-albisu-y-julio-cerda\/","name":"Joaqu\u00edn De La Torre en Pehuaj\u00f3, acompa\u00f1ado por Gilberto Alegre, Hern\u00e1n Albisu y Julio Cerd\u00e1 - Infoecos","isPartOf":{"@id":"https:\/\/infoecos.com.ar\/#website"},"primaryImageOfPage":{"@id":"https:\/\/infoecos.com.ar\/index.php\/joaquin-de-la-torre-en-pehuajo-acompanado-por-gilberto-alegre-hernan-albisu-y-julio-cerda\/#primaryimage"},"image":{"@id":"https:\/\/infoecos.com.ar\/index.php\/joaquin-de-la-torre-en-pehuajo-acompanado-por-gilberto-alegre-hernan-albisu-y-julio-cerda\/#primaryimage"},"thumbnailUrl":"https:\/\/infoecos.com.ar\/wp-content\/uploads\/2021\/02\/delatorre.jpg","datePublished":"2021-02-13T05:48:18+00:00","dateModified":"2021-02-17T05:00:46+00:00","breadcrumb":{"@id":"https:\/\/infoecos.com.ar\/index.php\/joaquin-de-la-torre-en-pehuajo-acompanado-por-gilberto-alegre-hernan-albisu-y-julio-cerda\/#breadcrumb"},"inLanguage":"es","potentialAction":[{"@type":"ReadAction","target":["https:\/\/infoecos.com.ar\/index.php\/joaquin-de-la-torre-en-pehuajo-acompanado-por-gilberto-alegre-hernan-albisu-y-julio-cerda\/"]}]},{"@type":"ImageObject","inLanguage":"es","@id":"https:\/\/infoecos.com.ar\/index.php\/joaquin-de-la-torre-en-pehuajo-acompanado-por-gilberto-alegre-hernan-albisu-y-julio-cerda\/#primaryimage","url":"https:\/\/infoecos.com.ar\/wp-content\/uploads\/2021\/02\/delatorre.jpg","contentUrl":"https:\/\/infoecos.com.ar\/wp-content\/uploads\/2021\/02\/delatorre.jpg","width":620,"height":350},{"@type":"BreadcrumbList","@id":"https:\/\/infoecos.com.ar\/index.php\/joaquin-de-la-torre-en-pehuajo-acompanado-por-gilberto-alegre-hernan-albisu-y-julio-cerda\/#breadcrumb","itemListElement":[{"@type":"ListItem","position":1,"name":"Portada","item":"https:\/\/infoecos.com.ar\/"},{"@type":"ListItem","position":2,"name":"Joaqu\u00edn De La Torre en Pehuaj\u00f3, acompa\u00f1ado por Gilberto Alegre, Hern\u00e1n Albisu y Julio Cerd\u00e1"}]},{"@type":"WebSite","@id":"https:\/\/infoecos.com.ar\/#website","url":"https:\/\/infoecos.com.ar\/","name":"Infoecos","description":"Noticias de trenque lauquen y la zona","publisher":{"@id":"https:\/\/infoecos.com.ar\/#organization"},"alternateName":"Noticias","potentialAction":[{"@type":"SearchAction","target":{"@type":"EntryPoint","urlTemplate":"https:\/\/infoecos.com.ar\/?s={search_term_string}"},"query-input":{"@type":"PropertyValueSpecification","valueRequired":true,"valueName":"search_term_string"}}],"inLanguage":"es"},{"@type":"Organization","@id":"https:\/\/infoecos.com.ar\/#organization","name":"Infoecos","alternateName":"Noticias","url":"https:\/\/infoecos.com.ar\/","logo":{"@type":"ImageObject","inLanguage":"es","@id":"https:\/\/infoecos.com.ar\/#\/schema\/logo\/image\/","url":"https:\/\/infoecos.com.ar\/wp-content\/uploads\/2024\/03\/cropped-logo.png","contentUrl":"https:\/\/infoecos.com.ar\/wp-content\/uploads\/2024\/03\/cropped-logo.png","width":374,"height":90,"caption":"Infoecos"},"image":{"@id":"https:\/\/infoecos.com.ar\/#\/schema\/logo\/image\/"},"sameAs":["https:\/\/www.facebook.com\/profile.php?id=100063200290284","https:\/\/x.com\/infoecos"]},{"@type":"Person","@id":"https:\/\/infoecos.com.ar\/#\/schema\/person\/8f5ace5ce73b4b4aac4b7245aee6f191","name":"Jorge Matheus","url":"https:\/\/infoecos.com.ar\/index.php\/author\/jomatheus\/"}]}},"featured_image_urls":{"full":["https:\/\/infoecos.com.ar\/wp-content\/uploads\/2021\/02\/delatorre.jpg",620,350,false],"thumbnail":["https:\/\/infoecos.com.ar\/wp-content\/uploads\/2021\/02\/delatorre-150x150.jpg",150,150,true],"medium":["https:\/\/infoecos.com.ar\/wp-content\/uploads\/2021\/02\/delatorre-460x260.jpg",460,260,true],"medium_large":["https:\/\/infoecos.com.ar\/wp-content\/uploads\/2021\/02\/delatorre.jpg",620,350,false],"large":["https:\/\/infoecos.com.ar\/wp-content\/uploads\/2021\/02\/delatorre.jpg",620,350,false],"1536x1536":["https:\/\/infoecos.com.ar\/wp-content\/uploads\/2021\/02\/delatorre.jpg",620,350,false],"2048x2048":["https:\/\/infoecos.com.ar\/wp-content\/uploads\/2021\/02\/delatorre.jpg",620,350,false],"covernews-slider-full":["https:\/\/infoecos.com.ar\/wp-content\/uploads\/2021\/02\/delatorre.jpg",620,350,false],"covernews-slider-center":["https:\/\/infoecos.com.ar\/wp-content\/uploads\/2021\/02\/delatorre.jpg",620,350,false],"covernews-featured":["https:\/\/infoecos.com.ar\/wp-content\/uploads\/2021\/02\/delatorre.jpg",620,350,false],"covernews-medium":["https:\/\/infoecos.com.ar\/wp-content\/uploads\/2021\/02\/delatorre.jpg",540,305,false],"covernews-medium-square":["https:\/\/infoecos.com.ar\/wp-content\/uploads\/2021\/02\/delatorre.jpg",400,226,false]},"author_info":{"info":["Jorge Matheus"]},"category_info":"<a href=\"https:\/\/infoecos.com.ar\/index.php\/category\/inferior4\/\" rel=\"category tag\">Bloque inferior - 4<\/a>","tag_info":"Bloque inferior - 4","comment_count":"0","_links":{"self":[{"href":"https:\/\/infoecos.com.ar\/index.php\/wp-json\/wp\/v2\/posts\/74342"}],"collection":[{"href":"https:\/\/infoecos.com.ar\/index.php\/wp-json\/wp\/v2\/posts"}],"about":[{"href":"https:\/\/infoecos.com.ar\/index.php\/wp-json\/wp\/v2\/types\/post"}],"author":[{"embeddable":true,"href":"https:\/\/infoecos.com.ar\/index.php\/wp-json\/wp\/v2\/users\/2"}],"replies":[{"embeddable":true,"href":"https:\/\/infoecos.com.ar\/index.php\/wp-json\/wp\/v2\/comments?post=74342"}],"version-history":[{"count":1,"href":"https:\/\/infoecos.com.ar\/index.php\/wp-json\/wp\/v2\/posts\/74342\/revisions"}],"predecessor-version":[{"id":74344,"href":"https:\/\/infoecos.com.ar\/index.php\/wp-json\/wp\/v2\/posts\/74342\/revisions\/74344"}],"wp:featuredmedia":[{"embeddable":true,"href":"https:\/\/infoecos.com.ar\/index.php\/wp-json\/wp\/v2\/media\/74343"}],"wp:attachment":[{"href":"https:\/\/infoecos.com.ar\/index.php\/wp-json\/wp\/v2\/media?parent=74342"}],"wp:term":[{"taxonomy":"category","embeddable":true,"href":"https:\/\/infoecos.com.ar\/index.php\/wp-json\/wp\/v2\/categories?post=74342"},{"taxonomy":"post_tag","embeddable":true,"href":"https:\/\/infoecos.com.ar\/index.php\/wp-json\/wp\/v2\/tags?post=74342"}],"curies":[{"name":"wp","href":"https:\/\/api.w.org\/{rel}","templated":true}]}}