{"id":74364,"date":"2021-02-14T15:40:19","date_gmt":"2021-02-14T18:40:19","guid":{"rendered":"http:\/\/infoecos.com.ar\/?p=74364"},"modified":"2021-02-17T02:09:43","modified_gmt":"2021-02-17T05:09:43","slug":"la-ruta-del-cereal-y-las-internas-del-radicalismo-dos-de-los-temas-abordados-por-emiliano-balbin-en-trenque-lauquen","status":"publish","type":"post","link":"https:\/\/infoecos.com.ar\/index.php\/la-ruta-del-cereal-y-las-internas-del-radicalismo-dos-de-los-temas-abordados-por-emiliano-balbin-en-trenque-lauquen\/","title":{"rendered":"La Ruta del Cereal y las internas del radicalismo, dos de los temas abordados por Emiliano Balb\u00edn en Trenque Lauquen"},"content":{"rendered":"\n<p>Estuvo en Trenque Lauquen el diputado provincial, doctor Emiliano Balb\u00edn. Mantuvo una prolongada reuni\u00f3n con el intendente municipal de Trenque Lauquen, doctor Miguel Fern\u00e1ndez, donde se abordaron temas inherentes a la provincia de Buenos Aires, poni\u00e9ndose especial \u00e9nfasis en la Ruta del Cereal, obra sobre la cual el legislador ha mostrado especial inter\u00e9s, habiendo participado de las \u00faltimas reuniones que se realizaron para tratar de lograr su culminaci\u00f3n.<\/p>\n\n\n\n<div class=\"wp-block-image\"><figure class=\"aligncenter size-medium\"><img loading=\"lazy\" decoding=\"async\" width=\"460\" height=\"308\" src=\"http:\/\/infoecos.com.ar\/wp-content\/uploads\/2021\/02\/balbinemiliano-460x308.jpg\" alt=\"\" class=\"wp-image-74365\" srcset=\"https:\/\/infoecos.com.ar\/wp-content\/uploads\/2021\/02\/balbinemiliano-460x308.jpg 460w, https:\/\/infoecos.com.ar\/wp-content\/uploads\/2021\/02\/balbinemiliano-920x615.jpg 920w, https:\/\/infoecos.com.ar\/wp-content\/uploads\/2021\/02\/balbinemiliano-768x514.jpg 768w, https:\/\/infoecos.com.ar\/wp-content\/uploads\/2021\/02\/balbinemiliano-675x450.jpg 675w, https:\/\/infoecos.com.ar\/wp-content\/uploads\/2021\/02\/balbinemiliano.jpg 960w\" sizes=\"(max-width: 460px) 100vw, 460px\" \/><figcaption>Balb\u00edn, Emiliano<\/figcaption><\/figure><\/div>\n\n\n\n<p>Posteriormente Balb\u00edn particip\u00f3 de una reuni\u00f3n que se desarroll\u00f3 en el parque municipal, con el fin de respetar los protocolos vigentes, del sector denominado #AdelanteBuenosAires y que promueve como candidato a presidente del comit\u00e9 provincia a Maximiliano Abad, presidente del bloque de diputados bonaerenses de Juntos por el Cambio.<\/p>\n\n\n\n<div class=\"wp-block-image\"><figure class=\"aligncenter size-medium\"><img loading=\"lazy\" decoding=\"async\" width=\"460\" height=\"307\" src=\"http:\/\/infoecos.com.ar\/wp-content\/uploads\/2021\/02\/BALBINEMILIANOYMIRANDAVALENTIN-460x307.jpg\" alt=\"\" class=\"wp-image-74366\" srcset=\"https:\/\/infoecos.com.ar\/wp-content\/uploads\/2021\/02\/BALBINEMILIANOYMIRANDAVALENTIN-460x307.jpg 460w, https:\/\/infoecos.com.ar\/wp-content\/uploads\/2021\/02\/BALBINEMILIANOYMIRANDAVALENTIN-920x613.jpg 920w, https:\/\/infoecos.com.ar\/wp-content\/uploads\/2021\/02\/BALBINEMILIANOYMIRANDAVALENTIN-768x512.jpg 768w, https:\/\/infoecos.com.ar\/wp-content\/uploads\/2021\/02\/BALBINEMILIANOYMIRANDAVALENTIN-1024x682.jpg 1024w, https:\/\/infoecos.com.ar\/wp-content\/uploads\/2021\/02\/BALBINEMILIANOYMIRANDAVALENTIN-675x450.jpg 675w, https:\/\/infoecos.com.ar\/wp-content\/uploads\/2021\/02\/BALBINEMILIANOYMIRANDAVALENTIN.jpg 1280w\" sizes=\"(max-width: 460px) 100vw, 460px\" \/><\/figure><\/div>\n\n\n\n<p>En todo momento, el actual legislador por la sexta secci\u00f3n electoral, estuvo acompa\u00f1ado por su par de Trenque Lauquen, Valent\u00edn Miranda, el presidente del comit\u00e9, Francisco \u00abPepe\u00bb Font, y Gabriela Aimar postulante a conducir el radicalismo del distrito. <\/p>\n\n\n\n<p>En un breve informe, acompa\u00f1ado por fotograf\u00edas, en la red social Facebook se se\u00f1ala que la reuni\u00f3n del parque fue muy amena, donde se abordaron temas de inter\u00e9s general. <\/p>\n\n\n\n<div class=\"wp-block-image\"><figure class=\"aligncenter size-medium\"><img loading=\"lazy\" decoding=\"async\" width=\"460\" height=\"308\" src=\"http:\/\/infoecos.com.ar\/wp-content\/uploads\/2021\/02\/balbinyfont-460x308.jpg\" alt=\"\" class=\"wp-image-74367\" srcset=\"https:\/\/infoecos.com.ar\/wp-content\/uploads\/2021\/02\/balbinyfont-460x308.jpg 460w, https:\/\/infoecos.com.ar\/wp-content\/uploads\/2021\/02\/balbinyfont-920x615.jpg 920w, https:\/\/infoecos.com.ar\/wp-content\/uploads\/2021\/02\/balbinyfont-768x514.jpg 768w, https:\/\/infoecos.com.ar\/wp-content\/uploads\/2021\/02\/balbinyfont-675x450.jpg 675w, https:\/\/infoecos.com.ar\/wp-content\/uploads\/2021\/02\/balbinyfont.jpg 960w\" sizes=\"(max-width: 460px) 100vw, 460px\" \/><\/figure><\/div>\n\n\n\n<p><\/p>\n","protected":false},"excerpt":{"rendered":"<p>Balb\u00edn particip\u00f3 de una reuni\u00f3n que se desarroll\u00f3 en el parque municipal, con el fin de respetar los protocolos vigentes, del sector denominado #AdelanteBuenosAires y que promueve como candidato a presidente del comit\u00e9 provincia a Maximiliano Abad<\/p>\n","protected":false},"author":2,"featured_media":74366,"comment_status":"closed","ping_status":"open","sticky":false,"template":"","format":"standard","meta":{"footnotes":""},"categories":[41],"tags":[2991],"class_list":["post-74364","post","type-post","status-publish","format-standard","has-post-thumbnail","hentry","category-inferior2","tag-de-recorrida-por-la-4-y-6"],"yoast_head":"<!-- This site is optimized with the Yoast SEO plugin v23.4 - https:\/\/yoast.com\/wordpress\/plugins\/seo\/ -->\n<title>La Ruta del Cereal y las internas del radicalismo, dos de los temas abordados por Emiliano Balb\u00edn en Trenque Lauquen - Infoecos<\/title>\n<meta name=\"robots\" content=\"index, follow, max-snippet:-1, max-image-preview:large, max-video-preview:-1\" \/>\n<link rel=\"canonical\" href=\"https:\/\/infoecos.com.ar\/index.php\/la-ruta-del-cereal-y-las-internas-del-radicalismo-dos-de-los-temas-abordados-por-emiliano-balbin-en-trenque-lauquen\/\" \/>\n<meta property=\"og:locale\" content=\"es_ES\" \/>\n<meta property=\"og:type\" content=\"article\" \/>\n<meta property=\"og:title\" content=\"La Ruta del Cereal y las internas del radicalismo, dos de los temas abordados por Emiliano Balb\u00edn en Trenque Lauquen - Infoecos\" \/>\n<meta property=\"og:description\" content=\"Balb\u00edn particip\u00f3 de una reuni\u00f3n que se desarroll\u00f3 en el parque municipal, con el fin de respetar los protocolos vigentes, del sector denominado #AdelanteBuenosAires y que promueve como candidato a presidente del comit\u00e9 provincia a Maximiliano Abad\" \/>\n<meta property=\"og:url\" content=\"https:\/\/infoecos.com.ar\/index.php\/la-ruta-del-cereal-y-las-internas-del-radicalismo-dos-de-los-temas-abordados-por-emiliano-balbin-en-trenque-lauquen\/\" \/>\n<meta property=\"og:site_name\" content=\"Infoecos\" \/>\n<meta property=\"article:publisher\" content=\"https:\/\/www.facebook.com\/profile.php?id=100063200290284\" \/>\n<meta property=\"article:published_time\" content=\"2021-02-14T18:40:19+00:00\" \/>\n<meta property=\"article:modified_time\" content=\"2021-02-17T05:09:43+00:00\" \/>\n<meta property=\"og:image\" content=\"https:\/\/infoecos.com.ar\/wp-content\/uploads\/2021\/02\/BALBINEMILIANOYMIRANDAVALENTIN.jpg\" \/>\n\t<meta property=\"og:image:width\" content=\"1280\" \/>\n\t<meta property=\"og:image:height\" content=\"853\" \/>\n\t<meta property=\"og:image:type\" content=\"image\/jpeg\" \/>\n<meta name=\"author\" content=\"Jorge Matheus\" \/>\n<meta name=\"twitter:card\" content=\"summary_large_image\" \/>\n<meta name=\"twitter:creator\" content=\"@infoecos\" \/>\n<meta name=\"twitter:site\" content=\"@infoecos\" \/>\n<meta name=\"twitter:label1\" content=\"Escrito por\" \/>\n\t<meta name=\"twitter:data1\" content=\"Jorge Matheus\" \/>\n\t<meta name=\"twitter:label2\" content=\"Tiempo de lectura\" \/>\n\t<meta name=\"twitter:data2\" content=\"1 minuto\" \/>\n<script type=\"application\/ld+json\" class=\"yoast-schema-graph\">{\"@context\":\"https:\/\/schema.org\",\"@graph\":[{\"@type\":\"Article\",\"@id\":\"https:\/\/infoecos.com.ar\/index.php\/la-ruta-del-cereal-y-las-internas-del-radicalismo-dos-de-los-temas-abordados-por-emiliano-balbin-en-trenque-lauquen\/#article\",\"isPartOf\":{\"@id\":\"https:\/\/infoecos.com.ar\/index.php\/la-ruta-del-cereal-y-las-internas-del-radicalismo-dos-de-los-temas-abordados-por-emiliano-balbin-en-trenque-lauquen\/\"},\"author\":{\"name\":\"Jorge Matheus\",\"@id\":\"https:\/\/infoecos.com.ar\/#\/schema\/person\/8f5ace5ce73b4b4aac4b7245aee6f191\"},\"headline\":\"La Ruta del Cereal y las internas del radicalismo, dos de los temas abordados por Emiliano Balb\u00edn en Trenque Lauquen\",\"datePublished\":\"2021-02-14T18:40:19+00:00\",\"dateModified\":\"2021-02-17T05:09:43+00:00\",\"mainEntityOfPage\":{\"@id\":\"https:\/\/infoecos.com.ar\/index.php\/la-ruta-del-cereal-y-las-internas-del-radicalismo-dos-de-los-temas-abordados-por-emiliano-balbin-en-trenque-lauquen\/\"},\"wordCount\":224,\"publisher\":{\"@id\":\"https:\/\/infoecos.com.ar\/#organization\"},\"image\":{\"@id\":\"https:\/\/infoecos.com.ar\/index.php\/la-ruta-del-cereal-y-las-internas-del-radicalismo-dos-de-los-temas-abordados-por-emiliano-balbin-en-trenque-lauquen\/#primaryimage\"},\"thumbnailUrl\":\"https:\/\/infoecos.com.ar\/wp-content\/uploads\/2021\/02\/BALBINEMILIANOYMIRANDAVALENTIN.jpg\",\"keywords\":[\"de recorrida por la 4\u00b0 y 6\u00b0\"],\"articleSection\":[\"Bloque inferior - 2\"],\"inLanguage\":\"es\"},{\"@type\":\"WebPage\",\"@id\":\"https:\/\/infoecos.com.ar\/index.php\/la-ruta-del-cereal-y-las-internas-del-radicalismo-dos-de-los-temas-abordados-por-emiliano-balbin-en-trenque-lauquen\/\",\"url\":\"https:\/\/infoecos.com.ar\/index.php\/la-ruta-del-cereal-y-las-internas-del-radicalismo-dos-de-los-temas-abordados-por-emiliano-balbin-en-trenque-lauquen\/\",\"name\":\"La Ruta del Cereal y las internas del radicalismo, dos de los temas abordados por Emiliano Balb\u00edn en Trenque Lauquen - Infoecos\",\"isPartOf\":{\"@id\":\"https:\/\/infoecos.com.ar\/#website\"},\"primaryImageOfPage\":{\"@id\":\"https:\/\/infoecos.com.ar\/index.php\/la-ruta-del-cereal-y-las-internas-del-radicalismo-dos-de-los-temas-abordados-por-emiliano-balbin-en-trenque-lauquen\/#primaryimage\"},\"image\":{\"@id\":\"https:\/\/infoecos.com.ar\/index.php\/la-ruta-del-cereal-y-las-internas-del-radicalismo-dos-de-los-temas-abordados-por-emiliano-balbin-en-trenque-lauquen\/#primaryimage\"},\"thumbnailUrl\":\"https:\/\/infoecos.com.ar\/wp-content\/uploads\/2021\/02\/BALBINEMILIANOYMIRANDAVALENTIN.jpg\",\"datePublished\":\"2021-02-14T18:40:19+00:00\",\"dateModified\":\"2021-02-17T05:09:43+00:00\",\"breadcrumb\":{\"@id\":\"https:\/\/infoecos.com.ar\/index.php\/la-ruta-del-cereal-y-las-internas-del-radicalismo-dos-de-los-temas-abordados-por-emiliano-balbin-en-trenque-lauquen\/#breadcrumb\"},\"inLanguage\":\"es\",\"potentialAction\":[{\"@type\":\"ReadAction\",\"target\":[\"https:\/\/infoecos.com.ar\/index.php\/la-ruta-del-cereal-y-las-internas-del-radicalismo-dos-de-los-temas-abordados-por-emiliano-balbin-en-trenque-lauquen\/\"]}]},{\"@type\":\"ImageObject\",\"inLanguage\":\"es\",\"@id\":\"https:\/\/infoecos.com.ar\/index.php\/la-ruta-del-cereal-y-las-internas-del-radicalismo-dos-de-los-temas-abordados-por-emiliano-balbin-en-trenque-lauquen\/#primaryimage\",\"url\":\"https:\/\/infoecos.com.ar\/wp-content\/uploads\/2021\/02\/BALBINEMILIANOYMIRANDAVALENTIN.jpg\",\"contentUrl\":\"https:\/\/infoecos.com.ar\/wp-content\/uploads\/2021\/02\/BALBINEMILIANOYMIRANDAVALENTIN.jpg\",\"width\":1280,\"height\":853},{\"@type\":\"BreadcrumbList\",\"@id\":\"https:\/\/infoecos.com.ar\/index.php\/la-ruta-del-cereal-y-las-internas-del-radicalismo-dos-de-los-temas-abordados-por-emiliano-balbin-en-trenque-lauquen\/#breadcrumb\",\"itemListElement\":[{\"@type\":\"ListItem\",\"position\":1,\"name\":\"Portada\",\"item\":\"https:\/\/infoecos.com.ar\/\"},{\"@type\":\"ListItem\",\"position\":2,\"name\":\"La Ruta del Cereal y las internas del radicalismo, dos de los temas abordados por Emiliano Balb\u00edn en Trenque Lauquen\"}]},{\"@type\":\"WebSite\",\"@id\":\"https:\/\/infoecos.com.ar\/#website\",\"url\":\"https:\/\/infoecos.com.ar\/\",\"name\":\"Infoecos\",\"description\":\"Noticias de trenque lauquen y la zona\",\"publisher\":{\"@id\":\"https:\/\/infoecos.com.ar\/#organization\"},\"alternateName\":\"Noticias\",\"potentialAction\":[{\"@type\":\"SearchAction\",\"target\":{\"@type\":\"EntryPoint\",\"urlTemplate\":\"https:\/\/infoecos.com.ar\/?s={search_term_string}\"},\"query-input\":{\"@type\":\"PropertyValueSpecification\",\"valueRequired\":true,\"valueName\":\"search_term_string\"}}],\"inLanguage\":\"es\"},{\"@type\":\"Organization\",\"@id\":\"https:\/\/infoecos.com.ar\/#organization\",\"name\":\"Infoecos\",\"alternateName\":\"Noticias\",\"url\":\"https:\/\/infoecos.com.ar\/\",\"logo\":{\"@type\":\"ImageObject\",\"inLanguage\":\"es\",\"@id\":\"https:\/\/infoecos.com.ar\/#\/schema\/logo\/image\/\",\"url\":\"https:\/\/infoecos.com.ar\/wp-content\/uploads\/2024\/03\/cropped-logo.png\",\"contentUrl\":\"https:\/\/infoecos.com.ar\/wp-content\/uploads\/2024\/03\/cropped-logo.png\",\"width\":374,\"height\":90,\"caption\":\"Infoecos\"},\"image\":{\"@id\":\"https:\/\/infoecos.com.ar\/#\/schema\/logo\/image\/\"},\"sameAs\":[\"https:\/\/www.facebook.com\/profile.php?id=100063200290284\",\"https:\/\/x.com\/infoecos\"]},{\"@type\":\"Person\",\"@id\":\"https:\/\/infoecos.com.ar\/#\/schema\/person\/8f5ace5ce73b4b4aac4b7245aee6f191\",\"name\":\"Jorge Matheus\",\"url\":\"https:\/\/infoecos.com.ar\/index.php\/author\/jomatheus\/\"}]}<\/script>\n<!-- \/ Yoast SEO plugin. -->","yoast_head_json":{"title":"La Ruta del Cereal y las internas del radicalismo, dos de los temas abordados por Emiliano Balb\u00edn en Trenque Lauquen - Infoecos","robots":{"index":"index","follow":"follow","max-snippet":"max-snippet:-1","max-image-preview":"max-image-preview:large","max-video-preview":"max-video-preview:-1"},"canonical":"https:\/\/infoecos.com.ar\/index.php\/la-ruta-del-cereal-y-las-internas-del-radicalismo-dos-de-los-temas-abordados-por-emiliano-balbin-en-trenque-lauquen\/","og_locale":"es_ES","og_type":"article","og_title":"La Ruta del Cereal y las internas del radicalismo, dos de los temas abordados por Emiliano Balb\u00edn en Trenque Lauquen - Infoecos","og_description":"Balb\u00edn particip\u00f3 de una reuni\u00f3n que se desarroll\u00f3 en el parque municipal, con el fin de respetar los protocolos vigentes, del sector denominado #AdelanteBuenosAires y que promueve como candidato a presidente del comit\u00e9 provincia a Maximiliano Abad","og_url":"https:\/\/infoecos.com.ar\/index.php\/la-ruta-del-cereal-y-las-internas-del-radicalismo-dos-de-los-temas-abordados-por-emiliano-balbin-en-trenque-lauquen\/","og_site_name":"Infoecos","article_publisher":"https:\/\/www.facebook.com\/profile.php?id=100063200290284","article_published_time":"2021-02-14T18:40:19+00:00","article_modified_time":"2021-02-17T05:09:43+00:00","og_image":[{"width":1280,"height":853,"url":"https:\/\/infoecos.com.ar\/wp-content\/uploads\/2021\/02\/BALBINEMILIANOYMIRANDAVALENTIN.jpg","type":"image\/jpeg"}],"author":"Jorge Matheus","twitter_card":"summary_large_image","twitter_creator":"@infoecos","twitter_site":"@infoecos","twitter_misc":{"Escrito por":"Jorge Matheus","Tiempo de lectura":"1 minuto"},"schema":{"@context":"https:\/\/schema.org","@graph":[{"@type":"Article","@id":"https:\/\/infoecos.com.ar\/index.php\/la-ruta-del-cereal-y-las-internas-del-radicalismo-dos-de-los-temas-abordados-por-emiliano-balbin-en-trenque-lauquen\/#article","isPartOf":{"@id":"https:\/\/infoecos.com.ar\/index.php\/la-ruta-del-cereal-y-las-internas-del-radicalismo-dos-de-los-temas-abordados-por-emiliano-balbin-en-trenque-lauquen\/"},"author":{"name":"Jorge Matheus","@id":"https:\/\/infoecos.com.ar\/#\/schema\/person\/8f5ace5ce73b4b4aac4b7245aee6f191"},"headline":"La Ruta del Cereal y las internas del radicalismo, dos de los temas abordados por Emiliano Balb\u00edn en Trenque Lauquen","datePublished":"2021-02-14T18:40:19+00:00","dateModified":"2021-02-17T05:09:43+00:00","mainEntityOfPage":{"@id":"https:\/\/infoecos.com.ar\/index.php\/la-ruta-del-cereal-y-las-internas-del-radicalismo-dos-de-los-temas-abordados-por-emiliano-balbin-en-trenque-lauquen\/"},"wordCount":224,"publisher":{"@id":"https:\/\/infoecos.com.ar\/#organization"},"image":{"@id":"https:\/\/infoecos.com.ar\/index.php\/la-ruta-del-cereal-y-las-internas-del-radicalismo-dos-de-los-temas-abordados-por-emiliano-balbin-en-trenque-lauquen\/#primaryimage"},"thumbnailUrl":"https:\/\/infoecos.com.ar\/wp-content\/uploads\/2021\/02\/BALBINEMILIANOYMIRANDAVALENTIN.jpg","keywords":["de recorrida por la 4\u00b0 y 6\u00b0"],"articleSection":["Bloque inferior - 2"],"inLanguage":"es"},{"@type":"WebPage","@id":"https:\/\/infoecos.com.ar\/index.php\/la-ruta-del-cereal-y-las-internas-del-radicalismo-dos-de-los-temas-abordados-por-emiliano-balbin-en-trenque-lauquen\/","url":"https:\/\/infoecos.com.ar\/index.php\/la-ruta-del-cereal-y-las-internas-del-radicalismo-dos-de-los-temas-abordados-por-emiliano-balbin-en-trenque-lauquen\/","name":"La Ruta del Cereal y las internas del radicalismo, dos de los temas abordados por Emiliano Balb\u00edn en Trenque Lauquen - Infoecos","isPartOf":{"@id":"https:\/\/infoecos.com.ar\/#website"},"primaryImageOfPage":{"@id":"https:\/\/infoecos.com.ar\/index.php\/la-ruta-del-cereal-y-las-internas-del-radicalismo-dos-de-los-temas-abordados-por-emiliano-balbin-en-trenque-lauquen\/#primaryimage"},"image":{"@id":"https:\/\/infoecos.com.ar\/index.php\/la-ruta-del-cereal-y-las-internas-del-radicalismo-dos-de-los-temas-abordados-por-emiliano-balbin-en-trenque-lauquen\/#primaryimage"},"thumbnailUrl":"https:\/\/infoecos.com.ar\/wp-content\/uploads\/2021\/02\/BALBINEMILIANOYMIRANDAVALENTIN.jpg","datePublished":"2021-02-14T18:40:19+00:00","dateModified":"2021-02-17T05:09:43+00:00","breadcrumb":{"@id":"https:\/\/infoecos.com.ar\/index.php\/la-ruta-del-cereal-y-las-internas-del-radicalismo-dos-de-los-temas-abordados-por-emiliano-balbin-en-trenque-lauquen\/#breadcrumb"},"inLanguage":"es","potentialAction":[{"@type":"ReadAction","target":["https:\/\/infoecos.com.ar\/index.php\/la-ruta-del-cereal-y-las-internas-del-radicalismo-dos-de-los-temas-abordados-por-emiliano-balbin-en-trenque-lauquen\/"]}]},{"@type":"ImageObject","inLanguage":"es","@id":"https:\/\/infoecos.com.ar\/index.php\/la-ruta-del-cereal-y-las-internas-del-radicalismo-dos-de-los-temas-abordados-por-emiliano-balbin-en-trenque-lauquen\/#primaryimage","url":"https:\/\/infoecos.com.ar\/wp-content\/uploads\/2021\/02\/BALBINEMILIANOYMIRANDAVALENTIN.jpg","contentUrl":"https:\/\/infoecos.com.ar\/wp-content\/uploads\/2021\/02\/BALBINEMILIANOYMIRANDAVALENTIN.jpg","width":1280,"height":853},{"@type":"BreadcrumbList","@id":"https:\/\/infoecos.com.ar\/index.php\/la-ruta-del-cereal-y-las-internas-del-radicalismo-dos-de-los-temas-abordados-por-emiliano-balbin-en-trenque-lauquen\/#breadcrumb","itemListElement":[{"@type":"ListItem","position":1,"name":"Portada","item":"https:\/\/infoecos.com.ar\/"},{"@type":"ListItem","position":2,"name":"La Ruta del Cereal y las internas del radicalismo, dos de los temas abordados por Emiliano Balb\u00edn en Trenque Lauquen"}]},{"@type":"WebSite","@id":"https:\/\/infoecos.com.ar\/#website","url":"https:\/\/infoecos.com.ar\/","name":"Infoecos","description":"Noticias de trenque lauquen y la zona","publisher":{"@id":"https:\/\/infoecos.com.ar\/#organization"},"alternateName":"Noticias","potentialAction":[{"@type":"SearchAction","target":{"@type":"EntryPoint","urlTemplate":"https:\/\/infoecos.com.ar\/?s={search_term_string}"},"query-input":{"@type":"PropertyValueSpecification","valueRequired":true,"valueName":"search_term_string"}}],"inLanguage":"es"},{"@type":"Organization","@id":"https:\/\/infoecos.com.ar\/#organization","name":"Infoecos","alternateName":"Noticias","url":"https:\/\/infoecos.com.ar\/","logo":{"@type":"ImageObject","inLanguage":"es","@id":"https:\/\/infoecos.com.ar\/#\/schema\/logo\/image\/","url":"https:\/\/infoecos.com.ar\/wp-content\/uploads\/2024\/03\/cropped-logo.png","contentUrl":"https:\/\/infoecos.com.ar\/wp-content\/uploads\/2024\/03\/cropped-logo.png","width":374,"height":90,"caption":"Infoecos"},"image":{"@id":"https:\/\/infoecos.com.ar\/#\/schema\/logo\/image\/"},"sameAs":["https:\/\/www.facebook.com\/profile.php?id=100063200290284","https:\/\/x.com\/infoecos"]},{"@type":"Person","@id":"https:\/\/infoecos.com.ar\/#\/schema\/person\/8f5ace5ce73b4b4aac4b7245aee6f191","name":"Jorge Matheus","url":"https:\/\/infoecos.com.ar\/index.php\/author\/jomatheus\/"}]}},"featured_image_urls":{"full":["https:\/\/infoecos.com.ar\/wp-content\/uploads\/2021\/02\/BALBINEMILIANOYMIRANDAVALENTIN.jpg",1280,853,false],"thumbnail":["https:\/\/infoecos.com.ar\/wp-content\/uploads\/2021\/02\/BALBINEMILIANOYMIRANDAVALENTIN-150x150.jpg",150,150,true],"medium":["https:\/\/infoecos.com.ar\/wp-content\/uploads\/2021\/02\/BALBINEMILIANOYMIRANDAVALENTIN-460x307.jpg",460,307,true],"medium_large":["https:\/\/infoecos.com.ar\/wp-content\/uploads\/2021\/02\/BALBINEMILIANOYMIRANDAVALENTIN-768x512.jpg",640,427,true],"large":["https:\/\/infoecos.com.ar\/wp-content\/uploads\/2021\/02\/BALBINEMILIANOYMIRANDAVALENTIN-920x613.jpg",640,426,true],"1536x1536":["https:\/\/infoecos.com.ar\/wp-content\/uploads\/2021\/02\/BALBINEMILIANOYMIRANDAVALENTIN.jpg",1280,853,false],"2048x2048":["https:\/\/infoecos.com.ar\/wp-content\/uploads\/2021\/02\/BALBINEMILIANOYMIRANDAVALENTIN.jpg",1280,853,false],"covernews-slider-full":["https:\/\/infoecos.com.ar\/wp-content\/uploads\/2021\/02\/BALBINEMILIANOYMIRANDAVALENTIN.jpg",1073,715,false],"covernews-slider-center":["https:\/\/infoecos.com.ar\/wp-content\/uploads\/2021\/02\/BALBINEMILIANOYMIRANDAVALENTIN-936x853.jpg",549,500,true],"covernews-featured":["https:\/\/infoecos.com.ar\/wp-content\/uploads\/2021\/02\/BALBINEMILIANOYMIRANDAVALENTIN-1024x682.jpg",1024,682,true],"covernews-medium":["https:\/\/infoecos.com.ar\/wp-content\/uploads\/2021\/02\/BALBINEMILIANOYMIRANDAVALENTIN-720x380.jpg",540,285,true],"covernews-medium-square":["https:\/\/infoecos.com.ar\/wp-content\/uploads\/2021\/02\/BALBINEMILIANOYMIRANDAVALENTIN-675x450.jpg",375,250,true]},"author_info":{"info":["Jorge Matheus"]},"category_info":"<a href=\"https:\/\/infoecos.com.ar\/index.php\/category\/inferior2\/\" rel=\"category tag\">Bloque inferior - 2<\/a>","tag_info":"Bloque inferior - 2","comment_count":"0","_links":{"self":[{"href":"https:\/\/infoecos.com.ar\/index.php\/wp-json\/wp\/v2\/posts\/74364"}],"collection":[{"href":"https:\/\/infoecos.com.ar\/index.php\/wp-json\/wp\/v2\/posts"}],"about":[{"href":"https:\/\/infoecos.com.ar\/index.php\/wp-json\/wp\/v2\/types\/post"}],"author":[{"embeddable":true,"href":"https:\/\/infoecos.com.ar\/index.php\/wp-json\/wp\/v2\/users\/2"}],"replies":[{"embeddable":true,"href":"https:\/\/infoecos.com.ar\/index.php\/wp-json\/wp\/v2\/comments?post=74364"}],"version-history":[{"count":1,"href":"https:\/\/infoecos.com.ar\/index.php\/wp-json\/wp\/v2\/posts\/74364\/revisions"}],"predecessor-version":[{"id":74368,"href":"https:\/\/infoecos.com.ar\/index.php\/wp-json\/wp\/v2\/posts\/74364\/revisions\/74368"}],"wp:featuredmedia":[{"embeddable":true,"href":"https:\/\/infoecos.com.ar\/index.php\/wp-json\/wp\/v2\/media\/74366"}],"wp:attachment":[{"href":"https:\/\/infoecos.com.ar\/index.php\/wp-json\/wp\/v2\/media?parent=74364"}],"wp:term":[{"taxonomy":"category","embeddable":true,"href":"https:\/\/infoecos.com.ar\/index.php\/wp-json\/wp\/v2\/categories?post=74364"},{"taxonomy":"post_tag","embeddable":true,"href":"https:\/\/infoecos.com.ar\/index.php\/wp-json\/wp\/v2\/tags?post=74364"}],"curies":[{"name":"wp","href":"https:\/\/api.w.org\/{rel}","templated":true}]}}