{"id":74392,"date":"2021-02-14T16:41:02","date_gmt":"2021-02-14T19:41:02","guid":{"rendered":"http:\/\/infoecos.com.ar\/?p=74392"},"modified":"2021-02-14T16:41:05","modified_gmt":"2021-02-14T19:41:05","slug":"tres-dias-de-duelo-nacional-a-partir-de-este-domingo-por-el-fallecimiento-de-carlos-menem","status":"publish","type":"post","link":"https:\/\/infoecos.com.ar\/index.php\/tres-dias-de-duelo-nacional-a-partir-de-este-domingo-por-el-fallecimiento-de-carlos-menem\/","title":{"rendered":"Tres d\u00edas de duelo nacional, a partir de este domingo, por  el fallecimiento de Carlos Menem"},"content":{"rendered":"\n<p class=\"wp-block-paragraph\">El presidente Alberto Fern\u00e1ndez decret\u00f3 tres d\u00edas de duelo nacional a partir de este domingo con motivo del fallecimiento de Carlos Sa\u00fal Menem, quien fue dos veces elegido presidente de la Naci\u00f3n.<\/p>\n\n\n\n<div class=\"wp-block-image\"><figure class=\"aligncenter size-medium\"><img loading=\"lazy\" decoding=\"async\" width=\"460\" height=\"257\" src=\"http:\/\/infoecos.com.ar\/wp-content\/uploads\/2021\/02\/fernandezmenem-460x257.jpg\" alt=\"\" class=\"wp-image-74393\" srcset=\"https:\/\/infoecos.com.ar\/wp-content\/uploads\/2021\/02\/fernandezmenem-460x257.jpg 460w, https:\/\/infoecos.com.ar\/wp-content\/uploads\/2021\/02\/fernandezmenem.jpg 679w\" sizes=\"auto, (max-width: 460px) 100vw, 460px\" \/><\/figure><\/div>\n\n\n\n<p class=\"wp-block-paragraph\">En ese marco, el mandatario expres\u00f3 su \u00abprofundo pesar\u00bb por la muerte del senador riojano.<\/p>\n\n\n\n<p class=\"wp-block-paragraph\">\u00abCon profundo pesar supe de la muerte de Carlos Sa\u00fal Menem. Siempre elegido en democracia, fue gobernador de La Rioja, Presidente de la Naci\u00f3n y Senador nacional\u00bb, expres\u00f3 en Twitter.<\/p>\n\n\n\n<p class=\"wp-block-paragraph\">El Presidente destac\u00f3 que Menem \u00aben dictadura fue perseguido y encarcelado\u00bb.<\/p>\n\n\n\n<p class=\"wp-block-paragraph\">En la publicaci\u00f3n expres\u00f3 sus condolencias a la familia: \u00abVaya todo mi cari\u00f1o a Zulema, a Zulemita y a todos los que hoy lo lloran\u00bb.<\/p>\n\n\n\n<p class=\"wp-block-paragraph\">En declaraciones radiales Fern\u00e1ndez relat\u00f3 c\u00f3mo lo conoci\u00f3, dijo que la historia seguramente dir\u00e1 que tuvieron \u00abmiradas distintas\u00bb pero destac\u00f3 \u00absu naturaleza democr\u00e1tica\u00bb y lo calific\u00f3 como un hombre \u00abmuy cari\u00f1oso y muy afectuoso\u00bb en el trato personal.<\/p>\n\n\n\n<p class=\"wp-block-paragraph\">Record\u00f3 largamente a Menem. \u00abLo conoc\u00ed cuando milit\u00e1bamos con\u00a0Antonio Cafiero\u00a0en su contra\u00bb, explic\u00f3.<\/p>\n\n\n\n<p class=\"wp-block-paragraph\">\u00abTen\u00eda una enorme fortaleza en el trato personal, en tratar al otro con afecto, con cari\u00f1o, aun en las diferencias\u00bb, dijo.<\/p>\n\n\n\n<p class=\"wp-block-paragraph\">Fern\u00e1ndez asegur\u00f3 que \u00abno le entraba en la cabeza\u00bb en su momento que Menem les hubiera ganado en la interna partidaria del Partido Justicialista.<\/p>\n\n\n\n<p class=\"wp-block-paragraph\">\u00abTuve muchas diferencias y seguramente la historia escribir\u00e1 que estuvimos siempre en veredas enfrentadas, con miradas distintas, pero esto no me hace perder de vista su trascendencia hist\u00f3rica\u00bb, dijo Fern\u00e1ndez.<\/p>\n","protected":false},"excerpt":{"rendered":"<p>En declaraciones radiales Fern\u00e1ndez relat\u00f3 c\u00f3mo lo conoci\u00f3, dijo que la historia seguramente dir\u00e1 que tuvieron \u00abmiradas distintas\u00bb pero destac\u00f3 \u00absu naturaleza democr\u00e1tica\u00bb<\/p>\n","protected":false},"author":2,"featured_media":74393,"comment_status":"closed","ping_status":"open","sticky":false,"template":"","format":"standard","meta":{"footnotes":""},"categories":[46],"tags":[2972],"class_list":["post-74392","post","type-post","status-publish","format-standard","has-post-thumbnail","hentry","category-c2nota2","tag-lo-decreto-el-presidente-fernandez"],"featured_image_urls":{"full":["https:\/\/infoecos.com.ar\/wp-content\/uploads\/2021\/02\/fernandezmenem.jpg",679,380,false],"thumbnail":["https:\/\/infoecos.com.ar\/wp-content\/uploads\/2021\/02\/fernandezmenem-150x150.jpg",150,150,true],"medium":["https:\/\/infoecos.com.ar\/wp-content\/uploads\/2021\/02\/fernandezmenem-460x257.jpg",460,257,true],"medium_large":["https:\/\/infoecos.com.ar\/wp-content\/uploads\/2021\/02\/fernandezmenem.jpg",640,358,false],"large":["https:\/\/infoecos.com.ar\/wp-content\/uploads\/2021\/02\/fernandezmenem.jpg",640,358,false],"1536x1536":["https:\/\/infoecos.com.ar\/wp-content\/uploads\/2021\/02\/fernandezmenem.jpg",679,380,false],"2048x2048":["https:\/\/infoecos.com.ar\/wp-content\/uploads\/2021\/02\/fernandezmenem.jpg",679,380,false],"covernews-slider-full":["https:\/\/infoecos.com.ar\/wp-content\/uploads\/2021\/02\/fernandezmenem.jpg",679,380,false],"covernews-slider-center":["https:\/\/infoecos.com.ar\/wp-content\/uploads\/2021\/02\/fernandezmenem.jpg",679,380,false],"covernews-featured":["https:\/\/infoecos.com.ar\/wp-content\/uploads\/2021\/02\/fernandezmenem.jpg",679,380,false],"covernews-medium":["https:\/\/infoecos.com.ar\/wp-content\/uploads\/2021\/02\/fernandezmenem.jpg",540,302,false],"covernews-medium-square":["https:\/\/infoecos.com.ar\/wp-content\/uploads\/2021\/02\/fernandezmenem-675x380.jpg",400,225,true]},"author_info":{"info":["Jorge Matheus"]},"category_info":"<a href=\"https:\/\/infoecos.com.ar\/index.php\/category\/c2nota2\/\" rel=\"category tag\">C2 N2<\/a>","tag_info":"C2 N2","comment_count":"0","_links":{"self":[{"href":"https:\/\/infoecos.com.ar\/index.php\/wp-json\/wp\/v2\/posts\/74392","targetHints":{"allow":["GET"]}}],"collection":[{"href":"https:\/\/infoecos.com.ar\/index.php\/wp-json\/wp\/v2\/posts"}],"about":[{"href":"https:\/\/infoecos.com.ar\/index.php\/wp-json\/wp\/v2\/types\/post"}],"author":[{"embeddable":true,"href":"https:\/\/infoecos.com.ar\/index.php\/wp-json\/wp\/v2\/users\/2"}],"replies":[{"embeddable":true,"href":"https:\/\/infoecos.com.ar\/index.php\/wp-json\/wp\/v2\/comments?post=74392"}],"version-history":[{"count":1,"href":"https:\/\/infoecos.com.ar\/index.php\/wp-json\/wp\/v2\/posts\/74392\/revisions"}],"predecessor-version":[{"id":74394,"href":"https:\/\/infoecos.com.ar\/index.php\/wp-json\/wp\/v2\/posts\/74392\/revisions\/74394"}],"wp:featuredmedia":[{"embeddable":true,"href":"https:\/\/infoecos.com.ar\/index.php\/wp-json\/wp\/v2\/media\/74393"}],"wp:attachment":[{"href":"https:\/\/infoecos.com.ar\/index.php\/wp-json\/wp\/v2\/media?parent=74392"}],"wp:term":[{"taxonomy":"category","embeddable":true,"href":"https:\/\/infoecos.com.ar\/index.php\/wp-json\/wp\/v2\/categories?post=74392"},{"taxonomy":"post_tag","embeddable":true,"href":"https:\/\/infoecos.com.ar\/index.php\/wp-json\/wp\/v2\/tags?post=74392"}],"curies":[{"name":"wp","href":"https:\/\/api.w.org\/{rel}","templated":true}]}}