{"id":74403,"date":"2021-02-15T13:23:45","date_gmt":"2021-02-15T16:23:45","guid":{"rendered":"http:\/\/infoecos.com.ar\/?p=74403"},"modified":"2021-02-15T13:25:41","modified_gmt":"2021-02-15T16:25:41","slug":"el-comando-de-prevencion-rural-de-guamini-dio-a-conocer-un-informe-oficial-sobre-la-muerte-de-un-menor-de-13-anos","status":"publish","type":"post","link":"https:\/\/infoecos.com.ar\/index.php\/el-comando-de-prevencion-rural-de-guamini-dio-a-conocer-un-informe-oficial-sobre-la-muerte-de-un-menor-de-13-anos\/","title":{"rendered":"El Comando de Prevenci\u00f3n Rural Guamin\u00ed y el informe oficial sobre la muerte de un chico de 13 a\u00f1os"},"content":{"rendered":"\n<p>La Jefatura del Comando de Prevenci\u00f3n Rural del distrito de Guamin\u00ed dio a conocer el parte oficial sobre la muerte de un adolescente de Trenque Lauquen en un establecimiento rural de ese distrito, ubicado a escasos kil\u00f3metros del l\u00edmite con Salliquel\u00f3.<\/p>\n\n\n\n<div class=\"wp-block-image\"><figure class=\"aligncenter size-medium\"><img loading=\"lazy\" decoding=\"async\" width=\"460\" height=\"460\" src=\"http:\/\/infoecos.com.ar\/wp-content\/uploads\/2021\/02\/comandoprevencionruralguamini-460x460.jpg\" alt=\"\" class=\"wp-image-74404\" srcset=\"https:\/\/infoecos.com.ar\/wp-content\/uploads\/2021\/02\/comandoprevencionruralguamini-460x460.jpg 460w, https:\/\/infoecos.com.ar\/wp-content\/uploads\/2021\/02\/comandoprevencionruralguamini-920x920.jpg 920w, https:\/\/infoecos.com.ar\/wp-content\/uploads\/2021\/02\/comandoprevencionruralguamini-150x150.jpg 150w, https:\/\/infoecos.com.ar\/wp-content\/uploads\/2021\/02\/comandoprevencionruralguamini-768x768.jpg 768w, https:\/\/infoecos.com.ar\/wp-content\/uploads\/2021\/02\/comandoprevencionruralguamini-1024x1024.jpg 1024w, https:\/\/infoecos.com.ar\/wp-content\/uploads\/2021\/02\/comandoprevencionruralguamini.jpg 1440w\" sizes=\"(max-width: 460px) 100vw, 460px\" \/><\/figure><\/div>\n\n\n\n<p>Se se\u00f1ala que el hecho se produjo a las 14 horas aproximadamente, de este domingo, en el campo denominado La Josefina, propiedad de una familia reconocida de Trenque Lauquen y que el deceso se produjo como consecuencia de un accidente dom\u00e9stico (electrocuci\u00f3n) mientras se encontraba limpieando una pileta de nataci\u00f3n. Agrega el parte policial que el menor, hijo del due\u00f1o de la estancia, fue trasladado al hospital de Salliquel\u00f3, casi sin signos vitales. Se le practicaron maniobras de reanimaci\u00f3n, pero las mismas dieron resultado negativo.<\/p>\n\n\n\n<p>Las autoridades policiales indicaron que se iniciaron actuaciones caratuladas \u00abAveriguaci\u00f3n causal de Muerte\u00bb con la intervenci\u00f3n de Unidad Funcional de Instrucci\u00f3n n\u00famero 2 del Departamento Judicial de Trenque Lauquen a cargo del doctor Butti y la Ayudant\u00eda Fiscal de Guamin\u00ed. <\/p>\n\n\n\n<p>Trabajaron en el lugar del hecho, personal del Comando de Prevenci\u00f3n Rural de Guamin\u00ed, juntamente con Polic\u00eda Cient\u00edfica de la Delegaci\u00f3n Pericial de Adolfo Alsina, donde se realizaron tareas tendientes a dilucidar lo ocurrido. Tambi\u00e9n trabaj\u00f3 en conjunto personal del Comando Prevenci\u00f3n Rural Salliquel\u00f3.<\/p>\n","protected":false},"excerpt":{"rendered":"<p>Las autoridades policiales indicaron que se iniciaron actuaciones caratuladas \u00abAveriguaci\u00f3n causal de Muerte\u00bb con la intervenci\u00f3n de Unidad Funcional de Instrucci\u00f3n n\u00famero 2 del Departamento Judicial de Trenque Lauquen a cargo del doctor Butti y la Ayudant\u00eda Fiscal de Guamin\u00ed<\/p>\n","protected":false},"author":2,"featured_media":74404,"comment_status":"closed","ping_status":"open","sticky":false,"template":"","format":"standard","meta":{"footnotes":""},"categories":[1612],"tags":[2974],"class_list":["post-74403","post","type-post","status-publish","format-standard","has-post-thumbnail","hentry","category-noticia-principal","tag-hijo-de-un-productor-trenquelauquense"],"yoast_head":"<!-- This site is optimized with the Yoast SEO plugin v23.4 - https:\/\/yoast.com\/wordpress\/plugins\/seo\/ -->\n<title>El Comando de Prevenci\u00f3n Rural Guamin\u00ed y el informe oficial sobre la muerte de un chico de 13 a\u00f1os - Infoecos<\/title>\n<meta name=\"robots\" content=\"index, follow, max-snippet:-1, max-image-preview:large, max-video-preview:-1\" \/>\n<link rel=\"canonical\" href=\"https:\/\/infoecos.com.ar\/index.php\/el-comando-de-prevencion-rural-de-guamini-dio-a-conocer-un-informe-oficial-sobre-la-muerte-de-un-menor-de-13-anos\/\" \/>\n<meta property=\"og:locale\" content=\"es_ES\" \/>\n<meta property=\"og:type\" content=\"article\" \/>\n<meta property=\"og:title\" content=\"El Comando de Prevenci\u00f3n Rural Guamin\u00ed y el informe oficial sobre la muerte de un chico de 13 a\u00f1os - Infoecos\" \/>\n<meta property=\"og:description\" content=\"Las autoridades policiales indicaron que se iniciaron actuaciones caratuladas &quot;Averiguaci\u00f3n causal de Muerte&quot; con la intervenci\u00f3n de Unidad Funcional de Instrucci\u00f3n n\u00famero 2 del Departamento Judicial de Trenque Lauquen a cargo del doctor Butti y la Ayudant\u00eda Fiscal de Guamin\u00ed\" \/>\n<meta property=\"og:url\" content=\"https:\/\/infoecos.com.ar\/index.php\/el-comando-de-prevencion-rural-de-guamini-dio-a-conocer-un-informe-oficial-sobre-la-muerte-de-un-menor-de-13-anos\/\" \/>\n<meta property=\"og:site_name\" content=\"Infoecos\" \/>\n<meta property=\"article:publisher\" content=\"https:\/\/www.facebook.com\/profile.php?id=100063200290284\" \/>\n<meta property=\"article:published_time\" content=\"2021-02-15T16:23:45+00:00\" \/>\n<meta property=\"article:modified_time\" content=\"2021-02-15T16:25:41+00:00\" \/>\n<meta property=\"og:image\" content=\"https:\/\/infoecos.com.ar\/wp-content\/uploads\/2021\/02\/comandoprevencionruralguamini.jpg\" \/>\n\t<meta property=\"og:image:width\" content=\"1440\" \/>\n\t<meta property=\"og:image:height\" content=\"1440\" \/>\n\t<meta property=\"og:image:type\" content=\"image\/jpeg\" \/>\n<meta name=\"author\" content=\"Jorge Matheus\" \/>\n<meta name=\"twitter:card\" content=\"summary_large_image\" \/>\n<meta name=\"twitter:creator\" content=\"@infoecos\" \/>\n<meta name=\"twitter:site\" content=\"@infoecos\" \/>\n<meta name=\"twitter:label1\" content=\"Escrito por\" \/>\n\t<meta name=\"twitter:data1\" content=\"Jorge Matheus\" \/>\n\t<meta name=\"twitter:label2\" content=\"Tiempo de lectura\" \/>\n\t<meta name=\"twitter:data2\" content=\"1 minuto\" \/>\n<script type=\"application\/ld+json\" class=\"yoast-schema-graph\">{\"@context\":\"https:\/\/schema.org\",\"@graph\":[{\"@type\":\"Article\",\"@id\":\"https:\/\/infoecos.com.ar\/index.php\/el-comando-de-prevencion-rural-de-guamini-dio-a-conocer-un-informe-oficial-sobre-la-muerte-de-un-menor-de-13-anos\/#article\",\"isPartOf\":{\"@id\":\"https:\/\/infoecos.com.ar\/index.php\/el-comando-de-prevencion-rural-de-guamini-dio-a-conocer-un-informe-oficial-sobre-la-muerte-de-un-menor-de-13-anos\/\"},\"author\":{\"name\":\"Jorge Matheus\",\"@id\":\"https:\/\/infoecos.com.ar\/#\/schema\/person\/8f5ace5ce73b4b4aac4b7245aee6f191\"},\"headline\":\"El Comando de Prevenci\u00f3n Rural Guamin\u00ed y el informe oficial sobre la muerte de un chico de 13 a\u00f1os\",\"datePublished\":\"2021-02-15T16:23:45+00:00\",\"dateModified\":\"2021-02-15T16:25:41+00:00\",\"mainEntityOfPage\":{\"@id\":\"https:\/\/infoecos.com.ar\/index.php\/el-comando-de-prevencion-rural-de-guamini-dio-a-conocer-un-informe-oficial-sobre-la-muerte-de-un-menor-de-13-anos\/\"},\"wordCount\":248,\"publisher\":{\"@id\":\"https:\/\/infoecos.com.ar\/#organization\"},\"image\":{\"@id\":\"https:\/\/infoecos.com.ar\/index.php\/el-comando-de-prevencion-rural-de-guamini-dio-a-conocer-un-informe-oficial-sobre-la-muerte-de-un-menor-de-13-anos\/#primaryimage\"},\"thumbnailUrl\":\"https:\/\/infoecos.com.ar\/wp-content\/uploads\/2021\/02\/comandoprevencionruralguamini.jpg\",\"keywords\":[\"HIJO DE UN PRODUCTOR TRENQUELAUQUENSE\"],\"articleSection\":[\"Noticia Principal\"],\"inLanguage\":\"es\"},{\"@type\":\"WebPage\",\"@id\":\"https:\/\/infoecos.com.ar\/index.php\/el-comando-de-prevencion-rural-de-guamini-dio-a-conocer-un-informe-oficial-sobre-la-muerte-de-un-menor-de-13-anos\/\",\"url\":\"https:\/\/infoecos.com.ar\/index.php\/el-comando-de-prevencion-rural-de-guamini-dio-a-conocer-un-informe-oficial-sobre-la-muerte-de-un-menor-de-13-anos\/\",\"name\":\"El Comando de Prevenci\u00f3n Rural Guamin\u00ed y el informe oficial sobre la muerte de un chico de 13 a\u00f1os - Infoecos\",\"isPartOf\":{\"@id\":\"https:\/\/infoecos.com.ar\/#website\"},\"primaryImageOfPage\":{\"@id\":\"https:\/\/infoecos.com.ar\/index.php\/el-comando-de-prevencion-rural-de-guamini-dio-a-conocer-un-informe-oficial-sobre-la-muerte-de-un-menor-de-13-anos\/#primaryimage\"},\"image\":{\"@id\":\"https:\/\/infoecos.com.ar\/index.php\/el-comando-de-prevencion-rural-de-guamini-dio-a-conocer-un-informe-oficial-sobre-la-muerte-de-un-menor-de-13-anos\/#primaryimage\"},\"thumbnailUrl\":\"https:\/\/infoecos.com.ar\/wp-content\/uploads\/2021\/02\/comandoprevencionruralguamini.jpg\",\"datePublished\":\"2021-02-15T16:23:45+00:00\",\"dateModified\":\"2021-02-15T16:25:41+00:00\",\"breadcrumb\":{\"@id\":\"https:\/\/infoecos.com.ar\/index.php\/el-comando-de-prevencion-rural-de-guamini-dio-a-conocer-un-informe-oficial-sobre-la-muerte-de-un-menor-de-13-anos\/#breadcrumb\"},\"inLanguage\":\"es\",\"potentialAction\":[{\"@type\":\"ReadAction\",\"target\":[\"https:\/\/infoecos.com.ar\/index.php\/el-comando-de-prevencion-rural-de-guamini-dio-a-conocer-un-informe-oficial-sobre-la-muerte-de-un-menor-de-13-anos\/\"]}]},{\"@type\":\"ImageObject\",\"inLanguage\":\"es\",\"@id\":\"https:\/\/infoecos.com.ar\/index.php\/el-comando-de-prevencion-rural-de-guamini-dio-a-conocer-un-informe-oficial-sobre-la-muerte-de-un-menor-de-13-anos\/#primaryimage\",\"url\":\"https:\/\/infoecos.com.ar\/wp-content\/uploads\/2021\/02\/comandoprevencionruralguamini.jpg\",\"contentUrl\":\"https:\/\/infoecos.com.ar\/wp-content\/uploads\/2021\/02\/comandoprevencionruralguamini.jpg\",\"width\":1440,\"height\":1440},{\"@type\":\"BreadcrumbList\",\"@id\":\"https:\/\/infoecos.com.ar\/index.php\/el-comando-de-prevencion-rural-de-guamini-dio-a-conocer-un-informe-oficial-sobre-la-muerte-de-un-menor-de-13-anos\/#breadcrumb\",\"itemListElement\":[{\"@type\":\"ListItem\",\"position\":1,\"name\":\"Portada\",\"item\":\"https:\/\/infoecos.com.ar\/\"},{\"@type\":\"ListItem\",\"position\":2,\"name\":\"El Comando de Prevenci\u00f3n Rural Guamin\u00ed y el informe oficial sobre la muerte de un chico de 13 a\u00f1os\"}]},{\"@type\":\"WebSite\",\"@id\":\"https:\/\/infoecos.com.ar\/#website\",\"url\":\"https:\/\/infoecos.com.ar\/\",\"name\":\"Infoecos\",\"description\":\"Noticias de trenque lauquen y la zona\",\"publisher\":{\"@id\":\"https:\/\/infoecos.com.ar\/#organization\"},\"alternateName\":\"Noticias\",\"potentialAction\":[{\"@type\":\"SearchAction\",\"target\":{\"@type\":\"EntryPoint\",\"urlTemplate\":\"https:\/\/infoecos.com.ar\/?s={search_term_string}\"},\"query-input\":{\"@type\":\"PropertyValueSpecification\",\"valueRequired\":true,\"valueName\":\"search_term_string\"}}],\"inLanguage\":\"es\"},{\"@type\":\"Organization\",\"@id\":\"https:\/\/infoecos.com.ar\/#organization\",\"name\":\"Infoecos\",\"alternateName\":\"Noticias\",\"url\":\"https:\/\/infoecos.com.ar\/\",\"logo\":{\"@type\":\"ImageObject\",\"inLanguage\":\"es\",\"@id\":\"https:\/\/infoecos.com.ar\/#\/schema\/logo\/image\/\",\"url\":\"https:\/\/infoecos.com.ar\/wp-content\/uploads\/2024\/03\/cropped-logo.png\",\"contentUrl\":\"https:\/\/infoecos.com.ar\/wp-content\/uploads\/2024\/03\/cropped-logo.png\",\"width\":374,\"height\":90,\"caption\":\"Infoecos\"},\"image\":{\"@id\":\"https:\/\/infoecos.com.ar\/#\/schema\/logo\/image\/\"},\"sameAs\":[\"https:\/\/www.facebook.com\/profile.php?id=100063200290284\",\"https:\/\/x.com\/infoecos\"]},{\"@type\":\"Person\",\"@id\":\"https:\/\/infoecos.com.ar\/#\/schema\/person\/8f5ace5ce73b4b4aac4b7245aee6f191\",\"name\":\"Jorge Matheus\",\"url\":\"https:\/\/infoecos.com.ar\/index.php\/author\/jomatheus\/\"}]}<\/script>\n<!-- \/ Yoast SEO plugin. -->","yoast_head_json":{"title":"El Comando de Prevenci\u00f3n Rural Guamin\u00ed y el informe oficial sobre la muerte de un chico de 13 a\u00f1os - Infoecos","robots":{"index":"index","follow":"follow","max-snippet":"max-snippet:-1","max-image-preview":"max-image-preview:large","max-video-preview":"max-video-preview:-1"},"canonical":"https:\/\/infoecos.com.ar\/index.php\/el-comando-de-prevencion-rural-de-guamini-dio-a-conocer-un-informe-oficial-sobre-la-muerte-de-un-menor-de-13-anos\/","og_locale":"es_ES","og_type":"article","og_title":"El Comando de Prevenci\u00f3n Rural Guamin\u00ed y el informe oficial sobre la muerte de un chico de 13 a\u00f1os - Infoecos","og_description":"Las autoridades policiales indicaron que se iniciaron actuaciones caratuladas \"Averiguaci\u00f3n causal de Muerte\" con la intervenci\u00f3n de Unidad Funcional de Instrucci\u00f3n n\u00famero 2 del Departamento Judicial de Trenque Lauquen a cargo del doctor Butti y la Ayudant\u00eda Fiscal de Guamin\u00ed","og_url":"https:\/\/infoecos.com.ar\/index.php\/el-comando-de-prevencion-rural-de-guamini-dio-a-conocer-un-informe-oficial-sobre-la-muerte-de-un-menor-de-13-anos\/","og_site_name":"Infoecos","article_publisher":"https:\/\/www.facebook.com\/profile.php?id=100063200290284","article_published_time":"2021-02-15T16:23:45+00:00","article_modified_time":"2021-02-15T16:25:41+00:00","og_image":[{"width":1440,"height":1440,"url":"https:\/\/infoecos.com.ar\/wp-content\/uploads\/2021\/02\/comandoprevencionruralguamini.jpg","type":"image\/jpeg"}],"author":"Jorge Matheus","twitter_card":"summary_large_image","twitter_creator":"@infoecos","twitter_site":"@infoecos","twitter_misc":{"Escrito por":"Jorge Matheus","Tiempo de lectura":"1 minuto"},"schema":{"@context":"https:\/\/schema.org","@graph":[{"@type":"Article","@id":"https:\/\/infoecos.com.ar\/index.php\/el-comando-de-prevencion-rural-de-guamini-dio-a-conocer-un-informe-oficial-sobre-la-muerte-de-un-menor-de-13-anos\/#article","isPartOf":{"@id":"https:\/\/infoecos.com.ar\/index.php\/el-comando-de-prevencion-rural-de-guamini-dio-a-conocer-un-informe-oficial-sobre-la-muerte-de-un-menor-de-13-anos\/"},"author":{"name":"Jorge Matheus","@id":"https:\/\/infoecos.com.ar\/#\/schema\/person\/8f5ace5ce73b4b4aac4b7245aee6f191"},"headline":"El Comando de Prevenci\u00f3n Rural Guamin\u00ed y el informe oficial sobre la muerte de un chico de 13 a\u00f1os","datePublished":"2021-02-15T16:23:45+00:00","dateModified":"2021-02-15T16:25:41+00:00","mainEntityOfPage":{"@id":"https:\/\/infoecos.com.ar\/index.php\/el-comando-de-prevencion-rural-de-guamini-dio-a-conocer-un-informe-oficial-sobre-la-muerte-de-un-menor-de-13-anos\/"},"wordCount":248,"publisher":{"@id":"https:\/\/infoecos.com.ar\/#organization"},"image":{"@id":"https:\/\/infoecos.com.ar\/index.php\/el-comando-de-prevencion-rural-de-guamini-dio-a-conocer-un-informe-oficial-sobre-la-muerte-de-un-menor-de-13-anos\/#primaryimage"},"thumbnailUrl":"https:\/\/infoecos.com.ar\/wp-content\/uploads\/2021\/02\/comandoprevencionruralguamini.jpg","keywords":["HIJO DE UN PRODUCTOR TRENQUELAUQUENSE"],"articleSection":["Noticia Principal"],"inLanguage":"es"},{"@type":"WebPage","@id":"https:\/\/infoecos.com.ar\/index.php\/el-comando-de-prevencion-rural-de-guamini-dio-a-conocer-un-informe-oficial-sobre-la-muerte-de-un-menor-de-13-anos\/","url":"https:\/\/infoecos.com.ar\/index.php\/el-comando-de-prevencion-rural-de-guamini-dio-a-conocer-un-informe-oficial-sobre-la-muerte-de-un-menor-de-13-anos\/","name":"El Comando de Prevenci\u00f3n Rural Guamin\u00ed y el informe oficial sobre la muerte de un chico de 13 a\u00f1os - Infoecos","isPartOf":{"@id":"https:\/\/infoecos.com.ar\/#website"},"primaryImageOfPage":{"@id":"https:\/\/infoecos.com.ar\/index.php\/el-comando-de-prevencion-rural-de-guamini-dio-a-conocer-un-informe-oficial-sobre-la-muerte-de-un-menor-de-13-anos\/#primaryimage"},"image":{"@id":"https:\/\/infoecos.com.ar\/index.php\/el-comando-de-prevencion-rural-de-guamini-dio-a-conocer-un-informe-oficial-sobre-la-muerte-de-un-menor-de-13-anos\/#primaryimage"},"thumbnailUrl":"https:\/\/infoecos.com.ar\/wp-content\/uploads\/2021\/02\/comandoprevencionruralguamini.jpg","datePublished":"2021-02-15T16:23:45+00:00","dateModified":"2021-02-15T16:25:41+00:00","breadcrumb":{"@id":"https:\/\/infoecos.com.ar\/index.php\/el-comando-de-prevencion-rural-de-guamini-dio-a-conocer-un-informe-oficial-sobre-la-muerte-de-un-menor-de-13-anos\/#breadcrumb"},"inLanguage":"es","potentialAction":[{"@type":"ReadAction","target":["https:\/\/infoecos.com.ar\/index.php\/el-comando-de-prevencion-rural-de-guamini-dio-a-conocer-un-informe-oficial-sobre-la-muerte-de-un-menor-de-13-anos\/"]}]},{"@type":"ImageObject","inLanguage":"es","@id":"https:\/\/infoecos.com.ar\/index.php\/el-comando-de-prevencion-rural-de-guamini-dio-a-conocer-un-informe-oficial-sobre-la-muerte-de-un-menor-de-13-anos\/#primaryimage","url":"https:\/\/infoecos.com.ar\/wp-content\/uploads\/2021\/02\/comandoprevencionruralguamini.jpg","contentUrl":"https:\/\/infoecos.com.ar\/wp-content\/uploads\/2021\/02\/comandoprevencionruralguamini.jpg","width":1440,"height":1440},{"@type":"BreadcrumbList","@id":"https:\/\/infoecos.com.ar\/index.php\/el-comando-de-prevencion-rural-de-guamini-dio-a-conocer-un-informe-oficial-sobre-la-muerte-de-un-menor-de-13-anos\/#breadcrumb","itemListElement":[{"@type":"ListItem","position":1,"name":"Portada","item":"https:\/\/infoecos.com.ar\/"},{"@type":"ListItem","position":2,"name":"El Comando de Prevenci\u00f3n Rural Guamin\u00ed y el informe oficial sobre la muerte de un chico de 13 a\u00f1os"}]},{"@type":"WebSite","@id":"https:\/\/infoecos.com.ar\/#website","url":"https:\/\/infoecos.com.ar\/","name":"Infoecos","description":"Noticias de trenque lauquen y la zona","publisher":{"@id":"https:\/\/infoecos.com.ar\/#organization"},"alternateName":"Noticias","potentialAction":[{"@type":"SearchAction","target":{"@type":"EntryPoint","urlTemplate":"https:\/\/infoecos.com.ar\/?s={search_term_string}"},"query-input":{"@type":"PropertyValueSpecification","valueRequired":true,"valueName":"search_term_string"}}],"inLanguage":"es"},{"@type":"Organization","@id":"https:\/\/infoecos.com.ar\/#organization","name":"Infoecos","alternateName":"Noticias","url":"https:\/\/infoecos.com.ar\/","logo":{"@type":"ImageObject","inLanguage":"es","@id":"https:\/\/infoecos.com.ar\/#\/schema\/logo\/image\/","url":"https:\/\/infoecos.com.ar\/wp-content\/uploads\/2024\/03\/cropped-logo.png","contentUrl":"https:\/\/infoecos.com.ar\/wp-content\/uploads\/2024\/03\/cropped-logo.png","width":374,"height":90,"caption":"Infoecos"},"image":{"@id":"https:\/\/infoecos.com.ar\/#\/schema\/logo\/image\/"},"sameAs":["https:\/\/www.facebook.com\/profile.php?id=100063200290284","https:\/\/x.com\/infoecos"]},{"@type":"Person","@id":"https:\/\/infoecos.com.ar\/#\/schema\/person\/8f5ace5ce73b4b4aac4b7245aee6f191","name":"Jorge Matheus","url":"https:\/\/infoecos.com.ar\/index.php\/author\/jomatheus\/"}]}},"featured_image_urls":{"full":["https:\/\/infoecos.com.ar\/wp-content\/uploads\/2021\/02\/comandoprevencionruralguamini.jpg",1440,1440,false],"thumbnail":["https:\/\/infoecos.com.ar\/wp-content\/uploads\/2021\/02\/comandoprevencionruralguamini-150x150.jpg",150,150,true],"medium":["https:\/\/infoecos.com.ar\/wp-content\/uploads\/2021\/02\/comandoprevencionruralguamini-460x460.jpg",460,460,true],"medium_large":["https:\/\/infoecos.com.ar\/wp-content\/uploads\/2021\/02\/comandoprevencionruralguamini-768x768.jpg",640,640,true],"large":["https:\/\/infoecos.com.ar\/wp-content\/uploads\/2021\/02\/comandoprevencionruralguamini-920x920.jpg",640,640,true],"1536x1536":["https:\/\/infoecos.com.ar\/wp-content\/uploads\/2021\/02\/comandoprevencionruralguamini.jpg",1440,1440,false],"2048x2048":["https:\/\/infoecos.com.ar\/wp-content\/uploads\/2021\/02\/comandoprevencionruralguamini.jpg",1440,1440,false],"covernews-slider-full":["https:\/\/infoecos.com.ar\/wp-content\/uploads\/2021\/02\/comandoprevencionruralguamini-1440x1020.jpg",1009,715,true],"covernews-slider-center":["https:\/\/infoecos.com.ar\/wp-content\/uploads\/2021\/02\/comandoprevencionruralguamini-936x897.jpg",522,500,true],"covernews-featured":["https:\/\/infoecos.com.ar\/wp-content\/uploads\/2021\/02\/comandoprevencionruralguamini-1024x1024.jpg",1024,1024,true],"covernews-medium":["https:\/\/infoecos.com.ar\/wp-content\/uploads\/2021\/02\/comandoprevencionruralguamini-720x380.jpg",540,285,true],"covernews-medium-square":["https:\/\/infoecos.com.ar\/wp-content\/uploads\/2021\/02\/comandoprevencionruralguamini-675x450.jpg",375,250,true]},"author_info":{"info":["Jorge Matheus"]},"category_info":"<a href=\"https:\/\/infoecos.com.ar\/index.php\/category\/noticia-principal\/\" rel=\"category tag\">Noticia Principal<\/a>","tag_info":"Noticia Principal","comment_count":"0","_links":{"self":[{"href":"https:\/\/infoecos.com.ar\/index.php\/wp-json\/wp\/v2\/posts\/74403"}],"collection":[{"href":"https:\/\/infoecos.com.ar\/index.php\/wp-json\/wp\/v2\/posts"}],"about":[{"href":"https:\/\/infoecos.com.ar\/index.php\/wp-json\/wp\/v2\/types\/post"}],"author":[{"embeddable":true,"href":"https:\/\/infoecos.com.ar\/index.php\/wp-json\/wp\/v2\/users\/2"}],"replies":[{"embeddable":true,"href":"https:\/\/infoecos.com.ar\/index.php\/wp-json\/wp\/v2\/comments?post=74403"}],"version-history":[{"count":3,"href":"https:\/\/infoecos.com.ar\/index.php\/wp-json\/wp\/v2\/posts\/74403\/revisions"}],"predecessor-version":[{"id":74407,"href":"https:\/\/infoecos.com.ar\/index.php\/wp-json\/wp\/v2\/posts\/74403\/revisions\/74407"}],"wp:featuredmedia":[{"embeddable":true,"href":"https:\/\/infoecos.com.ar\/index.php\/wp-json\/wp\/v2\/media\/74404"}],"wp:attachment":[{"href":"https:\/\/infoecos.com.ar\/index.php\/wp-json\/wp\/v2\/media?parent=74403"}],"wp:term":[{"taxonomy":"category","embeddable":true,"href":"https:\/\/infoecos.com.ar\/index.php\/wp-json\/wp\/v2\/categories?post=74403"},{"taxonomy":"post_tag","embeddable":true,"href":"https:\/\/infoecos.com.ar\/index.php\/wp-json\/wp\/v2\/tags?post=74403"}],"curies":[{"name":"wp","href":"https:\/\/api.w.org\/{rel}","templated":true}]}}