{"id":74411,"date":"2021-02-16T13:18:23","date_gmt":"2021-02-16T16:18:23","guid":{"rendered":"http:\/\/infoecos.com.ar\/?p=74411"},"modified":"2021-02-16T13:18:34","modified_gmt":"2021-02-16T16:18:34","slug":"llegaron-600-dosis-de-la-sputnik-v-a-trenque-lauquen","status":"publish","type":"post","link":"https:\/\/infoecos.com.ar\/index.php\/llegaron-600-dosis-de-la-sputnik-v-a-trenque-lauquen\/","title":{"rendered":"Llegaron 600 dosis de la Sputnik V a Trenque Lauquen"},"content":{"rendered":"\n<p>Se recibieron este martes en Trenque Lauquen 600 dosis del primer componente de la vacuna Sputnik V.  Llegaron en un cami\u00f3n del Correo Argentino y fueron depositadas en la posta sanitaria de la Escuela Secundaria n\u00famero 8, ubicada en Orellana 1100 de la ciudad cabecera.<\/p>\n\n\n\n<div class=\"wp-block-image\"><figure class=\"aligncenter size-medium\"><img loading=\"lazy\" decoding=\"async\" width=\"460\" height=\"212\" src=\"http:\/\/infoecos.com.ar\/wp-content\/uploads\/2021\/02\/vacunas1-460x212.jpg\" alt=\"\" class=\"wp-image-74412\" srcset=\"https:\/\/infoecos.com.ar\/wp-content\/uploads\/2021\/02\/vacunas1-460x212.jpg 460w, https:\/\/infoecos.com.ar\/wp-content\/uploads\/2021\/02\/vacunas1-920x424.jpg 920w, https:\/\/infoecos.com.ar\/wp-content\/uploads\/2021\/02\/vacunas1-768x354.jpg 768w, https:\/\/infoecos.com.ar\/wp-content\/uploads\/2021\/02\/vacunas1.jpg 1000w\" sizes=\"(max-width: 460px) 100vw, 460px\" \/><\/figure><\/div>\n\n\n\n<p>Se aplicar\u00e1n 150 por d\u00eda a partir del jueves. Entre este martes y el mi\u00e9rcoles se ajustar\u00e1n los \u00faltimos detalles de organizaci\u00f3n.<\/p>\n\n\n\n<p>Se inform\u00f3 desde el \u00e1rea de vacunaci\u00f3n del municipio a cargo de la doctora Teste que tambi\u00e9n est\u00e1 prevista una posta sanitaria en la Escuela 501\/502, ubicada en Tala 299, existiendo la posibilidad de trasladar la vacunaci\u00f3n a las instalaciones de algunos clubes, ante la proximidad del comienzo presencial de las clases.<\/p>\n\n\n\n<div class=\"wp-block-image\"><figure class=\"aligncenter size-medium\"><img loading=\"lazy\" decoding=\"async\" width=\"460\" height=\"212\" src=\"http:\/\/infoecos.com.ar\/wp-content\/uploads\/2021\/02\/vacunas-460x212.jpg\" alt=\"\" class=\"wp-image-74413\" srcset=\"https:\/\/infoecos.com.ar\/wp-content\/uploads\/2021\/02\/vacunas-460x212.jpg 460w, https:\/\/infoecos.com.ar\/wp-content\/uploads\/2021\/02\/vacunas-920x424.jpg 920w, https:\/\/infoecos.com.ar\/wp-content\/uploads\/2021\/02\/vacunas-768x354.jpg 768w, https:\/\/infoecos.com.ar\/wp-content\/uploads\/2021\/02\/vacunas.jpg 1000w\" sizes=\"(max-width: 460px) 100vw, 460px\" \/><\/figure><\/div>\n\n\n\n<p>Hasta ahora, en el distrito, se han recibido 2.000 vacunas.<\/p>\n\n\n\n<p>Los que reciban la vacuna que, como ya se sabe, es de aplicaci\u00f3n voluntaria y gratuita, \u201crecibir\u00e1n seguimiento y asistencia por parte del ministerio de Salud de la Provincia de Buenos Aires, a trav\u00e9s de la aplicaci\u00f3n y de las v\u00edas de comunicaci\u00f3n registrada\u201d, se indica en la p\u00e1gina web https:\/\/vacunatepba.gba.gob.ar\/, donde adem\u00e1s pueden registrarse aquellos que a\u00fan no lo hicieron.<\/p>\n\n\n\n<div class=\"wp-block-image\"><figure class=\"aligncenter size-medium\"><img loading=\"lazy\" decoding=\"async\" width=\"460\" height=\"212\" src=\"http:\/\/infoecos.com.ar\/wp-content\/uploads\/2021\/02\/vacunas2-460x212.jpg\" alt=\"\" class=\"wp-image-74414\" srcset=\"https:\/\/infoecos.com.ar\/wp-content\/uploads\/2021\/02\/vacunas2-460x212.jpg 460w, https:\/\/infoecos.com.ar\/wp-content\/uploads\/2021\/02\/vacunas2-920x424.jpg 920w, https:\/\/infoecos.com.ar\/wp-content\/uploads\/2021\/02\/vacunas2-768x354.jpg 768w, https:\/\/infoecos.com.ar\/wp-content\/uploads\/2021\/02\/vacunas2.jpg 1000w\" sizes=\"(max-width: 460px) 100vw, 460px\" \/><\/figure><\/div>\n\n\n\n<p>En esta etapa es necesario tener entre 18 y 59 a\u00f1os y poder acreditar enfermedades preexistentes, ser mayor de 60 a\u00f1os o ser personal de salud, policial o docente y auxiliar.<\/p>\n\n\n\n<p>El listado de enfermedades preexistentes incluye: Enfermedad Pulmonar Cr\u00f3nica, Diabetes, Enfermedad Cardiovascular, Obesidad y Enfermedad Renal Cr\u00f3nica.<\/p>\n\n\n\n<p>La aplicaci\u00f3n de cualquier vacuna es un proceso seguro, pero existen algunos efectos que pueden aparecer luego de su colocaci\u00f3n: Dolor, picaz\u00f3n, sensibilidad, enrojecimiento o hinchaz\u00f3n en el lugar de aplicaci\u00f3n; Fiebre; Dolor de cabeza; Cansancio; Escalofr\u00edos, P\u00e9rdida del apetito; Dolor muscular; Dolor en las articulaciones; Sudoraci\u00f3n.<\/p>\n\n\n\n<div class=\"wp-block-image\"><figure class=\"aligncenter size-medium\"><img loading=\"lazy\" decoding=\"async\" width=\"460\" height=\"212\" src=\"http:\/\/infoecos.com.ar\/wp-content\/uploads\/2021\/02\/vacunas4-460x212.jpg\" alt=\"\" class=\"wp-image-74415\" srcset=\"https:\/\/infoecos.com.ar\/wp-content\/uploads\/2021\/02\/vacunas4-460x212.jpg 460w, https:\/\/infoecos.com.ar\/wp-content\/uploads\/2021\/02\/vacunas4-920x424.jpg 920w, https:\/\/infoecos.com.ar\/wp-content\/uploads\/2021\/02\/vacunas4-768x354.jpg 768w, https:\/\/infoecos.com.ar\/wp-content\/uploads\/2021\/02\/vacunas4.jpg 1000w\" sizes=\"(max-width: 460px) 100vw, 460px\" \/><\/figure><\/div>\n\n\n\n<p>Ante la aparici\u00f3n de alg\u00fan s\u00edntoma se recomienda consultar al m\u00e9dico de cabecera o en el centro de salud.<\/p>\n\n\n\n<p>Cabe recordar que de lunes a viernes -excepto este martes que es feriado nacional- de 8 a 13 en la vereda del Palacio Municipal (Villegas 555), el Municipio instal\u00f3 un puesto para que se registren para aplicarse la vacuna aquellos que deseen hacerlo pero quienes no saben c\u00f3mo anotarse o no tienen c\u00f3mo realizar el tr\u00e1mite.<\/p>\n\n\n\n<div class=\"wp-block-image\"><figure class=\"aligncenter size-medium\"><img loading=\"lazy\" decoding=\"async\" width=\"460\" height=\"218\" src=\"http:\/\/infoecos.com.ar\/wp-content\/uploads\/2021\/02\/vacunas5-460x218.jpg\" alt=\"\" class=\"wp-image-74416\" srcset=\"https:\/\/infoecos.com.ar\/wp-content\/uploads\/2021\/02\/vacunas5-460x218.jpg 460w, https:\/\/infoecos.com.ar\/wp-content\/uploads\/2021\/02\/vacunas5-920x436.jpg 920w, https:\/\/infoecos.com.ar\/wp-content\/uploads\/2021\/02\/vacunas5-768x364.jpg 768w, https:\/\/infoecos.com.ar\/wp-content\/uploads\/2021\/02\/vacunas5-1024x485.jpg 1024w, https:\/\/infoecos.com.ar\/wp-content\/uploads\/2021\/02\/vacunas5.jpg 1032w\" sizes=\"(max-width: 460px) 100vw, 460px\" \/><\/figure><\/div>\n","protected":false},"excerpt":{"rendered":"<p>Se aplicar\u00e1n 150 por d\u00eda a partir del jueves. Entre este martes y el mi\u00e9rcoles se ajustar\u00e1n los \u00faltimos detalles de organizaci\u00f3n<\/p>\n","protected":false},"author":2,"featured_media":74417,"comment_status":"closed","ping_status":"open","sticky":false,"template":"","format":"standard","meta":{"footnotes":""},"categories":[1612],"tags":[2977],"class_list":["post-74411","post","type-post","status-publish","format-standard","has-post-thumbnail","hentry","category-noticia-principal","tag-el-jueves-comienza-el-plan-de-vacunacion"],"yoast_head":"<!-- This site is optimized with the Yoast SEO plugin v23.4 - https:\/\/yoast.com\/wordpress\/plugins\/seo\/ -->\n<title>Llegaron 600 dosis de la Sputnik V a Trenque Lauquen - Infoecos<\/title>\n<meta name=\"robots\" content=\"index, follow, max-snippet:-1, max-image-preview:large, max-video-preview:-1\" \/>\n<link rel=\"canonical\" href=\"https:\/\/infoecos.com.ar\/index.php\/llegaron-600-dosis-de-la-sputnik-v-a-trenque-lauquen\/\" \/>\n<meta property=\"og:locale\" content=\"es_ES\" \/>\n<meta property=\"og:type\" content=\"article\" \/>\n<meta property=\"og:title\" content=\"Llegaron 600 dosis de la Sputnik V a Trenque Lauquen - Infoecos\" \/>\n<meta property=\"og:description\" content=\"Se aplicar\u00e1n 150 por d\u00eda a partir del jueves. Entre este martes y el mi\u00e9rcoles se ajustar\u00e1n los \u00faltimos detalles de organizaci\u00f3n\" \/>\n<meta property=\"og:url\" content=\"https:\/\/infoecos.com.ar\/index.php\/llegaron-600-dosis-de-la-sputnik-v-a-trenque-lauquen\/\" \/>\n<meta property=\"og:site_name\" content=\"Infoecos\" \/>\n<meta property=\"article:publisher\" content=\"https:\/\/www.facebook.com\/profile.php?id=100063200290284\" \/>\n<meta property=\"article:published_time\" content=\"2021-02-16T16:18:23+00:00\" \/>\n<meta property=\"article:modified_time\" content=\"2021-02-16T16:18:34+00:00\" \/>\n<meta property=\"og:image\" content=\"https:\/\/infoecos.com.ar\/wp-content\/uploads\/2021\/02\/vacunas-1.jpg\" \/>\n\t<meta property=\"og:image:width\" content=\"1000\" \/>\n\t<meta property=\"og:image:height\" content=\"461\" \/>\n\t<meta property=\"og:image:type\" content=\"image\/jpeg\" \/>\n<meta name=\"author\" content=\"Jorge Matheus\" \/>\n<meta name=\"twitter:card\" content=\"summary_large_image\" \/>\n<meta name=\"twitter:creator\" content=\"@infoecos\" \/>\n<meta name=\"twitter:site\" content=\"@infoecos\" \/>\n<meta name=\"twitter:label1\" content=\"Escrito por\" \/>\n\t<meta name=\"twitter:data1\" content=\"Jorge Matheus\" \/>\n\t<meta name=\"twitter:label2\" content=\"Tiempo de lectura\" \/>\n\t<meta name=\"twitter:data2\" content=\"2 minutos\" \/>\n<script type=\"application\/ld+json\" class=\"yoast-schema-graph\">{\"@context\":\"https:\/\/schema.org\",\"@graph\":[{\"@type\":\"Article\",\"@id\":\"https:\/\/infoecos.com.ar\/index.php\/llegaron-600-dosis-de-la-sputnik-v-a-trenque-lauquen\/#article\",\"isPartOf\":{\"@id\":\"https:\/\/infoecos.com.ar\/index.php\/llegaron-600-dosis-de-la-sputnik-v-a-trenque-lauquen\/\"},\"author\":{\"name\":\"Jorge Matheus\",\"@id\":\"https:\/\/infoecos.com.ar\/#\/schema\/person\/8f5ace5ce73b4b4aac4b7245aee6f191\"},\"headline\":\"Llegaron 600 dosis de la Sputnik V a Trenque Lauquen\",\"datePublished\":\"2021-02-16T16:18:23+00:00\",\"dateModified\":\"2021-02-16T16:18:34+00:00\",\"mainEntityOfPage\":{\"@id\":\"https:\/\/infoecos.com.ar\/index.php\/llegaron-600-dosis-de-la-sputnik-v-a-trenque-lauquen\/\"},\"wordCount\":398,\"publisher\":{\"@id\":\"https:\/\/infoecos.com.ar\/#organization\"},\"image\":{\"@id\":\"https:\/\/infoecos.com.ar\/index.php\/llegaron-600-dosis-de-la-sputnik-v-a-trenque-lauquen\/#primaryimage\"},\"thumbnailUrl\":\"https:\/\/infoecos.com.ar\/wp-content\/uploads\/2021\/02\/vacunas-1.jpg\",\"keywords\":[\"el jueves comienza el plan de vacunaci\u00f3n\"],\"articleSection\":[\"Noticia Principal\"],\"inLanguage\":\"es\"},{\"@type\":\"WebPage\",\"@id\":\"https:\/\/infoecos.com.ar\/index.php\/llegaron-600-dosis-de-la-sputnik-v-a-trenque-lauquen\/\",\"url\":\"https:\/\/infoecos.com.ar\/index.php\/llegaron-600-dosis-de-la-sputnik-v-a-trenque-lauquen\/\",\"name\":\"Llegaron 600 dosis de la Sputnik V a Trenque Lauquen - Infoecos\",\"isPartOf\":{\"@id\":\"https:\/\/infoecos.com.ar\/#website\"},\"primaryImageOfPage\":{\"@id\":\"https:\/\/infoecos.com.ar\/index.php\/llegaron-600-dosis-de-la-sputnik-v-a-trenque-lauquen\/#primaryimage\"},\"image\":{\"@id\":\"https:\/\/infoecos.com.ar\/index.php\/llegaron-600-dosis-de-la-sputnik-v-a-trenque-lauquen\/#primaryimage\"},\"thumbnailUrl\":\"https:\/\/infoecos.com.ar\/wp-content\/uploads\/2021\/02\/vacunas-1.jpg\",\"datePublished\":\"2021-02-16T16:18:23+00:00\",\"dateModified\":\"2021-02-16T16:18:34+00:00\",\"breadcrumb\":{\"@id\":\"https:\/\/infoecos.com.ar\/index.php\/llegaron-600-dosis-de-la-sputnik-v-a-trenque-lauquen\/#breadcrumb\"},\"inLanguage\":\"es\",\"potentialAction\":[{\"@type\":\"ReadAction\",\"target\":[\"https:\/\/infoecos.com.ar\/index.php\/llegaron-600-dosis-de-la-sputnik-v-a-trenque-lauquen\/\"]}]},{\"@type\":\"ImageObject\",\"inLanguage\":\"es\",\"@id\":\"https:\/\/infoecos.com.ar\/index.php\/llegaron-600-dosis-de-la-sputnik-v-a-trenque-lauquen\/#primaryimage\",\"url\":\"https:\/\/infoecos.com.ar\/wp-content\/uploads\/2021\/02\/vacunas-1.jpg\",\"contentUrl\":\"https:\/\/infoecos.com.ar\/wp-content\/uploads\/2021\/02\/vacunas-1.jpg\",\"width\":1000,\"height\":461},{\"@type\":\"BreadcrumbList\",\"@id\":\"https:\/\/infoecos.com.ar\/index.php\/llegaron-600-dosis-de-la-sputnik-v-a-trenque-lauquen\/#breadcrumb\",\"itemListElement\":[{\"@type\":\"ListItem\",\"position\":1,\"name\":\"Portada\",\"item\":\"https:\/\/infoecos.com.ar\/\"},{\"@type\":\"ListItem\",\"position\":2,\"name\":\"Llegaron 600 dosis de la Sputnik V a Trenque Lauquen\"}]},{\"@type\":\"WebSite\",\"@id\":\"https:\/\/infoecos.com.ar\/#website\",\"url\":\"https:\/\/infoecos.com.ar\/\",\"name\":\"Infoecos\",\"description\":\"Noticias de trenque lauquen y la zona\",\"publisher\":{\"@id\":\"https:\/\/infoecos.com.ar\/#organization\"},\"alternateName\":\"Noticias\",\"potentialAction\":[{\"@type\":\"SearchAction\",\"target\":{\"@type\":\"EntryPoint\",\"urlTemplate\":\"https:\/\/infoecos.com.ar\/?s={search_term_string}\"},\"query-input\":{\"@type\":\"PropertyValueSpecification\",\"valueRequired\":true,\"valueName\":\"search_term_string\"}}],\"inLanguage\":\"es\"},{\"@type\":\"Organization\",\"@id\":\"https:\/\/infoecos.com.ar\/#organization\",\"name\":\"Infoecos\",\"alternateName\":\"Noticias\",\"url\":\"https:\/\/infoecos.com.ar\/\",\"logo\":{\"@type\":\"ImageObject\",\"inLanguage\":\"es\",\"@id\":\"https:\/\/infoecos.com.ar\/#\/schema\/logo\/image\/\",\"url\":\"https:\/\/infoecos.com.ar\/wp-content\/uploads\/2024\/03\/cropped-logo.png\",\"contentUrl\":\"https:\/\/infoecos.com.ar\/wp-content\/uploads\/2024\/03\/cropped-logo.png\",\"width\":374,\"height\":90,\"caption\":\"Infoecos\"},\"image\":{\"@id\":\"https:\/\/infoecos.com.ar\/#\/schema\/logo\/image\/\"},\"sameAs\":[\"https:\/\/www.facebook.com\/profile.php?id=100063200290284\",\"https:\/\/x.com\/infoecos\"]},{\"@type\":\"Person\",\"@id\":\"https:\/\/infoecos.com.ar\/#\/schema\/person\/8f5ace5ce73b4b4aac4b7245aee6f191\",\"name\":\"Jorge Matheus\",\"url\":\"https:\/\/infoecos.com.ar\/index.php\/author\/jomatheus\/\"}]}<\/script>\n<!-- \/ Yoast SEO plugin. -->","yoast_head_json":{"title":"Llegaron 600 dosis de la Sputnik V a Trenque Lauquen - Infoecos","robots":{"index":"index","follow":"follow","max-snippet":"max-snippet:-1","max-image-preview":"max-image-preview:large","max-video-preview":"max-video-preview:-1"},"canonical":"https:\/\/infoecos.com.ar\/index.php\/llegaron-600-dosis-de-la-sputnik-v-a-trenque-lauquen\/","og_locale":"es_ES","og_type":"article","og_title":"Llegaron 600 dosis de la Sputnik V a Trenque Lauquen - Infoecos","og_description":"Se aplicar\u00e1n 150 por d\u00eda a partir del jueves. Entre este martes y el mi\u00e9rcoles se ajustar\u00e1n los \u00faltimos detalles de organizaci\u00f3n","og_url":"https:\/\/infoecos.com.ar\/index.php\/llegaron-600-dosis-de-la-sputnik-v-a-trenque-lauquen\/","og_site_name":"Infoecos","article_publisher":"https:\/\/www.facebook.com\/profile.php?id=100063200290284","article_published_time":"2021-02-16T16:18:23+00:00","article_modified_time":"2021-02-16T16:18:34+00:00","og_image":[{"width":1000,"height":461,"url":"https:\/\/infoecos.com.ar\/wp-content\/uploads\/2021\/02\/vacunas-1.jpg","type":"image\/jpeg"}],"author":"Jorge Matheus","twitter_card":"summary_large_image","twitter_creator":"@infoecos","twitter_site":"@infoecos","twitter_misc":{"Escrito por":"Jorge Matheus","Tiempo de lectura":"2 minutos"},"schema":{"@context":"https:\/\/schema.org","@graph":[{"@type":"Article","@id":"https:\/\/infoecos.com.ar\/index.php\/llegaron-600-dosis-de-la-sputnik-v-a-trenque-lauquen\/#article","isPartOf":{"@id":"https:\/\/infoecos.com.ar\/index.php\/llegaron-600-dosis-de-la-sputnik-v-a-trenque-lauquen\/"},"author":{"name":"Jorge Matheus","@id":"https:\/\/infoecos.com.ar\/#\/schema\/person\/8f5ace5ce73b4b4aac4b7245aee6f191"},"headline":"Llegaron 600 dosis de la Sputnik V a Trenque Lauquen","datePublished":"2021-02-16T16:18:23+00:00","dateModified":"2021-02-16T16:18:34+00:00","mainEntityOfPage":{"@id":"https:\/\/infoecos.com.ar\/index.php\/llegaron-600-dosis-de-la-sputnik-v-a-trenque-lauquen\/"},"wordCount":398,"publisher":{"@id":"https:\/\/infoecos.com.ar\/#organization"},"image":{"@id":"https:\/\/infoecos.com.ar\/index.php\/llegaron-600-dosis-de-la-sputnik-v-a-trenque-lauquen\/#primaryimage"},"thumbnailUrl":"https:\/\/infoecos.com.ar\/wp-content\/uploads\/2021\/02\/vacunas-1.jpg","keywords":["el jueves comienza el plan de vacunaci\u00f3n"],"articleSection":["Noticia Principal"],"inLanguage":"es"},{"@type":"WebPage","@id":"https:\/\/infoecos.com.ar\/index.php\/llegaron-600-dosis-de-la-sputnik-v-a-trenque-lauquen\/","url":"https:\/\/infoecos.com.ar\/index.php\/llegaron-600-dosis-de-la-sputnik-v-a-trenque-lauquen\/","name":"Llegaron 600 dosis de la Sputnik V a Trenque Lauquen - Infoecos","isPartOf":{"@id":"https:\/\/infoecos.com.ar\/#website"},"primaryImageOfPage":{"@id":"https:\/\/infoecos.com.ar\/index.php\/llegaron-600-dosis-de-la-sputnik-v-a-trenque-lauquen\/#primaryimage"},"image":{"@id":"https:\/\/infoecos.com.ar\/index.php\/llegaron-600-dosis-de-la-sputnik-v-a-trenque-lauquen\/#primaryimage"},"thumbnailUrl":"https:\/\/infoecos.com.ar\/wp-content\/uploads\/2021\/02\/vacunas-1.jpg","datePublished":"2021-02-16T16:18:23+00:00","dateModified":"2021-02-16T16:18:34+00:00","breadcrumb":{"@id":"https:\/\/infoecos.com.ar\/index.php\/llegaron-600-dosis-de-la-sputnik-v-a-trenque-lauquen\/#breadcrumb"},"inLanguage":"es","potentialAction":[{"@type":"ReadAction","target":["https:\/\/infoecos.com.ar\/index.php\/llegaron-600-dosis-de-la-sputnik-v-a-trenque-lauquen\/"]}]},{"@type":"ImageObject","inLanguage":"es","@id":"https:\/\/infoecos.com.ar\/index.php\/llegaron-600-dosis-de-la-sputnik-v-a-trenque-lauquen\/#primaryimage","url":"https:\/\/infoecos.com.ar\/wp-content\/uploads\/2021\/02\/vacunas-1.jpg","contentUrl":"https:\/\/infoecos.com.ar\/wp-content\/uploads\/2021\/02\/vacunas-1.jpg","width":1000,"height":461},{"@type":"BreadcrumbList","@id":"https:\/\/infoecos.com.ar\/index.php\/llegaron-600-dosis-de-la-sputnik-v-a-trenque-lauquen\/#breadcrumb","itemListElement":[{"@type":"ListItem","position":1,"name":"Portada","item":"https:\/\/infoecos.com.ar\/"},{"@type":"ListItem","position":2,"name":"Llegaron 600 dosis de la Sputnik V a Trenque Lauquen"}]},{"@type":"WebSite","@id":"https:\/\/infoecos.com.ar\/#website","url":"https:\/\/infoecos.com.ar\/","name":"Infoecos","description":"Noticias de trenque lauquen y la zona","publisher":{"@id":"https:\/\/infoecos.com.ar\/#organization"},"alternateName":"Noticias","potentialAction":[{"@type":"SearchAction","target":{"@type":"EntryPoint","urlTemplate":"https:\/\/infoecos.com.ar\/?s={search_term_string}"},"query-input":{"@type":"PropertyValueSpecification","valueRequired":true,"valueName":"search_term_string"}}],"inLanguage":"es"},{"@type":"Organization","@id":"https:\/\/infoecos.com.ar\/#organization","name":"Infoecos","alternateName":"Noticias","url":"https:\/\/infoecos.com.ar\/","logo":{"@type":"ImageObject","inLanguage":"es","@id":"https:\/\/infoecos.com.ar\/#\/schema\/logo\/image\/","url":"https:\/\/infoecos.com.ar\/wp-content\/uploads\/2024\/03\/cropped-logo.png","contentUrl":"https:\/\/infoecos.com.ar\/wp-content\/uploads\/2024\/03\/cropped-logo.png","width":374,"height":90,"caption":"Infoecos"},"image":{"@id":"https:\/\/infoecos.com.ar\/#\/schema\/logo\/image\/"},"sameAs":["https:\/\/www.facebook.com\/profile.php?id=100063200290284","https:\/\/x.com\/infoecos"]},{"@type":"Person","@id":"https:\/\/infoecos.com.ar\/#\/schema\/person\/8f5ace5ce73b4b4aac4b7245aee6f191","name":"Jorge Matheus","url":"https:\/\/infoecos.com.ar\/index.php\/author\/jomatheus\/"}]}},"featured_image_urls":{"full":["https:\/\/infoecos.com.ar\/wp-content\/uploads\/2021\/02\/vacunas-1.jpg",1000,461,false],"thumbnail":["https:\/\/infoecos.com.ar\/wp-content\/uploads\/2021\/02\/vacunas-1-150x150.jpg",150,150,true],"medium":["https:\/\/infoecos.com.ar\/wp-content\/uploads\/2021\/02\/vacunas-1-460x212.jpg",460,212,true],"medium_large":["https:\/\/infoecos.com.ar\/wp-content\/uploads\/2021\/02\/vacunas-1-768x354.jpg",640,295,true],"large":["https:\/\/infoecos.com.ar\/wp-content\/uploads\/2021\/02\/vacunas-1-920x424.jpg",640,295,true],"1536x1536":["https:\/\/infoecos.com.ar\/wp-content\/uploads\/2021\/02\/vacunas-1.jpg",1000,461,false],"2048x2048":["https:\/\/infoecos.com.ar\/wp-content\/uploads\/2021\/02\/vacunas-1.jpg",1000,461,false],"covernews-slider-full":["https:\/\/infoecos.com.ar\/wp-content\/uploads\/2021\/02\/vacunas-1.jpg",1000,461,false],"covernews-slider-center":["https:\/\/infoecos.com.ar\/wp-content\/uploads\/2021\/02\/vacunas-1-936x461.jpg",800,394,true],"covernews-featured":["https:\/\/infoecos.com.ar\/wp-content\/uploads\/2021\/02\/vacunas-1.jpg",1000,461,false],"covernews-medium":["https:\/\/infoecos.com.ar\/wp-content\/uploads\/2021\/02\/vacunas-1-720x380.jpg",540,285,true],"covernews-medium-square":["https:\/\/infoecos.com.ar\/wp-content\/uploads\/2021\/02\/vacunas-1-675x450.jpg",375,250,true]},"author_info":{"info":["Jorge Matheus"]},"category_info":"<a href=\"https:\/\/infoecos.com.ar\/index.php\/category\/noticia-principal\/\" rel=\"category tag\">Noticia Principal<\/a>","tag_info":"Noticia Principal","comment_count":"0","_links":{"self":[{"href":"https:\/\/infoecos.com.ar\/index.php\/wp-json\/wp\/v2\/posts\/74411"}],"collection":[{"href":"https:\/\/infoecos.com.ar\/index.php\/wp-json\/wp\/v2\/posts"}],"about":[{"href":"https:\/\/infoecos.com.ar\/index.php\/wp-json\/wp\/v2\/types\/post"}],"author":[{"embeddable":true,"href":"https:\/\/infoecos.com.ar\/index.php\/wp-json\/wp\/v2\/users\/2"}],"replies":[{"embeddable":true,"href":"https:\/\/infoecos.com.ar\/index.php\/wp-json\/wp\/v2\/comments?post=74411"}],"version-history":[{"count":1,"href":"https:\/\/infoecos.com.ar\/index.php\/wp-json\/wp\/v2\/posts\/74411\/revisions"}],"predecessor-version":[{"id":74418,"href":"https:\/\/infoecos.com.ar\/index.php\/wp-json\/wp\/v2\/posts\/74411\/revisions\/74418"}],"wp:featuredmedia":[{"embeddable":true,"href":"https:\/\/infoecos.com.ar\/index.php\/wp-json\/wp\/v2\/media\/74417"}],"wp:attachment":[{"href":"https:\/\/infoecos.com.ar\/index.php\/wp-json\/wp\/v2\/media?parent=74411"}],"wp:term":[{"taxonomy":"category","embeddable":true,"href":"https:\/\/infoecos.com.ar\/index.php\/wp-json\/wp\/v2\/categories?post=74411"},{"taxonomy":"post_tag","embeddable":true,"href":"https:\/\/infoecos.com.ar\/index.php\/wp-json\/wp\/v2\/tags?post=74411"}],"curies":[{"name":"wp","href":"https:\/\/api.w.org\/{rel}","templated":true}]}}