{"id":74422,"date":"2021-02-16T13:32:57","date_gmt":"2021-02-16T16:32:57","guid":{"rendered":"http:\/\/infoecos.com.ar\/?p=74422"},"modified":"2021-02-18T02:57:11","modified_gmt":"2021-02-18T05:57:11","slug":"continua-la-apelacion-de-autoridades-sanitarias-a-no-relajarse-frente-al-descenso-de-casos","status":"publish","type":"post","link":"https:\/\/infoecos.com.ar\/index.php\/continua-la-apelacion-de-autoridades-sanitarias-a-no-relajarse-frente-al-descenso-de-casos\/","title":{"rendered":"Contin\u00faa la apelaci\u00f3n de autoridades sanitarias a no relajarse frente al descenso de casos"},"content":{"rendered":"\n<p>El municipio de Trenque Lauquen, m\u00e1s all\u00e1 del descenso de casos, insiste en sus comunicaciones diarias en la necesidad de tener responsabilidad individual y colectiva frente al coronavirus. En su informe diario de la fecha se\u00f1ala que no hay que relajarse y que por el contrario se deben profundizar los cuidados y prevenciones, como as\u00ed tambi\u00e9n respetar las normas y disposiciones sanitarias vigentes para la contingencia que se est\u00e1 viviendo: <strong>uso de tapabocas o barbijo, la higiene de manos, no tocarse la cara, no compartir el mismo mate, ni utensillos, no beber del mismo vaso o envase y mantener el distanciamiento social.<\/strong><\/p>\n\n\n\n<div class=\"wp-block-image\"><figure class=\"aligncenter size-medium\"><img loading=\"lazy\" decoding=\"async\" width=\"460\" height=\"307\" src=\"http:\/\/infoecos.com.ar\/wp-content\/uploads\/tl45guardiahospital-2-460x307.jpg\" alt=\"\" class=\"wp-image-60374\" srcset=\"https:\/\/infoecos.com.ar\/wp-content\/uploads\/tl45guardiahospital-2-460x307.jpg 460w, https:\/\/infoecos.com.ar\/wp-content\/uploads\/tl45guardiahospital-2-768x512.jpg 768w, https:\/\/infoecos.com.ar\/wp-content\/uploads\/tl45guardiahospital-2-675x450.jpg 675w, https:\/\/infoecos.com.ar\/wp-content\/uploads\/tl45guardiahospital-2.jpg 912w\" sizes=\"(max-width: 460px) 100vw, 460px\" \/><figcaption>T.Lauquen &#8211; Guardia<\/figcaption><\/figure><\/div>\n\n\n\n<p>Se record\u00f3, una vez m\u00e1s, que toda persona que venga a Trenque Lauquen desde otras ciudades, provincias o pa\u00edses debe registrarse en la web municipal (https:\/\/www.trenquelauquen.gov.ar\/registroacceso\/) y comunicarse de 6 a 24 (de lunes a domingo inclusive) al tel\u00e9fono (2392) 41-5000 L\u00ednea Covid en caso de precisar hacer alguna consulta para ser orientada sobre los pasos a seguir -si ya recibieron atenci\u00f3n por alg\u00fan m\u00e9dico o m\u00e9dica por favor consignar su nombre-. Esto tambi\u00e9n contempla a quienes retornen de sus vacaciones y tengan alguna duda.<\/p>\n\n\n\n<p>Adem\u00e1s, las autoridades sanitarias recuerdan tambi\u00e9n que una vez que se define en el Hospital en qu\u00e9 condici\u00f3n se enmarca a cada persona (confirmado o activo, sospechoso, en aislamiento por contacto estrecho, recuperado, descartado), y en los casos que corresponda, un integrante del equipo de Salud se encarga del seguimiento.<\/p>\n","protected":false},"excerpt":{"rendered":"<p>En su informe diario de la fecha se\u00f1ala que no hay que relajarse y que por el contrario se deben profundizar los cuidados y prevenciones<\/p>\n","protected":false},"author":2,"featured_media":60374,"comment_status":"closed","ping_status":"open","sticky":false,"template":"","format":"standard","meta":{"footnotes":""},"categories":[43],"tags":[],"class_list":["post-74422","post","type-post","status-publish","format-standard","has-post-thumbnail","hentry","category-inferior4"],"yoast_head":"<!-- This site is optimized with the Yoast SEO plugin v23.4 - https:\/\/yoast.com\/wordpress\/plugins\/seo\/ -->\n<title>Contin\u00faa la apelaci\u00f3n de autoridades sanitarias a no relajarse frente al descenso de casos - Infoecos<\/title>\n<meta name=\"robots\" content=\"index, follow, max-snippet:-1, max-image-preview:large, max-video-preview:-1\" \/>\n<link rel=\"canonical\" href=\"https:\/\/infoecos.com.ar\/index.php\/continua-la-apelacion-de-autoridades-sanitarias-a-no-relajarse-frente-al-descenso-de-casos\/\" \/>\n<meta property=\"og:locale\" content=\"es_ES\" \/>\n<meta property=\"og:type\" content=\"article\" \/>\n<meta property=\"og:title\" content=\"Contin\u00faa la apelaci\u00f3n de autoridades sanitarias a no relajarse frente al descenso de casos - Infoecos\" \/>\n<meta property=\"og:description\" content=\"En su informe diario de la fecha se\u00f1ala que no hay que relajarse y que por el contrario se deben profundizar los cuidados y prevenciones\" \/>\n<meta property=\"og:url\" content=\"https:\/\/infoecos.com.ar\/index.php\/continua-la-apelacion-de-autoridades-sanitarias-a-no-relajarse-frente-al-descenso-de-casos\/\" \/>\n<meta property=\"og:site_name\" content=\"Infoecos\" \/>\n<meta property=\"article:publisher\" content=\"https:\/\/www.facebook.com\/profile.php?id=100063200290284\" \/>\n<meta property=\"article:published_time\" content=\"2021-02-16T16:32:57+00:00\" \/>\n<meta property=\"article:modified_time\" content=\"2021-02-18T05:57:11+00:00\" \/>\n<meta property=\"og:image\" content=\"https:\/\/infoecos.com.ar\/wp-content\/uploads\/tl45guardiahospital-2.jpg\" \/>\n\t<meta property=\"og:image:width\" content=\"912\" \/>\n\t<meta property=\"og:image:height\" content=\"608\" \/>\n\t<meta property=\"og:image:type\" content=\"image\/jpeg\" \/>\n<meta name=\"author\" content=\"Jorge Matheus\" \/>\n<meta name=\"twitter:card\" content=\"summary_large_image\" \/>\n<meta name=\"twitter:creator\" content=\"@infoecos\" \/>\n<meta name=\"twitter:site\" content=\"@infoecos\" \/>\n<meta name=\"twitter:label1\" content=\"Escrito por\" \/>\n\t<meta name=\"twitter:data1\" content=\"Jorge Matheus\" \/>\n\t<meta name=\"twitter:label2\" content=\"Tiempo de lectura\" \/>\n\t<meta name=\"twitter:data2\" content=\"1 minuto\" \/>\n<script type=\"application\/ld+json\" class=\"yoast-schema-graph\">{\"@context\":\"https:\/\/schema.org\",\"@graph\":[{\"@type\":\"Article\",\"@id\":\"https:\/\/infoecos.com.ar\/index.php\/continua-la-apelacion-de-autoridades-sanitarias-a-no-relajarse-frente-al-descenso-de-casos\/#article\",\"isPartOf\":{\"@id\":\"https:\/\/infoecos.com.ar\/index.php\/continua-la-apelacion-de-autoridades-sanitarias-a-no-relajarse-frente-al-descenso-de-casos\/\"},\"author\":{\"name\":\"Jorge Matheus\",\"@id\":\"https:\/\/infoecos.com.ar\/#\/schema\/person\/8f5ace5ce73b4b4aac4b7245aee6f191\"},\"headline\":\"Contin\u00faa la apelaci\u00f3n de autoridades sanitarias a no relajarse frente al descenso de casos\",\"datePublished\":\"2021-02-16T16:32:57+00:00\",\"dateModified\":\"2021-02-18T05:57:11+00:00\",\"mainEntityOfPage\":{\"@id\":\"https:\/\/infoecos.com.ar\/index.php\/continua-la-apelacion-de-autoridades-sanitarias-a-no-relajarse-frente-al-descenso-de-casos\/\"},\"wordCount\":274,\"publisher\":{\"@id\":\"https:\/\/infoecos.com.ar\/#organization\"},\"image\":{\"@id\":\"https:\/\/infoecos.com.ar\/index.php\/continua-la-apelacion-de-autoridades-sanitarias-a-no-relajarse-frente-al-descenso-de-casos\/#primaryimage\"},\"thumbnailUrl\":\"https:\/\/infoecos.com.ar\/wp-content\/uploads\/tl45guardiahospital-2.jpg\",\"articleSection\":[\"Bloque inferior - 4\"],\"inLanguage\":\"es\"},{\"@type\":\"WebPage\",\"@id\":\"https:\/\/infoecos.com.ar\/index.php\/continua-la-apelacion-de-autoridades-sanitarias-a-no-relajarse-frente-al-descenso-de-casos\/\",\"url\":\"https:\/\/infoecos.com.ar\/index.php\/continua-la-apelacion-de-autoridades-sanitarias-a-no-relajarse-frente-al-descenso-de-casos\/\",\"name\":\"Contin\u00faa la apelaci\u00f3n de autoridades sanitarias a no relajarse frente al descenso de casos - Infoecos\",\"isPartOf\":{\"@id\":\"https:\/\/infoecos.com.ar\/#website\"},\"primaryImageOfPage\":{\"@id\":\"https:\/\/infoecos.com.ar\/index.php\/continua-la-apelacion-de-autoridades-sanitarias-a-no-relajarse-frente-al-descenso-de-casos\/#primaryimage\"},\"image\":{\"@id\":\"https:\/\/infoecos.com.ar\/index.php\/continua-la-apelacion-de-autoridades-sanitarias-a-no-relajarse-frente-al-descenso-de-casos\/#primaryimage\"},\"thumbnailUrl\":\"https:\/\/infoecos.com.ar\/wp-content\/uploads\/tl45guardiahospital-2.jpg\",\"datePublished\":\"2021-02-16T16:32:57+00:00\",\"dateModified\":\"2021-02-18T05:57:11+00:00\",\"breadcrumb\":{\"@id\":\"https:\/\/infoecos.com.ar\/index.php\/continua-la-apelacion-de-autoridades-sanitarias-a-no-relajarse-frente-al-descenso-de-casos\/#breadcrumb\"},\"inLanguage\":\"es\",\"potentialAction\":[{\"@type\":\"ReadAction\",\"target\":[\"https:\/\/infoecos.com.ar\/index.php\/continua-la-apelacion-de-autoridades-sanitarias-a-no-relajarse-frente-al-descenso-de-casos\/\"]}]},{\"@type\":\"ImageObject\",\"inLanguage\":\"es\",\"@id\":\"https:\/\/infoecos.com.ar\/index.php\/continua-la-apelacion-de-autoridades-sanitarias-a-no-relajarse-frente-al-descenso-de-casos\/#primaryimage\",\"url\":\"https:\/\/infoecos.com.ar\/wp-content\/uploads\/tl45guardiahospital-2.jpg\",\"contentUrl\":\"https:\/\/infoecos.com.ar\/wp-content\/uploads\/tl45guardiahospital-2.jpg\",\"width\":912,\"height\":608,\"caption\":\"T.Lauquen - Guardia\"},{\"@type\":\"BreadcrumbList\",\"@id\":\"https:\/\/infoecos.com.ar\/index.php\/continua-la-apelacion-de-autoridades-sanitarias-a-no-relajarse-frente-al-descenso-de-casos\/#breadcrumb\",\"itemListElement\":[{\"@type\":\"ListItem\",\"position\":1,\"name\":\"Portada\",\"item\":\"https:\/\/infoecos.com.ar\/\"},{\"@type\":\"ListItem\",\"position\":2,\"name\":\"Contin\u00faa la apelaci\u00f3n de autoridades sanitarias a no relajarse frente al descenso de casos\"}]},{\"@type\":\"WebSite\",\"@id\":\"https:\/\/infoecos.com.ar\/#website\",\"url\":\"https:\/\/infoecos.com.ar\/\",\"name\":\"Infoecos\",\"description\":\"Noticias de trenque lauquen y la zona\",\"publisher\":{\"@id\":\"https:\/\/infoecos.com.ar\/#organization\"},\"alternateName\":\"Noticias\",\"potentialAction\":[{\"@type\":\"SearchAction\",\"target\":{\"@type\":\"EntryPoint\",\"urlTemplate\":\"https:\/\/infoecos.com.ar\/?s={search_term_string}\"},\"query-input\":{\"@type\":\"PropertyValueSpecification\",\"valueRequired\":true,\"valueName\":\"search_term_string\"}}],\"inLanguage\":\"es\"},{\"@type\":\"Organization\",\"@id\":\"https:\/\/infoecos.com.ar\/#organization\",\"name\":\"Infoecos\",\"alternateName\":\"Noticias\",\"url\":\"https:\/\/infoecos.com.ar\/\",\"logo\":{\"@type\":\"ImageObject\",\"inLanguage\":\"es\",\"@id\":\"https:\/\/infoecos.com.ar\/#\/schema\/logo\/image\/\",\"url\":\"https:\/\/infoecos.com.ar\/wp-content\/uploads\/2024\/03\/cropped-logo.png\",\"contentUrl\":\"https:\/\/infoecos.com.ar\/wp-content\/uploads\/2024\/03\/cropped-logo.png\",\"width\":374,\"height\":90,\"caption\":\"Infoecos\"},\"image\":{\"@id\":\"https:\/\/infoecos.com.ar\/#\/schema\/logo\/image\/\"},\"sameAs\":[\"https:\/\/www.facebook.com\/profile.php?id=100063200290284\",\"https:\/\/x.com\/infoecos\"]},{\"@type\":\"Person\",\"@id\":\"https:\/\/infoecos.com.ar\/#\/schema\/person\/8f5ace5ce73b4b4aac4b7245aee6f191\",\"name\":\"Jorge Matheus\",\"url\":\"https:\/\/infoecos.com.ar\/index.php\/author\/jomatheus\/\"}]}<\/script>\n<!-- \/ Yoast SEO plugin. -->","yoast_head_json":{"title":"Contin\u00faa la apelaci\u00f3n de autoridades sanitarias a no relajarse frente al descenso de casos - Infoecos","robots":{"index":"index","follow":"follow","max-snippet":"max-snippet:-1","max-image-preview":"max-image-preview:large","max-video-preview":"max-video-preview:-1"},"canonical":"https:\/\/infoecos.com.ar\/index.php\/continua-la-apelacion-de-autoridades-sanitarias-a-no-relajarse-frente-al-descenso-de-casos\/","og_locale":"es_ES","og_type":"article","og_title":"Contin\u00faa la apelaci\u00f3n de autoridades sanitarias a no relajarse frente al descenso de casos - Infoecos","og_description":"En su informe diario de la fecha se\u00f1ala que no hay que relajarse y que por el contrario se deben profundizar los cuidados y prevenciones","og_url":"https:\/\/infoecos.com.ar\/index.php\/continua-la-apelacion-de-autoridades-sanitarias-a-no-relajarse-frente-al-descenso-de-casos\/","og_site_name":"Infoecos","article_publisher":"https:\/\/www.facebook.com\/profile.php?id=100063200290284","article_published_time":"2021-02-16T16:32:57+00:00","article_modified_time":"2021-02-18T05:57:11+00:00","og_image":[{"width":912,"height":608,"url":"https:\/\/infoecos.com.ar\/wp-content\/uploads\/tl45guardiahospital-2.jpg","type":"image\/jpeg"}],"author":"Jorge Matheus","twitter_card":"summary_large_image","twitter_creator":"@infoecos","twitter_site":"@infoecos","twitter_misc":{"Escrito por":"Jorge Matheus","Tiempo de lectura":"1 minuto"},"schema":{"@context":"https:\/\/schema.org","@graph":[{"@type":"Article","@id":"https:\/\/infoecos.com.ar\/index.php\/continua-la-apelacion-de-autoridades-sanitarias-a-no-relajarse-frente-al-descenso-de-casos\/#article","isPartOf":{"@id":"https:\/\/infoecos.com.ar\/index.php\/continua-la-apelacion-de-autoridades-sanitarias-a-no-relajarse-frente-al-descenso-de-casos\/"},"author":{"name":"Jorge Matheus","@id":"https:\/\/infoecos.com.ar\/#\/schema\/person\/8f5ace5ce73b4b4aac4b7245aee6f191"},"headline":"Contin\u00faa la apelaci\u00f3n de autoridades sanitarias a no relajarse frente al descenso de casos","datePublished":"2021-02-16T16:32:57+00:00","dateModified":"2021-02-18T05:57:11+00:00","mainEntityOfPage":{"@id":"https:\/\/infoecos.com.ar\/index.php\/continua-la-apelacion-de-autoridades-sanitarias-a-no-relajarse-frente-al-descenso-de-casos\/"},"wordCount":274,"publisher":{"@id":"https:\/\/infoecos.com.ar\/#organization"},"image":{"@id":"https:\/\/infoecos.com.ar\/index.php\/continua-la-apelacion-de-autoridades-sanitarias-a-no-relajarse-frente-al-descenso-de-casos\/#primaryimage"},"thumbnailUrl":"https:\/\/infoecos.com.ar\/wp-content\/uploads\/tl45guardiahospital-2.jpg","articleSection":["Bloque inferior - 4"],"inLanguage":"es"},{"@type":"WebPage","@id":"https:\/\/infoecos.com.ar\/index.php\/continua-la-apelacion-de-autoridades-sanitarias-a-no-relajarse-frente-al-descenso-de-casos\/","url":"https:\/\/infoecos.com.ar\/index.php\/continua-la-apelacion-de-autoridades-sanitarias-a-no-relajarse-frente-al-descenso-de-casos\/","name":"Contin\u00faa la apelaci\u00f3n de autoridades sanitarias a no relajarse frente al descenso de casos - Infoecos","isPartOf":{"@id":"https:\/\/infoecos.com.ar\/#website"},"primaryImageOfPage":{"@id":"https:\/\/infoecos.com.ar\/index.php\/continua-la-apelacion-de-autoridades-sanitarias-a-no-relajarse-frente-al-descenso-de-casos\/#primaryimage"},"image":{"@id":"https:\/\/infoecos.com.ar\/index.php\/continua-la-apelacion-de-autoridades-sanitarias-a-no-relajarse-frente-al-descenso-de-casos\/#primaryimage"},"thumbnailUrl":"https:\/\/infoecos.com.ar\/wp-content\/uploads\/tl45guardiahospital-2.jpg","datePublished":"2021-02-16T16:32:57+00:00","dateModified":"2021-02-18T05:57:11+00:00","breadcrumb":{"@id":"https:\/\/infoecos.com.ar\/index.php\/continua-la-apelacion-de-autoridades-sanitarias-a-no-relajarse-frente-al-descenso-de-casos\/#breadcrumb"},"inLanguage":"es","potentialAction":[{"@type":"ReadAction","target":["https:\/\/infoecos.com.ar\/index.php\/continua-la-apelacion-de-autoridades-sanitarias-a-no-relajarse-frente-al-descenso-de-casos\/"]}]},{"@type":"ImageObject","inLanguage":"es","@id":"https:\/\/infoecos.com.ar\/index.php\/continua-la-apelacion-de-autoridades-sanitarias-a-no-relajarse-frente-al-descenso-de-casos\/#primaryimage","url":"https:\/\/infoecos.com.ar\/wp-content\/uploads\/tl45guardiahospital-2.jpg","contentUrl":"https:\/\/infoecos.com.ar\/wp-content\/uploads\/tl45guardiahospital-2.jpg","width":912,"height":608,"caption":"T.Lauquen - Guardia"},{"@type":"BreadcrumbList","@id":"https:\/\/infoecos.com.ar\/index.php\/continua-la-apelacion-de-autoridades-sanitarias-a-no-relajarse-frente-al-descenso-de-casos\/#breadcrumb","itemListElement":[{"@type":"ListItem","position":1,"name":"Portada","item":"https:\/\/infoecos.com.ar\/"},{"@type":"ListItem","position":2,"name":"Contin\u00faa la apelaci\u00f3n de autoridades sanitarias a no relajarse frente al descenso de casos"}]},{"@type":"WebSite","@id":"https:\/\/infoecos.com.ar\/#website","url":"https:\/\/infoecos.com.ar\/","name":"Infoecos","description":"Noticias de trenque lauquen y la zona","publisher":{"@id":"https:\/\/infoecos.com.ar\/#organization"},"alternateName":"Noticias","potentialAction":[{"@type":"SearchAction","target":{"@type":"EntryPoint","urlTemplate":"https:\/\/infoecos.com.ar\/?s={search_term_string}"},"query-input":{"@type":"PropertyValueSpecification","valueRequired":true,"valueName":"search_term_string"}}],"inLanguage":"es"},{"@type":"Organization","@id":"https:\/\/infoecos.com.ar\/#organization","name":"Infoecos","alternateName":"Noticias","url":"https:\/\/infoecos.com.ar\/","logo":{"@type":"ImageObject","inLanguage":"es","@id":"https:\/\/infoecos.com.ar\/#\/schema\/logo\/image\/","url":"https:\/\/infoecos.com.ar\/wp-content\/uploads\/2024\/03\/cropped-logo.png","contentUrl":"https:\/\/infoecos.com.ar\/wp-content\/uploads\/2024\/03\/cropped-logo.png","width":374,"height":90,"caption":"Infoecos"},"image":{"@id":"https:\/\/infoecos.com.ar\/#\/schema\/logo\/image\/"},"sameAs":["https:\/\/www.facebook.com\/profile.php?id=100063200290284","https:\/\/x.com\/infoecos"]},{"@type":"Person","@id":"https:\/\/infoecos.com.ar\/#\/schema\/person\/8f5ace5ce73b4b4aac4b7245aee6f191","name":"Jorge Matheus","url":"https:\/\/infoecos.com.ar\/index.php\/author\/jomatheus\/"}]}},"featured_image_urls":{"full":["https:\/\/infoecos.com.ar\/wp-content\/uploads\/tl45guardiahospital-2.jpg",912,608,false],"thumbnail":["https:\/\/infoecos.com.ar\/wp-content\/uploads\/tl45guardiahospital-2-150x150.jpg",150,150,true],"medium":["https:\/\/infoecos.com.ar\/wp-content\/uploads\/tl45guardiahospital-2-460x307.jpg",460,307,true],"medium_large":["https:\/\/infoecos.com.ar\/wp-content\/uploads\/tl45guardiahospital-2-768x512.jpg",640,427,true],"large":["https:\/\/infoecos.com.ar\/wp-content\/uploads\/tl45guardiahospital-2.jpg",640,427,false],"1536x1536":["https:\/\/infoecos.com.ar\/wp-content\/uploads\/tl45guardiahospital-2.jpg",912,608,false],"2048x2048":["https:\/\/infoecos.com.ar\/wp-content\/uploads\/tl45guardiahospital-2.jpg",912,608,false],"covernews-slider-full":["https:\/\/infoecos.com.ar\/wp-content\/uploads\/tl45guardiahospital-2.jpg",912,608,false],"covernews-slider-center":["https:\/\/infoecos.com.ar\/wp-content\/uploads\/tl45guardiahospital-2.jpg",750,500,false],"covernews-featured":["https:\/\/infoecos.com.ar\/wp-content\/uploads\/tl45guardiahospital-2.jpg",912,608,false],"covernews-medium":["https:\/\/infoecos.com.ar\/wp-content\/uploads\/tl45guardiahospital-2-720x380.jpg",540,285,true],"covernews-medium-square":["https:\/\/infoecos.com.ar\/wp-content\/uploads\/tl45guardiahospital-2-675x450.jpg",375,250,true]},"author_info":{"info":["Jorge Matheus"]},"category_info":"<a href=\"https:\/\/infoecos.com.ar\/index.php\/category\/inferior4\/\" rel=\"category tag\">Bloque inferior - 4<\/a>","tag_info":"Bloque inferior - 4","comment_count":"0","_links":{"self":[{"href":"https:\/\/infoecos.com.ar\/index.php\/wp-json\/wp\/v2\/posts\/74422"}],"collection":[{"href":"https:\/\/infoecos.com.ar\/index.php\/wp-json\/wp\/v2\/posts"}],"about":[{"href":"https:\/\/infoecos.com.ar\/index.php\/wp-json\/wp\/v2\/types\/post"}],"author":[{"embeddable":true,"href":"https:\/\/infoecos.com.ar\/index.php\/wp-json\/wp\/v2\/users\/2"}],"replies":[{"embeddable":true,"href":"https:\/\/infoecos.com.ar\/index.php\/wp-json\/wp\/v2\/comments?post=74422"}],"version-history":[{"count":1,"href":"https:\/\/infoecos.com.ar\/index.php\/wp-json\/wp\/v2\/posts\/74422\/revisions"}],"predecessor-version":[{"id":74423,"href":"https:\/\/infoecos.com.ar\/index.php\/wp-json\/wp\/v2\/posts\/74422\/revisions\/74423"}],"wp:featuredmedia":[{"embeddable":true,"href":"https:\/\/infoecos.com.ar\/index.php\/wp-json\/wp\/v2\/media\/60374"}],"wp:attachment":[{"href":"https:\/\/infoecos.com.ar\/index.php\/wp-json\/wp\/v2\/media?parent=74422"}],"wp:term":[{"taxonomy":"category","embeddable":true,"href":"https:\/\/infoecos.com.ar\/index.php\/wp-json\/wp\/v2\/categories?post=74422"},{"taxonomy":"post_tag","embeddable":true,"href":"https:\/\/infoecos.com.ar\/index.php\/wp-json\/wp\/v2\/tags?post=74422"}],"curies":[{"name":"wp","href":"https:\/\/api.w.org\/{rel}","templated":true}]}}