{"id":74441,"date":"2021-02-16T15:24:54","date_gmt":"2021-02-16T18:24:54","guid":{"rendered":"http:\/\/infoecos.com.ar\/?p=74441"},"modified":"2021-02-18T02:47:51","modified_gmt":"2021-02-18T05:47:51","slug":"el-intendente-de-chivilcoy-a-favor-de-la-suspension-de-las-primarias-abiertas-obligatorias-y-simultaneas","status":"publish","type":"post","link":"https:\/\/infoecos.com.ar\/index.php\/el-intendente-de-chivilcoy-a-favor-de-la-suspension-de-las-primarias-abiertas-obligatorias-y-simultaneas\/","title":{"rendered":"El intendente de Chivilcoy a favor de la suspensi\u00f3n de las Primarias Abiertas, Obligatorias y Simult\u00e1neas"},"content":{"rendered":"\n<p>\u201cNo creo que sea uniforme la posici\u00f3n de los intendentes independientes y veo dif\u00edcil que se acerquen a Juntos por el Cambio\u201d se\u00f1al\u00f3&nbsp;Guillermo Britos, jefe comunal de Chivilcoy, en di\u00e1logo con&nbsp;Radio La Plata (FM 90.9)<strong>&nbsp;<\/strong>de cara a las elecciones legislativas previstas para este a\u00f1o.<\/p>\n\n\n\n<div class=\"wp-block-image\"><figure class=\"aligncenter size-medium\"><img loading=\"lazy\" decoding=\"async\" width=\"460\" height=\"306\" src=\"http:\/\/infoecos.com.ar\/wp-content\/uploads\/2021\/02\/britos-460x306.jpg\" alt=\"\" class=\"wp-image-74442\" srcset=\"https:\/\/infoecos.com.ar\/wp-content\/uploads\/2021\/02\/britos-460x306.jpg 460w, https:\/\/infoecos.com.ar\/wp-content\/uploads\/2021\/02\/britos.jpg 512w\" sizes=\"(max-width: 460px) 100vw, 460px\" \/><\/figure><\/div>\n\n\n\n<p>\u201cAlgunos se incorporar\u00e1n a las filas del oficialismo, aunque ese no creo que sea mi caso porque hay muchas diferencias locales con el Frente de Todos\u201d agreg\u00f3.<\/p>\n\n\n\n<p>En medio del debate sobre si las elecciones Primarias, Abiertas, Simult\u00e1neas y Obligatorias (PASO) se har\u00e1n o no frente al contexto de pandemia, Britos sent\u00f3 su postura: \u201cNo son meses para hacer campa\u00f1a, sino para atender todas las dem\u00e1s cuestiones\u201d.<\/p>\n\n\n\n<p>\u201cEsperamos que en marzo se decidan por s\u00ed o por no, para ver c\u00f3mo seguir. A todos los intendentes nos conviene que se hagan las PASO porque tenemos m\u00e1s chances de subir puntos, pero ac\u00e1 no hablamos de conveniencia propia sino de lo que es necesario para el contexto\u201d sentenci\u00f3 el intendente de Chivilcoy.<\/p>\n","protected":false},"excerpt":{"rendered":"<p>\u201cNo son meses para hacer campa\u00f1a, sino para atender todas las dem\u00e1s cuestiones\u201d, se\u00f1al\u00f3<\/p>\n","protected":false},"author":2,"featured_media":74442,"comment_status":"closed","ping_status":"open","sticky":false,"template":"","format":"standard","meta":{"footnotes":""},"categories":[1614],"tags":[2984],"class_list":["post-74441","post","type-post","status-publish","format-standard","has-post-thumbnail","hentry","category-c2nota7","tag-declaraciones-a-radio-la-plata"],"yoast_head":"<!-- This site is optimized with the Yoast SEO plugin v23.4 - https:\/\/yoast.com\/wordpress\/plugins\/seo\/ -->\n<title>El intendente de Chivilcoy a favor de la suspensi\u00f3n de las Primarias Abiertas, Obligatorias y Simult\u00e1neas - Infoecos<\/title>\n<meta name=\"robots\" content=\"index, follow, max-snippet:-1, max-image-preview:large, max-video-preview:-1\" \/>\n<link rel=\"canonical\" href=\"https:\/\/infoecos.com.ar\/index.php\/el-intendente-de-chivilcoy-a-favor-de-la-suspension-de-las-primarias-abiertas-obligatorias-y-simultaneas\/\" \/>\n<meta property=\"og:locale\" content=\"es_ES\" \/>\n<meta property=\"og:type\" content=\"article\" \/>\n<meta property=\"og:title\" content=\"El intendente de Chivilcoy a favor de la suspensi\u00f3n de las Primarias Abiertas, Obligatorias y Simult\u00e1neas - Infoecos\" \/>\n<meta property=\"og:description\" content=\"\u201cNo son meses para hacer campa\u00f1a, sino para atender todas las dem\u00e1s cuestiones\u201d, se\u00f1al\u00f3\" \/>\n<meta property=\"og:url\" content=\"https:\/\/infoecos.com.ar\/index.php\/el-intendente-de-chivilcoy-a-favor-de-la-suspension-de-las-primarias-abiertas-obligatorias-y-simultaneas\/\" \/>\n<meta property=\"og:site_name\" content=\"Infoecos\" \/>\n<meta property=\"article:publisher\" content=\"https:\/\/www.facebook.com\/profile.php?id=100063200290284\" \/>\n<meta property=\"article:published_time\" content=\"2021-02-16T18:24:54+00:00\" \/>\n<meta property=\"article:modified_time\" content=\"2021-02-18T05:47:51+00:00\" \/>\n<meta property=\"og:image\" content=\"https:\/\/infoecos.com.ar\/wp-content\/uploads\/2021\/02\/britos.jpg\" \/>\n\t<meta property=\"og:image:width\" content=\"512\" \/>\n\t<meta property=\"og:image:height\" content=\"341\" \/>\n\t<meta property=\"og:image:type\" content=\"image\/jpeg\" \/>\n<meta name=\"author\" content=\"Jorge Matheus\" \/>\n<meta name=\"twitter:card\" content=\"summary_large_image\" \/>\n<meta name=\"twitter:creator\" content=\"@infoecos\" \/>\n<meta name=\"twitter:site\" content=\"@infoecos\" \/>\n<meta name=\"twitter:label1\" content=\"Escrito por\" \/>\n\t<meta name=\"twitter:data1\" content=\"Jorge Matheus\" \/>\n\t<meta name=\"twitter:label2\" content=\"Tiempo de lectura\" \/>\n\t<meta name=\"twitter:data2\" content=\"1 minuto\" \/>\n<script type=\"application\/ld+json\" class=\"yoast-schema-graph\">{\"@context\":\"https:\/\/schema.org\",\"@graph\":[{\"@type\":\"Article\",\"@id\":\"https:\/\/infoecos.com.ar\/index.php\/el-intendente-de-chivilcoy-a-favor-de-la-suspension-de-las-primarias-abiertas-obligatorias-y-simultaneas\/#article\",\"isPartOf\":{\"@id\":\"https:\/\/infoecos.com.ar\/index.php\/el-intendente-de-chivilcoy-a-favor-de-la-suspension-de-las-primarias-abiertas-obligatorias-y-simultaneas\/\"},\"author\":{\"name\":\"Jorge Matheus\",\"@id\":\"https:\/\/infoecos.com.ar\/#\/schema\/person\/8f5ace5ce73b4b4aac4b7245aee6f191\"},\"headline\":\"El intendente de Chivilcoy a favor de la suspensi\u00f3n de las Primarias Abiertas, Obligatorias y Simult\u00e1neas\",\"datePublished\":\"2021-02-16T18:24:54+00:00\",\"dateModified\":\"2021-02-18T05:47:51+00:00\",\"mainEntityOfPage\":{\"@id\":\"https:\/\/infoecos.com.ar\/index.php\/el-intendente-de-chivilcoy-a-favor-de-la-suspension-de-las-primarias-abiertas-obligatorias-y-simultaneas\/\"},\"wordCount\":200,\"publisher\":{\"@id\":\"https:\/\/infoecos.com.ar\/#organization\"},\"image\":{\"@id\":\"https:\/\/infoecos.com.ar\/index.php\/el-intendente-de-chivilcoy-a-favor-de-la-suspension-de-las-primarias-abiertas-obligatorias-y-simultaneas\/#primaryimage\"},\"thumbnailUrl\":\"https:\/\/infoecos.com.ar\/wp-content\/uploads\/2021\/02\/britos.jpg\",\"keywords\":[\"DECLARACIONES A RADIO LA PLATA\"],\"articleSection\":[\"C2 N7\"],\"inLanguage\":\"es\"},{\"@type\":\"WebPage\",\"@id\":\"https:\/\/infoecos.com.ar\/index.php\/el-intendente-de-chivilcoy-a-favor-de-la-suspension-de-las-primarias-abiertas-obligatorias-y-simultaneas\/\",\"url\":\"https:\/\/infoecos.com.ar\/index.php\/el-intendente-de-chivilcoy-a-favor-de-la-suspension-de-las-primarias-abiertas-obligatorias-y-simultaneas\/\",\"name\":\"El intendente de Chivilcoy a favor de la suspensi\u00f3n de las Primarias Abiertas, Obligatorias y Simult\u00e1neas - Infoecos\",\"isPartOf\":{\"@id\":\"https:\/\/infoecos.com.ar\/#website\"},\"primaryImageOfPage\":{\"@id\":\"https:\/\/infoecos.com.ar\/index.php\/el-intendente-de-chivilcoy-a-favor-de-la-suspension-de-las-primarias-abiertas-obligatorias-y-simultaneas\/#primaryimage\"},\"image\":{\"@id\":\"https:\/\/infoecos.com.ar\/index.php\/el-intendente-de-chivilcoy-a-favor-de-la-suspension-de-las-primarias-abiertas-obligatorias-y-simultaneas\/#primaryimage\"},\"thumbnailUrl\":\"https:\/\/infoecos.com.ar\/wp-content\/uploads\/2021\/02\/britos.jpg\",\"datePublished\":\"2021-02-16T18:24:54+00:00\",\"dateModified\":\"2021-02-18T05:47:51+00:00\",\"breadcrumb\":{\"@id\":\"https:\/\/infoecos.com.ar\/index.php\/el-intendente-de-chivilcoy-a-favor-de-la-suspension-de-las-primarias-abiertas-obligatorias-y-simultaneas\/#breadcrumb\"},\"inLanguage\":\"es\",\"potentialAction\":[{\"@type\":\"ReadAction\",\"target\":[\"https:\/\/infoecos.com.ar\/index.php\/el-intendente-de-chivilcoy-a-favor-de-la-suspension-de-las-primarias-abiertas-obligatorias-y-simultaneas\/\"]}]},{\"@type\":\"ImageObject\",\"inLanguage\":\"es\",\"@id\":\"https:\/\/infoecos.com.ar\/index.php\/el-intendente-de-chivilcoy-a-favor-de-la-suspension-de-las-primarias-abiertas-obligatorias-y-simultaneas\/#primaryimage\",\"url\":\"https:\/\/infoecos.com.ar\/wp-content\/uploads\/2021\/02\/britos.jpg\",\"contentUrl\":\"https:\/\/infoecos.com.ar\/wp-content\/uploads\/2021\/02\/britos.jpg\",\"width\":512,\"height\":341},{\"@type\":\"BreadcrumbList\",\"@id\":\"https:\/\/infoecos.com.ar\/index.php\/el-intendente-de-chivilcoy-a-favor-de-la-suspension-de-las-primarias-abiertas-obligatorias-y-simultaneas\/#breadcrumb\",\"itemListElement\":[{\"@type\":\"ListItem\",\"position\":1,\"name\":\"Portada\",\"item\":\"https:\/\/infoecos.com.ar\/\"},{\"@type\":\"ListItem\",\"position\":2,\"name\":\"El intendente de Chivilcoy a favor de la suspensi\u00f3n de las Primarias Abiertas, Obligatorias y Simult\u00e1neas\"}]},{\"@type\":\"WebSite\",\"@id\":\"https:\/\/infoecos.com.ar\/#website\",\"url\":\"https:\/\/infoecos.com.ar\/\",\"name\":\"Infoecos\",\"description\":\"Noticias de trenque lauquen y la zona\",\"publisher\":{\"@id\":\"https:\/\/infoecos.com.ar\/#organization\"},\"alternateName\":\"Noticias\",\"potentialAction\":[{\"@type\":\"SearchAction\",\"target\":{\"@type\":\"EntryPoint\",\"urlTemplate\":\"https:\/\/infoecos.com.ar\/?s={search_term_string}\"},\"query-input\":{\"@type\":\"PropertyValueSpecification\",\"valueRequired\":true,\"valueName\":\"search_term_string\"}}],\"inLanguage\":\"es\"},{\"@type\":\"Organization\",\"@id\":\"https:\/\/infoecos.com.ar\/#organization\",\"name\":\"Infoecos\",\"alternateName\":\"Noticias\",\"url\":\"https:\/\/infoecos.com.ar\/\",\"logo\":{\"@type\":\"ImageObject\",\"inLanguage\":\"es\",\"@id\":\"https:\/\/infoecos.com.ar\/#\/schema\/logo\/image\/\",\"url\":\"https:\/\/infoecos.com.ar\/wp-content\/uploads\/2024\/03\/cropped-logo.png\",\"contentUrl\":\"https:\/\/infoecos.com.ar\/wp-content\/uploads\/2024\/03\/cropped-logo.png\",\"width\":374,\"height\":90,\"caption\":\"Infoecos\"},\"image\":{\"@id\":\"https:\/\/infoecos.com.ar\/#\/schema\/logo\/image\/\"},\"sameAs\":[\"https:\/\/www.facebook.com\/profile.php?id=100063200290284\",\"https:\/\/x.com\/infoecos\"]},{\"@type\":\"Person\",\"@id\":\"https:\/\/infoecos.com.ar\/#\/schema\/person\/8f5ace5ce73b4b4aac4b7245aee6f191\",\"name\":\"Jorge Matheus\",\"url\":\"https:\/\/infoecos.com.ar\/index.php\/author\/jomatheus\/\"}]}<\/script>\n<!-- \/ Yoast SEO plugin. -->","yoast_head_json":{"title":"El intendente de Chivilcoy a favor de la suspensi\u00f3n de las Primarias Abiertas, Obligatorias y Simult\u00e1neas - Infoecos","robots":{"index":"index","follow":"follow","max-snippet":"max-snippet:-1","max-image-preview":"max-image-preview:large","max-video-preview":"max-video-preview:-1"},"canonical":"https:\/\/infoecos.com.ar\/index.php\/el-intendente-de-chivilcoy-a-favor-de-la-suspension-de-las-primarias-abiertas-obligatorias-y-simultaneas\/","og_locale":"es_ES","og_type":"article","og_title":"El intendente de Chivilcoy a favor de la suspensi\u00f3n de las Primarias Abiertas, Obligatorias y Simult\u00e1neas - Infoecos","og_description":"\u201cNo son meses para hacer campa\u00f1a, sino para atender todas las dem\u00e1s cuestiones\u201d, se\u00f1al\u00f3","og_url":"https:\/\/infoecos.com.ar\/index.php\/el-intendente-de-chivilcoy-a-favor-de-la-suspension-de-las-primarias-abiertas-obligatorias-y-simultaneas\/","og_site_name":"Infoecos","article_publisher":"https:\/\/www.facebook.com\/profile.php?id=100063200290284","article_published_time":"2021-02-16T18:24:54+00:00","article_modified_time":"2021-02-18T05:47:51+00:00","og_image":[{"width":512,"height":341,"url":"https:\/\/infoecos.com.ar\/wp-content\/uploads\/2021\/02\/britos.jpg","type":"image\/jpeg"}],"author":"Jorge Matheus","twitter_card":"summary_large_image","twitter_creator":"@infoecos","twitter_site":"@infoecos","twitter_misc":{"Escrito por":"Jorge Matheus","Tiempo de lectura":"1 minuto"},"schema":{"@context":"https:\/\/schema.org","@graph":[{"@type":"Article","@id":"https:\/\/infoecos.com.ar\/index.php\/el-intendente-de-chivilcoy-a-favor-de-la-suspension-de-las-primarias-abiertas-obligatorias-y-simultaneas\/#article","isPartOf":{"@id":"https:\/\/infoecos.com.ar\/index.php\/el-intendente-de-chivilcoy-a-favor-de-la-suspension-de-las-primarias-abiertas-obligatorias-y-simultaneas\/"},"author":{"name":"Jorge Matheus","@id":"https:\/\/infoecos.com.ar\/#\/schema\/person\/8f5ace5ce73b4b4aac4b7245aee6f191"},"headline":"El intendente de Chivilcoy a favor de la suspensi\u00f3n de las Primarias Abiertas, Obligatorias y Simult\u00e1neas","datePublished":"2021-02-16T18:24:54+00:00","dateModified":"2021-02-18T05:47:51+00:00","mainEntityOfPage":{"@id":"https:\/\/infoecos.com.ar\/index.php\/el-intendente-de-chivilcoy-a-favor-de-la-suspension-de-las-primarias-abiertas-obligatorias-y-simultaneas\/"},"wordCount":200,"publisher":{"@id":"https:\/\/infoecos.com.ar\/#organization"},"image":{"@id":"https:\/\/infoecos.com.ar\/index.php\/el-intendente-de-chivilcoy-a-favor-de-la-suspension-de-las-primarias-abiertas-obligatorias-y-simultaneas\/#primaryimage"},"thumbnailUrl":"https:\/\/infoecos.com.ar\/wp-content\/uploads\/2021\/02\/britos.jpg","keywords":["DECLARACIONES A RADIO LA PLATA"],"articleSection":["C2 N7"],"inLanguage":"es"},{"@type":"WebPage","@id":"https:\/\/infoecos.com.ar\/index.php\/el-intendente-de-chivilcoy-a-favor-de-la-suspension-de-las-primarias-abiertas-obligatorias-y-simultaneas\/","url":"https:\/\/infoecos.com.ar\/index.php\/el-intendente-de-chivilcoy-a-favor-de-la-suspension-de-las-primarias-abiertas-obligatorias-y-simultaneas\/","name":"El intendente de Chivilcoy a favor de la suspensi\u00f3n de las Primarias Abiertas, Obligatorias y Simult\u00e1neas - Infoecos","isPartOf":{"@id":"https:\/\/infoecos.com.ar\/#website"},"primaryImageOfPage":{"@id":"https:\/\/infoecos.com.ar\/index.php\/el-intendente-de-chivilcoy-a-favor-de-la-suspension-de-las-primarias-abiertas-obligatorias-y-simultaneas\/#primaryimage"},"image":{"@id":"https:\/\/infoecos.com.ar\/index.php\/el-intendente-de-chivilcoy-a-favor-de-la-suspension-de-las-primarias-abiertas-obligatorias-y-simultaneas\/#primaryimage"},"thumbnailUrl":"https:\/\/infoecos.com.ar\/wp-content\/uploads\/2021\/02\/britos.jpg","datePublished":"2021-02-16T18:24:54+00:00","dateModified":"2021-02-18T05:47:51+00:00","breadcrumb":{"@id":"https:\/\/infoecos.com.ar\/index.php\/el-intendente-de-chivilcoy-a-favor-de-la-suspension-de-las-primarias-abiertas-obligatorias-y-simultaneas\/#breadcrumb"},"inLanguage":"es","potentialAction":[{"@type":"ReadAction","target":["https:\/\/infoecos.com.ar\/index.php\/el-intendente-de-chivilcoy-a-favor-de-la-suspension-de-las-primarias-abiertas-obligatorias-y-simultaneas\/"]}]},{"@type":"ImageObject","inLanguage":"es","@id":"https:\/\/infoecos.com.ar\/index.php\/el-intendente-de-chivilcoy-a-favor-de-la-suspension-de-las-primarias-abiertas-obligatorias-y-simultaneas\/#primaryimage","url":"https:\/\/infoecos.com.ar\/wp-content\/uploads\/2021\/02\/britos.jpg","contentUrl":"https:\/\/infoecos.com.ar\/wp-content\/uploads\/2021\/02\/britos.jpg","width":512,"height":341},{"@type":"BreadcrumbList","@id":"https:\/\/infoecos.com.ar\/index.php\/el-intendente-de-chivilcoy-a-favor-de-la-suspension-de-las-primarias-abiertas-obligatorias-y-simultaneas\/#breadcrumb","itemListElement":[{"@type":"ListItem","position":1,"name":"Portada","item":"https:\/\/infoecos.com.ar\/"},{"@type":"ListItem","position":2,"name":"El intendente de Chivilcoy a favor de la suspensi\u00f3n de las Primarias Abiertas, Obligatorias y Simult\u00e1neas"}]},{"@type":"WebSite","@id":"https:\/\/infoecos.com.ar\/#website","url":"https:\/\/infoecos.com.ar\/","name":"Infoecos","description":"Noticias de trenque lauquen y la zona","publisher":{"@id":"https:\/\/infoecos.com.ar\/#organization"},"alternateName":"Noticias","potentialAction":[{"@type":"SearchAction","target":{"@type":"EntryPoint","urlTemplate":"https:\/\/infoecos.com.ar\/?s={search_term_string}"},"query-input":{"@type":"PropertyValueSpecification","valueRequired":true,"valueName":"search_term_string"}}],"inLanguage":"es"},{"@type":"Organization","@id":"https:\/\/infoecos.com.ar\/#organization","name":"Infoecos","alternateName":"Noticias","url":"https:\/\/infoecos.com.ar\/","logo":{"@type":"ImageObject","inLanguage":"es","@id":"https:\/\/infoecos.com.ar\/#\/schema\/logo\/image\/","url":"https:\/\/infoecos.com.ar\/wp-content\/uploads\/2024\/03\/cropped-logo.png","contentUrl":"https:\/\/infoecos.com.ar\/wp-content\/uploads\/2024\/03\/cropped-logo.png","width":374,"height":90,"caption":"Infoecos"},"image":{"@id":"https:\/\/infoecos.com.ar\/#\/schema\/logo\/image\/"},"sameAs":["https:\/\/www.facebook.com\/profile.php?id=100063200290284","https:\/\/x.com\/infoecos"]},{"@type":"Person","@id":"https:\/\/infoecos.com.ar\/#\/schema\/person\/8f5ace5ce73b4b4aac4b7245aee6f191","name":"Jorge Matheus","url":"https:\/\/infoecos.com.ar\/index.php\/author\/jomatheus\/"}]}},"featured_image_urls":{"full":["https:\/\/infoecos.com.ar\/wp-content\/uploads\/2021\/02\/britos.jpg",512,341,false],"thumbnail":["https:\/\/infoecos.com.ar\/wp-content\/uploads\/2021\/02\/britos-150x150.jpg",150,150,true],"medium":["https:\/\/infoecos.com.ar\/wp-content\/uploads\/2021\/02\/britos-460x306.jpg",460,306,true],"medium_large":["https:\/\/infoecos.com.ar\/wp-content\/uploads\/2021\/02\/britos.jpg",512,341,false],"large":["https:\/\/infoecos.com.ar\/wp-content\/uploads\/2021\/02\/britos.jpg",512,341,false],"1536x1536":["https:\/\/infoecos.com.ar\/wp-content\/uploads\/2021\/02\/britos.jpg",512,341,false],"2048x2048":["https:\/\/infoecos.com.ar\/wp-content\/uploads\/2021\/02\/britos.jpg",512,341,false],"covernews-slider-full":["https:\/\/infoecos.com.ar\/wp-content\/uploads\/2021\/02\/britos.jpg",512,341,false],"covernews-slider-center":["https:\/\/infoecos.com.ar\/wp-content\/uploads\/2021\/02\/britos.jpg",512,341,false],"covernews-featured":["https:\/\/infoecos.com.ar\/wp-content\/uploads\/2021\/02\/britos.jpg",512,341,false],"covernews-medium":["https:\/\/infoecos.com.ar\/wp-content\/uploads\/2021\/02\/britos.jpg",510,340,false],"covernews-medium-square":["https:\/\/infoecos.com.ar\/wp-content\/uploads\/2021\/02\/britos.jpg",375,250,false]},"author_info":{"info":["Jorge Matheus"]},"category_info":"<a href=\"https:\/\/infoecos.com.ar\/index.php\/category\/c2nota7\/\" rel=\"category tag\">C2 N7<\/a>","tag_info":"C2 N7","comment_count":"0","_links":{"self":[{"href":"https:\/\/infoecos.com.ar\/index.php\/wp-json\/wp\/v2\/posts\/74441"}],"collection":[{"href":"https:\/\/infoecos.com.ar\/index.php\/wp-json\/wp\/v2\/posts"}],"about":[{"href":"https:\/\/infoecos.com.ar\/index.php\/wp-json\/wp\/v2\/types\/post"}],"author":[{"embeddable":true,"href":"https:\/\/infoecos.com.ar\/index.php\/wp-json\/wp\/v2\/users\/2"}],"replies":[{"embeddable":true,"href":"https:\/\/infoecos.com.ar\/index.php\/wp-json\/wp\/v2\/comments?post=74441"}],"version-history":[{"count":2,"href":"https:\/\/infoecos.com.ar\/index.php\/wp-json\/wp\/v2\/posts\/74441\/revisions"}],"predecessor-version":[{"id":74535,"href":"https:\/\/infoecos.com.ar\/index.php\/wp-json\/wp\/v2\/posts\/74441\/revisions\/74535"}],"wp:featuredmedia":[{"embeddable":true,"href":"https:\/\/infoecos.com.ar\/index.php\/wp-json\/wp\/v2\/media\/74442"}],"wp:attachment":[{"href":"https:\/\/infoecos.com.ar\/index.php\/wp-json\/wp\/v2\/media?parent=74441"}],"wp:term":[{"taxonomy":"category","embeddable":true,"href":"https:\/\/infoecos.com.ar\/index.php\/wp-json\/wp\/v2\/categories?post=74441"},{"taxonomy":"post_tag","embeddable":true,"href":"https:\/\/infoecos.com.ar\/index.php\/wp-json\/wp\/v2\/tags?post=74441"}],"curies":[{"name":"wp","href":"https:\/\/api.w.org\/{rel}","templated":true}]}}