{"id":74446,"date":"2021-02-17T01:11:31","date_gmt":"2021-02-17T04:11:31","guid":{"rendered":"http:\/\/infoecos.com.ar\/?p=74446"},"modified":"2021-02-17T01:11:35","modified_gmt":"2021-02-17T04:11:35","slug":"barrio-alegre-homenajea-este-miercoles-a-uno-de-sus-reconocidos-y-comprometido-dirigente","status":"publish","type":"post","link":"https:\/\/infoecos.com.ar\/index.php\/barrio-alegre-homenajea-este-miercoles-a-uno-de-sus-reconocidos-y-comprometido-dirigente\/","title":{"rendered":"Barrio Alegre homenajea este mi\u00e9rcoles a uno de sus reconocidos y comprometido dirigente"},"content":{"rendered":"\n<p class=\"wp-block-paragraph\">El Club Deportivo Barrio Alegre realizar\u00e1 este mi\u00e9rcoles en el Cine a la hora 10:30, un homenaje a Francisco Mart\u00edn Islas.<\/p>\n\n\n\n<p class=\"wp-block-paragraph\">Se trata de un vecino que fue testigo del nacimiento de la conocida y popular instituci\u00f3n de Trenque Lauquen. Viv\u00eda a pocos metros de la esquina de Saavedra y Orellana. Con los a\u00f1os lleg\u00f3 a ser presidente de la entidad. Fue entre los a\u00f1os 2001 y 2009. <\/p>\n\n\n\n<p class=\"wp-block-paragraph\">Islas tambi\u00e9n jug\u00f3 en las divisiones inferiores de Barrio Alegre, entidad que est\u00e1 cumpliendo sus 79 a\u00f1os. El homenajeado es el creador de la letra del tango \u00abBarrio Alegre\u00bb que relata la historia del club y varias poes\u00edas que la involucran.<\/p>\n\n\n\n<p class=\"wp-block-paragraph\">Merecido reconocimiento, no solo a un dirigente, poeta, sino tambi\u00e9n a un muy buen vecino de la ciudad. <br><\/p>\n\n\n\n<div class=\"wp-block-image\"><figure class=\"aligncenter size-medium\"><img decoding=\"async\" src=\"http:\/\/infoecos.com.ar\/wp-content\/uploads\/proyector-460x345.jpg\" alt=\"\" class=\"wp-image-17416\"\/><figcaption>Trenque Lauquen &#8211; Cine Barrio Alegre<\/figcaption><\/figure><\/div>\n","protected":false},"excerpt":{"rendered":"<p>Merecido reconocimiento, no solo a un dirigente, poeta, sino tambi\u00e9n a un muy buen vecino de la ciudad<\/p>\n","protected":false},"author":2,"featured_media":17416,"comment_status":"closed","ping_status":"open","sticky":false,"template":"","format":"standard","meta":{"footnotes":""},"categories":[50],"tags":[2986],"class_list":["post-74446","post","type-post","status-publish","format-standard","has-post-thumbnail","hentry","category-c1nota4","tag-francisco-martin-islas"],"featured_image_urls":{"full":"","thumbnail":"","medium":"","medium_large":"","large":"","1536x1536":"","2048x2048":"","covernews-slider-full":"","covernews-slider-center":"","covernews-featured":"","covernews-medium":"","covernews-medium-square":""},"author_info":{"info":["Jorge Matheus"]},"category_info":"<a href=\"https:\/\/infoecos.com.ar\/index.php\/category\/c1nota4\/\" rel=\"category tag\">C1 N4<\/a>","tag_info":"C1 N4","comment_count":"0","_links":{"self":[{"href":"https:\/\/infoecos.com.ar\/index.php\/wp-json\/wp\/v2\/posts\/74446","targetHints":{"allow":["GET"]}}],"collection":[{"href":"https:\/\/infoecos.com.ar\/index.php\/wp-json\/wp\/v2\/posts"}],"about":[{"href":"https:\/\/infoecos.com.ar\/index.php\/wp-json\/wp\/v2\/types\/post"}],"author":[{"embeddable":true,"href":"https:\/\/infoecos.com.ar\/index.php\/wp-json\/wp\/v2\/users\/2"}],"replies":[{"embeddable":true,"href":"https:\/\/infoecos.com.ar\/index.php\/wp-json\/wp\/v2\/comments?post=74446"}],"version-history":[{"count":1,"href":"https:\/\/infoecos.com.ar\/index.php\/wp-json\/wp\/v2\/posts\/74446\/revisions"}],"predecessor-version":[{"id":74447,"href":"https:\/\/infoecos.com.ar\/index.php\/wp-json\/wp\/v2\/posts\/74446\/revisions\/74447"}],"wp:attachment":[{"href":"https:\/\/infoecos.com.ar\/index.php\/wp-json\/wp\/v2\/media?parent=74446"}],"wp:term":[{"taxonomy":"category","embeddable":true,"href":"https:\/\/infoecos.com.ar\/index.php\/wp-json\/wp\/v2\/categories?post=74446"},{"taxonomy":"post_tag","embeddable":true,"href":"https:\/\/infoecos.com.ar\/index.php\/wp-json\/wp\/v2\/tags?post=74446"}],"curies":[{"name":"wp","href":"https:\/\/api.w.org\/{rel}","templated":true}]}}