{"id":74450,"date":"2021-02-17T01:33:20","date_gmt":"2021-02-17T04:33:20","guid":{"rendered":"http:\/\/infoecos.com.ar\/?p=74450"},"modified":"2021-02-17T01:33:27","modified_gmt":"2021-02-17T04:33:27","slug":"campana-de-vacunacion-y-actualizacion-de-la-situacion-epidemiologica","status":"publish","type":"post","link":"https:\/\/infoecos.com.ar\/index.php\/campana-de-vacunacion-y-actualizacion-de-la-situacion-epidemiologica\/","title":{"rendered":"Campa\u00f1a de vacunaci\u00f3n y actualizaci\u00f3n de la situaci\u00f3n epidemiol\u00f3gica"},"content":{"rendered":"\n<p>Este mi\u00e9rcoles 17 de febrero, el gobernador de la provincia de Buenos Aires, Axel Kicillof, encabezar\u00e1 una conferencia de prensa sobre la campa\u00f1a de vacunaci\u00f3n contra el Covid-19 y de actualizaci\u00f3n de la situaci\u00f3n epidemiol\u00f3gica.<\/p>\n\n\n\n<div class=\"wp-block-image\"><figure class=\"aligncenter size-medium\"><img loading=\"lazy\" decoding=\"async\" width=\"460\" height=\"307\" src=\"http:\/\/infoecos.com.ar\/wp-content\/uploads\/2021\/01\/20210120130458_IMG_7165-01-460x307.jpeg\" alt=\"\" class=\"wp-image-73015\" srcset=\"https:\/\/infoecos.com.ar\/wp-content\/uploads\/2021\/01\/20210120130458_IMG_7165-01-460x307.jpeg 460w, https:\/\/infoecos.com.ar\/wp-content\/uploads\/2021\/01\/20210120130458_IMG_7165-01-920x613.jpeg 920w, https:\/\/infoecos.com.ar\/wp-content\/uploads\/2021\/01\/20210120130458_IMG_7165-01-768x512.jpeg 768w, https:\/\/infoecos.com.ar\/wp-content\/uploads\/2021\/01\/20210120130458_IMG_7165-01-1536x1024.jpeg 1536w, https:\/\/infoecos.com.ar\/wp-content\/uploads\/2021\/01\/20210120130458_IMG_7165-01-2048x1365.jpeg 2048w, https:\/\/infoecos.com.ar\/wp-content\/uploads\/2021\/01\/20210120130458_IMG_7165-01-1024x683.jpeg 1024w, https:\/\/infoecos.com.ar\/wp-content\/uploads\/2021\/01\/20210120130458_IMG_7165-01-675x450.jpeg 675w\" sizes=\"(max-width: 460px) 100vw, 460px\" \/><\/figure><\/div>\n\n\n\n<p>Tendr\u00e1 lugar a las 9 hs. en el Sal\u00f3n Dorado de la Gobernaci\u00f3n.<\/p>\n\n\n\n<p>Se podr\u00e1 seguir en vivo por el canal de YouTube del Gobierno de la Provincia. <\/p>\n","protected":false},"excerpt":{"rendered":"<p>Tendr\u00e1 lugar a las 9 hs. en el Sal\u00f3n Dorado de la Gobernaci\u00f3n. Se podr\u00e1 seguir en vivo por el canal de YouTube del Gobierno de la Provincia<\/p>\n","protected":false},"author":2,"featured_media":73015,"comment_status":"closed","ping_status":"open","sticky":false,"template":"","format":"standard","meta":{"footnotes":""},"categories":[51],"tags":[2988],"class_list":["post-74450","post","type-post","status-publish","format-standard","has-post-thumbnail","hentry","category-c2nota4","tag-conferencia-de-prensa-de-kicillof"],"yoast_head":"<!-- This site is optimized with the Yoast SEO plugin v23.4 - https:\/\/yoast.com\/wordpress\/plugins\/seo\/ -->\n<title>Campa\u00f1a de vacunaci\u00f3n y actualizaci\u00f3n de la situaci\u00f3n epidemiol\u00f3gica - Infoecos<\/title>\n<meta name=\"robots\" content=\"index, follow, max-snippet:-1, max-image-preview:large, max-video-preview:-1\" \/>\n<link rel=\"canonical\" href=\"https:\/\/infoecos.com.ar\/index.php\/campana-de-vacunacion-y-actualizacion-de-la-situacion-epidemiologica\/\" \/>\n<meta property=\"og:locale\" content=\"es_ES\" \/>\n<meta property=\"og:type\" content=\"article\" \/>\n<meta property=\"og:title\" content=\"Campa\u00f1a de vacunaci\u00f3n y actualizaci\u00f3n de la situaci\u00f3n epidemiol\u00f3gica - Infoecos\" \/>\n<meta property=\"og:description\" content=\"Tendr\u00e1 lugar a las 9 hs. en el Sal\u00f3n Dorado de la Gobernaci\u00f3n. Se podr\u00e1 seguir en vivo por el canal de YouTube del Gobierno de la Provincia\" \/>\n<meta property=\"og:url\" content=\"https:\/\/infoecos.com.ar\/index.php\/campana-de-vacunacion-y-actualizacion-de-la-situacion-epidemiologica\/\" \/>\n<meta property=\"og:site_name\" content=\"Infoecos\" \/>\n<meta property=\"article:publisher\" content=\"https:\/\/www.facebook.com\/profile.php?id=100063200290284\" \/>\n<meta property=\"article:published_time\" content=\"2021-02-17T04:33:20+00:00\" \/>\n<meta property=\"article:modified_time\" content=\"2021-02-17T04:33:27+00:00\" \/>\n<meta property=\"og:image\" content=\"https:\/\/infoecos.com.ar\/wp-content\/uploads\/2021\/01\/20210120130458_IMG_7165-01-scaled.jpeg\" \/>\n\t<meta property=\"og:image:width\" content=\"2560\" \/>\n\t<meta property=\"og:image:height\" content=\"1707\" \/>\n\t<meta property=\"og:image:type\" content=\"image\/jpeg\" \/>\n<meta name=\"author\" content=\"Jorge Matheus\" \/>\n<meta name=\"twitter:card\" content=\"summary_large_image\" \/>\n<meta name=\"twitter:creator\" content=\"@infoecos\" \/>\n<meta name=\"twitter:site\" content=\"@infoecos\" \/>\n<meta name=\"twitter:label1\" content=\"Escrito por\" \/>\n\t<meta name=\"twitter:data1\" content=\"Jorge Matheus\" \/>\n<script type=\"application\/ld+json\" class=\"yoast-schema-graph\">{\"@context\":\"https:\/\/schema.org\",\"@graph\":[{\"@type\":\"Article\",\"@id\":\"https:\/\/infoecos.com.ar\/index.php\/campana-de-vacunacion-y-actualizacion-de-la-situacion-epidemiologica\/#article\",\"isPartOf\":{\"@id\":\"https:\/\/infoecos.com.ar\/index.php\/campana-de-vacunacion-y-actualizacion-de-la-situacion-epidemiologica\/\"},\"author\":{\"name\":\"Jorge Matheus\",\"@id\":\"https:\/\/infoecos.com.ar\/#\/schema\/person\/8f5ace5ce73b4b4aac4b7245aee6f191\"},\"headline\":\"Campa\u00f1a de vacunaci\u00f3n y actualizaci\u00f3n de la situaci\u00f3n epidemiol\u00f3gica\",\"datePublished\":\"2021-02-17T04:33:20+00:00\",\"dateModified\":\"2021-02-17T04:33:27+00:00\",\"mainEntityOfPage\":{\"@id\":\"https:\/\/infoecos.com.ar\/index.php\/campana-de-vacunacion-y-actualizacion-de-la-situacion-epidemiologica\/\"},\"wordCount\":83,\"publisher\":{\"@id\":\"https:\/\/infoecos.com.ar\/#organization\"},\"image\":{\"@id\":\"https:\/\/infoecos.com.ar\/index.php\/campana-de-vacunacion-y-actualizacion-de-la-situacion-epidemiologica\/#primaryimage\"},\"thumbnailUrl\":\"https:\/\/infoecos.com.ar\/wp-content\/uploads\/2021\/01\/20210120130458_IMG_7165-01-scaled.jpeg\",\"keywords\":[\"CONFERENCIA DE PRENSA DE KICILLOF\"],\"articleSection\":[\"C2 N4\"],\"inLanguage\":\"es\"},{\"@type\":\"WebPage\",\"@id\":\"https:\/\/infoecos.com.ar\/index.php\/campana-de-vacunacion-y-actualizacion-de-la-situacion-epidemiologica\/\",\"url\":\"https:\/\/infoecos.com.ar\/index.php\/campana-de-vacunacion-y-actualizacion-de-la-situacion-epidemiologica\/\",\"name\":\"Campa\u00f1a de vacunaci\u00f3n y actualizaci\u00f3n de la situaci\u00f3n epidemiol\u00f3gica - Infoecos\",\"isPartOf\":{\"@id\":\"https:\/\/infoecos.com.ar\/#website\"},\"primaryImageOfPage\":{\"@id\":\"https:\/\/infoecos.com.ar\/index.php\/campana-de-vacunacion-y-actualizacion-de-la-situacion-epidemiologica\/#primaryimage\"},\"image\":{\"@id\":\"https:\/\/infoecos.com.ar\/index.php\/campana-de-vacunacion-y-actualizacion-de-la-situacion-epidemiologica\/#primaryimage\"},\"thumbnailUrl\":\"https:\/\/infoecos.com.ar\/wp-content\/uploads\/2021\/01\/20210120130458_IMG_7165-01-scaled.jpeg\",\"datePublished\":\"2021-02-17T04:33:20+00:00\",\"dateModified\":\"2021-02-17T04:33:27+00:00\",\"breadcrumb\":{\"@id\":\"https:\/\/infoecos.com.ar\/index.php\/campana-de-vacunacion-y-actualizacion-de-la-situacion-epidemiologica\/#breadcrumb\"},\"inLanguage\":\"es\",\"potentialAction\":[{\"@type\":\"ReadAction\",\"target\":[\"https:\/\/infoecos.com.ar\/index.php\/campana-de-vacunacion-y-actualizacion-de-la-situacion-epidemiologica\/\"]}]},{\"@type\":\"ImageObject\",\"inLanguage\":\"es\",\"@id\":\"https:\/\/infoecos.com.ar\/index.php\/campana-de-vacunacion-y-actualizacion-de-la-situacion-epidemiologica\/#primaryimage\",\"url\":\"https:\/\/infoecos.com.ar\/wp-content\/uploads\/2021\/01\/20210120130458_IMG_7165-01-scaled.jpeg\",\"contentUrl\":\"https:\/\/infoecos.com.ar\/wp-content\/uploads\/2021\/01\/20210120130458_IMG_7165-01-scaled.jpeg\",\"width\":2560,\"height\":1707},{\"@type\":\"BreadcrumbList\",\"@id\":\"https:\/\/infoecos.com.ar\/index.php\/campana-de-vacunacion-y-actualizacion-de-la-situacion-epidemiologica\/#breadcrumb\",\"itemListElement\":[{\"@type\":\"ListItem\",\"position\":1,\"name\":\"Portada\",\"item\":\"https:\/\/infoecos.com.ar\/\"},{\"@type\":\"ListItem\",\"position\":2,\"name\":\"Campa\u00f1a de vacunaci\u00f3n y actualizaci\u00f3n de la situaci\u00f3n epidemiol\u00f3gica\"}]},{\"@type\":\"WebSite\",\"@id\":\"https:\/\/infoecos.com.ar\/#website\",\"url\":\"https:\/\/infoecos.com.ar\/\",\"name\":\"Infoecos\",\"description\":\"Noticias de trenque lauquen y la zona\",\"publisher\":{\"@id\":\"https:\/\/infoecos.com.ar\/#organization\"},\"alternateName\":\"Noticias\",\"potentialAction\":[{\"@type\":\"SearchAction\",\"target\":{\"@type\":\"EntryPoint\",\"urlTemplate\":\"https:\/\/infoecos.com.ar\/?s={search_term_string}\"},\"query-input\":{\"@type\":\"PropertyValueSpecification\",\"valueRequired\":true,\"valueName\":\"search_term_string\"}}],\"inLanguage\":\"es\"},{\"@type\":\"Organization\",\"@id\":\"https:\/\/infoecos.com.ar\/#organization\",\"name\":\"Infoecos\",\"alternateName\":\"Noticias\",\"url\":\"https:\/\/infoecos.com.ar\/\",\"logo\":{\"@type\":\"ImageObject\",\"inLanguage\":\"es\",\"@id\":\"https:\/\/infoecos.com.ar\/#\/schema\/logo\/image\/\",\"url\":\"https:\/\/infoecos.com.ar\/wp-content\/uploads\/2024\/03\/cropped-logo.png\",\"contentUrl\":\"https:\/\/infoecos.com.ar\/wp-content\/uploads\/2024\/03\/cropped-logo.png\",\"width\":374,\"height\":90,\"caption\":\"Infoecos\"},\"image\":{\"@id\":\"https:\/\/infoecos.com.ar\/#\/schema\/logo\/image\/\"},\"sameAs\":[\"https:\/\/www.facebook.com\/profile.php?id=100063200290284\",\"https:\/\/x.com\/infoecos\"]},{\"@type\":\"Person\",\"@id\":\"https:\/\/infoecos.com.ar\/#\/schema\/person\/8f5ace5ce73b4b4aac4b7245aee6f191\",\"name\":\"Jorge Matheus\",\"url\":\"https:\/\/infoecos.com.ar\/index.php\/author\/jomatheus\/\"}]}<\/script>\n<!-- \/ Yoast SEO plugin. -->","yoast_head_json":{"title":"Campa\u00f1a de vacunaci\u00f3n y actualizaci\u00f3n de la situaci\u00f3n epidemiol\u00f3gica - Infoecos","robots":{"index":"index","follow":"follow","max-snippet":"max-snippet:-1","max-image-preview":"max-image-preview:large","max-video-preview":"max-video-preview:-1"},"canonical":"https:\/\/infoecos.com.ar\/index.php\/campana-de-vacunacion-y-actualizacion-de-la-situacion-epidemiologica\/","og_locale":"es_ES","og_type":"article","og_title":"Campa\u00f1a de vacunaci\u00f3n y actualizaci\u00f3n de la situaci\u00f3n epidemiol\u00f3gica - Infoecos","og_description":"Tendr\u00e1 lugar a las 9 hs. en el Sal\u00f3n Dorado de la Gobernaci\u00f3n. Se podr\u00e1 seguir en vivo por el canal de YouTube del Gobierno de la Provincia","og_url":"https:\/\/infoecos.com.ar\/index.php\/campana-de-vacunacion-y-actualizacion-de-la-situacion-epidemiologica\/","og_site_name":"Infoecos","article_publisher":"https:\/\/www.facebook.com\/profile.php?id=100063200290284","article_published_time":"2021-02-17T04:33:20+00:00","article_modified_time":"2021-02-17T04:33:27+00:00","og_image":[{"width":2560,"height":1707,"url":"https:\/\/infoecos.com.ar\/wp-content\/uploads\/2021\/01\/20210120130458_IMG_7165-01-scaled.jpeg","type":"image\/jpeg"}],"author":"Jorge Matheus","twitter_card":"summary_large_image","twitter_creator":"@infoecos","twitter_site":"@infoecos","twitter_misc":{"Escrito por":"Jorge Matheus"},"schema":{"@context":"https:\/\/schema.org","@graph":[{"@type":"Article","@id":"https:\/\/infoecos.com.ar\/index.php\/campana-de-vacunacion-y-actualizacion-de-la-situacion-epidemiologica\/#article","isPartOf":{"@id":"https:\/\/infoecos.com.ar\/index.php\/campana-de-vacunacion-y-actualizacion-de-la-situacion-epidemiologica\/"},"author":{"name":"Jorge Matheus","@id":"https:\/\/infoecos.com.ar\/#\/schema\/person\/8f5ace5ce73b4b4aac4b7245aee6f191"},"headline":"Campa\u00f1a de vacunaci\u00f3n y actualizaci\u00f3n de la situaci\u00f3n epidemiol\u00f3gica","datePublished":"2021-02-17T04:33:20+00:00","dateModified":"2021-02-17T04:33:27+00:00","mainEntityOfPage":{"@id":"https:\/\/infoecos.com.ar\/index.php\/campana-de-vacunacion-y-actualizacion-de-la-situacion-epidemiologica\/"},"wordCount":83,"publisher":{"@id":"https:\/\/infoecos.com.ar\/#organization"},"image":{"@id":"https:\/\/infoecos.com.ar\/index.php\/campana-de-vacunacion-y-actualizacion-de-la-situacion-epidemiologica\/#primaryimage"},"thumbnailUrl":"https:\/\/infoecos.com.ar\/wp-content\/uploads\/2021\/01\/20210120130458_IMG_7165-01-scaled.jpeg","keywords":["CONFERENCIA DE PRENSA DE KICILLOF"],"articleSection":["C2 N4"],"inLanguage":"es"},{"@type":"WebPage","@id":"https:\/\/infoecos.com.ar\/index.php\/campana-de-vacunacion-y-actualizacion-de-la-situacion-epidemiologica\/","url":"https:\/\/infoecos.com.ar\/index.php\/campana-de-vacunacion-y-actualizacion-de-la-situacion-epidemiologica\/","name":"Campa\u00f1a de vacunaci\u00f3n y actualizaci\u00f3n de la situaci\u00f3n epidemiol\u00f3gica - Infoecos","isPartOf":{"@id":"https:\/\/infoecos.com.ar\/#website"},"primaryImageOfPage":{"@id":"https:\/\/infoecos.com.ar\/index.php\/campana-de-vacunacion-y-actualizacion-de-la-situacion-epidemiologica\/#primaryimage"},"image":{"@id":"https:\/\/infoecos.com.ar\/index.php\/campana-de-vacunacion-y-actualizacion-de-la-situacion-epidemiologica\/#primaryimage"},"thumbnailUrl":"https:\/\/infoecos.com.ar\/wp-content\/uploads\/2021\/01\/20210120130458_IMG_7165-01-scaled.jpeg","datePublished":"2021-02-17T04:33:20+00:00","dateModified":"2021-02-17T04:33:27+00:00","breadcrumb":{"@id":"https:\/\/infoecos.com.ar\/index.php\/campana-de-vacunacion-y-actualizacion-de-la-situacion-epidemiologica\/#breadcrumb"},"inLanguage":"es","potentialAction":[{"@type":"ReadAction","target":["https:\/\/infoecos.com.ar\/index.php\/campana-de-vacunacion-y-actualizacion-de-la-situacion-epidemiologica\/"]}]},{"@type":"ImageObject","inLanguage":"es","@id":"https:\/\/infoecos.com.ar\/index.php\/campana-de-vacunacion-y-actualizacion-de-la-situacion-epidemiologica\/#primaryimage","url":"https:\/\/infoecos.com.ar\/wp-content\/uploads\/2021\/01\/20210120130458_IMG_7165-01-scaled.jpeg","contentUrl":"https:\/\/infoecos.com.ar\/wp-content\/uploads\/2021\/01\/20210120130458_IMG_7165-01-scaled.jpeg","width":2560,"height":1707},{"@type":"BreadcrumbList","@id":"https:\/\/infoecos.com.ar\/index.php\/campana-de-vacunacion-y-actualizacion-de-la-situacion-epidemiologica\/#breadcrumb","itemListElement":[{"@type":"ListItem","position":1,"name":"Portada","item":"https:\/\/infoecos.com.ar\/"},{"@type":"ListItem","position":2,"name":"Campa\u00f1a de vacunaci\u00f3n y actualizaci\u00f3n de la situaci\u00f3n epidemiol\u00f3gica"}]},{"@type":"WebSite","@id":"https:\/\/infoecos.com.ar\/#website","url":"https:\/\/infoecos.com.ar\/","name":"Infoecos","description":"Noticias de trenque lauquen y la zona","publisher":{"@id":"https:\/\/infoecos.com.ar\/#organization"},"alternateName":"Noticias","potentialAction":[{"@type":"SearchAction","target":{"@type":"EntryPoint","urlTemplate":"https:\/\/infoecos.com.ar\/?s={search_term_string}"},"query-input":{"@type":"PropertyValueSpecification","valueRequired":true,"valueName":"search_term_string"}}],"inLanguage":"es"},{"@type":"Organization","@id":"https:\/\/infoecos.com.ar\/#organization","name":"Infoecos","alternateName":"Noticias","url":"https:\/\/infoecos.com.ar\/","logo":{"@type":"ImageObject","inLanguage":"es","@id":"https:\/\/infoecos.com.ar\/#\/schema\/logo\/image\/","url":"https:\/\/infoecos.com.ar\/wp-content\/uploads\/2024\/03\/cropped-logo.png","contentUrl":"https:\/\/infoecos.com.ar\/wp-content\/uploads\/2024\/03\/cropped-logo.png","width":374,"height":90,"caption":"Infoecos"},"image":{"@id":"https:\/\/infoecos.com.ar\/#\/schema\/logo\/image\/"},"sameAs":["https:\/\/www.facebook.com\/profile.php?id=100063200290284","https:\/\/x.com\/infoecos"]},{"@type":"Person","@id":"https:\/\/infoecos.com.ar\/#\/schema\/person\/8f5ace5ce73b4b4aac4b7245aee6f191","name":"Jorge Matheus","url":"https:\/\/infoecos.com.ar\/index.php\/author\/jomatheus\/"}]}},"featured_image_urls":{"full":["https:\/\/infoecos.com.ar\/wp-content\/uploads\/2021\/01\/20210120130458_IMG_7165-01-scaled.jpeg",2560,1707,false],"thumbnail":["https:\/\/infoecos.com.ar\/wp-content\/uploads\/2021\/01\/20210120130458_IMG_7165-01-150x150.jpeg",150,150,true],"medium":["https:\/\/infoecos.com.ar\/wp-content\/uploads\/2021\/01\/20210120130458_IMG_7165-01-460x307.jpeg",460,307,true],"medium_large":["https:\/\/infoecos.com.ar\/wp-content\/uploads\/2021\/01\/20210120130458_IMG_7165-01-768x512.jpeg",640,427,true],"large":["https:\/\/infoecos.com.ar\/wp-content\/uploads\/2021\/01\/20210120130458_IMG_7165-01-920x613.jpeg",640,426,true],"1536x1536":["https:\/\/infoecos.com.ar\/wp-content\/uploads\/2021\/01\/20210120130458_IMG_7165-01-1536x1024.jpeg",1536,1024,true],"2048x2048":["https:\/\/infoecos.com.ar\/wp-content\/uploads\/2021\/01\/20210120130458_IMG_7165-01-2048x1365.jpeg",2048,1365,true],"covernews-slider-full":["https:\/\/infoecos.com.ar\/wp-content\/uploads\/2021\/01\/20210120130458_IMG_7165-01-1536x1020.jpeg",1077,715,true],"covernews-slider-center":["https:\/\/infoecos.com.ar\/wp-content\/uploads\/2021\/01\/20210120130458_IMG_7165-01-936x897.jpeg",522,500,true],"covernews-featured":["https:\/\/infoecos.com.ar\/wp-content\/uploads\/2021\/01\/20210120130458_IMG_7165-01-1024x683.jpeg",1024,683,true],"covernews-medium":["https:\/\/infoecos.com.ar\/wp-content\/uploads\/2021\/01\/20210120130458_IMG_7165-01-720x380.jpeg",540,285,true],"covernews-medium-square":["https:\/\/infoecos.com.ar\/wp-content\/uploads\/2021\/01\/20210120130458_IMG_7165-01-675x450.jpeg",375,250,true]},"author_info":{"info":["Jorge Matheus"]},"category_info":"<a href=\"https:\/\/infoecos.com.ar\/index.php\/category\/c2nota4\/\" rel=\"category tag\">C2 N4<\/a>","tag_info":"C2 N4","comment_count":"0","_links":{"self":[{"href":"https:\/\/infoecos.com.ar\/index.php\/wp-json\/wp\/v2\/posts\/74450"}],"collection":[{"href":"https:\/\/infoecos.com.ar\/index.php\/wp-json\/wp\/v2\/posts"}],"about":[{"href":"https:\/\/infoecos.com.ar\/index.php\/wp-json\/wp\/v2\/types\/post"}],"author":[{"embeddable":true,"href":"https:\/\/infoecos.com.ar\/index.php\/wp-json\/wp\/v2\/users\/2"}],"replies":[{"embeddable":true,"href":"https:\/\/infoecos.com.ar\/index.php\/wp-json\/wp\/v2\/comments?post=74450"}],"version-history":[{"count":1,"href":"https:\/\/infoecos.com.ar\/index.php\/wp-json\/wp\/v2\/posts\/74450\/revisions"}],"predecessor-version":[{"id":74451,"href":"https:\/\/infoecos.com.ar\/index.php\/wp-json\/wp\/v2\/posts\/74450\/revisions\/74451"}],"wp:featuredmedia":[{"embeddable":true,"href":"https:\/\/infoecos.com.ar\/index.php\/wp-json\/wp\/v2\/media\/73015"}],"wp:attachment":[{"href":"https:\/\/infoecos.com.ar\/index.php\/wp-json\/wp\/v2\/media?parent=74450"}],"wp:term":[{"taxonomy":"category","embeddable":true,"href":"https:\/\/infoecos.com.ar\/index.php\/wp-json\/wp\/v2\/categories?post=74450"},{"taxonomy":"post_tag","embeddable":true,"href":"https:\/\/infoecos.com.ar\/index.php\/wp-json\/wp\/v2\/tags?post=74450"}],"curies":[{"name":"wp","href":"https:\/\/api.w.org\/{rel}","templated":true}]}}