{"id":74454,"date":"2021-02-17T01:42:44","date_gmt":"2021-02-17T04:42:44","guid":{"rendered":"http:\/\/infoecos.com.ar\/?p=74454"},"modified":"2021-02-18T02:54:40","modified_gmt":"2021-02-18T05:54:40","slug":"audiencia-publica-en-marzo-para-analizar-nuevas-tarifas-de-gas","status":"publish","type":"post","link":"https:\/\/infoecos.com.ar\/index.php\/audiencia-publica-en-marzo-para-analizar-nuevas-tarifas-de-gas\/","title":{"rendered":"Audiencia P\u00fablica en marzo para analizar nuevas tarifas de gas"},"content":{"rendered":"\n<p class=\"wp-block-paragraph\">El Gobierno convoc\u00f3 a una Audiencia P\u00fablica para marzo en la que se analizar\u00e1n las nuevas tarifas del gas \u00abadecuadas a los salarios\u00bb, y la determinaci\u00f3n del nivel de los subsidios a cargo del Estado, bajo la premisa de \u00abproteger los derechos de los usuarios\u00bb.<\/p>\n\n\n\n<p class=\"wp-block-paragraph\">En la Audiencia P\u00fablica, prevista para el 15 de marzo, se analizar\u00e1 en un \u00abproceso participativo\u00bb el costo del gas natural por redes, y la proporci\u00f3n de la cual se har\u00e1 cargo el Estado v\u00eda subsidios, dentro del Plan Gas.Ar vigente, a casi dos a\u00f1os de mantenerse tarifas sin incrementos.<\/p>\n\n\n\n<p class=\"wp-block-paragraph\">As\u00ed lo dispuso este martes el secretario de Energ\u00eda de la Naci\u00f3n, Dar\u00edo Mart\u00ednez, a trav\u00e9s de la resoluci\u00f3n 117\/2021 que ser\u00e1 publicada en el Bolet\u00edn Oficial este mi\u00e9rcoles.<\/p>\n\n\n\n<p class=\"wp-block-paragraph\">Este fin de semana, Mart\u00ednez reiter\u00f3 que&nbsp;<strong>\u00abno puede crecer m\u00e1s el cuadro tarifario o la tarifa que el salario\u00bb<\/strong>&nbsp;y consider\u00f3 que \u00abel esquema de subsidios no es bueno, pero llevar\u00e1 mucho tiempo equilibrarlo\u00bb.<\/p>\n\n\n\n<p class=\"wp-block-paragraph\">Asimismo, el funcionario record\u00f3 que&nbsp;<strong>\u00abhoy el Estado subsidia el 51% del costo general de la energ\u00eda; y el 49% restante se paga en la factura; eso hay que empezar a equilibrarlo, pero es un proceso que va a llevar mucho tiempo\u00bb<\/strong>.<\/p>\n","protected":false},"excerpt":{"rendered":"<p>En la Audiencia P\u00fablica, prevista para el 15 de marzo, se analizar\u00e1 en un \u00abproceso participativo\u00bb el costo del gas natural por redes, y la proporci\u00f3n de la cual se har\u00e1 cargo el Estado v\u00eda subsidios<\/p>\n","protected":false},"author":2,"featured_media":48393,"comment_status":"closed","ping_status":"open","sticky":false,"template":"","format":"standard","meta":{"footnotes":""},"categories":[40],"tags":[2989],"class_list":["post-74454","post","type-post","status-publish","format-standard","has-post-thumbnail","hentry","category-inferior1","tag-adecuadas-al-salario"],"featured_image_urls":{"full":"","thumbnail":"","medium":"","medium_large":"","large":"","1536x1536":"","2048x2048":"","covernews-slider-full":"","covernews-slider-center":"","covernews-featured":"","covernews-medium":"","covernews-medium-square":""},"author_info":{"info":["Jorge Matheus"]},"category_info":"<a href=\"https:\/\/infoecos.com.ar\/index.php\/category\/inferior1\/\" rel=\"category tag\">Bloque inferior - 1<\/a>","tag_info":"Bloque inferior - 1","comment_count":"0","_links":{"self":[{"href":"https:\/\/infoecos.com.ar\/index.php\/wp-json\/wp\/v2\/posts\/74454","targetHints":{"allow":["GET"]}}],"collection":[{"href":"https:\/\/infoecos.com.ar\/index.php\/wp-json\/wp\/v2\/posts"}],"about":[{"href":"https:\/\/infoecos.com.ar\/index.php\/wp-json\/wp\/v2\/types\/post"}],"author":[{"embeddable":true,"href":"https:\/\/infoecos.com.ar\/index.php\/wp-json\/wp\/v2\/users\/2"}],"replies":[{"embeddable":true,"href":"https:\/\/infoecos.com.ar\/index.php\/wp-json\/wp\/v2\/comments?post=74454"}],"version-history":[{"count":1,"href":"https:\/\/infoecos.com.ar\/index.php\/wp-json\/wp\/v2\/posts\/74454\/revisions"}],"predecessor-version":[{"id":74455,"href":"https:\/\/infoecos.com.ar\/index.php\/wp-json\/wp\/v2\/posts\/74454\/revisions\/74455"}],"wp:attachment":[{"href":"https:\/\/infoecos.com.ar\/index.php\/wp-json\/wp\/v2\/media?parent=74454"}],"wp:term":[{"taxonomy":"category","embeddable":true,"href":"https:\/\/infoecos.com.ar\/index.php\/wp-json\/wp\/v2\/categories?post=74454"},{"taxonomy":"post_tag","embeddable":true,"href":"https:\/\/infoecos.com.ar\/index.php\/wp-json\/wp\/v2\/tags?post=74454"}],"curies":[{"name":"wp","href":"https:\/\/api.w.org\/{rel}","templated":true}]}}