{"id":74463,"date":"2021-02-17T02:13:29","date_gmt":"2021-02-17T05:13:29","guid":{"rendered":"http:\/\/infoecos.com.ar\/?p=74463"},"modified":"2021-02-17T09:35:59","modified_gmt":"2021-02-17T12:35:59","slug":"el-intendente-de-general-villegas-se-reintegra-este-viernes-a-la-funcion","status":"publish","type":"post","link":"https:\/\/infoecos.com.ar\/index.php\/el-intendente-de-general-villegas-se-reintegra-este-viernes-a-la-funcion\/","title":{"rendered":"El intendente de General Villegas se reintegra este mi\u00e9rcoles a la funci\u00f3n"},"content":{"rendered":"\n<p class=\"wp-block-paragraph\">El intendente Eduardo Campana se reintegra este mi\u00e9rcoles a la actividad presencial tras recuperarse de un cuadro de Covid-19 por el cual estuvo internado en Capital Federal.<\/p>\n\n\n\n<div class=\"wp-block-image\"><figure class=\"aligncenter size-medium\"><img loading=\"lazy\" decoding=\"async\" width=\"460\" height=\"271\" src=\"http:\/\/infoecos.com.ar\/wp-content\/uploads\/2021\/01\/CAMPANA-460x271.jpeg\" alt=\"\" class=\"wp-image-73210\" srcset=\"https:\/\/infoecos.com.ar\/wp-content\/uploads\/2021\/01\/CAMPANA-460x271.jpeg 460w, https:\/\/infoecos.com.ar\/wp-content\/uploads\/2021\/01\/CAMPANA-768x453.jpeg 768w, https:\/\/infoecos.com.ar\/wp-content\/uploads\/2021\/01\/CAMPANA.jpeg 826w\" sizes=\"auto, (max-width: 460px) 100vw, 460px\" \/><\/figure><\/div>\n\n\n\n<p class=\"wp-block-paragraph\">El jefe comunal se contagi\u00f3 estando aislado por ser contacto estrecho de su esposa, Sandra Pauli, quien cursaba la enfermedad.<\/p>\n\n\n\n<p class=\"wp-block-paragraph\">Tras un par de d\u00edas en su casa fue llevado al hospital local y m\u00e1s tarde al Hospital Italiano de la Ciudad Aut\u00f3noma de Buenos Aires, donde adem\u00e1s del tratamiento convencional se le aplic\u00f3 una terapia experimental con suero equino hiperinmune.<\/p>\n\n\n\n<p class=\"wp-block-paragraph\">Con los d\u00edas mejor\u00f3 notablemente y fue derivado a un domicilio de esa ciudad para continuar su recuperaci\u00f3n, y m\u00e1s tarde a su casa de General Villegas hasta recibir el alta definitiva. Este mi\u00e9rcoles se reintegra a su tarea en el Palacio Municipal.<\/p>\n\n\n\n<p class=\"wp-block-paragraph\"><strong>Fuente: diarioactualidad.com<\/strong><\/p>\n","protected":false},"excerpt":{"rendered":"<p>El jefe comunal se contagi\u00f3 estando aislado por ser contacto estrecho de su esposa, Sandra Pauli, quien cursaba la enfermedad<\/p>\n","protected":false},"author":2,"featured_media":73210,"comment_status":"closed","ping_status":"open","sticky":false,"template":"","format":"standard","meta":{"footnotes":""},"categories":[25],"tags":[2992],"class_list":["post-74463","post","type-post","status-publish","format-standard","has-post-thumbnail","hentry","category-c3nota1","tag-con-el-alta-definitiva"],"featured_image_urls":{"full":["https:\/\/infoecos.com.ar\/wp-content\/uploads\/2021\/01\/CAMPANA.jpeg",826,487,false],"thumbnail":["https:\/\/infoecos.com.ar\/wp-content\/uploads\/2021\/01\/CAMPANA-150x150.jpeg",150,150,true],"medium":["https:\/\/infoecos.com.ar\/wp-content\/uploads\/2021\/01\/CAMPANA-460x271.jpeg",460,271,true],"medium_large":["https:\/\/infoecos.com.ar\/wp-content\/uploads\/2021\/01\/CAMPANA-768x453.jpeg",640,378,true],"large":["https:\/\/infoecos.com.ar\/wp-content\/uploads\/2021\/01\/CAMPANA.jpeg",640,377,false],"1536x1536":["https:\/\/infoecos.com.ar\/wp-content\/uploads\/2021\/01\/CAMPANA.jpeg",826,487,false],"2048x2048":["https:\/\/infoecos.com.ar\/wp-content\/uploads\/2021\/01\/CAMPANA.jpeg",826,487,false],"covernews-slider-full":["https:\/\/infoecos.com.ar\/wp-content\/uploads\/2021\/01\/CAMPANA.jpeg",826,487,false],"covernews-slider-center":["https:\/\/infoecos.com.ar\/wp-content\/uploads\/2021\/01\/CAMPANA.jpeg",800,472,false],"covernews-featured":["https:\/\/infoecos.com.ar\/wp-content\/uploads\/2021\/01\/CAMPANA.jpeg",826,487,false],"covernews-medium":["https:\/\/infoecos.com.ar\/wp-content\/uploads\/2021\/01\/CAMPANA-720x380.jpeg",540,285,true],"covernews-medium-square":["https:\/\/infoecos.com.ar\/wp-content\/uploads\/2021\/01\/CAMPANA-675x450.jpeg",375,250,true]},"author_info":{"info":["Jorge Matheus"]},"category_info":"<a href=\"https:\/\/infoecos.com.ar\/index.php\/category\/c3nota1\/\" rel=\"category tag\">C3 N1<\/a>","tag_info":"C3 N1","comment_count":"0","_links":{"self":[{"href":"https:\/\/infoecos.com.ar\/index.php\/wp-json\/wp\/v2\/posts\/74463","targetHints":{"allow":["GET"]}}],"collection":[{"href":"https:\/\/infoecos.com.ar\/index.php\/wp-json\/wp\/v2\/posts"}],"about":[{"href":"https:\/\/infoecos.com.ar\/index.php\/wp-json\/wp\/v2\/types\/post"}],"author":[{"embeddable":true,"href":"https:\/\/infoecos.com.ar\/index.php\/wp-json\/wp\/v2\/users\/2"}],"replies":[{"embeddable":true,"href":"https:\/\/infoecos.com.ar\/index.php\/wp-json\/wp\/v2\/comments?post=74463"}],"version-history":[{"count":2,"href":"https:\/\/infoecos.com.ar\/index.php\/wp-json\/wp\/v2\/posts\/74463\/revisions"}],"predecessor-version":[{"id":74465,"href":"https:\/\/infoecos.com.ar\/index.php\/wp-json\/wp\/v2\/posts\/74463\/revisions\/74465"}],"wp:featuredmedia":[{"embeddable":true,"href":"https:\/\/infoecos.com.ar\/index.php\/wp-json\/wp\/v2\/media\/73210"}],"wp:attachment":[{"href":"https:\/\/infoecos.com.ar\/index.php\/wp-json\/wp\/v2\/media?parent=74463"}],"wp:term":[{"taxonomy":"category","embeddable":true,"href":"https:\/\/infoecos.com.ar\/index.php\/wp-json\/wp\/v2\/categories?post=74463"},{"taxonomy":"post_tag","embeddable":true,"href":"https:\/\/infoecos.com.ar\/index.php\/wp-json\/wp\/v2\/tags?post=74463"}],"curies":[{"name":"wp","href":"https:\/\/api.w.org\/{rel}","templated":true}]}}