{"id":74466,"date":"2021-02-17T14:31:06","date_gmt":"2021-02-17T17:31:06","guid":{"rendered":"http:\/\/infoecos.com.ar\/?p=74466"},"modified":"2021-02-17T14:31:19","modified_gmt":"2021-02-17T17:31:19","slug":"massa-y-kicillof-reabrieron-el-parque-de-la-costa-tras-su-rescate","status":"publish","type":"post","link":"https:\/\/infoecos.com.ar\/index.php\/massa-y-kicillof-reabrieron-el-parque-de-la-costa-tras-su-rescate\/","title":{"rendered":"Massa y Kicillof reabrieron el Parque de la Costa tras su rescate"},"content":{"rendered":"\n<div class=\"wp-block-image\"><figure class=\"aligncenter size-medium\"><img loading=\"lazy\" decoding=\"async\" width=\"335\" height=\"460\" src=\"http:\/\/infoecos.com.ar\/wp-content\/uploads\/2021\/02\/MASSAKICILLOFMALENA-335x460.jpg\" alt=\"\" class=\"wp-image-74467\" srcset=\"https:\/\/infoecos.com.ar\/wp-content\/uploads\/2021\/02\/MASSAKICILLOFMALENA-335x460.jpg 335w, https:\/\/infoecos.com.ar\/wp-content\/uploads\/2021\/02\/MASSAKICILLOFMALENA-669x920.jpg 669w, https:\/\/infoecos.com.ar\/wp-content\/uploads\/2021\/02\/MASSAKICILLOFMALENA-768x1056.jpg 768w, https:\/\/infoecos.com.ar\/wp-content\/uploads\/2021\/02\/MASSAKICILLOFMALENA.jpg 931w\" sizes=\"(max-width: 335px) 100vw, 335px\" \/><\/figure><\/div>\n\n\n\n<p>El presidente de la C\u00e1mara de Diputados, Sergio Massa, particip\u00f3 junto al gobernador de la provincia de Buenos Aires, Axel Kicillof, del acto de reapertura de Aquafan, el primer parque de agua de la zona metropolitana, ubicado en el predio de Tigre, y una de las principales atracciones del Parque de la Costa.<\/p>\n\n\n\n<p>\u201cEsta reapertura muestra que la vacunaci\u00f3n, el trabajo y el crecimiento pueden ser los signos que marquen la Argentina del 2021. Crecer, unidos y vacunados, es la tarea que tenemos que enfrentar a lo largo de este a\u00f1o\u201d, dijo Massa.<\/p>\n\n\n\n<p>\u201cLa Argentina tiene que salir de la pandemia con los argentinos conservando lo que ten\u00edan y pudiendo caminar mirando al futuro. La apertura del Parque es el camino que estamos enfrentando, el de defender cada puesto de trabajo\u201d, a\u00f1adi\u00f3. \u201cNo hay recuperaci\u00f3n de la Argentina si no hay trabajo, si no hay salario y consumo\u201d, expres\u00f3 el titular de la C\u00e1mara baja.<\/p>\n\n\n\n<div class=\"wp-block-image\"><figure class=\"aligncenter size-medium\"><img loading=\"lazy\" decoding=\"async\" width=\"460\" height=\"330\" src=\"http:\/\/infoecos.com.ar\/wp-content\/uploads\/2021\/02\/MASSAKICILLOFMALENA2-460x330.jpg\" alt=\"\" class=\"wp-image-74468\" srcset=\"https:\/\/infoecos.com.ar\/wp-content\/uploads\/2021\/02\/MASSAKICILLOFMALENA2-460x330.jpg 460w, https:\/\/infoecos.com.ar\/wp-content\/uploads\/2021\/02\/MASSAKICILLOFMALENA2-920x660.jpg 920w, https:\/\/infoecos.com.ar\/wp-content\/uploads\/2021\/02\/MASSAKICILLOFMALENA2-768x551.jpg 768w, https:\/\/infoecos.com.ar\/wp-content\/uploads\/2021\/02\/MASSAKICILLOFMALENA2-1024x734.jpg 1024w, https:\/\/infoecos.com.ar\/wp-content\/uploads\/2021\/02\/MASSAKICILLOFMALENA2.jpg 1145w\" sizes=\"(max-width: 460px) 100vw, 460px\" \/><\/figure><\/div>\n\n\n\n<p>En ese sentido, Massa remarc\u00f3: \u201cEl Parque de la Costa es un s\u00edmbolo, para Tigre, para la provincia y la Argentina, del trabajo conjunto y coordinado entre el sector p\u00fablico y privado, para buscar la continuidad de los 500 puestos de trabajo\u201d.<\/p>\n\n\n\n<p>Del acto, participaron, adem\u00e1s, el ministro de Turismo y Deportes de la Naci\u00f3n, Mat\u00edas Lammens; el intendente de Tigre, Julio Zamora; el titular del Parque de la Costa, Marcelo Figoli; la presidenta de AySA, Malena Galmarini; Mart\u00edn Marinucci, presidente de Trenes Argentinos; y el diputado bonaerense de Juntos por el Cambio, Alex Campbell, y la diputada bonaerense del Frente de Todos, Luciana Padulo, entre otros.<\/p>\n\n\n\n<div class=\"wp-block-image\"><figure class=\"aligncenter size-medium\"><img loading=\"lazy\" decoding=\"async\" width=\"307\" height=\"460\" src=\"http:\/\/infoecos.com.ar\/wp-content\/uploads\/2021\/02\/MASSAKKICILLOFMALENA3-307x460.jpg\" alt=\"\" class=\"wp-image-74469\" srcset=\"https:\/\/infoecos.com.ar\/wp-content\/uploads\/2021\/02\/MASSAKKICILLOFMALENA3-307x460.jpg 307w, https:\/\/infoecos.com.ar\/wp-content\/uploads\/2021\/02\/MASSAKKICILLOFMALENA3-614x920.jpg 614w, https:\/\/infoecos.com.ar\/wp-content\/uploads\/2021\/02\/MASSAKKICILLOFMALENA3-768x1151.jpg 768w, https:\/\/infoecos.com.ar\/wp-content\/uploads\/2021\/02\/MASSAKKICILLOFMALENA3.jpg 854w\" sizes=\"(max-width: 307px) 100vw, 307px\" \/><\/figure><\/div>\n\n\n\n<p>El parque de diversiones estuvo cerrado en el marco de la pandemia y debido al estado de crisis de la empresa. Finalmente, tras varios meses, la empresa F\u00e9nix Entertainment Group concret\u00f3 la adquisici\u00f3n del Parque de la Costa, fruto de un trabajo conjunto con el objetivo de evitar el cierre definitivo del complejo y seguir sosteniendo sus 500 puestos de trabajo.<\/p>\n\n\n\n<figure class=\"wp-block-embed is-type-video is-provider-youtube wp-block-embed-youtube wp-embed-aspect-16-9 wp-has-aspect-ratio\"><div class=\"wp-block-embed__wrapper\">\n<iframe loading=\"lazy\" title=\"Parque de la Costa - Apertura oficial Aquafan\" width=\"640\" height=\"360\" src=\"https:\/\/www.youtube.com\/embed\/dVzbZblZtiY?feature=oembed\" frameborder=\"0\" allow=\"accelerometer; autoplay; clipboard-write; encrypted-media; gyroscope; picture-in-picture; web-share\" referrerpolicy=\"strict-origin-when-cross-origin\" allowfullscreen><\/iframe>\n<\/div><\/figure>\n","protected":false},"excerpt":{"rendered":"<p>\u201cQueremos que la vacunaci\u00f3n, el trabajo y el crecimiento sean los signos que marquen la Argentina del 2021\u201d, asegur\u00f3 el presidente de la C\u00e1mara de Diputados<\/p>\n","protected":false},"author":2,"featured_media":74467,"comment_status":"closed","ping_status":"open","sticky":false,"template":"","format":"standard","meta":{"footnotes":""},"categories":[47],"tags":[2993],"class_list":["post-74466","post","type-post","status-publish","format-standard","has-post-thumbnail","hentry","category-c3nota2","tag-en-tigre-este-miercoles"],"yoast_head":"<!-- This site is optimized with the Yoast SEO plugin v23.4 - https:\/\/yoast.com\/wordpress\/plugins\/seo\/ -->\n<title>Massa y Kicillof reabrieron el Parque de la Costa tras su rescate - Infoecos<\/title>\n<meta name=\"robots\" content=\"index, follow, max-snippet:-1, max-image-preview:large, max-video-preview:-1\" \/>\n<link rel=\"canonical\" href=\"https:\/\/infoecos.com.ar\/index.php\/massa-y-kicillof-reabrieron-el-parque-de-la-costa-tras-su-rescate\/\" \/>\n<meta property=\"og:locale\" content=\"es_ES\" \/>\n<meta property=\"og:type\" content=\"article\" \/>\n<meta property=\"og:title\" content=\"Massa y Kicillof reabrieron el Parque de la Costa tras su rescate - Infoecos\" \/>\n<meta property=\"og:description\" content=\"\u201cQueremos que la vacunaci\u00f3n, el trabajo y el crecimiento sean los signos que marquen la Argentina del 2021\u201d, asegur\u00f3 el presidente de la C\u00e1mara de Diputados\" \/>\n<meta property=\"og:url\" content=\"https:\/\/infoecos.com.ar\/index.php\/massa-y-kicillof-reabrieron-el-parque-de-la-costa-tras-su-rescate\/\" \/>\n<meta property=\"og:site_name\" content=\"Infoecos\" \/>\n<meta property=\"article:publisher\" content=\"https:\/\/www.facebook.com\/profile.php?id=100063200290284\" \/>\n<meta property=\"article:published_time\" content=\"2021-02-17T17:31:06+00:00\" \/>\n<meta property=\"article:modified_time\" content=\"2021-02-17T17:31:19+00:00\" \/>\n<meta property=\"og:image\" content=\"https:\/\/infoecos.com.ar\/wp-content\/uploads\/2021\/02\/MASSAKICILLOFMALENA.jpg\" \/>\n\t<meta property=\"og:image:width\" content=\"931\" \/>\n\t<meta property=\"og:image:height\" content=\"1280\" \/>\n\t<meta property=\"og:image:type\" content=\"image\/jpeg\" \/>\n<meta name=\"author\" content=\"Jorge Matheus\" \/>\n<meta name=\"twitter:card\" content=\"summary_large_image\" \/>\n<meta name=\"twitter:creator\" content=\"@infoecos\" \/>\n<meta name=\"twitter:site\" content=\"@infoecos\" \/>\n<meta name=\"twitter:label1\" content=\"Escrito por\" \/>\n\t<meta name=\"twitter:data1\" content=\"Jorge Matheus\" \/>\n\t<meta name=\"twitter:label2\" content=\"Tiempo de lectura\" \/>\n\t<meta name=\"twitter:data2\" content=\"2 minutos\" \/>\n<script type=\"application\/ld+json\" class=\"yoast-schema-graph\">{\"@context\":\"https:\/\/schema.org\",\"@graph\":[{\"@type\":\"Article\",\"@id\":\"https:\/\/infoecos.com.ar\/index.php\/massa-y-kicillof-reabrieron-el-parque-de-la-costa-tras-su-rescate\/#article\",\"isPartOf\":{\"@id\":\"https:\/\/infoecos.com.ar\/index.php\/massa-y-kicillof-reabrieron-el-parque-de-la-costa-tras-su-rescate\/\"},\"author\":{\"name\":\"Jorge Matheus\",\"@id\":\"https:\/\/infoecos.com.ar\/#\/schema\/person\/8f5ace5ce73b4b4aac4b7245aee6f191\"},\"headline\":\"Massa y Kicillof reabrieron el Parque de la Costa tras su rescate\",\"datePublished\":\"2021-02-17T17:31:06+00:00\",\"dateModified\":\"2021-02-17T17:31:19+00:00\",\"mainEntityOfPage\":{\"@id\":\"https:\/\/infoecos.com.ar\/index.php\/massa-y-kicillof-reabrieron-el-parque-de-la-costa-tras-su-rescate\/\"},\"wordCount\":362,\"publisher\":{\"@id\":\"https:\/\/infoecos.com.ar\/#organization\"},\"image\":{\"@id\":\"https:\/\/infoecos.com.ar\/index.php\/massa-y-kicillof-reabrieron-el-parque-de-la-costa-tras-su-rescate\/#primaryimage\"},\"thumbnailUrl\":\"https:\/\/infoecos.com.ar\/wp-content\/uploads\/2021\/02\/MASSAKICILLOFMALENA.jpg\",\"keywords\":[\"en tigre este mi\u00e9rcoles\"],\"articleSection\":[\"C3 N2\"],\"inLanguage\":\"es\"},{\"@type\":\"WebPage\",\"@id\":\"https:\/\/infoecos.com.ar\/index.php\/massa-y-kicillof-reabrieron-el-parque-de-la-costa-tras-su-rescate\/\",\"url\":\"https:\/\/infoecos.com.ar\/index.php\/massa-y-kicillof-reabrieron-el-parque-de-la-costa-tras-su-rescate\/\",\"name\":\"Massa y Kicillof reabrieron el Parque de la Costa tras su rescate - Infoecos\",\"isPartOf\":{\"@id\":\"https:\/\/infoecos.com.ar\/#website\"},\"primaryImageOfPage\":{\"@id\":\"https:\/\/infoecos.com.ar\/index.php\/massa-y-kicillof-reabrieron-el-parque-de-la-costa-tras-su-rescate\/#primaryimage\"},\"image\":{\"@id\":\"https:\/\/infoecos.com.ar\/index.php\/massa-y-kicillof-reabrieron-el-parque-de-la-costa-tras-su-rescate\/#primaryimage\"},\"thumbnailUrl\":\"https:\/\/infoecos.com.ar\/wp-content\/uploads\/2021\/02\/MASSAKICILLOFMALENA.jpg\",\"datePublished\":\"2021-02-17T17:31:06+00:00\",\"dateModified\":\"2021-02-17T17:31:19+00:00\",\"breadcrumb\":{\"@id\":\"https:\/\/infoecos.com.ar\/index.php\/massa-y-kicillof-reabrieron-el-parque-de-la-costa-tras-su-rescate\/#breadcrumb\"},\"inLanguage\":\"es\",\"potentialAction\":[{\"@type\":\"ReadAction\",\"target\":[\"https:\/\/infoecos.com.ar\/index.php\/massa-y-kicillof-reabrieron-el-parque-de-la-costa-tras-su-rescate\/\"]}]},{\"@type\":\"ImageObject\",\"inLanguage\":\"es\",\"@id\":\"https:\/\/infoecos.com.ar\/index.php\/massa-y-kicillof-reabrieron-el-parque-de-la-costa-tras-su-rescate\/#primaryimage\",\"url\":\"https:\/\/infoecos.com.ar\/wp-content\/uploads\/2021\/02\/MASSAKICILLOFMALENA.jpg\",\"contentUrl\":\"https:\/\/infoecos.com.ar\/wp-content\/uploads\/2021\/02\/MASSAKICILLOFMALENA.jpg\",\"width\":931,\"height\":1280},{\"@type\":\"BreadcrumbList\",\"@id\":\"https:\/\/infoecos.com.ar\/index.php\/massa-y-kicillof-reabrieron-el-parque-de-la-costa-tras-su-rescate\/#breadcrumb\",\"itemListElement\":[{\"@type\":\"ListItem\",\"position\":1,\"name\":\"Portada\",\"item\":\"https:\/\/infoecos.com.ar\/\"},{\"@type\":\"ListItem\",\"position\":2,\"name\":\"Massa y Kicillof reabrieron el Parque de la Costa tras su rescate\"}]},{\"@type\":\"WebSite\",\"@id\":\"https:\/\/infoecos.com.ar\/#website\",\"url\":\"https:\/\/infoecos.com.ar\/\",\"name\":\"Infoecos\",\"description\":\"Noticias de trenque lauquen y la zona\",\"publisher\":{\"@id\":\"https:\/\/infoecos.com.ar\/#organization\"},\"alternateName\":\"Noticias\",\"potentialAction\":[{\"@type\":\"SearchAction\",\"target\":{\"@type\":\"EntryPoint\",\"urlTemplate\":\"https:\/\/infoecos.com.ar\/?s={search_term_string}\"},\"query-input\":{\"@type\":\"PropertyValueSpecification\",\"valueRequired\":true,\"valueName\":\"search_term_string\"}}],\"inLanguage\":\"es\"},{\"@type\":\"Organization\",\"@id\":\"https:\/\/infoecos.com.ar\/#organization\",\"name\":\"Infoecos\",\"alternateName\":\"Noticias\",\"url\":\"https:\/\/infoecos.com.ar\/\",\"logo\":{\"@type\":\"ImageObject\",\"inLanguage\":\"es\",\"@id\":\"https:\/\/infoecos.com.ar\/#\/schema\/logo\/image\/\",\"url\":\"https:\/\/infoecos.com.ar\/wp-content\/uploads\/2024\/03\/cropped-logo.png\",\"contentUrl\":\"https:\/\/infoecos.com.ar\/wp-content\/uploads\/2024\/03\/cropped-logo.png\",\"width\":374,\"height\":90,\"caption\":\"Infoecos\"},\"image\":{\"@id\":\"https:\/\/infoecos.com.ar\/#\/schema\/logo\/image\/\"},\"sameAs\":[\"https:\/\/www.facebook.com\/profile.php?id=100063200290284\",\"https:\/\/x.com\/infoecos\"]},{\"@type\":\"Person\",\"@id\":\"https:\/\/infoecos.com.ar\/#\/schema\/person\/8f5ace5ce73b4b4aac4b7245aee6f191\",\"name\":\"Jorge Matheus\",\"url\":\"https:\/\/infoecos.com.ar\/index.php\/author\/jomatheus\/\"}]}<\/script>\n<!-- \/ Yoast SEO plugin. -->","yoast_head_json":{"title":"Massa y Kicillof reabrieron el Parque de la Costa tras su rescate - Infoecos","robots":{"index":"index","follow":"follow","max-snippet":"max-snippet:-1","max-image-preview":"max-image-preview:large","max-video-preview":"max-video-preview:-1"},"canonical":"https:\/\/infoecos.com.ar\/index.php\/massa-y-kicillof-reabrieron-el-parque-de-la-costa-tras-su-rescate\/","og_locale":"es_ES","og_type":"article","og_title":"Massa y Kicillof reabrieron el Parque de la Costa tras su rescate - Infoecos","og_description":"\u201cQueremos que la vacunaci\u00f3n, el trabajo y el crecimiento sean los signos que marquen la Argentina del 2021\u201d, asegur\u00f3 el presidente de la C\u00e1mara de Diputados","og_url":"https:\/\/infoecos.com.ar\/index.php\/massa-y-kicillof-reabrieron-el-parque-de-la-costa-tras-su-rescate\/","og_site_name":"Infoecos","article_publisher":"https:\/\/www.facebook.com\/profile.php?id=100063200290284","article_published_time":"2021-02-17T17:31:06+00:00","article_modified_time":"2021-02-17T17:31:19+00:00","og_image":[{"width":931,"height":1280,"url":"https:\/\/infoecos.com.ar\/wp-content\/uploads\/2021\/02\/MASSAKICILLOFMALENA.jpg","type":"image\/jpeg"}],"author":"Jorge Matheus","twitter_card":"summary_large_image","twitter_creator":"@infoecos","twitter_site":"@infoecos","twitter_misc":{"Escrito por":"Jorge Matheus","Tiempo de lectura":"2 minutos"},"schema":{"@context":"https:\/\/schema.org","@graph":[{"@type":"Article","@id":"https:\/\/infoecos.com.ar\/index.php\/massa-y-kicillof-reabrieron-el-parque-de-la-costa-tras-su-rescate\/#article","isPartOf":{"@id":"https:\/\/infoecos.com.ar\/index.php\/massa-y-kicillof-reabrieron-el-parque-de-la-costa-tras-su-rescate\/"},"author":{"name":"Jorge Matheus","@id":"https:\/\/infoecos.com.ar\/#\/schema\/person\/8f5ace5ce73b4b4aac4b7245aee6f191"},"headline":"Massa y Kicillof reabrieron el Parque de la Costa tras su rescate","datePublished":"2021-02-17T17:31:06+00:00","dateModified":"2021-02-17T17:31:19+00:00","mainEntityOfPage":{"@id":"https:\/\/infoecos.com.ar\/index.php\/massa-y-kicillof-reabrieron-el-parque-de-la-costa-tras-su-rescate\/"},"wordCount":362,"publisher":{"@id":"https:\/\/infoecos.com.ar\/#organization"},"image":{"@id":"https:\/\/infoecos.com.ar\/index.php\/massa-y-kicillof-reabrieron-el-parque-de-la-costa-tras-su-rescate\/#primaryimage"},"thumbnailUrl":"https:\/\/infoecos.com.ar\/wp-content\/uploads\/2021\/02\/MASSAKICILLOFMALENA.jpg","keywords":["en tigre este mi\u00e9rcoles"],"articleSection":["C3 N2"],"inLanguage":"es"},{"@type":"WebPage","@id":"https:\/\/infoecos.com.ar\/index.php\/massa-y-kicillof-reabrieron-el-parque-de-la-costa-tras-su-rescate\/","url":"https:\/\/infoecos.com.ar\/index.php\/massa-y-kicillof-reabrieron-el-parque-de-la-costa-tras-su-rescate\/","name":"Massa y Kicillof reabrieron el Parque de la Costa tras su rescate - Infoecos","isPartOf":{"@id":"https:\/\/infoecos.com.ar\/#website"},"primaryImageOfPage":{"@id":"https:\/\/infoecos.com.ar\/index.php\/massa-y-kicillof-reabrieron-el-parque-de-la-costa-tras-su-rescate\/#primaryimage"},"image":{"@id":"https:\/\/infoecos.com.ar\/index.php\/massa-y-kicillof-reabrieron-el-parque-de-la-costa-tras-su-rescate\/#primaryimage"},"thumbnailUrl":"https:\/\/infoecos.com.ar\/wp-content\/uploads\/2021\/02\/MASSAKICILLOFMALENA.jpg","datePublished":"2021-02-17T17:31:06+00:00","dateModified":"2021-02-17T17:31:19+00:00","breadcrumb":{"@id":"https:\/\/infoecos.com.ar\/index.php\/massa-y-kicillof-reabrieron-el-parque-de-la-costa-tras-su-rescate\/#breadcrumb"},"inLanguage":"es","potentialAction":[{"@type":"ReadAction","target":["https:\/\/infoecos.com.ar\/index.php\/massa-y-kicillof-reabrieron-el-parque-de-la-costa-tras-su-rescate\/"]}]},{"@type":"ImageObject","inLanguage":"es","@id":"https:\/\/infoecos.com.ar\/index.php\/massa-y-kicillof-reabrieron-el-parque-de-la-costa-tras-su-rescate\/#primaryimage","url":"https:\/\/infoecos.com.ar\/wp-content\/uploads\/2021\/02\/MASSAKICILLOFMALENA.jpg","contentUrl":"https:\/\/infoecos.com.ar\/wp-content\/uploads\/2021\/02\/MASSAKICILLOFMALENA.jpg","width":931,"height":1280},{"@type":"BreadcrumbList","@id":"https:\/\/infoecos.com.ar\/index.php\/massa-y-kicillof-reabrieron-el-parque-de-la-costa-tras-su-rescate\/#breadcrumb","itemListElement":[{"@type":"ListItem","position":1,"name":"Portada","item":"https:\/\/infoecos.com.ar\/"},{"@type":"ListItem","position":2,"name":"Massa y Kicillof reabrieron el Parque de la Costa tras su rescate"}]},{"@type":"WebSite","@id":"https:\/\/infoecos.com.ar\/#website","url":"https:\/\/infoecos.com.ar\/","name":"Infoecos","description":"Noticias de trenque lauquen y la zona","publisher":{"@id":"https:\/\/infoecos.com.ar\/#organization"},"alternateName":"Noticias","potentialAction":[{"@type":"SearchAction","target":{"@type":"EntryPoint","urlTemplate":"https:\/\/infoecos.com.ar\/?s={search_term_string}"},"query-input":{"@type":"PropertyValueSpecification","valueRequired":true,"valueName":"search_term_string"}}],"inLanguage":"es"},{"@type":"Organization","@id":"https:\/\/infoecos.com.ar\/#organization","name":"Infoecos","alternateName":"Noticias","url":"https:\/\/infoecos.com.ar\/","logo":{"@type":"ImageObject","inLanguage":"es","@id":"https:\/\/infoecos.com.ar\/#\/schema\/logo\/image\/","url":"https:\/\/infoecos.com.ar\/wp-content\/uploads\/2024\/03\/cropped-logo.png","contentUrl":"https:\/\/infoecos.com.ar\/wp-content\/uploads\/2024\/03\/cropped-logo.png","width":374,"height":90,"caption":"Infoecos"},"image":{"@id":"https:\/\/infoecos.com.ar\/#\/schema\/logo\/image\/"},"sameAs":["https:\/\/www.facebook.com\/profile.php?id=100063200290284","https:\/\/x.com\/infoecos"]},{"@type":"Person","@id":"https:\/\/infoecos.com.ar\/#\/schema\/person\/8f5ace5ce73b4b4aac4b7245aee6f191","name":"Jorge Matheus","url":"https:\/\/infoecos.com.ar\/index.php\/author\/jomatheus\/"}]}},"featured_image_urls":{"full":["https:\/\/infoecos.com.ar\/wp-content\/uploads\/2021\/02\/MASSAKICILLOFMALENA.jpg",931,1280,false],"thumbnail":["https:\/\/infoecos.com.ar\/wp-content\/uploads\/2021\/02\/MASSAKICILLOFMALENA-150x150.jpg",150,150,true],"medium":["https:\/\/infoecos.com.ar\/wp-content\/uploads\/2021\/02\/MASSAKICILLOFMALENA-335x460.jpg",335,460,true],"medium_large":["https:\/\/infoecos.com.ar\/wp-content\/uploads\/2021\/02\/MASSAKICILLOFMALENA-768x1056.jpg",640,880,true],"large":["https:\/\/infoecos.com.ar\/wp-content\/uploads\/2021\/02\/MASSAKICILLOFMALENA-669x920.jpg",640,880,true],"1536x1536":["https:\/\/infoecos.com.ar\/wp-content\/uploads\/2021\/02\/MASSAKICILLOFMALENA.jpg",931,1280,false],"2048x2048":["https:\/\/infoecos.com.ar\/wp-content\/uploads\/2021\/02\/MASSAKICILLOFMALENA.jpg",931,1280,false],"covernews-slider-full":["https:\/\/infoecos.com.ar\/wp-content\/uploads\/2021\/02\/MASSAKICILLOFMALENA-931x1020.jpg",653,715,true],"covernews-slider-center":["https:\/\/infoecos.com.ar\/wp-content\/uploads\/2021\/02\/MASSAKICILLOFMALENA-931x897.jpg",519,500,true],"covernews-featured":["https:\/\/infoecos.com.ar\/wp-content\/uploads\/2021\/02\/MASSAKICILLOFMALENA.jpg",931,1280,false],"covernews-medium":["https:\/\/infoecos.com.ar\/wp-content\/uploads\/2021\/02\/MASSAKICILLOFMALENA-720x380.jpg",540,285,true],"covernews-medium-square":["https:\/\/infoecos.com.ar\/wp-content\/uploads\/2021\/02\/MASSAKICILLOFMALENA-675x450.jpg",375,250,true]},"author_info":{"info":["Jorge Matheus"]},"category_info":"<a href=\"https:\/\/infoecos.com.ar\/index.php\/category\/c3nota2\/\" rel=\"category tag\">C3 N2<\/a>","tag_info":"C3 N2","comment_count":"0","_links":{"self":[{"href":"https:\/\/infoecos.com.ar\/index.php\/wp-json\/wp\/v2\/posts\/74466"}],"collection":[{"href":"https:\/\/infoecos.com.ar\/index.php\/wp-json\/wp\/v2\/posts"}],"about":[{"href":"https:\/\/infoecos.com.ar\/index.php\/wp-json\/wp\/v2\/types\/post"}],"author":[{"embeddable":true,"href":"https:\/\/infoecos.com.ar\/index.php\/wp-json\/wp\/v2\/users\/2"}],"replies":[{"embeddable":true,"href":"https:\/\/infoecos.com.ar\/index.php\/wp-json\/wp\/v2\/comments?post=74466"}],"version-history":[{"count":1,"href":"https:\/\/infoecos.com.ar\/index.php\/wp-json\/wp\/v2\/posts\/74466\/revisions"}],"predecessor-version":[{"id":74470,"href":"https:\/\/infoecos.com.ar\/index.php\/wp-json\/wp\/v2\/posts\/74466\/revisions\/74470"}],"wp:featuredmedia":[{"embeddable":true,"href":"https:\/\/infoecos.com.ar\/index.php\/wp-json\/wp\/v2\/media\/74467"}],"wp:attachment":[{"href":"https:\/\/infoecos.com.ar\/index.php\/wp-json\/wp\/v2\/media?parent=74466"}],"wp:term":[{"taxonomy":"category","embeddable":true,"href":"https:\/\/infoecos.com.ar\/index.php\/wp-json\/wp\/v2\/categories?post=74466"},{"taxonomy":"post_tag","embeddable":true,"href":"https:\/\/infoecos.com.ar\/index.php\/wp-json\/wp\/v2\/tags?post=74466"}],"curies":[{"name":"wp","href":"https:\/\/api.w.org\/{rel}","templated":true}]}}