{"id":74488,"date":"2021-02-17T15:59:34","date_gmt":"2021-02-17T18:59:34","guid":{"rendered":"http:\/\/infoecos.com.ar\/?p=74488"},"modified":"2021-02-17T15:59:40","modified_gmt":"2021-02-17T18:59:40","slug":"reasumio-sus-funciones-el-intendente-de-general-villegas-luego-de-haber-estado-internado-por-coronavirus","status":"publish","type":"post","link":"https:\/\/infoecos.com.ar\/index.php\/reasumio-sus-funciones-el-intendente-de-general-villegas-luego-de-haber-estado-internado-por-coronavirus\/","title":{"rendered":"Reasumi\u00f3 sus funciones el intendente de General Villegas luego de haber estado internado por coronavirus"},"content":{"rendered":"\n<p class=\"wp-block-paragraph\">El intendente municipal de General Villegas, Eduardo Campana, retom\u00f3 sus funciones este mi\u00e9rcoles. <\/p>\n\n\n\n<div class=\"wp-block-image\"><figure class=\"aligncenter size-medium\"><img loading=\"lazy\" decoding=\"async\" width=\"460\" height=\"321\" src=\"http:\/\/infoecos.com.ar\/wp-content\/uploads\/WhatsApp-Image-2020-03-16-at-12.06.03-1-460x321.jpeg\" alt=\"\" class=\"wp-image-59895\" srcset=\"https:\/\/infoecos.com.ar\/wp-content\/uploads\/WhatsApp-Image-2020-03-16-at-12.06.03-1-460x321.jpeg 460w, https:\/\/infoecos.com.ar\/wp-content\/uploads\/WhatsApp-Image-2020-03-16-at-12.06.03-1.jpeg 607w\" sizes=\"auto, (max-width: 460px) 100vw, 460px\" \/><figcaption>Campana, Eduardo<\/figcaption><\/figure><\/div>\n\n\n\n<p class=\"wp-block-paragraph\">Durante poco m\u00e1s de dos minutos, el mandatario comunal de muy buen semblante, agradeci\u00f3 a la comunidad la atenci\u00f3n que recibi\u00f3 tanto en su comunidad, como en la Ciudad Aut\u00f3noma de Buenos Aires. <\/p>\n\n\n\n<p class=\"wp-block-paragraph\">El mensaje puede escucharse en la red social Facebook ingresando a esta direcci\u00f3n <strong>General Villegas<\/strong>. <\/p>\n\n\n\n<p class=\"wp-block-paragraph\">\u201cHoy 17 de febrero de 2021 quiero saludarlos queridos vecinos del Partido de General Villegas. Por suerte estoy de vuelta en esta tarea para la que me han elegido ustedes y realmente tengo palabras de agradecimiento para quienes me asistieron, al equipo de sanidad que est\u00e1 haciendo una tarea encomiable y mi agradecimiento m\u00e1s profundo a ellos. El hecho que est\u00e9 aqu\u00ed tiene que ver con ellos y por supuesto al que me atendi\u00f3 en Buenos Aires.<\/p>\n\n\n\n<p class=\"wp-block-paragraph\">De m\u00e1s est\u00e1 decirles que tenemos que cuidarnos y mucho porque esto nos golpea a todos. El comienzo de clases, la campa\u00f1a de vacunaci\u00f3n (que se est\u00e1 realizando un simulacro) y ma\u00f1ana se va a iniciar y por eso les recomiendo a todos aquellos que se anoten para poder vacunarse.<\/p>\n\n\n\n<p class=\"wp-block-paragraph\">Particularmente con los eventos, el comienzo de clases y todo lo que tenemos este a\u00f1o por delante dem\u00e1s est\u00e1 decir que tenemos que cuidarnos y mucho con las medidas de higiene, el uso del barbijo, el distanciamiento social y fundamentalmente acatar las normas y los protocolos en todos los casos.<\/p>\n\n\n\n<p class=\"wp-block-paragraph\">Tenemos varios pacientes y sabemos que nuestro sistema de salud est\u00e1 abarrotado de gente, la terapia est\u00e1 a pleno, as\u00ed que tenemos que ser muy cuidadosos para no saturarlo.<\/p>\n\n\n\n<p class=\"wp-block-paragraph\">Nuevamente quiero agradecer especialmente a quienes han estado muy cerca m\u00edo y decirles a todos que estoy muy feliz de retomar las funciones y nuevamente la recomendaci\u00f3n de cuidarnos todos.<\/p>\n\n\n\n<p class=\"wp-block-paragraph\">Much\u00edsimas gracias queridos vecinos\u201d.\u00a0\u00a0<\/p>\n\n\n\n<figure class=\"wp-block-video\"><video controls src=\"https:\/\/www.facebook.com\/generalvillegas\/videos\/483356929722145\/\"><\/video><\/figure>\n","protected":false},"excerpt":{"rendered":"<p>Durante poco m\u00e1s de dos minutos, el mandatario comunal de muy buen semblante, agradeci\u00f3 a la comunidad la atenci\u00f3n que recibi\u00f3 tanto en su comunidad, como en la Ciudad Aut\u00f3noma de Buenos Aires<\/p>\n","protected":false},"author":2,"featured_media":59895,"comment_status":"closed","ping_status":"open","sticky":false,"template":"","format":"standard","meta":{"footnotes":""},"categories":[1327,28,1328],"tags":[2996],"class_list":["post-74488","post","type-post","status-publish","format-standard","has-post-thumbnail","hentry","category-audio","category-c1nota1","category-video","tag-mensaje-de-agradecimiento"],"featured_image_urls":{"full":["https:\/\/infoecos.com.ar\/wp-content\/uploads\/WhatsApp-Image-2020-03-16-at-12.06.03-1.jpeg",607,423,false],"thumbnail":["https:\/\/infoecos.com.ar\/wp-content\/uploads\/WhatsApp-Image-2020-03-16-at-12.06.03-1-150x150.jpeg",150,150,true],"medium":["https:\/\/infoecos.com.ar\/wp-content\/uploads\/WhatsApp-Image-2020-03-16-at-12.06.03-1-460x321.jpeg",460,321,true],"medium_large":["https:\/\/infoecos.com.ar\/wp-content\/uploads\/WhatsApp-Image-2020-03-16-at-12.06.03-1.jpeg",607,423,false],"large":["https:\/\/infoecos.com.ar\/wp-content\/uploads\/WhatsApp-Image-2020-03-16-at-12.06.03-1.jpeg",607,423,false],"1536x1536":["https:\/\/infoecos.com.ar\/wp-content\/uploads\/WhatsApp-Image-2020-03-16-at-12.06.03-1.jpeg",607,423,false],"2048x2048":["https:\/\/infoecos.com.ar\/wp-content\/uploads\/WhatsApp-Image-2020-03-16-at-12.06.03-1.jpeg",607,423,false],"covernews-slider-full":["https:\/\/infoecos.com.ar\/wp-content\/uploads\/WhatsApp-Image-2020-03-16-at-12.06.03-1.jpeg",607,423,false],"covernews-slider-center":["https:\/\/infoecos.com.ar\/wp-content\/uploads\/WhatsApp-Image-2020-03-16-at-12.06.03-1.jpeg",607,423,false],"covernews-featured":["https:\/\/infoecos.com.ar\/wp-content\/uploads\/WhatsApp-Image-2020-03-16-at-12.06.03-1.jpeg",607,423,false],"covernews-medium":["https:\/\/infoecos.com.ar\/wp-content\/uploads\/WhatsApp-Image-2020-03-16-at-12.06.03-1-607x380.jpeg",540,338,true],"covernews-medium-square":["https:\/\/infoecos.com.ar\/wp-content\/uploads\/WhatsApp-Image-2020-03-16-at-12.06.03-1.jpeg",359,250,false]},"author_info":{"info":["Jorge Matheus"]},"category_info":"<a href=\"https:\/\/infoecos.com.ar\/index.php\/category\/audio\/\" rel=\"category tag\">Audio<\/a> <a href=\"https:\/\/infoecos.com.ar\/index.php\/category\/c1nota1\/\" rel=\"category tag\">C1 N1<\/a> <a href=\"https:\/\/infoecos.com.ar\/index.php\/category\/video\/\" rel=\"category tag\">Video<\/a>","tag_info":"Video","comment_count":"0","_links":{"self":[{"href":"https:\/\/infoecos.com.ar\/index.php\/wp-json\/wp\/v2\/posts\/74488","targetHints":{"allow":["GET"]}}],"collection":[{"href":"https:\/\/infoecos.com.ar\/index.php\/wp-json\/wp\/v2\/posts"}],"about":[{"href":"https:\/\/infoecos.com.ar\/index.php\/wp-json\/wp\/v2\/types\/post"}],"author":[{"embeddable":true,"href":"https:\/\/infoecos.com.ar\/index.php\/wp-json\/wp\/v2\/users\/2"}],"replies":[{"embeddable":true,"href":"https:\/\/infoecos.com.ar\/index.php\/wp-json\/wp\/v2\/comments?post=74488"}],"version-history":[{"count":2,"href":"https:\/\/infoecos.com.ar\/index.php\/wp-json\/wp\/v2\/posts\/74488\/revisions"}],"predecessor-version":[{"id":74490,"href":"https:\/\/infoecos.com.ar\/index.php\/wp-json\/wp\/v2\/posts\/74488\/revisions\/74490"}],"wp:featuredmedia":[{"embeddable":true,"href":"https:\/\/infoecos.com.ar\/index.php\/wp-json\/wp\/v2\/media\/59895"}],"wp:attachment":[{"href":"https:\/\/infoecos.com.ar\/index.php\/wp-json\/wp\/v2\/media?parent=74488"}],"wp:term":[{"taxonomy":"category","embeddable":true,"href":"https:\/\/infoecos.com.ar\/index.php\/wp-json\/wp\/v2\/categories?post=74488"},{"taxonomy":"post_tag","embeddable":true,"href":"https:\/\/infoecos.com.ar\/index.php\/wp-json\/wp\/v2\/tags?post=74488"}],"curies":[{"name":"wp","href":"https:\/\/api.w.org\/{rel}","templated":true}]}}