{"id":74495,"date":"2021-02-17T16:59:54","date_gmt":"2021-02-17T19:59:54","guid":{"rendered":"http:\/\/infoecos.com.ar\/?p=74495"},"modified":"2021-02-17T16:59:58","modified_gmt":"2021-02-17T19:59:58","slug":"barrio-alegre-homenajeo-a-francisco-martin-islas","status":"publish","type":"post","link":"https:\/\/infoecos.com.ar\/index.php\/barrio-alegre-homenajeo-a-francisco-martin-islas\/","title":{"rendered":"Barrio Alegre homenaje\u00f3 a Francisco Mart\u00edn Islas"},"content":{"rendered":"\n<p>Con protocolo de por medio, se realizo en el Cine Barrio Alegre, el homenaje a Francisco Mart\u00edn Islas, dentro de los Festejos del 79\u00ba aniversario del Club.<\/p>\n\n\n\n<div class=\"wp-block-image\"><figure class=\"aligncenter size-medium\"><img loading=\"lazy\" decoding=\"async\" width=\"460\" height=\"307\" src=\"http:\/\/infoecos.com.ar\/wp-content\/uploads\/2021\/02\/islashomenaje-460x307.jpg\" alt=\"\" class=\"wp-image-74496\" srcset=\"https:\/\/infoecos.com.ar\/wp-content\/uploads\/2021\/02\/islashomenaje-460x307.jpg 460w, https:\/\/infoecos.com.ar\/wp-content\/uploads\/2021\/02\/islashomenaje-920x614.jpg 920w, https:\/\/infoecos.com.ar\/wp-content\/uploads\/2021\/02\/islashomenaje-768x512.jpg 768w, https:\/\/infoecos.com.ar\/wp-content\/uploads\/2021\/02\/islashomenaje-1536x1025.jpg 1536w, https:\/\/infoecos.com.ar\/wp-content\/uploads\/2021\/02\/islashomenaje-1024x683.jpg 1024w, https:\/\/infoecos.com.ar\/wp-content\/uploads\/2021\/02\/islashomenaje-675x450.jpg 675w, https:\/\/infoecos.com.ar\/wp-content\/uploads\/2021\/02\/islashomenaje.jpg 1922w\" sizes=\"(max-width: 460px) 100vw, 460px\" \/><\/figure><\/div>\n\n\n\n<p>Francisco recibi\u00f3 una plaqueta de parte de los directivos que dice \u201cA Francisco Mart\u00edn Islas. Testigo del nacimiento del Club y trabajador incansable de ayer a hoy\u201d.<\/p>\n\n\n\n<div class=\"wp-block-image\"><figure class=\"aligncenter size-medium\"><img loading=\"lazy\" decoding=\"async\" width=\"460\" height=\"307\" src=\"http:\/\/infoecos.com.ar\/wp-content\/uploads\/2021\/02\/islasreconocimiento-460x307.jpg\" alt=\"\" class=\"wp-image-74497\" srcset=\"https:\/\/infoecos.com.ar\/wp-content\/uploads\/2021\/02\/islasreconocimiento-460x307.jpg 460w, https:\/\/infoecos.com.ar\/wp-content\/uploads\/2021\/02\/islasreconocimiento-920x613.jpg 920w, https:\/\/infoecos.com.ar\/wp-content\/uploads\/2021\/02\/islasreconocimiento-768x512.jpg 768w, https:\/\/infoecos.com.ar\/wp-content\/uploads\/2021\/02\/islasreconocimiento-1536x1024.jpg 1536w, https:\/\/infoecos.com.ar\/wp-content\/uploads\/2021\/02\/islasreconocimiento-1024x683.jpg 1024w, https:\/\/infoecos.com.ar\/wp-content\/uploads\/2021\/02\/islasreconocimiento-675x450.jpg 675w, https:\/\/infoecos.com.ar\/wp-content\/uploads\/2021\/02\/islasreconocimiento.jpg 1728w\" sizes=\"(max-width: 460px) 100vw, 460px\" \/><\/figure><\/div>\n\n\n\n<p>Al hacer uso de la palabra, el homenajeado coment\u00f3 a los presentes los comienzos del Club y manifest\u00f3 su agradecimiento por esta distinci\u00f3n.<\/p>\n","protected":false},"excerpt":{"rendered":"<p>Francisco recibi\u00f3 una plaqueta de parte de los directivos que dice \u201cA Francisco Mart\u00edn Islas. Testigo del nacimiento del Club y trabajador incansable de ayer a hoy\u201d<\/p>\n","protected":false},"author":2,"featured_media":74498,"comment_status":"closed","ping_status":"open","sticky":false,"template":"","format":"standard","meta":{"footnotes":""},"categories":[50],"tags":[2998],"class_list":["post-74495","post","type-post","status-publish","format-standard","has-post-thumbnail","hentry","category-c1nota4","tag-en-el-79-aniversario-de-la-entidad"],"yoast_head":"<!-- This site is optimized with the Yoast SEO plugin v23.4 - https:\/\/yoast.com\/wordpress\/plugins\/seo\/ -->\n<title>Barrio Alegre homenaje\u00f3 a Francisco Mart\u00edn Islas - Infoecos<\/title>\n<meta name=\"robots\" content=\"index, follow, max-snippet:-1, max-image-preview:large, max-video-preview:-1\" \/>\n<link rel=\"canonical\" href=\"https:\/\/infoecos.com.ar\/index.php\/barrio-alegre-homenajeo-a-francisco-martin-islas\/\" \/>\n<meta property=\"og:locale\" content=\"es_ES\" \/>\n<meta property=\"og:type\" content=\"article\" \/>\n<meta property=\"og:title\" content=\"Barrio Alegre homenaje\u00f3 a Francisco Mart\u00edn Islas - Infoecos\" \/>\n<meta property=\"og:description\" content=\"Francisco recibi\u00f3 una plaqueta de parte de los directivos que dice \u201cA Francisco Mart\u00edn Islas. Testigo del nacimiento del Club y trabajador incansable de ayer a hoy\u201d\" \/>\n<meta property=\"og:url\" content=\"https:\/\/infoecos.com.ar\/index.php\/barrio-alegre-homenajeo-a-francisco-martin-islas\/\" \/>\n<meta property=\"og:site_name\" content=\"Infoecos\" \/>\n<meta property=\"article:publisher\" content=\"https:\/\/www.facebook.com\/profile.php?id=100063200290284\" \/>\n<meta property=\"article:published_time\" content=\"2021-02-17T19:59:54+00:00\" \/>\n<meta property=\"article:modified_time\" content=\"2021-02-17T19:59:58+00:00\" \/>\n<meta property=\"og:image\" content=\"https:\/\/infoecos.com.ar\/wp-content\/uploads\/2021\/02\/islasreparaz.jpg\" \/>\n\t<meta property=\"og:image:width\" content=\"2025\" \/>\n\t<meta property=\"og:image:height\" content=\"1350\" \/>\n\t<meta property=\"og:image:type\" content=\"image\/jpeg\" \/>\n<meta name=\"author\" content=\"Jorge Matheus\" \/>\n<meta name=\"twitter:card\" content=\"summary_large_image\" \/>\n<meta name=\"twitter:creator\" content=\"@infoecos\" \/>\n<meta name=\"twitter:site\" content=\"@infoecos\" \/>\n<meta name=\"twitter:label1\" content=\"Escrito por\" \/>\n\t<meta name=\"twitter:data1\" content=\"Jorge Matheus\" \/>\n<script type=\"application\/ld+json\" class=\"yoast-schema-graph\">{\"@context\":\"https:\/\/schema.org\",\"@graph\":[{\"@type\":\"Article\",\"@id\":\"https:\/\/infoecos.com.ar\/index.php\/barrio-alegre-homenajeo-a-francisco-martin-islas\/#article\",\"isPartOf\":{\"@id\":\"https:\/\/infoecos.com.ar\/index.php\/barrio-alegre-homenajeo-a-francisco-martin-islas\/\"},\"author\":{\"name\":\"Jorge Matheus\",\"@id\":\"https:\/\/infoecos.com.ar\/#\/schema\/person\/8f5ace5ce73b4b4aac4b7245aee6f191\"},\"headline\":\"Barrio Alegre homenaje\u00f3 a Francisco Mart\u00edn Islas\",\"datePublished\":\"2021-02-17T19:59:54+00:00\",\"dateModified\":\"2021-02-17T19:59:58+00:00\",\"mainEntityOfPage\":{\"@id\":\"https:\/\/infoecos.com.ar\/index.php\/barrio-alegre-homenajeo-a-francisco-martin-islas\/\"},\"wordCount\":87,\"publisher\":{\"@id\":\"https:\/\/infoecos.com.ar\/#organization\"},\"image\":{\"@id\":\"https:\/\/infoecos.com.ar\/index.php\/barrio-alegre-homenajeo-a-francisco-martin-islas\/#primaryimage\"},\"thumbnailUrl\":\"https:\/\/infoecos.com.ar\/wp-content\/uploads\/2021\/02\/islasreparaz.jpg\",\"keywords\":[\"en el 79 aniversario de la entidad\"],\"articleSection\":[\"C1 N4\"],\"inLanguage\":\"es\"},{\"@type\":\"WebPage\",\"@id\":\"https:\/\/infoecos.com.ar\/index.php\/barrio-alegre-homenajeo-a-francisco-martin-islas\/\",\"url\":\"https:\/\/infoecos.com.ar\/index.php\/barrio-alegre-homenajeo-a-francisco-martin-islas\/\",\"name\":\"Barrio Alegre homenaje\u00f3 a Francisco Mart\u00edn Islas - Infoecos\",\"isPartOf\":{\"@id\":\"https:\/\/infoecos.com.ar\/#website\"},\"primaryImageOfPage\":{\"@id\":\"https:\/\/infoecos.com.ar\/index.php\/barrio-alegre-homenajeo-a-francisco-martin-islas\/#primaryimage\"},\"image\":{\"@id\":\"https:\/\/infoecos.com.ar\/index.php\/barrio-alegre-homenajeo-a-francisco-martin-islas\/#primaryimage\"},\"thumbnailUrl\":\"https:\/\/infoecos.com.ar\/wp-content\/uploads\/2021\/02\/islasreparaz.jpg\",\"datePublished\":\"2021-02-17T19:59:54+00:00\",\"dateModified\":\"2021-02-17T19:59:58+00:00\",\"breadcrumb\":{\"@id\":\"https:\/\/infoecos.com.ar\/index.php\/barrio-alegre-homenajeo-a-francisco-martin-islas\/#breadcrumb\"},\"inLanguage\":\"es\",\"potentialAction\":[{\"@type\":\"ReadAction\",\"target\":[\"https:\/\/infoecos.com.ar\/index.php\/barrio-alegre-homenajeo-a-francisco-martin-islas\/\"]}]},{\"@type\":\"ImageObject\",\"inLanguage\":\"es\",\"@id\":\"https:\/\/infoecos.com.ar\/index.php\/barrio-alegre-homenajeo-a-francisco-martin-islas\/#primaryimage\",\"url\":\"https:\/\/infoecos.com.ar\/wp-content\/uploads\/2021\/02\/islasreparaz.jpg\",\"contentUrl\":\"https:\/\/infoecos.com.ar\/wp-content\/uploads\/2021\/02\/islasreparaz.jpg\",\"width\":2025,\"height\":1350},{\"@type\":\"BreadcrumbList\",\"@id\":\"https:\/\/infoecos.com.ar\/index.php\/barrio-alegre-homenajeo-a-francisco-martin-islas\/#breadcrumb\",\"itemListElement\":[{\"@type\":\"ListItem\",\"position\":1,\"name\":\"Portada\",\"item\":\"https:\/\/infoecos.com.ar\/\"},{\"@type\":\"ListItem\",\"position\":2,\"name\":\"Barrio Alegre homenaje\u00f3 a Francisco Mart\u00edn Islas\"}]},{\"@type\":\"WebSite\",\"@id\":\"https:\/\/infoecos.com.ar\/#website\",\"url\":\"https:\/\/infoecos.com.ar\/\",\"name\":\"Infoecos\",\"description\":\"Noticias de trenque lauquen y la zona\",\"publisher\":{\"@id\":\"https:\/\/infoecos.com.ar\/#organization\"},\"alternateName\":\"Noticias\",\"potentialAction\":[{\"@type\":\"SearchAction\",\"target\":{\"@type\":\"EntryPoint\",\"urlTemplate\":\"https:\/\/infoecos.com.ar\/?s={search_term_string}\"},\"query-input\":{\"@type\":\"PropertyValueSpecification\",\"valueRequired\":true,\"valueName\":\"search_term_string\"}}],\"inLanguage\":\"es\"},{\"@type\":\"Organization\",\"@id\":\"https:\/\/infoecos.com.ar\/#organization\",\"name\":\"Infoecos\",\"alternateName\":\"Noticias\",\"url\":\"https:\/\/infoecos.com.ar\/\",\"logo\":{\"@type\":\"ImageObject\",\"inLanguage\":\"es\",\"@id\":\"https:\/\/infoecos.com.ar\/#\/schema\/logo\/image\/\",\"url\":\"https:\/\/infoecos.com.ar\/wp-content\/uploads\/2024\/03\/cropped-logo.png\",\"contentUrl\":\"https:\/\/infoecos.com.ar\/wp-content\/uploads\/2024\/03\/cropped-logo.png\",\"width\":374,\"height\":90,\"caption\":\"Infoecos\"},\"image\":{\"@id\":\"https:\/\/infoecos.com.ar\/#\/schema\/logo\/image\/\"},\"sameAs\":[\"https:\/\/www.facebook.com\/profile.php?id=100063200290284\",\"https:\/\/x.com\/infoecos\"]},{\"@type\":\"Person\",\"@id\":\"https:\/\/infoecos.com.ar\/#\/schema\/person\/8f5ace5ce73b4b4aac4b7245aee6f191\",\"name\":\"Jorge Matheus\",\"url\":\"https:\/\/infoecos.com.ar\/index.php\/author\/jomatheus\/\"}]}<\/script>\n<!-- \/ Yoast SEO plugin. -->","yoast_head_json":{"title":"Barrio Alegre homenaje\u00f3 a Francisco Mart\u00edn Islas - Infoecos","robots":{"index":"index","follow":"follow","max-snippet":"max-snippet:-1","max-image-preview":"max-image-preview:large","max-video-preview":"max-video-preview:-1"},"canonical":"https:\/\/infoecos.com.ar\/index.php\/barrio-alegre-homenajeo-a-francisco-martin-islas\/","og_locale":"es_ES","og_type":"article","og_title":"Barrio Alegre homenaje\u00f3 a Francisco Mart\u00edn Islas - Infoecos","og_description":"Francisco recibi\u00f3 una plaqueta de parte de los directivos que dice \u201cA Francisco Mart\u00edn Islas. Testigo del nacimiento del Club y trabajador incansable de ayer a hoy\u201d","og_url":"https:\/\/infoecos.com.ar\/index.php\/barrio-alegre-homenajeo-a-francisco-martin-islas\/","og_site_name":"Infoecos","article_publisher":"https:\/\/www.facebook.com\/profile.php?id=100063200290284","article_published_time":"2021-02-17T19:59:54+00:00","article_modified_time":"2021-02-17T19:59:58+00:00","og_image":[{"width":2025,"height":1350,"url":"https:\/\/infoecos.com.ar\/wp-content\/uploads\/2021\/02\/islasreparaz.jpg","type":"image\/jpeg"}],"author":"Jorge Matheus","twitter_card":"summary_large_image","twitter_creator":"@infoecos","twitter_site":"@infoecos","twitter_misc":{"Escrito por":"Jorge Matheus"},"schema":{"@context":"https:\/\/schema.org","@graph":[{"@type":"Article","@id":"https:\/\/infoecos.com.ar\/index.php\/barrio-alegre-homenajeo-a-francisco-martin-islas\/#article","isPartOf":{"@id":"https:\/\/infoecos.com.ar\/index.php\/barrio-alegre-homenajeo-a-francisco-martin-islas\/"},"author":{"name":"Jorge Matheus","@id":"https:\/\/infoecos.com.ar\/#\/schema\/person\/8f5ace5ce73b4b4aac4b7245aee6f191"},"headline":"Barrio Alegre homenaje\u00f3 a Francisco Mart\u00edn Islas","datePublished":"2021-02-17T19:59:54+00:00","dateModified":"2021-02-17T19:59:58+00:00","mainEntityOfPage":{"@id":"https:\/\/infoecos.com.ar\/index.php\/barrio-alegre-homenajeo-a-francisco-martin-islas\/"},"wordCount":87,"publisher":{"@id":"https:\/\/infoecos.com.ar\/#organization"},"image":{"@id":"https:\/\/infoecos.com.ar\/index.php\/barrio-alegre-homenajeo-a-francisco-martin-islas\/#primaryimage"},"thumbnailUrl":"https:\/\/infoecos.com.ar\/wp-content\/uploads\/2021\/02\/islasreparaz.jpg","keywords":["en el 79 aniversario de la entidad"],"articleSection":["C1 N4"],"inLanguage":"es"},{"@type":"WebPage","@id":"https:\/\/infoecos.com.ar\/index.php\/barrio-alegre-homenajeo-a-francisco-martin-islas\/","url":"https:\/\/infoecos.com.ar\/index.php\/barrio-alegre-homenajeo-a-francisco-martin-islas\/","name":"Barrio Alegre homenaje\u00f3 a Francisco Mart\u00edn Islas - Infoecos","isPartOf":{"@id":"https:\/\/infoecos.com.ar\/#website"},"primaryImageOfPage":{"@id":"https:\/\/infoecos.com.ar\/index.php\/barrio-alegre-homenajeo-a-francisco-martin-islas\/#primaryimage"},"image":{"@id":"https:\/\/infoecos.com.ar\/index.php\/barrio-alegre-homenajeo-a-francisco-martin-islas\/#primaryimage"},"thumbnailUrl":"https:\/\/infoecos.com.ar\/wp-content\/uploads\/2021\/02\/islasreparaz.jpg","datePublished":"2021-02-17T19:59:54+00:00","dateModified":"2021-02-17T19:59:58+00:00","breadcrumb":{"@id":"https:\/\/infoecos.com.ar\/index.php\/barrio-alegre-homenajeo-a-francisco-martin-islas\/#breadcrumb"},"inLanguage":"es","potentialAction":[{"@type":"ReadAction","target":["https:\/\/infoecos.com.ar\/index.php\/barrio-alegre-homenajeo-a-francisco-martin-islas\/"]}]},{"@type":"ImageObject","inLanguage":"es","@id":"https:\/\/infoecos.com.ar\/index.php\/barrio-alegre-homenajeo-a-francisco-martin-islas\/#primaryimage","url":"https:\/\/infoecos.com.ar\/wp-content\/uploads\/2021\/02\/islasreparaz.jpg","contentUrl":"https:\/\/infoecos.com.ar\/wp-content\/uploads\/2021\/02\/islasreparaz.jpg","width":2025,"height":1350},{"@type":"BreadcrumbList","@id":"https:\/\/infoecos.com.ar\/index.php\/barrio-alegre-homenajeo-a-francisco-martin-islas\/#breadcrumb","itemListElement":[{"@type":"ListItem","position":1,"name":"Portada","item":"https:\/\/infoecos.com.ar\/"},{"@type":"ListItem","position":2,"name":"Barrio Alegre homenaje\u00f3 a Francisco Mart\u00edn Islas"}]},{"@type":"WebSite","@id":"https:\/\/infoecos.com.ar\/#website","url":"https:\/\/infoecos.com.ar\/","name":"Infoecos","description":"Noticias de trenque lauquen y la zona","publisher":{"@id":"https:\/\/infoecos.com.ar\/#organization"},"alternateName":"Noticias","potentialAction":[{"@type":"SearchAction","target":{"@type":"EntryPoint","urlTemplate":"https:\/\/infoecos.com.ar\/?s={search_term_string}"},"query-input":{"@type":"PropertyValueSpecification","valueRequired":true,"valueName":"search_term_string"}}],"inLanguage":"es"},{"@type":"Organization","@id":"https:\/\/infoecos.com.ar\/#organization","name":"Infoecos","alternateName":"Noticias","url":"https:\/\/infoecos.com.ar\/","logo":{"@type":"ImageObject","inLanguage":"es","@id":"https:\/\/infoecos.com.ar\/#\/schema\/logo\/image\/","url":"https:\/\/infoecos.com.ar\/wp-content\/uploads\/2024\/03\/cropped-logo.png","contentUrl":"https:\/\/infoecos.com.ar\/wp-content\/uploads\/2024\/03\/cropped-logo.png","width":374,"height":90,"caption":"Infoecos"},"image":{"@id":"https:\/\/infoecos.com.ar\/#\/schema\/logo\/image\/"},"sameAs":["https:\/\/www.facebook.com\/profile.php?id=100063200290284","https:\/\/x.com\/infoecos"]},{"@type":"Person","@id":"https:\/\/infoecos.com.ar\/#\/schema\/person\/8f5ace5ce73b4b4aac4b7245aee6f191","name":"Jorge Matheus","url":"https:\/\/infoecos.com.ar\/index.php\/author\/jomatheus\/"}]}},"featured_image_urls":{"full":["https:\/\/infoecos.com.ar\/wp-content\/uploads\/2021\/02\/islasreparaz.jpg",2025,1350,false],"thumbnail":["https:\/\/infoecos.com.ar\/wp-content\/uploads\/2021\/02\/islasreparaz-150x150.jpg",150,150,true],"medium":["https:\/\/infoecos.com.ar\/wp-content\/uploads\/2021\/02\/islasreparaz-460x307.jpg",460,307,true],"medium_large":["https:\/\/infoecos.com.ar\/wp-content\/uploads\/2021\/02\/islasreparaz-768x512.jpg",640,427,true],"large":["https:\/\/infoecos.com.ar\/wp-content\/uploads\/2021\/02\/islasreparaz-920x613.jpg",640,426,true],"1536x1536":["https:\/\/infoecos.com.ar\/wp-content\/uploads\/2021\/02\/islasreparaz-1536x1024.jpg",1536,1024,true],"2048x2048":["https:\/\/infoecos.com.ar\/wp-content\/uploads\/2021\/02\/islasreparaz.jpg",2025,1350,false],"covernews-slider-full":["https:\/\/infoecos.com.ar\/wp-content\/uploads\/2021\/02\/islasreparaz-1536x1020.jpg",1077,715,true],"covernews-slider-center":["https:\/\/infoecos.com.ar\/wp-content\/uploads\/2021\/02\/islasreparaz-936x897.jpg",522,500,true],"covernews-featured":["https:\/\/infoecos.com.ar\/wp-content\/uploads\/2021\/02\/islasreparaz-1024x683.jpg",1024,683,true],"covernews-medium":["https:\/\/infoecos.com.ar\/wp-content\/uploads\/2021\/02\/islasreparaz-720x380.jpg",540,285,true],"covernews-medium-square":["https:\/\/infoecos.com.ar\/wp-content\/uploads\/2021\/02\/islasreparaz-675x450.jpg",375,250,true]},"author_info":{"info":["Jorge Matheus"]},"category_info":"<a href=\"https:\/\/infoecos.com.ar\/index.php\/category\/c1nota4\/\" rel=\"category tag\">C1 N4<\/a>","tag_info":"C1 N4","comment_count":"0","_links":{"self":[{"href":"https:\/\/infoecos.com.ar\/index.php\/wp-json\/wp\/v2\/posts\/74495"}],"collection":[{"href":"https:\/\/infoecos.com.ar\/index.php\/wp-json\/wp\/v2\/posts"}],"about":[{"href":"https:\/\/infoecos.com.ar\/index.php\/wp-json\/wp\/v2\/types\/post"}],"author":[{"embeddable":true,"href":"https:\/\/infoecos.com.ar\/index.php\/wp-json\/wp\/v2\/users\/2"}],"replies":[{"embeddable":true,"href":"https:\/\/infoecos.com.ar\/index.php\/wp-json\/wp\/v2\/comments?post=74495"}],"version-history":[{"count":1,"href":"https:\/\/infoecos.com.ar\/index.php\/wp-json\/wp\/v2\/posts\/74495\/revisions"}],"predecessor-version":[{"id":74499,"href":"https:\/\/infoecos.com.ar\/index.php\/wp-json\/wp\/v2\/posts\/74495\/revisions\/74499"}],"wp:featuredmedia":[{"embeddable":true,"href":"https:\/\/infoecos.com.ar\/index.php\/wp-json\/wp\/v2\/media\/74498"}],"wp:attachment":[{"href":"https:\/\/infoecos.com.ar\/index.php\/wp-json\/wp\/v2\/media?parent=74495"}],"wp:term":[{"taxonomy":"category","embeddable":true,"href":"https:\/\/infoecos.com.ar\/index.php\/wp-json\/wp\/v2\/categories?post=74495"},{"taxonomy":"post_tag","embeddable":true,"href":"https:\/\/infoecos.com.ar\/index.php\/wp-json\/wp\/v2\/tags?post=74495"}],"curies":[{"name":"wp","href":"https:\/\/api.w.org\/{rel}","templated":true}]}}