{"id":74527,"date":"2021-02-18T02:38:48","date_gmt":"2021-02-18T05:38:48","guid":{"rendered":"http:\/\/infoecos.com.ar\/?p=74527"},"modified":"2021-02-19T02:09:53","modified_gmt":"2021-02-19T05:09:53","slug":"proponen-crear-un-consejo-federal-para-prevencion-de-femicidios-y-travesticidios","status":"publish","type":"post","link":"https:\/\/infoecos.com.ar\/index.php\/proponen-crear-un-consejo-federal-para-prevencion-de-femicidios-y-travesticidios\/","title":{"rendered":"Proponen crear un Consejo Federal para Prevenci\u00f3n de Femicidios y Travesticidios"},"content":{"rendered":"\n<p class=\"wp-block-paragraph\"><strong>El presidente Alberto Fern\u00e1ndez propuso a los gobernadores la creaci\u00f3n de un Consejo Federal para la Prevenci\u00f3n y Abordaje de Femicidios, Travesticidios y Transfemicidios, al resaltar la necesidad de \u00abconstruir una Argentina unida contra las violencias de g\u00e9nero\u00bb.<\/strong><\/p>\n\n\n\n<div class=\"wp-block-image\"><figure class=\"aligncenter size-medium\"><img loading=\"lazy\" decoding=\"async\" width=\"460\" height=\"259\" src=\"http:\/\/infoecos.com.ar\/wp-content\/uploads\/2021\/02\/fernandezalberto-1-460x259.jpg\" alt=\"\" class=\"wp-image-74528\" srcset=\"https:\/\/infoecos.com.ar\/wp-content\/uploads\/2021\/02\/fernandezalberto-1-460x259.jpg 460w, https:\/\/infoecos.com.ar\/wp-content\/uploads\/2021\/02\/fernandezalberto-1-920x518.jpg 920w, https:\/\/infoecos.com.ar\/wp-content\/uploads\/2021\/02\/fernandezalberto-1-768x432.jpg 768w, https:\/\/infoecos.com.ar\/wp-content\/uploads\/2021\/02\/fernandezalberto-1.jpg 1004w\" sizes=\"auto, (max-width: 460px) 100vw, 460px\" \/><\/figure><\/div>\n\n\n\n<p class=\"wp-block-paragraph\">\u00abSeamos protagonistas de los cambios que hacen falta para transformar esta sociedad machista en una sociedad libre de violencias por motivos de g\u00e9nero\u00bb, sostuvo el mandatario en una carta enviada a los gobernadores a ra\u00edz del femicidio de la joven \u00darsula Bahillo en la ciudad bonaerense de Rojas y por el que est\u00e1 detenido su expareja, el polic\u00eda bonaerense Mat\u00edas Mart\u00ednez.<\/p>\n\n\n\n<p class=\"wp-block-paragraph\">El Presidente propuso la creaci\u00f3n del Consejo Federal para la Prevenci\u00f3n y Abordaje de Femicidios, Travesticidios y Transfemicidios para \u00abcoordinar y articular con los distintos organismos involucrados de la Naci\u00f3n, las provincias y la Ciudad Aut\u00f3noma de Buenos Aires un abordaje integral, eficaz, articulado en materia de prevenci\u00f3n, investigaci\u00f3n, sanci\u00f3n, asistencia y reparaci\u00f3n de las violencias extremas por motivo de g\u00e9nero\u00bb.<\/p>\n\n\n\n<p class=\"wp-block-paragraph\">A\u00f1adi\u00f3 que el Estado \u00abes responsable de garantizar la prevenci\u00f3n, la asistencia, sanci\u00f3n y reparaci\u00f3n de las violencias de g\u00e9nero\u00bb, pero a la vez se necesita de \u00abtodos los argentinos para llevar adelante el cambio cultural que erradique las violencias machistas en cada uno de los \u00e1mbitos de nuestras vidas y construir una Argentina unida contra las violencias de g\u00e9nero\u00bb.<\/p>\n","protected":false},"excerpt":{"rendered":"<p>El Estado \u00abes responsable de garantizar la prevenci\u00f3n, la asistencia, sanci\u00f3n y reparaci\u00f3n de las violencias de g\u00e9nero\u00bb<\/p>\n","protected":false},"author":2,"featured_media":74528,"comment_status":"closed","ping_status":"open","sticky":false,"template":"","format":"standard","meta":{"footnotes":""},"categories":[40],"tags":[3006],"class_list":["post-74527","post","type-post","status-publish","format-standard","has-post-thumbnail","hentry","category-inferior1","tag-carta-del-presidente-a-gobernadores"],"featured_image_urls":{"full":["https:\/\/infoecos.com.ar\/wp-content\/uploads\/2021\/02\/fernandezalberto-1.jpg",1004,565,false],"thumbnail":["https:\/\/infoecos.com.ar\/wp-content\/uploads\/2021\/02\/fernandezalberto-1-150x150.jpg",150,150,true],"medium":["https:\/\/infoecos.com.ar\/wp-content\/uploads\/2021\/02\/fernandezalberto-1-460x259.jpg",460,259,true],"medium_large":["https:\/\/infoecos.com.ar\/wp-content\/uploads\/2021\/02\/fernandezalberto-1-768x432.jpg",640,360,true],"large":["https:\/\/infoecos.com.ar\/wp-content\/uploads\/2021\/02\/fernandezalberto-1-920x518.jpg",640,360,true],"1536x1536":["https:\/\/infoecos.com.ar\/wp-content\/uploads\/2021\/02\/fernandezalberto-1.jpg",1004,565,false],"2048x2048":["https:\/\/infoecos.com.ar\/wp-content\/uploads\/2021\/02\/fernandezalberto-1.jpg",1004,565,false],"covernews-slider-full":["https:\/\/infoecos.com.ar\/wp-content\/uploads\/2021\/02\/fernandezalberto-1.jpg",1004,565,false],"covernews-slider-center":["https:\/\/infoecos.com.ar\/wp-content\/uploads\/2021\/02\/fernandezalberto-1-936x565.jpg",800,483,true],"covernews-featured":["https:\/\/infoecos.com.ar\/wp-content\/uploads\/2021\/02\/fernandezalberto-1.jpg",1004,565,false],"covernews-medium":["https:\/\/infoecos.com.ar\/wp-content\/uploads\/2021\/02\/fernandezalberto-1-720x380.jpg",540,285,true],"covernews-medium-square":["https:\/\/infoecos.com.ar\/wp-content\/uploads\/2021\/02\/fernandezalberto-1-675x450.jpg",375,250,true]},"author_info":{"info":["Jorge Matheus"]},"category_info":"<a href=\"https:\/\/infoecos.com.ar\/index.php\/category\/inferior1\/\" rel=\"category tag\">Bloque inferior - 1<\/a>","tag_info":"Bloque inferior - 1","comment_count":"0","_links":{"self":[{"href":"https:\/\/infoecos.com.ar\/index.php\/wp-json\/wp\/v2\/posts\/74527","targetHints":{"allow":["GET"]}}],"collection":[{"href":"https:\/\/infoecos.com.ar\/index.php\/wp-json\/wp\/v2\/posts"}],"about":[{"href":"https:\/\/infoecos.com.ar\/index.php\/wp-json\/wp\/v2\/types\/post"}],"author":[{"embeddable":true,"href":"https:\/\/infoecos.com.ar\/index.php\/wp-json\/wp\/v2\/users\/2"}],"replies":[{"embeddable":true,"href":"https:\/\/infoecos.com.ar\/index.php\/wp-json\/wp\/v2\/comments?post=74527"}],"version-history":[{"count":1,"href":"https:\/\/infoecos.com.ar\/index.php\/wp-json\/wp\/v2\/posts\/74527\/revisions"}],"predecessor-version":[{"id":74529,"href":"https:\/\/infoecos.com.ar\/index.php\/wp-json\/wp\/v2\/posts\/74527\/revisions\/74529"}],"wp:featuredmedia":[{"embeddable":true,"href":"https:\/\/infoecos.com.ar\/index.php\/wp-json\/wp\/v2\/media\/74528"}],"wp:attachment":[{"href":"https:\/\/infoecos.com.ar\/index.php\/wp-json\/wp\/v2\/media?parent=74527"}],"wp:term":[{"taxonomy":"category","embeddable":true,"href":"https:\/\/infoecos.com.ar\/index.php\/wp-json\/wp\/v2\/categories?post=74527"},{"taxonomy":"post_tag","embeddable":true,"href":"https:\/\/infoecos.com.ar\/index.php\/wp-json\/wp\/v2\/tags?post=74527"}],"curies":[{"name":"wp","href":"https:\/\/api.w.org\/{rel}","templated":true}]}}