{"id":74540,"date":"2021-02-18T13:22:24","date_gmt":"2021-02-18T16:22:24","guid":{"rendered":"http:\/\/infoecos.com.ar\/?p=74540"},"modified":"2021-02-18T13:22:27","modified_gmt":"2021-02-18T16:22:27","slug":"el-ministro-de-salud-de-buenos-aires-dijo-que-llegarian-50-a-70-millones-de-vacunas","status":"publish","type":"post","link":"https:\/\/infoecos.com.ar\/index.php\/el-ministro-de-salud-de-buenos-aires-dijo-que-llegarian-50-a-70-millones-de-vacunas\/","title":{"rendered":"El ministro de Salud de Buenos Aires dijo que llegar\u00edan 50 a 70 millones de vacunas"},"content":{"rendered":"\n<p>El ministro de Salud bonaerense, Daniel Gollan, afirm\u00f3 que \u201cel gobierno nacional est\u00e1 en distintas negociaciones para obtener vacunas contra el coronavirus y la perspectiva que tenemos es que de ac\u00e1 a fin de a\u00f1o lleguen de 50 a 70 millones de dosis\u201d.<\/p>\n\n\n\n<div class=\"wp-block-image\"><figure class=\"aligncenter size-medium\"><img loading=\"lazy\" decoding=\"async\" width=\"460\" height=\"288\" src=\"http:\/\/infoecos.com.ar\/wp-content\/uploads\/2020\/11\/MG_0407-460x288.jpg\" alt=\"\" class=\"wp-image-70665\" srcset=\"https:\/\/infoecos.com.ar\/wp-content\/uploads\/2020\/11\/MG_0407-460x288.jpg 460w, https:\/\/infoecos.com.ar\/wp-content\/uploads\/2020\/11\/MG_0407-920x575.jpg 920w, https:\/\/infoecos.com.ar\/wp-content\/uploads\/2020\/11\/MG_0407-768x480.jpg 768w, https:\/\/infoecos.com.ar\/wp-content\/uploads\/2020\/11\/MG_0407-1536x960.jpg 1536w, https:\/\/infoecos.com.ar\/wp-content\/uploads\/2020\/11\/MG_0407-2048x1280.jpg 2048w, https:\/\/infoecos.com.ar\/wp-content\/uploads\/2020\/11\/MG_0407-1024x640.jpg 1024w\" sizes=\"(max-width: 460px) 100vw, 460px\" \/><\/figure><\/div>\n\n\n\n<p>En declaraciones a <strong>Radio Provincia<\/strong> explic\u00f3 que, hasta ahora, \u201cel 75 % de las vacunas contra el coronavirus aplicadas en el mundo, se las quedaron 10 pa\u00edses\u201d.<\/p>\n\n\n\n<p>Gollan indic\u00f3 que \u201csi pensamos que hay 130 pa\u00edses en el mundo que a\u00fan no han empezado la vacunaci\u00f3n, podemos decir que nosotros empezamos bien\u201d. Agreg\u00f3 que \u201cArgentina no compr\u00f3 Coronavac que si lo hizo Chile\u201d y a\u00f1adi\u00f3 que \u201csi consigui\u00f3 esa vacuna tambi\u00e9n est\u00e1 muy bien\u201d.\u00a0\u00a0<\/p>\n\n\n\n<p>El ministro de Salud bonaerense se\u00f1al\u00f3 que \u201cla vacuna no es individual. Es una cuesti\u00f3n mundial y para que sea efectiva debemos tener a todos vacunados\u201d.<\/p>\n\n\n\n<p>En tanto en materia educativa y la circulaci\u00f3n del virus sostuvo que \u201cempezaron las clases en la Provincia m\u00e1s de un mill\u00f3n de chicos, el doble de los que tiene CABA. En marzo ser\u00e1n m\u00e1s de 4 millones. Queremos un regreso cuidado a las clases\u201d.<\/p>\n","protected":false},"excerpt":{"rendered":"<p>En declaraciones a Radio Provincia explic\u00f3 que, hasta ahora, \u201cel 75 % de las vacunas contra el coronavirus aplicadas en el mundo, se las quedaron 10 pa\u00edses\u201d<\/p>\n","protected":false},"author":2,"featured_media":70665,"comment_status":"closed","ping_status":"open","sticky":false,"template":"","format":"standard","meta":{"footnotes":""},"categories":[47],"tags":[3008],"class_list":["post-74540","post","type-post","status-publish","format-standard","has-post-thumbnail","hentry","category-c3nota2","tag-de-aca-a-fin-de-ano"],"yoast_head":"<!-- This site is optimized with the Yoast SEO plugin v23.4 - https:\/\/yoast.com\/wordpress\/plugins\/seo\/ -->\n<title>El ministro de Salud de Buenos Aires dijo que llegar\u00edan 50 a 70 millones de vacunas - Infoecos<\/title>\n<meta name=\"robots\" content=\"index, follow, max-snippet:-1, max-image-preview:large, max-video-preview:-1\" \/>\n<link rel=\"canonical\" href=\"https:\/\/infoecos.com.ar\/index.php\/el-ministro-de-salud-de-buenos-aires-dijo-que-llegarian-50-a-70-millones-de-vacunas\/\" \/>\n<meta property=\"og:locale\" content=\"es_ES\" \/>\n<meta property=\"og:type\" content=\"article\" \/>\n<meta property=\"og:title\" content=\"El ministro de Salud de Buenos Aires dijo que llegar\u00edan 50 a 70 millones de vacunas - Infoecos\" \/>\n<meta property=\"og:description\" content=\"En declaraciones a Radio Provincia explic\u00f3 que, hasta ahora, \u201cel 75 % de las vacunas contra el coronavirus aplicadas en el mundo, se las quedaron 10 pa\u00edses\u201d\" \/>\n<meta property=\"og:url\" content=\"https:\/\/infoecos.com.ar\/index.php\/el-ministro-de-salud-de-buenos-aires-dijo-que-llegarian-50-a-70-millones-de-vacunas\/\" \/>\n<meta property=\"og:site_name\" content=\"Infoecos\" \/>\n<meta property=\"article:publisher\" content=\"https:\/\/www.facebook.com\/profile.php?id=100063200290284\" \/>\n<meta property=\"article:published_time\" content=\"2021-02-18T16:22:24+00:00\" \/>\n<meta property=\"article:modified_time\" content=\"2021-02-18T16:22:27+00:00\" \/>\n<meta property=\"og:image\" content=\"https:\/\/infoecos.com.ar\/wp-content\/uploads\/2020\/11\/MG_0407-scaled.jpg\" \/>\n\t<meta property=\"og:image:width\" content=\"2560\" \/>\n\t<meta property=\"og:image:height\" content=\"1600\" \/>\n\t<meta property=\"og:image:type\" content=\"image\/jpeg\" \/>\n<meta name=\"author\" content=\"Jorge Matheus\" \/>\n<meta name=\"twitter:card\" content=\"summary_large_image\" \/>\n<meta name=\"twitter:creator\" content=\"@infoecos\" \/>\n<meta name=\"twitter:site\" content=\"@infoecos\" \/>\n<meta name=\"twitter:label1\" content=\"Escrito por\" \/>\n\t<meta name=\"twitter:data1\" content=\"Jorge Matheus\" \/>\n\t<meta name=\"twitter:label2\" content=\"Tiempo de lectura\" \/>\n\t<meta name=\"twitter:data2\" content=\"1 minuto\" \/>\n<script type=\"application\/ld+json\" class=\"yoast-schema-graph\">{\"@context\":\"https:\/\/schema.org\",\"@graph\":[{\"@type\":\"Article\",\"@id\":\"https:\/\/infoecos.com.ar\/index.php\/el-ministro-de-salud-de-buenos-aires-dijo-que-llegarian-50-a-70-millones-de-vacunas\/#article\",\"isPartOf\":{\"@id\":\"https:\/\/infoecos.com.ar\/index.php\/el-ministro-de-salud-de-buenos-aires-dijo-que-llegarian-50-a-70-millones-de-vacunas\/\"},\"author\":{\"name\":\"Jorge Matheus\",\"@id\":\"https:\/\/infoecos.com.ar\/#\/schema\/person\/8f5ace5ce73b4b4aac4b7245aee6f191\"},\"headline\":\"El ministro de Salud de Buenos Aires dijo que llegar\u00edan 50 a 70 millones de vacunas\",\"datePublished\":\"2021-02-18T16:22:24+00:00\",\"dateModified\":\"2021-02-18T16:22:27+00:00\",\"mainEntityOfPage\":{\"@id\":\"https:\/\/infoecos.com.ar\/index.php\/el-ministro-de-salud-de-buenos-aires-dijo-que-llegarian-50-a-70-millones-de-vacunas\/\"},\"wordCount\":210,\"publisher\":{\"@id\":\"https:\/\/infoecos.com.ar\/#organization\"},\"image\":{\"@id\":\"https:\/\/infoecos.com.ar\/index.php\/el-ministro-de-salud-de-buenos-aires-dijo-que-llegarian-50-a-70-millones-de-vacunas\/#primaryimage\"},\"thumbnailUrl\":\"https:\/\/infoecos.com.ar\/wp-content\/uploads\/2020\/11\/MG_0407-scaled.jpg\",\"keywords\":[\"DE AC\u00c1 A FIN DE A\u00d1O\"],\"articleSection\":[\"C3 N2\"],\"inLanguage\":\"es\"},{\"@type\":\"WebPage\",\"@id\":\"https:\/\/infoecos.com.ar\/index.php\/el-ministro-de-salud-de-buenos-aires-dijo-que-llegarian-50-a-70-millones-de-vacunas\/\",\"url\":\"https:\/\/infoecos.com.ar\/index.php\/el-ministro-de-salud-de-buenos-aires-dijo-que-llegarian-50-a-70-millones-de-vacunas\/\",\"name\":\"El ministro de Salud de Buenos Aires dijo que llegar\u00edan 50 a 70 millones de vacunas - Infoecos\",\"isPartOf\":{\"@id\":\"https:\/\/infoecos.com.ar\/#website\"},\"primaryImageOfPage\":{\"@id\":\"https:\/\/infoecos.com.ar\/index.php\/el-ministro-de-salud-de-buenos-aires-dijo-que-llegarian-50-a-70-millones-de-vacunas\/#primaryimage\"},\"image\":{\"@id\":\"https:\/\/infoecos.com.ar\/index.php\/el-ministro-de-salud-de-buenos-aires-dijo-que-llegarian-50-a-70-millones-de-vacunas\/#primaryimage\"},\"thumbnailUrl\":\"https:\/\/infoecos.com.ar\/wp-content\/uploads\/2020\/11\/MG_0407-scaled.jpg\",\"datePublished\":\"2021-02-18T16:22:24+00:00\",\"dateModified\":\"2021-02-18T16:22:27+00:00\",\"breadcrumb\":{\"@id\":\"https:\/\/infoecos.com.ar\/index.php\/el-ministro-de-salud-de-buenos-aires-dijo-que-llegarian-50-a-70-millones-de-vacunas\/#breadcrumb\"},\"inLanguage\":\"es\",\"potentialAction\":[{\"@type\":\"ReadAction\",\"target\":[\"https:\/\/infoecos.com.ar\/index.php\/el-ministro-de-salud-de-buenos-aires-dijo-que-llegarian-50-a-70-millones-de-vacunas\/\"]}]},{\"@type\":\"ImageObject\",\"inLanguage\":\"es\",\"@id\":\"https:\/\/infoecos.com.ar\/index.php\/el-ministro-de-salud-de-buenos-aires-dijo-que-llegarian-50-a-70-millones-de-vacunas\/#primaryimage\",\"url\":\"https:\/\/infoecos.com.ar\/wp-content\/uploads\/2020\/11\/MG_0407-scaled.jpg\",\"contentUrl\":\"https:\/\/infoecos.com.ar\/wp-content\/uploads\/2020\/11\/MG_0407-scaled.jpg\",\"width\":2560,\"height\":1600},{\"@type\":\"BreadcrumbList\",\"@id\":\"https:\/\/infoecos.com.ar\/index.php\/el-ministro-de-salud-de-buenos-aires-dijo-que-llegarian-50-a-70-millones-de-vacunas\/#breadcrumb\",\"itemListElement\":[{\"@type\":\"ListItem\",\"position\":1,\"name\":\"Portada\",\"item\":\"https:\/\/infoecos.com.ar\/\"},{\"@type\":\"ListItem\",\"position\":2,\"name\":\"El ministro de Salud de Buenos Aires dijo que llegar\u00edan 50 a 70 millones de vacunas\"}]},{\"@type\":\"WebSite\",\"@id\":\"https:\/\/infoecos.com.ar\/#website\",\"url\":\"https:\/\/infoecos.com.ar\/\",\"name\":\"Infoecos\",\"description\":\"Noticias de trenque lauquen y la zona\",\"publisher\":{\"@id\":\"https:\/\/infoecos.com.ar\/#organization\"},\"alternateName\":\"Noticias\",\"potentialAction\":[{\"@type\":\"SearchAction\",\"target\":{\"@type\":\"EntryPoint\",\"urlTemplate\":\"https:\/\/infoecos.com.ar\/?s={search_term_string}\"},\"query-input\":{\"@type\":\"PropertyValueSpecification\",\"valueRequired\":true,\"valueName\":\"search_term_string\"}}],\"inLanguage\":\"es\"},{\"@type\":\"Organization\",\"@id\":\"https:\/\/infoecos.com.ar\/#organization\",\"name\":\"Infoecos\",\"alternateName\":\"Noticias\",\"url\":\"https:\/\/infoecos.com.ar\/\",\"logo\":{\"@type\":\"ImageObject\",\"inLanguage\":\"es\",\"@id\":\"https:\/\/infoecos.com.ar\/#\/schema\/logo\/image\/\",\"url\":\"https:\/\/infoecos.com.ar\/wp-content\/uploads\/2024\/03\/cropped-logo.png\",\"contentUrl\":\"https:\/\/infoecos.com.ar\/wp-content\/uploads\/2024\/03\/cropped-logo.png\",\"width\":374,\"height\":90,\"caption\":\"Infoecos\"},\"image\":{\"@id\":\"https:\/\/infoecos.com.ar\/#\/schema\/logo\/image\/\"},\"sameAs\":[\"https:\/\/www.facebook.com\/profile.php?id=100063200290284\",\"https:\/\/x.com\/infoecos\"]},{\"@type\":\"Person\",\"@id\":\"https:\/\/infoecos.com.ar\/#\/schema\/person\/8f5ace5ce73b4b4aac4b7245aee6f191\",\"name\":\"Jorge Matheus\",\"url\":\"https:\/\/infoecos.com.ar\/index.php\/author\/jomatheus\/\"}]}<\/script>\n<!-- \/ Yoast SEO plugin. -->","yoast_head_json":{"title":"El ministro de Salud de Buenos Aires dijo que llegar\u00edan 50 a 70 millones de vacunas - Infoecos","robots":{"index":"index","follow":"follow","max-snippet":"max-snippet:-1","max-image-preview":"max-image-preview:large","max-video-preview":"max-video-preview:-1"},"canonical":"https:\/\/infoecos.com.ar\/index.php\/el-ministro-de-salud-de-buenos-aires-dijo-que-llegarian-50-a-70-millones-de-vacunas\/","og_locale":"es_ES","og_type":"article","og_title":"El ministro de Salud de Buenos Aires dijo que llegar\u00edan 50 a 70 millones de vacunas - Infoecos","og_description":"En declaraciones a Radio Provincia explic\u00f3 que, hasta ahora, \u201cel 75 % de las vacunas contra el coronavirus aplicadas en el mundo, se las quedaron 10 pa\u00edses\u201d","og_url":"https:\/\/infoecos.com.ar\/index.php\/el-ministro-de-salud-de-buenos-aires-dijo-que-llegarian-50-a-70-millones-de-vacunas\/","og_site_name":"Infoecos","article_publisher":"https:\/\/www.facebook.com\/profile.php?id=100063200290284","article_published_time":"2021-02-18T16:22:24+00:00","article_modified_time":"2021-02-18T16:22:27+00:00","og_image":[{"width":2560,"height":1600,"url":"https:\/\/infoecos.com.ar\/wp-content\/uploads\/2020\/11\/MG_0407-scaled.jpg","type":"image\/jpeg"}],"author":"Jorge Matheus","twitter_card":"summary_large_image","twitter_creator":"@infoecos","twitter_site":"@infoecos","twitter_misc":{"Escrito por":"Jorge Matheus","Tiempo de lectura":"1 minuto"},"schema":{"@context":"https:\/\/schema.org","@graph":[{"@type":"Article","@id":"https:\/\/infoecos.com.ar\/index.php\/el-ministro-de-salud-de-buenos-aires-dijo-que-llegarian-50-a-70-millones-de-vacunas\/#article","isPartOf":{"@id":"https:\/\/infoecos.com.ar\/index.php\/el-ministro-de-salud-de-buenos-aires-dijo-que-llegarian-50-a-70-millones-de-vacunas\/"},"author":{"name":"Jorge Matheus","@id":"https:\/\/infoecos.com.ar\/#\/schema\/person\/8f5ace5ce73b4b4aac4b7245aee6f191"},"headline":"El ministro de Salud de Buenos Aires dijo que llegar\u00edan 50 a 70 millones de vacunas","datePublished":"2021-02-18T16:22:24+00:00","dateModified":"2021-02-18T16:22:27+00:00","mainEntityOfPage":{"@id":"https:\/\/infoecos.com.ar\/index.php\/el-ministro-de-salud-de-buenos-aires-dijo-que-llegarian-50-a-70-millones-de-vacunas\/"},"wordCount":210,"publisher":{"@id":"https:\/\/infoecos.com.ar\/#organization"},"image":{"@id":"https:\/\/infoecos.com.ar\/index.php\/el-ministro-de-salud-de-buenos-aires-dijo-que-llegarian-50-a-70-millones-de-vacunas\/#primaryimage"},"thumbnailUrl":"https:\/\/infoecos.com.ar\/wp-content\/uploads\/2020\/11\/MG_0407-scaled.jpg","keywords":["DE AC\u00c1 A FIN DE A\u00d1O"],"articleSection":["C3 N2"],"inLanguage":"es"},{"@type":"WebPage","@id":"https:\/\/infoecos.com.ar\/index.php\/el-ministro-de-salud-de-buenos-aires-dijo-que-llegarian-50-a-70-millones-de-vacunas\/","url":"https:\/\/infoecos.com.ar\/index.php\/el-ministro-de-salud-de-buenos-aires-dijo-que-llegarian-50-a-70-millones-de-vacunas\/","name":"El ministro de Salud de Buenos Aires dijo que llegar\u00edan 50 a 70 millones de vacunas - Infoecos","isPartOf":{"@id":"https:\/\/infoecos.com.ar\/#website"},"primaryImageOfPage":{"@id":"https:\/\/infoecos.com.ar\/index.php\/el-ministro-de-salud-de-buenos-aires-dijo-que-llegarian-50-a-70-millones-de-vacunas\/#primaryimage"},"image":{"@id":"https:\/\/infoecos.com.ar\/index.php\/el-ministro-de-salud-de-buenos-aires-dijo-que-llegarian-50-a-70-millones-de-vacunas\/#primaryimage"},"thumbnailUrl":"https:\/\/infoecos.com.ar\/wp-content\/uploads\/2020\/11\/MG_0407-scaled.jpg","datePublished":"2021-02-18T16:22:24+00:00","dateModified":"2021-02-18T16:22:27+00:00","breadcrumb":{"@id":"https:\/\/infoecos.com.ar\/index.php\/el-ministro-de-salud-de-buenos-aires-dijo-que-llegarian-50-a-70-millones-de-vacunas\/#breadcrumb"},"inLanguage":"es","potentialAction":[{"@type":"ReadAction","target":["https:\/\/infoecos.com.ar\/index.php\/el-ministro-de-salud-de-buenos-aires-dijo-que-llegarian-50-a-70-millones-de-vacunas\/"]}]},{"@type":"ImageObject","inLanguage":"es","@id":"https:\/\/infoecos.com.ar\/index.php\/el-ministro-de-salud-de-buenos-aires-dijo-que-llegarian-50-a-70-millones-de-vacunas\/#primaryimage","url":"https:\/\/infoecos.com.ar\/wp-content\/uploads\/2020\/11\/MG_0407-scaled.jpg","contentUrl":"https:\/\/infoecos.com.ar\/wp-content\/uploads\/2020\/11\/MG_0407-scaled.jpg","width":2560,"height":1600},{"@type":"BreadcrumbList","@id":"https:\/\/infoecos.com.ar\/index.php\/el-ministro-de-salud-de-buenos-aires-dijo-que-llegarian-50-a-70-millones-de-vacunas\/#breadcrumb","itemListElement":[{"@type":"ListItem","position":1,"name":"Portada","item":"https:\/\/infoecos.com.ar\/"},{"@type":"ListItem","position":2,"name":"El ministro de Salud de Buenos Aires dijo que llegar\u00edan 50 a 70 millones de vacunas"}]},{"@type":"WebSite","@id":"https:\/\/infoecos.com.ar\/#website","url":"https:\/\/infoecos.com.ar\/","name":"Infoecos","description":"Noticias de trenque lauquen y la zona","publisher":{"@id":"https:\/\/infoecos.com.ar\/#organization"},"alternateName":"Noticias","potentialAction":[{"@type":"SearchAction","target":{"@type":"EntryPoint","urlTemplate":"https:\/\/infoecos.com.ar\/?s={search_term_string}"},"query-input":{"@type":"PropertyValueSpecification","valueRequired":true,"valueName":"search_term_string"}}],"inLanguage":"es"},{"@type":"Organization","@id":"https:\/\/infoecos.com.ar\/#organization","name":"Infoecos","alternateName":"Noticias","url":"https:\/\/infoecos.com.ar\/","logo":{"@type":"ImageObject","inLanguage":"es","@id":"https:\/\/infoecos.com.ar\/#\/schema\/logo\/image\/","url":"https:\/\/infoecos.com.ar\/wp-content\/uploads\/2024\/03\/cropped-logo.png","contentUrl":"https:\/\/infoecos.com.ar\/wp-content\/uploads\/2024\/03\/cropped-logo.png","width":374,"height":90,"caption":"Infoecos"},"image":{"@id":"https:\/\/infoecos.com.ar\/#\/schema\/logo\/image\/"},"sameAs":["https:\/\/www.facebook.com\/profile.php?id=100063200290284","https:\/\/x.com\/infoecos"]},{"@type":"Person","@id":"https:\/\/infoecos.com.ar\/#\/schema\/person\/8f5ace5ce73b4b4aac4b7245aee6f191","name":"Jorge Matheus","url":"https:\/\/infoecos.com.ar\/index.php\/author\/jomatheus\/"}]}},"featured_image_urls":{"full":["https:\/\/infoecos.com.ar\/wp-content\/uploads\/2020\/11\/MG_0407-scaled.jpg",2560,1600,false],"thumbnail":["https:\/\/infoecos.com.ar\/wp-content\/uploads\/2020\/11\/MG_0407-150x150.jpg",150,150,true],"medium":["https:\/\/infoecos.com.ar\/wp-content\/uploads\/2020\/11\/MG_0407-460x288.jpg",460,288,true],"medium_large":["https:\/\/infoecos.com.ar\/wp-content\/uploads\/2020\/11\/MG_0407-768x480.jpg",640,400,true],"large":["https:\/\/infoecos.com.ar\/wp-content\/uploads\/2020\/11\/MG_0407-920x575.jpg",640,400,true],"1536x1536":["https:\/\/infoecos.com.ar\/wp-content\/uploads\/2020\/11\/MG_0407-1536x960.jpg",1536,960,true],"2048x2048":["https:\/\/infoecos.com.ar\/wp-content\/uploads\/2020\/11\/MG_0407-2048x1280.jpg",2048,1280,true],"covernews-slider-full":["https:\/\/infoecos.com.ar\/wp-content\/uploads\/2020\/11\/MG_0407-1536x1020.jpg",1077,715,true],"covernews-slider-center":["https:\/\/infoecos.com.ar\/wp-content\/uploads\/2020\/11\/MG_0407-936x897.jpg",522,500,true],"covernews-featured":["https:\/\/infoecos.com.ar\/wp-content\/uploads\/2020\/11\/MG_0407-1024x640.jpg",1024,640,true],"covernews-medium":["https:\/\/infoecos.com.ar\/wp-content\/uploads\/2020\/11\/MG_0407-720x380.jpg",540,285,true],"covernews-medium-square":["https:\/\/infoecos.com.ar\/wp-content\/uploads\/2020\/11\/MG_0407-675x450.jpg",375,250,true]},"author_info":{"info":["Jorge Matheus"]},"category_info":"<a href=\"https:\/\/infoecos.com.ar\/index.php\/category\/c3nota2\/\" rel=\"category tag\">C3 N2<\/a>","tag_info":"C3 N2","comment_count":"0","_links":{"self":[{"href":"https:\/\/infoecos.com.ar\/index.php\/wp-json\/wp\/v2\/posts\/74540"}],"collection":[{"href":"https:\/\/infoecos.com.ar\/index.php\/wp-json\/wp\/v2\/posts"}],"about":[{"href":"https:\/\/infoecos.com.ar\/index.php\/wp-json\/wp\/v2\/types\/post"}],"author":[{"embeddable":true,"href":"https:\/\/infoecos.com.ar\/index.php\/wp-json\/wp\/v2\/users\/2"}],"replies":[{"embeddable":true,"href":"https:\/\/infoecos.com.ar\/index.php\/wp-json\/wp\/v2\/comments?post=74540"}],"version-history":[{"count":1,"href":"https:\/\/infoecos.com.ar\/index.php\/wp-json\/wp\/v2\/posts\/74540\/revisions"}],"predecessor-version":[{"id":74541,"href":"https:\/\/infoecos.com.ar\/index.php\/wp-json\/wp\/v2\/posts\/74540\/revisions\/74541"}],"wp:featuredmedia":[{"embeddable":true,"href":"https:\/\/infoecos.com.ar\/index.php\/wp-json\/wp\/v2\/media\/70665"}],"wp:attachment":[{"href":"https:\/\/infoecos.com.ar\/index.php\/wp-json\/wp\/v2\/media?parent=74540"}],"wp:term":[{"taxonomy":"category","embeddable":true,"href":"https:\/\/infoecos.com.ar\/index.php\/wp-json\/wp\/v2\/categories?post=74540"},{"taxonomy":"post_tag","embeddable":true,"href":"https:\/\/infoecos.com.ar\/index.php\/wp-json\/wp\/v2\/tags?post=74540"}],"curies":[{"name":"wp","href":"https:\/\/api.w.org\/{rel}","templated":true}]}}