{"id":74565,"date":"2021-02-19T00:26:23","date_gmt":"2021-02-19T03:26:23","guid":{"rendered":"http:\/\/infoecos.com.ar\/?p=74565"},"modified":"2021-02-19T00:26:25","modified_gmt":"2021-02-19T03:26:25","slug":"se-reunio-la-unidad-educativa-de-gestion-distrital-de-trenque-lauquen","status":"publish","type":"post","link":"https:\/\/infoecos.com.ar\/index.php\/se-reunio-la-unidad-educativa-de-gestion-distrital-de-trenque-lauquen\/","title":{"rendered":"Se reuni\u00f3 la Unidad Educativa de Gesti\u00f3n Distrital de Trenque Lauquen"},"content":{"rendered":"\n<p>Se reuni\u00f3 la Unidad Educativa de Gesti\u00f3n Distrital (UGEDE) de Trenque Lauquen. El encuentro cont\u00f3 con la presencia del Inspector Jefe Regional de Gesti\u00f3n Estatal, Profesor Gerardo Chichiri, y la Inspectora Jefe Regional de Gesti\u00f3n Privada, Profesora Selva Calabrese. Tambi\u00e9n asisti\u00f3 el intendente, doctor Miguel Fern\u00e1ndez. <\/p>\n\n\n\n<div class=\"wp-block-image\"><figure class=\"aligncenter size-medium\"><img decoding=\"async\" src=\"http:\/\/infoecos.com.ar\/wp-content\/uploads\/cooperativistas-estaran-abocados-construccion-mejora-escuelas-todo-pais-832912-203518-460x259.jpg\" alt=\"\" class=\"wp-image-57654\"\/><figcaption>Construcci\u00f3n escuelas<\/figcaption><\/figure><\/div>\n\n\n\n<p>Se habl\u00f3 de las obras que se est\u00e1n ejecutando en distintos inmuebles que ocupan los establecimientos escolares y como asegurar una presencialidad segura.<\/p>\n\n\n\n<p>El comunicado que se distribuy\u00f3 a los medios, es el siguiente:<\/p>\n\n\n\n<p>Los edificios que se encontrar\u00e1n en obra son: <strong>EP N 2, EP N 35, EP N 45, ES N 2, ES N 3, EET N 1, ESEA N 1.<\/strong><\/p>\n\n\n\n<p>La <strong>ES N 8<\/strong> es sede de la campa\u00f1a de vacunaci\u00f3n.<\/p>\n\n\n\n<p>Se acord\u00f3:<\/p>\n\n\n\n<p><strong>ES N 8<\/strong> funcionar\u00e1 hasta el 28\/2 en el sal\u00f3n de Barrio del Bicentenario.<\/p>\n\n\n\n<p><strong>ES N 2<\/strong> y <strong>EP N 2<\/strong> dada la cantidad de secciones iniciaron el periodo de intensificaci\u00f3n desde la virtualidad.<\/p>\n\n\n\n<p><strong>ES N 3<\/strong> trabajar\u00e1 en el CEC N 801.<\/p>\n\n\n\n<p><strong>EP N 45<\/strong> lo har\u00e1 en el Jard\u00edn N 915.<\/p>\n\n\n\n<p><strong>EET N 1<\/strong> abordar\u00e1 la intensificaci\u00f3n en el edificio de su residencia estudiantil.<\/p>\n\n\n\n<p><strong>ESEA N 1<\/strong> funcionar\u00e1 en el turno ma\u00f1ana en el edificio de la EP N 47.<\/p>\n\n\n\n<p>Este diagrama ser\u00e1 por el periodo de intensificaci\u00f3n de la ense\u00f1anza.<\/p>\n\n\n\n<p>El d\u00eda martes de la pr\u00f3xima semana se reunir\u00e1 el Comit\u00e9 Mixto Distrital de salud y seguridad con el objeto de analizar la situaci\u00f3n de entrega de insumos y respeto de pautas de infraestructura planteadas en el Plan Jurisdiccional de la Provincia de Buenos Aires, previo al inicio del ciclo el d\u00eda 1 de Marzo para el Nivel Inicial y Primario; y el 8 de Marzo para el Nivel Secundario.<\/p>\n","protected":false},"excerpt":{"rendered":"<p>Se habl\u00f3 de las obras que se est\u00e1n ejecutando en distintos inmuebles que ocupan los establecimientos escolares y como asegurar una presencialidad segura<\/p>\n","protected":false},"author":2,"featured_media":57654,"comment_status":"closed","ping_status":"open","sticky":false,"template":"","format":"standard","meta":{"footnotes":""},"categories":[45],"tags":[3012],"class_list":["post-74565","post","type-post","status-publish","format-standard","has-post-thumbnail","hentry","category-c1nota2","tag-obras-en-escuelas-y-donde-funcionaran"],"yoast_head":"<!-- This site is optimized with the Yoast SEO plugin v23.4 - https:\/\/yoast.com\/wordpress\/plugins\/seo\/ -->\n<title>Se reuni\u00f3 la Unidad Educativa de Gesti\u00f3n Distrital de Trenque Lauquen - Infoecos<\/title>\n<meta name=\"robots\" content=\"index, follow, max-snippet:-1, max-image-preview:large, max-video-preview:-1\" \/>\n<link rel=\"canonical\" href=\"https:\/\/infoecos.com.ar\/index.php\/se-reunio-la-unidad-educativa-de-gestion-distrital-de-trenque-lauquen\/\" \/>\n<meta property=\"og:locale\" content=\"es_ES\" \/>\n<meta property=\"og:type\" content=\"article\" \/>\n<meta property=\"og:title\" content=\"Se reuni\u00f3 la Unidad Educativa de Gesti\u00f3n Distrital de Trenque Lauquen - Infoecos\" \/>\n<meta property=\"og:description\" content=\"Se habl\u00f3 de las obras que se est\u00e1n ejecutando en distintos inmuebles que ocupan los establecimientos escolares y como asegurar una presencialidad segura\" \/>\n<meta property=\"og:url\" content=\"https:\/\/infoecos.com.ar\/index.php\/se-reunio-la-unidad-educativa-de-gestion-distrital-de-trenque-lauquen\/\" \/>\n<meta property=\"og:site_name\" content=\"Infoecos\" \/>\n<meta property=\"article:publisher\" content=\"https:\/\/www.facebook.com\/profile.php?id=100063200290284\" \/>\n<meta property=\"article:published_time\" content=\"2021-02-19T03:26:23+00:00\" \/>\n<meta property=\"article:modified_time\" content=\"2021-02-19T03:26:25+00:00\" \/>\n<meta property=\"og:image\" content=\"https:\/\/infoecos.com.ar\/wp-content\/uploads\/cooperativistas-estaran-abocados-construccion-mejora-escuelas-todo-pais-832912-203518.jpg\" \/>\n\t<meta property=\"og:image:width\" content=\"1200\" \/>\n\t<meta property=\"og:image:height\" content=\"675\" \/>\n\t<meta property=\"og:image:type\" content=\"image\/jpeg\" \/>\n<meta name=\"author\" content=\"Jorge Matheus\" \/>\n<meta name=\"twitter:card\" content=\"summary_large_image\" \/>\n<meta name=\"twitter:creator\" content=\"@infoecos\" \/>\n<meta name=\"twitter:site\" content=\"@infoecos\" \/>\n<meta name=\"twitter:label1\" content=\"Escrito por\" \/>\n\t<meta name=\"twitter:data1\" content=\"Jorge Matheus\" \/>\n\t<meta name=\"twitter:label2\" content=\"Tiempo de lectura\" \/>\n\t<meta name=\"twitter:data2\" content=\"1 minuto\" \/>\n<script type=\"application\/ld+json\" class=\"yoast-schema-graph\">{\"@context\":\"https:\/\/schema.org\",\"@graph\":[{\"@type\":\"Article\",\"@id\":\"https:\/\/infoecos.com.ar\/index.php\/se-reunio-la-unidad-educativa-de-gestion-distrital-de-trenque-lauquen\/#article\",\"isPartOf\":{\"@id\":\"https:\/\/infoecos.com.ar\/index.php\/se-reunio-la-unidad-educativa-de-gestion-distrital-de-trenque-lauquen\/\"},\"author\":{\"name\":\"Jorge Matheus\",\"@id\":\"https:\/\/infoecos.com.ar\/#\/schema\/person\/8f5ace5ce73b4b4aac4b7245aee6f191\"},\"headline\":\"Se reuni\u00f3 la Unidad Educativa de Gesti\u00f3n Distrital de Trenque Lauquen\",\"datePublished\":\"2021-02-19T03:26:23+00:00\",\"dateModified\":\"2021-02-19T03:26:25+00:00\",\"mainEntityOfPage\":{\"@id\":\"https:\/\/infoecos.com.ar\/index.php\/se-reunio-la-unidad-educativa-de-gestion-distrital-de-trenque-lauquen\/\"},\"wordCount\":299,\"publisher\":{\"@id\":\"https:\/\/infoecos.com.ar\/#organization\"},\"image\":{\"@id\":\"https:\/\/infoecos.com.ar\/index.php\/se-reunio-la-unidad-educativa-de-gestion-distrital-de-trenque-lauquen\/#primaryimage\"},\"thumbnailUrl\":\"\",\"keywords\":[\"OBRAS EN ESCUELAS Y DONDE FUNCIONAR\u00c1N\"],\"articleSection\":[\"C1 N2\"],\"inLanguage\":\"es\"},{\"@type\":\"WebPage\",\"@id\":\"https:\/\/infoecos.com.ar\/index.php\/se-reunio-la-unidad-educativa-de-gestion-distrital-de-trenque-lauquen\/\",\"url\":\"https:\/\/infoecos.com.ar\/index.php\/se-reunio-la-unidad-educativa-de-gestion-distrital-de-trenque-lauquen\/\",\"name\":\"Se reuni\u00f3 la Unidad Educativa de Gesti\u00f3n Distrital de Trenque Lauquen - Infoecos\",\"isPartOf\":{\"@id\":\"https:\/\/infoecos.com.ar\/#website\"},\"primaryImageOfPage\":{\"@id\":\"https:\/\/infoecos.com.ar\/index.php\/se-reunio-la-unidad-educativa-de-gestion-distrital-de-trenque-lauquen\/#primaryimage\"},\"image\":{\"@id\":\"https:\/\/infoecos.com.ar\/index.php\/se-reunio-la-unidad-educativa-de-gestion-distrital-de-trenque-lauquen\/#primaryimage\"},\"thumbnailUrl\":\"\",\"datePublished\":\"2021-02-19T03:26:23+00:00\",\"dateModified\":\"2021-02-19T03:26:25+00:00\",\"breadcrumb\":{\"@id\":\"https:\/\/infoecos.com.ar\/index.php\/se-reunio-la-unidad-educativa-de-gestion-distrital-de-trenque-lauquen\/#breadcrumb\"},\"inLanguage\":\"es\",\"potentialAction\":[{\"@type\":\"ReadAction\",\"target\":[\"https:\/\/infoecos.com.ar\/index.php\/se-reunio-la-unidad-educativa-de-gestion-distrital-de-trenque-lauquen\/\"]}]},{\"@type\":\"ImageObject\",\"inLanguage\":\"es\",\"@id\":\"https:\/\/infoecos.com.ar\/index.php\/se-reunio-la-unidad-educativa-de-gestion-distrital-de-trenque-lauquen\/#primaryimage\",\"url\":\"\",\"contentUrl\":\"\"},{\"@type\":\"BreadcrumbList\",\"@id\":\"https:\/\/infoecos.com.ar\/index.php\/se-reunio-la-unidad-educativa-de-gestion-distrital-de-trenque-lauquen\/#breadcrumb\",\"itemListElement\":[{\"@type\":\"ListItem\",\"position\":1,\"name\":\"Portada\",\"item\":\"https:\/\/infoecos.com.ar\/\"},{\"@type\":\"ListItem\",\"position\":2,\"name\":\"Se reuni\u00f3 la Unidad Educativa de Gesti\u00f3n Distrital de Trenque Lauquen\"}]},{\"@type\":\"WebSite\",\"@id\":\"https:\/\/infoecos.com.ar\/#website\",\"url\":\"https:\/\/infoecos.com.ar\/\",\"name\":\"Infoecos\",\"description\":\"Noticias de trenque lauquen y la zona\",\"publisher\":{\"@id\":\"https:\/\/infoecos.com.ar\/#organization\"},\"alternateName\":\"Noticias\",\"potentialAction\":[{\"@type\":\"SearchAction\",\"target\":{\"@type\":\"EntryPoint\",\"urlTemplate\":\"https:\/\/infoecos.com.ar\/?s={search_term_string}\"},\"query-input\":{\"@type\":\"PropertyValueSpecification\",\"valueRequired\":true,\"valueName\":\"search_term_string\"}}],\"inLanguage\":\"es\"},{\"@type\":\"Organization\",\"@id\":\"https:\/\/infoecos.com.ar\/#organization\",\"name\":\"Infoecos\",\"alternateName\":\"Noticias\",\"url\":\"https:\/\/infoecos.com.ar\/\",\"logo\":{\"@type\":\"ImageObject\",\"inLanguage\":\"es\",\"@id\":\"https:\/\/infoecos.com.ar\/#\/schema\/logo\/image\/\",\"url\":\"https:\/\/infoecos.com.ar\/wp-content\/uploads\/2024\/03\/cropped-logo.png\",\"contentUrl\":\"https:\/\/infoecos.com.ar\/wp-content\/uploads\/2024\/03\/cropped-logo.png\",\"width\":374,\"height\":90,\"caption\":\"Infoecos\"},\"image\":{\"@id\":\"https:\/\/infoecos.com.ar\/#\/schema\/logo\/image\/\"},\"sameAs\":[\"https:\/\/www.facebook.com\/profile.php?id=100063200290284\",\"https:\/\/x.com\/infoecos\"]},{\"@type\":\"Person\",\"@id\":\"https:\/\/infoecos.com.ar\/#\/schema\/person\/8f5ace5ce73b4b4aac4b7245aee6f191\",\"name\":\"Jorge Matheus\",\"url\":\"https:\/\/infoecos.com.ar\/index.php\/author\/jomatheus\/\"}]}<\/script>\n<!-- \/ Yoast SEO plugin. -->","yoast_head_json":{"title":"Se reuni\u00f3 la Unidad Educativa de Gesti\u00f3n Distrital de Trenque Lauquen - Infoecos","robots":{"index":"index","follow":"follow","max-snippet":"max-snippet:-1","max-image-preview":"max-image-preview:large","max-video-preview":"max-video-preview:-1"},"canonical":"https:\/\/infoecos.com.ar\/index.php\/se-reunio-la-unidad-educativa-de-gestion-distrital-de-trenque-lauquen\/","og_locale":"es_ES","og_type":"article","og_title":"Se reuni\u00f3 la Unidad Educativa de Gesti\u00f3n Distrital de Trenque Lauquen - Infoecos","og_description":"Se habl\u00f3 de las obras que se est\u00e1n ejecutando en distintos inmuebles que ocupan los establecimientos escolares y como asegurar una presencialidad segura","og_url":"https:\/\/infoecos.com.ar\/index.php\/se-reunio-la-unidad-educativa-de-gestion-distrital-de-trenque-lauquen\/","og_site_name":"Infoecos","article_publisher":"https:\/\/www.facebook.com\/profile.php?id=100063200290284","article_published_time":"2021-02-19T03:26:23+00:00","article_modified_time":"2021-02-19T03:26:25+00:00","og_image":[{"width":1200,"height":675,"url":"https:\/\/infoecos.com.ar\/wp-content\/uploads\/cooperativistas-estaran-abocados-construccion-mejora-escuelas-todo-pais-832912-203518.jpg","type":"image\/jpeg"}],"author":"Jorge Matheus","twitter_card":"summary_large_image","twitter_creator":"@infoecos","twitter_site":"@infoecos","twitter_misc":{"Escrito por":"Jorge Matheus","Tiempo de lectura":"1 minuto"},"schema":{"@context":"https:\/\/schema.org","@graph":[{"@type":"Article","@id":"https:\/\/infoecos.com.ar\/index.php\/se-reunio-la-unidad-educativa-de-gestion-distrital-de-trenque-lauquen\/#article","isPartOf":{"@id":"https:\/\/infoecos.com.ar\/index.php\/se-reunio-la-unidad-educativa-de-gestion-distrital-de-trenque-lauquen\/"},"author":{"name":"Jorge Matheus","@id":"https:\/\/infoecos.com.ar\/#\/schema\/person\/8f5ace5ce73b4b4aac4b7245aee6f191"},"headline":"Se reuni\u00f3 la Unidad Educativa de Gesti\u00f3n Distrital de Trenque Lauquen","datePublished":"2021-02-19T03:26:23+00:00","dateModified":"2021-02-19T03:26:25+00:00","mainEntityOfPage":{"@id":"https:\/\/infoecos.com.ar\/index.php\/se-reunio-la-unidad-educativa-de-gestion-distrital-de-trenque-lauquen\/"},"wordCount":299,"publisher":{"@id":"https:\/\/infoecos.com.ar\/#organization"},"image":{"@id":"https:\/\/infoecos.com.ar\/index.php\/se-reunio-la-unidad-educativa-de-gestion-distrital-de-trenque-lauquen\/#primaryimage"},"thumbnailUrl":"","keywords":["OBRAS EN ESCUELAS Y DONDE FUNCIONAR\u00c1N"],"articleSection":["C1 N2"],"inLanguage":"es"},{"@type":"WebPage","@id":"https:\/\/infoecos.com.ar\/index.php\/se-reunio-la-unidad-educativa-de-gestion-distrital-de-trenque-lauquen\/","url":"https:\/\/infoecos.com.ar\/index.php\/se-reunio-la-unidad-educativa-de-gestion-distrital-de-trenque-lauquen\/","name":"Se reuni\u00f3 la Unidad Educativa de Gesti\u00f3n Distrital de Trenque Lauquen - Infoecos","isPartOf":{"@id":"https:\/\/infoecos.com.ar\/#website"},"primaryImageOfPage":{"@id":"https:\/\/infoecos.com.ar\/index.php\/se-reunio-la-unidad-educativa-de-gestion-distrital-de-trenque-lauquen\/#primaryimage"},"image":{"@id":"https:\/\/infoecos.com.ar\/index.php\/se-reunio-la-unidad-educativa-de-gestion-distrital-de-trenque-lauquen\/#primaryimage"},"thumbnailUrl":"","datePublished":"2021-02-19T03:26:23+00:00","dateModified":"2021-02-19T03:26:25+00:00","breadcrumb":{"@id":"https:\/\/infoecos.com.ar\/index.php\/se-reunio-la-unidad-educativa-de-gestion-distrital-de-trenque-lauquen\/#breadcrumb"},"inLanguage":"es","potentialAction":[{"@type":"ReadAction","target":["https:\/\/infoecos.com.ar\/index.php\/se-reunio-la-unidad-educativa-de-gestion-distrital-de-trenque-lauquen\/"]}]},{"@type":"ImageObject","inLanguage":"es","@id":"https:\/\/infoecos.com.ar\/index.php\/se-reunio-la-unidad-educativa-de-gestion-distrital-de-trenque-lauquen\/#primaryimage","url":"","contentUrl":""},{"@type":"BreadcrumbList","@id":"https:\/\/infoecos.com.ar\/index.php\/se-reunio-la-unidad-educativa-de-gestion-distrital-de-trenque-lauquen\/#breadcrumb","itemListElement":[{"@type":"ListItem","position":1,"name":"Portada","item":"https:\/\/infoecos.com.ar\/"},{"@type":"ListItem","position":2,"name":"Se reuni\u00f3 la Unidad Educativa de Gesti\u00f3n Distrital de Trenque Lauquen"}]},{"@type":"WebSite","@id":"https:\/\/infoecos.com.ar\/#website","url":"https:\/\/infoecos.com.ar\/","name":"Infoecos","description":"Noticias de trenque lauquen y la zona","publisher":{"@id":"https:\/\/infoecos.com.ar\/#organization"},"alternateName":"Noticias","potentialAction":[{"@type":"SearchAction","target":{"@type":"EntryPoint","urlTemplate":"https:\/\/infoecos.com.ar\/?s={search_term_string}"},"query-input":{"@type":"PropertyValueSpecification","valueRequired":true,"valueName":"search_term_string"}}],"inLanguage":"es"},{"@type":"Organization","@id":"https:\/\/infoecos.com.ar\/#organization","name":"Infoecos","alternateName":"Noticias","url":"https:\/\/infoecos.com.ar\/","logo":{"@type":"ImageObject","inLanguage":"es","@id":"https:\/\/infoecos.com.ar\/#\/schema\/logo\/image\/","url":"https:\/\/infoecos.com.ar\/wp-content\/uploads\/2024\/03\/cropped-logo.png","contentUrl":"https:\/\/infoecos.com.ar\/wp-content\/uploads\/2024\/03\/cropped-logo.png","width":374,"height":90,"caption":"Infoecos"},"image":{"@id":"https:\/\/infoecos.com.ar\/#\/schema\/logo\/image\/"},"sameAs":["https:\/\/www.facebook.com\/profile.php?id=100063200290284","https:\/\/x.com\/infoecos"]},{"@type":"Person","@id":"https:\/\/infoecos.com.ar\/#\/schema\/person\/8f5ace5ce73b4b4aac4b7245aee6f191","name":"Jorge Matheus","url":"https:\/\/infoecos.com.ar\/index.php\/author\/jomatheus\/"}]}},"featured_image_urls":{"full":"","thumbnail":"","medium":"","medium_large":"","large":"","1536x1536":"","2048x2048":"","covernews-slider-full":"","covernews-slider-center":"","covernews-featured":"","covernews-medium":"","covernews-medium-square":""},"author_info":{"info":["Jorge Matheus"]},"category_info":"<a href=\"https:\/\/infoecos.com.ar\/index.php\/category\/c1nota2\/\" rel=\"category tag\">C1 N2<\/a>","tag_info":"C1 N2","comment_count":"0","_links":{"self":[{"href":"https:\/\/infoecos.com.ar\/index.php\/wp-json\/wp\/v2\/posts\/74565"}],"collection":[{"href":"https:\/\/infoecos.com.ar\/index.php\/wp-json\/wp\/v2\/posts"}],"about":[{"href":"https:\/\/infoecos.com.ar\/index.php\/wp-json\/wp\/v2\/types\/post"}],"author":[{"embeddable":true,"href":"https:\/\/infoecos.com.ar\/index.php\/wp-json\/wp\/v2\/users\/2"}],"replies":[{"embeddable":true,"href":"https:\/\/infoecos.com.ar\/index.php\/wp-json\/wp\/v2\/comments?post=74565"}],"version-history":[{"count":1,"href":"https:\/\/infoecos.com.ar\/index.php\/wp-json\/wp\/v2\/posts\/74565\/revisions"}],"predecessor-version":[{"id":74566,"href":"https:\/\/infoecos.com.ar\/index.php\/wp-json\/wp\/v2\/posts\/74565\/revisions\/74566"}],"wp:featuredmedia":[{"embeddable":true,"href":"https:\/\/infoecos.com.ar\/index.php\/wp-json\/"}],"wp:attachment":[{"href":"https:\/\/infoecos.com.ar\/index.php\/wp-json\/wp\/v2\/media?parent=74565"}],"wp:term":[{"taxonomy":"category","embeddable":true,"href":"https:\/\/infoecos.com.ar\/index.php\/wp-json\/wp\/v2\/categories?post=74565"},{"taxonomy":"post_tag","embeddable":true,"href":"https:\/\/infoecos.com.ar\/index.php\/wp-json\/wp\/v2\/tags?post=74565"}],"curies":[{"name":"wp","href":"https:\/\/api.w.org\/{rel}","templated":true}]}}