{"id":74606,"date":"2021-02-19T19:59:22","date_gmt":"2021-02-19T22:59:22","guid":{"rendered":"http:\/\/infoecos.com.ar\/?p=74606"},"modified":"2021-02-20T15:14:25","modified_gmt":"2021-02-20T18:14:25","slug":"el-presidente-le-pidio-la-renuncia-a-gines-gonzalez-garcia-y-seria-reemplazado-por-carla-vizzotti","status":"publish","type":"post","link":"https:\/\/infoecos.com.ar\/index.php\/el-presidente-le-pidio-la-renuncia-a-gines-gonzalez-garcia-y-seria-reemplazado-por-carla-vizzotti\/","title":{"rendered":"El presidente le pidi\u00f3 la renuncia a Gin\u00e9s Gonz\u00e1lez Garc\u00eda y seria reemplazado por Carla Vizzotti"},"content":{"rendered":"\n<p class=\"wp-block-paragraph\">El presidente Alberto Fern\u00e1ndez le pidi\u00f3 este viernes la renuncia al ministro de Salud, Gin\u00e9s Gonz\u00e1lez Garc\u00eda, tras la pol\u00e9mica generada por la aplicaci\u00f3n de una vacuna contra el coronavirus al periodista Horacio Vertbisky sin turno previo y en dependencias de esa cartera, dijeron fuentes oficiales.<\/p>\n\n\n\n<div class=\"wp-block-image\"><figure class=\"aligncenter size-medium\"><img loading=\"lazy\" decoding=\"async\" width=\"460\" height=\"259\" src=\"http:\/\/infoecos.com.ar\/wp-content\/uploads\/5f346a4220adc_1004x565-460x259.jpg\" alt=\"\" class=\"wp-image-65938\" srcset=\"https:\/\/infoecos.com.ar\/wp-content\/uploads\/5f346a4220adc_1004x565-460x259.jpg 460w, https:\/\/infoecos.com.ar\/wp-content\/uploads\/5f346a4220adc_1004x565-920x518.jpg 920w, https:\/\/infoecos.com.ar\/wp-content\/uploads\/5f346a4220adc_1004x565-768x432.jpg 768w, https:\/\/infoecos.com.ar\/wp-content\/uploads\/5f346a4220adc_1004x565.jpg 1004w\" sizes=\"auto, (max-width: 460px) 100vw, 460px\" \/><\/figure><\/div>\n\n\n\n<p class=\"wp-block-paragraph\">El pedido de renuncia se formaliz\u00f3 a trav\u00e9s del Jefe de Gabinete, Santiago Cafiero, a\u00f1adieron los informantes.<\/p>\n\n\n\n<p class=\"wp-block-paragraph\">El Presidente le \u00abpidi\u00f3 explicaciones\u00bb a Gonz\u00e1lez Garc\u00eda tras el acto que el mandatario encabez\u00f3 este mediod\u00eda en el Centro Cultural Kirchner para el lanzamiento del Consejo Econ\u00f3mico y Social.<\/p>\n\n\n\n<p class=\"wp-block-paragraph\">Las fuentes se\u00f1alaron que&nbsp;<strong>\u00abno convenci\u00f3 la respuesta\u00bb que dio el ministro<\/strong>&nbsp;durante ese di\u00e1logo.<\/p>\n\n\n\n<p class=\"wp-block-paragraph\">Reemplazar\u00eda al renunciante por pedido de Fern\u00e1ndez, la actual secretaria de Acceso a la Salud,&nbsp;<strong>Carla Vizzotti<\/strong>.<\/p>\n","protected":false},"excerpt":{"rendered":"<p>El pedido de renuncia se formaliz\u00f3 a trav\u00e9s del Jefe de Gabinete, Santiago Cafiero, a\u00f1adieron los informantes<\/p>\n","protected":false},"author":2,"featured_media":65938,"comment_status":"closed","ping_status":"open","sticky":false,"template":"","format":"standard","meta":{"footnotes":""},"categories":[1643],"tags":[3020],"class_list":["post-74606","post","type-post","status-publish","format-standard","has-post-thumbnail","hentry","category-inferior16","tag-por-privilegiar-amigos"],"featured_image_urls":{"full":["https:\/\/infoecos.com.ar\/wp-content\/uploads\/5f346a4220adc_1004x565.jpg",1004,565,false],"thumbnail":["https:\/\/infoecos.com.ar\/wp-content\/uploads\/5f346a4220adc_1004x565-150x150.jpg",150,150,true],"medium":["https:\/\/infoecos.com.ar\/wp-content\/uploads\/5f346a4220adc_1004x565-460x259.jpg",460,259,true],"medium_large":["https:\/\/infoecos.com.ar\/wp-content\/uploads\/5f346a4220adc_1004x565-768x432.jpg",640,360,true],"large":["https:\/\/infoecos.com.ar\/wp-content\/uploads\/5f346a4220adc_1004x565-920x518.jpg",640,360,true],"1536x1536":["https:\/\/infoecos.com.ar\/wp-content\/uploads\/5f346a4220adc_1004x565.jpg",1004,565,false],"2048x2048":["https:\/\/infoecos.com.ar\/wp-content\/uploads\/5f346a4220adc_1004x565.jpg",1004,565,false],"covernews-slider-full":["https:\/\/infoecos.com.ar\/wp-content\/uploads\/5f346a4220adc_1004x565.jpg",1004,565,false],"covernews-slider-center":["https:\/\/infoecos.com.ar\/wp-content\/uploads\/5f346a4220adc_1004x565-936x565.jpg",800,483,true],"covernews-featured":["https:\/\/infoecos.com.ar\/wp-content\/uploads\/5f346a4220adc_1004x565.jpg",1004,565,false],"covernews-medium":["https:\/\/infoecos.com.ar\/wp-content\/uploads\/5f346a4220adc_1004x565-720x380.jpg",540,285,true],"covernews-medium-square":["https:\/\/infoecos.com.ar\/wp-content\/uploads\/5f346a4220adc_1004x565-675x450.jpg",375,250,true]},"author_info":{"info":["Jorge Matheus"]},"category_info":"<a href=\"https:\/\/infoecos.com.ar\/index.php\/category\/inferior16\/\" rel=\"category tag\">Bloque inferior - 16<\/a>","tag_info":"Bloque inferior - 16","comment_count":"0","_links":{"self":[{"href":"https:\/\/infoecos.com.ar\/index.php\/wp-json\/wp\/v2\/posts\/74606","targetHints":{"allow":["GET"]}}],"collection":[{"href":"https:\/\/infoecos.com.ar\/index.php\/wp-json\/wp\/v2\/posts"}],"about":[{"href":"https:\/\/infoecos.com.ar\/index.php\/wp-json\/wp\/v2\/types\/post"}],"author":[{"embeddable":true,"href":"https:\/\/infoecos.com.ar\/index.php\/wp-json\/wp\/v2\/users\/2"}],"replies":[{"embeddable":true,"href":"https:\/\/infoecos.com.ar\/index.php\/wp-json\/wp\/v2\/comments?post=74606"}],"version-history":[{"count":2,"href":"https:\/\/infoecos.com.ar\/index.php\/wp-json\/wp\/v2\/posts\/74606\/revisions"}],"predecessor-version":[{"id":74608,"href":"https:\/\/infoecos.com.ar\/index.php\/wp-json\/wp\/v2\/posts\/74606\/revisions\/74608"}],"wp:featuredmedia":[{"embeddable":true,"href":"https:\/\/infoecos.com.ar\/index.php\/wp-json\/wp\/v2\/media\/65938"}],"wp:attachment":[{"href":"https:\/\/infoecos.com.ar\/index.php\/wp-json\/wp\/v2\/media?parent=74606"}],"wp:term":[{"taxonomy":"category","embeddable":true,"href":"https:\/\/infoecos.com.ar\/index.php\/wp-json\/wp\/v2\/categories?post=74606"},{"taxonomy":"post_tag","embeddable":true,"href":"https:\/\/infoecos.com.ar\/index.php\/wp-json\/wp\/v2\/tags?post=74606"}],"curies":[{"name":"wp","href":"https:\/\/api.w.org\/{rel}","templated":true}]}}