{"id":74609,"date":"2021-02-19T20:08:21","date_gmt":"2021-02-19T23:08:21","guid":{"rendered":"http:\/\/infoecos.com.ar\/?p=74609"},"modified":"2021-02-24T02:14:41","modified_gmt":"2021-02-24T05:14:41","slug":"enio-garcia-buscamos-que-en-agosto-este-la-mayor-parte-de-la-poblacion-vacunada","status":"publish","type":"post","link":"https:\/\/infoecos.com.ar\/index.php\/enio-garcia-buscamos-que-en-agosto-este-la-mayor-parte-de-la-poblacion-vacunada\/","title":{"rendered":"Enio Garc\u00eda: \u201cBuscamos que en agosto est\u00e9 la mayor parte de la poblaci\u00f3n vacunada\u201d"},"content":{"rendered":"\n<p>El jefe de Asesores del ministerio de Salud bonaerense, Enio Garc\u00eda, indic\u00f3 que \u201cpara agosto queremos a la mayor parte de la poblaci\u00f3n vacunada\u201d y detall\u00f3 que ya asignaron turnos para los adultos mayores en m\u00e1s de 100 municipios.<\/p>\n\n\n\n<div class=\"wp-block-image\"><figure class=\"aligncenter size-medium\"><img loading=\"lazy\" decoding=\"async\" width=\"460\" height=\"307\" src=\"http:\/\/infoecos.com.ar\/wp-content\/uploads\/2021\/01\/Vacunacion-3-460x307.jpg\" alt=\"\" class=\"wp-image-72324\" srcset=\"https:\/\/infoecos.com.ar\/wp-content\/uploads\/2021\/01\/Vacunacion-3-460x307.jpg 460w, https:\/\/infoecos.com.ar\/wp-content\/uploads\/2021\/01\/Vacunacion-3-768x512.jpg 768w, https:\/\/infoecos.com.ar\/wp-content\/uploads\/2021\/01\/Vacunacion-3-675x450.jpg 675w, https:\/\/infoecos.com.ar\/wp-content\/uploads\/2021\/01\/Vacunacion-3.jpg 852w\" sizes=\"(max-width: 460px) 100vw, 460px\" \/><\/figure><\/div>\n\n\n\n<p>En declaraciones a Radio Provincia dijo que \u201cven\u00edamos avanzando con la disponibilidad de dosis del personal de salud y ahora sumamos a los adultos mayores. Con la expectativa que haya m\u00e1s vacunas estamos trabajando con 170 escuelas como centros para inmunizarse\u201d.<\/p>\n\n\n\n<p>En relaci\u00f3n a los turnos para mayores de 70 a\u00f1os explic\u00f3 que \u201clos asignamos en m\u00e1s de 100 municipios, en la medida que haya disponibilidad se podr\u00e1n vacunar. Ya estamos trabajando con el Correo Argentino para distribuirlas\u201d.<\/p>\n\n\n\n<p>Garc\u00eda destac\u00f3 que \u201cla idea es poder en un lapso de 3 meses vacunar al personal de riesgo y poder avanzar para agosto o setiembre, con la mayor parte de la poblaci\u00f3n vacunada\u201d.<\/p>\n","protected":false},"excerpt":{"rendered":"<p>El jefe de Asesores del ministerio de Salud bonaerense indic\u00f3 que en m\u00e1s de 100 municipios ya hay turnos para vacunar a adultos mayores<\/p>\n","protected":false},"author":2,"featured_media":72324,"comment_status":"closed","ping_status":"open","sticky":false,"template":"","format":"standard","meta":{"footnotes":""},"categories":[1332],"tags":[3021],"class_list":["post-74609","post","type-post","status-publish","format-standard","has-post-thumbnail","hentry","category-inferior12","tag-declaraciones-este-viernes"],"yoast_head":"<!-- This site is optimized with the Yoast SEO plugin v23.4 - https:\/\/yoast.com\/wordpress\/plugins\/seo\/ -->\n<title>Enio Garc\u00eda: \u201cBuscamos que en agosto est\u00e9 la mayor parte de la poblaci\u00f3n vacunada\u201d - Infoecos<\/title>\n<meta name=\"robots\" content=\"index, follow, max-snippet:-1, max-image-preview:large, max-video-preview:-1\" \/>\n<link rel=\"canonical\" href=\"https:\/\/infoecos.com.ar\/index.php\/enio-garcia-buscamos-que-en-agosto-este-la-mayor-parte-de-la-poblacion-vacunada\/\" \/>\n<meta property=\"og:locale\" content=\"es_ES\" \/>\n<meta property=\"og:type\" content=\"article\" \/>\n<meta property=\"og:title\" content=\"Enio Garc\u00eda: \u201cBuscamos que en agosto est\u00e9 la mayor parte de la poblaci\u00f3n vacunada\u201d - Infoecos\" \/>\n<meta property=\"og:description\" content=\"El jefe de Asesores del ministerio de Salud bonaerense indic\u00f3 que en m\u00e1s de 100 municipios ya hay turnos para vacunar a adultos mayores\" \/>\n<meta property=\"og:url\" content=\"https:\/\/infoecos.com.ar\/index.php\/enio-garcia-buscamos-que-en-agosto-este-la-mayor-parte-de-la-poblacion-vacunada\/\" \/>\n<meta property=\"og:site_name\" content=\"Infoecos\" \/>\n<meta property=\"article:publisher\" content=\"https:\/\/www.facebook.com\/profile.php?id=100063200290284\" \/>\n<meta property=\"article:published_time\" content=\"2021-02-19T23:08:21+00:00\" \/>\n<meta property=\"article:modified_time\" content=\"2021-02-24T05:14:41+00:00\" \/>\n<meta property=\"og:image\" content=\"https:\/\/infoecos.com.ar\/wp-content\/uploads\/2021\/01\/Vacunacion-3.jpg\" \/>\n\t<meta property=\"og:image:width\" content=\"852\" \/>\n\t<meta property=\"og:image:height\" content=\"568\" \/>\n\t<meta property=\"og:image:type\" content=\"image\/jpeg\" \/>\n<meta name=\"author\" content=\"Jorge Matheus\" \/>\n<meta name=\"twitter:card\" content=\"summary_large_image\" \/>\n<meta name=\"twitter:creator\" content=\"@infoecos\" \/>\n<meta name=\"twitter:site\" content=\"@infoecos\" \/>\n<meta name=\"twitter:label1\" content=\"Escrito por\" \/>\n\t<meta name=\"twitter:data1\" content=\"Jorge Matheus\" \/>\n\t<meta name=\"twitter:label2\" content=\"Tiempo de lectura\" \/>\n\t<meta name=\"twitter:data2\" content=\"1 minuto\" \/>\n<script type=\"application\/ld+json\" class=\"yoast-schema-graph\">{\"@context\":\"https:\/\/schema.org\",\"@graph\":[{\"@type\":\"Article\",\"@id\":\"https:\/\/infoecos.com.ar\/index.php\/enio-garcia-buscamos-que-en-agosto-este-la-mayor-parte-de-la-poblacion-vacunada\/#article\",\"isPartOf\":{\"@id\":\"https:\/\/infoecos.com.ar\/index.php\/enio-garcia-buscamos-que-en-agosto-este-la-mayor-parte-de-la-poblacion-vacunada\/\"},\"author\":{\"name\":\"Jorge Matheus\",\"@id\":\"https:\/\/infoecos.com.ar\/#\/schema\/person\/8f5ace5ce73b4b4aac4b7245aee6f191\"},\"headline\":\"Enio Garc\u00eda: \u201cBuscamos que en agosto est\u00e9 la mayor parte de la poblaci\u00f3n vacunada\u201d\",\"datePublished\":\"2021-02-19T23:08:21+00:00\",\"dateModified\":\"2021-02-24T05:14:41+00:00\",\"mainEntityOfPage\":{\"@id\":\"https:\/\/infoecos.com.ar\/index.php\/enio-garcia-buscamos-que-en-agosto-este-la-mayor-parte-de-la-poblacion-vacunada\/\"},\"wordCount\":172,\"publisher\":{\"@id\":\"https:\/\/infoecos.com.ar\/#organization\"},\"image\":{\"@id\":\"https:\/\/infoecos.com.ar\/index.php\/enio-garcia-buscamos-que-en-agosto-este-la-mayor-parte-de-la-poblacion-vacunada\/#primaryimage\"},\"thumbnailUrl\":\"https:\/\/infoecos.com.ar\/wp-content\/uploads\/2021\/01\/Vacunacion-3.jpg\",\"keywords\":[\"declaraciones este viernes\"],\"articleSection\":[\"Bloque inferior - 12\"],\"inLanguage\":\"es\"},{\"@type\":\"WebPage\",\"@id\":\"https:\/\/infoecos.com.ar\/index.php\/enio-garcia-buscamos-que-en-agosto-este-la-mayor-parte-de-la-poblacion-vacunada\/\",\"url\":\"https:\/\/infoecos.com.ar\/index.php\/enio-garcia-buscamos-que-en-agosto-este-la-mayor-parte-de-la-poblacion-vacunada\/\",\"name\":\"Enio Garc\u00eda: \u201cBuscamos que en agosto est\u00e9 la mayor parte de la poblaci\u00f3n vacunada\u201d - Infoecos\",\"isPartOf\":{\"@id\":\"https:\/\/infoecos.com.ar\/#website\"},\"primaryImageOfPage\":{\"@id\":\"https:\/\/infoecos.com.ar\/index.php\/enio-garcia-buscamos-que-en-agosto-este-la-mayor-parte-de-la-poblacion-vacunada\/#primaryimage\"},\"image\":{\"@id\":\"https:\/\/infoecos.com.ar\/index.php\/enio-garcia-buscamos-que-en-agosto-este-la-mayor-parte-de-la-poblacion-vacunada\/#primaryimage\"},\"thumbnailUrl\":\"https:\/\/infoecos.com.ar\/wp-content\/uploads\/2021\/01\/Vacunacion-3.jpg\",\"datePublished\":\"2021-02-19T23:08:21+00:00\",\"dateModified\":\"2021-02-24T05:14:41+00:00\",\"breadcrumb\":{\"@id\":\"https:\/\/infoecos.com.ar\/index.php\/enio-garcia-buscamos-que-en-agosto-este-la-mayor-parte-de-la-poblacion-vacunada\/#breadcrumb\"},\"inLanguage\":\"es\",\"potentialAction\":[{\"@type\":\"ReadAction\",\"target\":[\"https:\/\/infoecos.com.ar\/index.php\/enio-garcia-buscamos-que-en-agosto-este-la-mayor-parte-de-la-poblacion-vacunada\/\"]}]},{\"@type\":\"ImageObject\",\"inLanguage\":\"es\",\"@id\":\"https:\/\/infoecos.com.ar\/index.php\/enio-garcia-buscamos-que-en-agosto-este-la-mayor-parte-de-la-poblacion-vacunada\/#primaryimage\",\"url\":\"https:\/\/infoecos.com.ar\/wp-content\/uploads\/2021\/01\/Vacunacion-3.jpg\",\"contentUrl\":\"https:\/\/infoecos.com.ar\/wp-content\/uploads\/2021\/01\/Vacunacion-3.jpg\",\"width\":852,\"height\":568},{\"@type\":\"BreadcrumbList\",\"@id\":\"https:\/\/infoecos.com.ar\/index.php\/enio-garcia-buscamos-que-en-agosto-este-la-mayor-parte-de-la-poblacion-vacunada\/#breadcrumb\",\"itemListElement\":[{\"@type\":\"ListItem\",\"position\":1,\"name\":\"Portada\",\"item\":\"https:\/\/infoecos.com.ar\/\"},{\"@type\":\"ListItem\",\"position\":2,\"name\":\"Enio Garc\u00eda: \u201cBuscamos que en agosto est\u00e9 la mayor parte de la poblaci\u00f3n vacunada\u201d\"}]},{\"@type\":\"WebSite\",\"@id\":\"https:\/\/infoecos.com.ar\/#website\",\"url\":\"https:\/\/infoecos.com.ar\/\",\"name\":\"Infoecos\",\"description\":\"Noticias de trenque lauquen y la zona\",\"publisher\":{\"@id\":\"https:\/\/infoecos.com.ar\/#organization\"},\"alternateName\":\"Noticias\",\"potentialAction\":[{\"@type\":\"SearchAction\",\"target\":{\"@type\":\"EntryPoint\",\"urlTemplate\":\"https:\/\/infoecos.com.ar\/?s={search_term_string}\"},\"query-input\":{\"@type\":\"PropertyValueSpecification\",\"valueRequired\":true,\"valueName\":\"search_term_string\"}}],\"inLanguage\":\"es\"},{\"@type\":\"Organization\",\"@id\":\"https:\/\/infoecos.com.ar\/#organization\",\"name\":\"Infoecos\",\"alternateName\":\"Noticias\",\"url\":\"https:\/\/infoecos.com.ar\/\",\"logo\":{\"@type\":\"ImageObject\",\"inLanguage\":\"es\",\"@id\":\"https:\/\/infoecos.com.ar\/#\/schema\/logo\/image\/\",\"url\":\"https:\/\/infoecos.com.ar\/wp-content\/uploads\/2024\/03\/cropped-logo.png\",\"contentUrl\":\"https:\/\/infoecos.com.ar\/wp-content\/uploads\/2024\/03\/cropped-logo.png\",\"width\":374,\"height\":90,\"caption\":\"Infoecos\"},\"image\":{\"@id\":\"https:\/\/infoecos.com.ar\/#\/schema\/logo\/image\/\"},\"sameAs\":[\"https:\/\/www.facebook.com\/profile.php?id=100063200290284\",\"https:\/\/x.com\/infoecos\"]},{\"@type\":\"Person\",\"@id\":\"https:\/\/infoecos.com.ar\/#\/schema\/person\/8f5ace5ce73b4b4aac4b7245aee6f191\",\"name\":\"Jorge Matheus\",\"url\":\"https:\/\/infoecos.com.ar\/index.php\/author\/jomatheus\/\"}]}<\/script>\n<!-- \/ Yoast SEO plugin. -->","yoast_head_json":{"title":"Enio Garc\u00eda: \u201cBuscamos que en agosto est\u00e9 la mayor parte de la poblaci\u00f3n vacunada\u201d - Infoecos","robots":{"index":"index","follow":"follow","max-snippet":"max-snippet:-1","max-image-preview":"max-image-preview:large","max-video-preview":"max-video-preview:-1"},"canonical":"https:\/\/infoecos.com.ar\/index.php\/enio-garcia-buscamos-que-en-agosto-este-la-mayor-parte-de-la-poblacion-vacunada\/","og_locale":"es_ES","og_type":"article","og_title":"Enio Garc\u00eda: \u201cBuscamos que en agosto est\u00e9 la mayor parte de la poblaci\u00f3n vacunada\u201d - Infoecos","og_description":"El jefe de Asesores del ministerio de Salud bonaerense indic\u00f3 que en m\u00e1s de 100 municipios ya hay turnos para vacunar a adultos mayores","og_url":"https:\/\/infoecos.com.ar\/index.php\/enio-garcia-buscamos-que-en-agosto-este-la-mayor-parte-de-la-poblacion-vacunada\/","og_site_name":"Infoecos","article_publisher":"https:\/\/www.facebook.com\/profile.php?id=100063200290284","article_published_time":"2021-02-19T23:08:21+00:00","article_modified_time":"2021-02-24T05:14:41+00:00","og_image":[{"width":852,"height":568,"url":"https:\/\/infoecos.com.ar\/wp-content\/uploads\/2021\/01\/Vacunacion-3.jpg","type":"image\/jpeg"}],"author":"Jorge Matheus","twitter_card":"summary_large_image","twitter_creator":"@infoecos","twitter_site":"@infoecos","twitter_misc":{"Escrito por":"Jorge Matheus","Tiempo de lectura":"1 minuto"},"schema":{"@context":"https:\/\/schema.org","@graph":[{"@type":"Article","@id":"https:\/\/infoecos.com.ar\/index.php\/enio-garcia-buscamos-que-en-agosto-este-la-mayor-parte-de-la-poblacion-vacunada\/#article","isPartOf":{"@id":"https:\/\/infoecos.com.ar\/index.php\/enio-garcia-buscamos-que-en-agosto-este-la-mayor-parte-de-la-poblacion-vacunada\/"},"author":{"name":"Jorge Matheus","@id":"https:\/\/infoecos.com.ar\/#\/schema\/person\/8f5ace5ce73b4b4aac4b7245aee6f191"},"headline":"Enio Garc\u00eda: \u201cBuscamos que en agosto est\u00e9 la mayor parte de la poblaci\u00f3n vacunada\u201d","datePublished":"2021-02-19T23:08:21+00:00","dateModified":"2021-02-24T05:14:41+00:00","mainEntityOfPage":{"@id":"https:\/\/infoecos.com.ar\/index.php\/enio-garcia-buscamos-que-en-agosto-este-la-mayor-parte-de-la-poblacion-vacunada\/"},"wordCount":172,"publisher":{"@id":"https:\/\/infoecos.com.ar\/#organization"},"image":{"@id":"https:\/\/infoecos.com.ar\/index.php\/enio-garcia-buscamos-que-en-agosto-este-la-mayor-parte-de-la-poblacion-vacunada\/#primaryimage"},"thumbnailUrl":"https:\/\/infoecos.com.ar\/wp-content\/uploads\/2021\/01\/Vacunacion-3.jpg","keywords":["declaraciones este viernes"],"articleSection":["Bloque inferior - 12"],"inLanguage":"es"},{"@type":"WebPage","@id":"https:\/\/infoecos.com.ar\/index.php\/enio-garcia-buscamos-que-en-agosto-este-la-mayor-parte-de-la-poblacion-vacunada\/","url":"https:\/\/infoecos.com.ar\/index.php\/enio-garcia-buscamos-que-en-agosto-este-la-mayor-parte-de-la-poblacion-vacunada\/","name":"Enio Garc\u00eda: \u201cBuscamos que en agosto est\u00e9 la mayor parte de la poblaci\u00f3n vacunada\u201d - Infoecos","isPartOf":{"@id":"https:\/\/infoecos.com.ar\/#website"},"primaryImageOfPage":{"@id":"https:\/\/infoecos.com.ar\/index.php\/enio-garcia-buscamos-que-en-agosto-este-la-mayor-parte-de-la-poblacion-vacunada\/#primaryimage"},"image":{"@id":"https:\/\/infoecos.com.ar\/index.php\/enio-garcia-buscamos-que-en-agosto-este-la-mayor-parte-de-la-poblacion-vacunada\/#primaryimage"},"thumbnailUrl":"https:\/\/infoecos.com.ar\/wp-content\/uploads\/2021\/01\/Vacunacion-3.jpg","datePublished":"2021-02-19T23:08:21+00:00","dateModified":"2021-02-24T05:14:41+00:00","breadcrumb":{"@id":"https:\/\/infoecos.com.ar\/index.php\/enio-garcia-buscamos-que-en-agosto-este-la-mayor-parte-de-la-poblacion-vacunada\/#breadcrumb"},"inLanguage":"es","potentialAction":[{"@type":"ReadAction","target":["https:\/\/infoecos.com.ar\/index.php\/enio-garcia-buscamos-que-en-agosto-este-la-mayor-parte-de-la-poblacion-vacunada\/"]}]},{"@type":"ImageObject","inLanguage":"es","@id":"https:\/\/infoecos.com.ar\/index.php\/enio-garcia-buscamos-que-en-agosto-este-la-mayor-parte-de-la-poblacion-vacunada\/#primaryimage","url":"https:\/\/infoecos.com.ar\/wp-content\/uploads\/2021\/01\/Vacunacion-3.jpg","contentUrl":"https:\/\/infoecos.com.ar\/wp-content\/uploads\/2021\/01\/Vacunacion-3.jpg","width":852,"height":568},{"@type":"BreadcrumbList","@id":"https:\/\/infoecos.com.ar\/index.php\/enio-garcia-buscamos-que-en-agosto-este-la-mayor-parte-de-la-poblacion-vacunada\/#breadcrumb","itemListElement":[{"@type":"ListItem","position":1,"name":"Portada","item":"https:\/\/infoecos.com.ar\/"},{"@type":"ListItem","position":2,"name":"Enio Garc\u00eda: \u201cBuscamos que en agosto est\u00e9 la mayor parte de la poblaci\u00f3n vacunada\u201d"}]},{"@type":"WebSite","@id":"https:\/\/infoecos.com.ar\/#website","url":"https:\/\/infoecos.com.ar\/","name":"Infoecos","description":"Noticias de trenque lauquen y la zona","publisher":{"@id":"https:\/\/infoecos.com.ar\/#organization"},"alternateName":"Noticias","potentialAction":[{"@type":"SearchAction","target":{"@type":"EntryPoint","urlTemplate":"https:\/\/infoecos.com.ar\/?s={search_term_string}"},"query-input":{"@type":"PropertyValueSpecification","valueRequired":true,"valueName":"search_term_string"}}],"inLanguage":"es"},{"@type":"Organization","@id":"https:\/\/infoecos.com.ar\/#organization","name":"Infoecos","alternateName":"Noticias","url":"https:\/\/infoecos.com.ar\/","logo":{"@type":"ImageObject","inLanguage":"es","@id":"https:\/\/infoecos.com.ar\/#\/schema\/logo\/image\/","url":"https:\/\/infoecos.com.ar\/wp-content\/uploads\/2024\/03\/cropped-logo.png","contentUrl":"https:\/\/infoecos.com.ar\/wp-content\/uploads\/2024\/03\/cropped-logo.png","width":374,"height":90,"caption":"Infoecos"},"image":{"@id":"https:\/\/infoecos.com.ar\/#\/schema\/logo\/image\/"},"sameAs":["https:\/\/www.facebook.com\/profile.php?id=100063200290284","https:\/\/x.com\/infoecos"]},{"@type":"Person","@id":"https:\/\/infoecos.com.ar\/#\/schema\/person\/8f5ace5ce73b4b4aac4b7245aee6f191","name":"Jorge Matheus","url":"https:\/\/infoecos.com.ar\/index.php\/author\/jomatheus\/"}]}},"featured_image_urls":{"full":["https:\/\/infoecos.com.ar\/wp-content\/uploads\/2021\/01\/Vacunacion-3.jpg",852,568,false],"thumbnail":["https:\/\/infoecos.com.ar\/wp-content\/uploads\/2021\/01\/Vacunacion-3-150x150.jpg",150,150,true],"medium":["https:\/\/infoecos.com.ar\/wp-content\/uploads\/2021\/01\/Vacunacion-3-460x307.jpg",460,307,true],"medium_large":["https:\/\/infoecos.com.ar\/wp-content\/uploads\/2021\/01\/Vacunacion-3-768x512.jpg",640,427,true],"large":["https:\/\/infoecos.com.ar\/wp-content\/uploads\/2021\/01\/Vacunacion-3.jpg",640,427,false],"1536x1536":["https:\/\/infoecos.com.ar\/wp-content\/uploads\/2021\/01\/Vacunacion-3.jpg",852,568,false],"2048x2048":["https:\/\/infoecos.com.ar\/wp-content\/uploads\/2021\/01\/Vacunacion-3.jpg",852,568,false],"covernews-slider-full":["https:\/\/infoecos.com.ar\/wp-content\/uploads\/2021\/01\/Vacunacion-3.jpg",852,568,false],"covernews-slider-center":["https:\/\/infoecos.com.ar\/wp-content\/uploads\/2021\/01\/Vacunacion-3.jpg",750,500,false],"covernews-featured":["https:\/\/infoecos.com.ar\/wp-content\/uploads\/2021\/01\/Vacunacion-3.jpg",852,568,false],"covernews-medium":["https:\/\/infoecos.com.ar\/wp-content\/uploads\/2021\/01\/Vacunacion-3-720x380.jpg",540,285,true],"covernews-medium-square":["https:\/\/infoecos.com.ar\/wp-content\/uploads\/2021\/01\/Vacunacion-3-675x450.jpg",375,250,true]},"author_info":{"info":["Jorge Matheus"]},"category_info":"<a href=\"https:\/\/infoecos.com.ar\/index.php\/category\/inferior12\/\" rel=\"category tag\">Bloque inferior - 12<\/a>","tag_info":"Bloque inferior - 12","comment_count":"0","_links":{"self":[{"href":"https:\/\/infoecos.com.ar\/index.php\/wp-json\/wp\/v2\/posts\/74609"}],"collection":[{"href":"https:\/\/infoecos.com.ar\/index.php\/wp-json\/wp\/v2\/posts"}],"about":[{"href":"https:\/\/infoecos.com.ar\/index.php\/wp-json\/wp\/v2\/types\/post"}],"author":[{"embeddable":true,"href":"https:\/\/infoecos.com.ar\/index.php\/wp-json\/wp\/v2\/users\/2"}],"replies":[{"embeddable":true,"href":"https:\/\/infoecos.com.ar\/index.php\/wp-json\/wp\/v2\/comments?post=74609"}],"version-history":[{"count":1,"href":"https:\/\/infoecos.com.ar\/index.php\/wp-json\/wp\/v2\/posts\/74609\/revisions"}],"predecessor-version":[{"id":74610,"href":"https:\/\/infoecos.com.ar\/index.php\/wp-json\/wp\/v2\/posts\/74609\/revisions\/74610"}],"wp:featuredmedia":[{"embeddable":true,"href":"https:\/\/infoecos.com.ar\/index.php\/wp-json\/wp\/v2\/media\/72324"}],"wp:attachment":[{"href":"https:\/\/infoecos.com.ar\/index.php\/wp-json\/wp\/v2\/media?parent=74609"}],"wp:term":[{"taxonomy":"category","embeddable":true,"href":"https:\/\/infoecos.com.ar\/index.php\/wp-json\/wp\/v2\/categories?post=74609"},{"taxonomy":"post_tag","embeddable":true,"href":"https:\/\/infoecos.com.ar\/index.php\/wp-json\/wp\/v2\/tags?post=74609"}],"curies":[{"name":"wp","href":"https:\/\/api.w.org\/{rel}","templated":true}]}}