{"id":74623,"date":"2021-02-20T15:12:44","date_gmt":"2021-02-20T18:12:44","guid":{"rendered":"http:\/\/infoecos.com.ar\/?p=74623"},"modified":"2021-02-20T15:15:30","modified_gmt":"2021-02-20T18:15:30","slug":"carla-vizzotti-es-la-reemplazante-de-gines-gonzalez-garcia-en-el-ministerio-de-salud","status":"publish","type":"post","link":"https:\/\/infoecos.com.ar\/index.php\/carla-vizzotti-es-la-reemplazante-de-gines-gonzalez-garcia-en-el-ministerio-de-salud\/","title":{"rendered":"Carla Vizzotti es la reemplazante de Gin\u00e9s Gonz\u00e1lez Garc\u00eda en el ministerio de Salud"},"content":{"rendered":"\n<p>El Gobierno nacional formaliz\u00f3 de la&nbsp;designaci\u00f3n&nbsp;de la titularidad de&nbsp;Carla Vizzotti y&nbsp;renuncia&nbsp;de&nbsp;Gin\u00e9s Gonz\u00e1lez Garc\u00eda&nbsp;al cargo de titular del ministerio de<strong> <\/strong>Salud. La confirmaci\u00f3n se conoci\u00f3 a trav\u00e9s del&nbsp;Decreto 118\/2021, publicado este s\u00e1bado en el Bolet\u00edn Oficial.<\/p>\n\n\n\n<div class=\"wp-block-image\"><figure class=\"aligncenter size-medium\"><img loading=\"lazy\" decoding=\"async\" width=\"460\" height=\"288\" src=\"http:\/\/infoecos.com.ar\/wp-content\/uploads\/2021\/02\/vizzotti-460x288.jpg\" alt=\"\" class=\"wp-image-74624\" srcset=\"https:\/\/infoecos.com.ar\/wp-content\/uploads\/2021\/02\/vizzotti-460x288.jpg 460w, https:\/\/infoecos.com.ar\/wp-content\/uploads\/2021\/02\/vizzotti-920x575.jpg 920w, https:\/\/infoecos.com.ar\/wp-content\/uploads\/2021\/02\/vizzotti-768x480.jpg 768w, https:\/\/infoecos.com.ar\/wp-content\/uploads\/2021\/02\/vizzotti-1024x640.jpg 1024w, https:\/\/infoecos.com.ar\/wp-content\/uploads\/2021\/02\/vizzotti.jpg 1280w\" sizes=\"(max-width: 460px) 100vw, 460px\" \/><\/figure><\/div>\n\n\n\n<p>Vizzotti es una m\u00e9dica especialista en el control de enfermedades inmunoprevenibles y se form\u00f3 en la Universidad del Salvador. Fund\u00f3 y es la presidenta de la Sociedad Argentina de Vacunolog\u00eda y Epidemiolog\u00eda y fue directora del Centro de Estudios para la Prevenci\u00f3n y Control de Enfermedades Transmisibles (CEPyCET) de la Universidad ISALUD.<\/p>\n\n\n\n<p>La secretaria tuvo un rol clave durante la pandemia de coronavirus, con alto perfil p\u00fablico, y fue la encargada de llevar las negociaciones con Rusia para que llegaran las primeras dosis de la&nbsp;<strong>vacuna Stupnik V<\/strong>&nbsp;en diciembre pasado. Incluso, a fines del a\u00f1o pasado, fue la designada del Gobierno para viajar a Mosc\u00fa para interiorizarse sobre el funcionamiento de la vacuna rusa.<\/p>\n\n\n\n<p>El presidente Alberto Fern\u00e1ndez le ha\u00eda pedido la renuncia a Gonz\u00e1lez Garc\u00eda luego de una pol\u00e9mica generada cuando el periodista Horacio Verbitsky admiti\u00f3 p\u00fablicamente que se le aplic\u00f3 una vacuna contra el coronavirus en dependencias de esa cartera.<\/p>\n","protected":false},"excerpt":{"rendered":"<p>La confirmaci\u00f3n se conoci\u00f3 a trav\u00e9s del Decreto 118\/2021, publicado este s\u00e1bado en el Bolet\u00edn Oficial<\/p>\n","protected":false},"author":2,"featured_media":74624,"comment_status":"closed","ping_status":"open","sticky":false,"template":"","format":"standard","meta":{"footnotes":""},"categories":[1612],"tags":[3024],"class_list":["post-74623","post","type-post","status-publish","format-standard","has-post-thumbnail","hentry","category-noticia-principal","tag-desde-este-sabado"],"yoast_head":"<!-- This site is optimized with the Yoast SEO plugin v23.4 - https:\/\/yoast.com\/wordpress\/plugins\/seo\/ -->\n<title>Carla Vizzotti es la reemplazante de Gin\u00e9s Gonz\u00e1lez Garc\u00eda en el ministerio de Salud - Infoecos<\/title>\n<meta name=\"robots\" content=\"index, follow, max-snippet:-1, max-image-preview:large, max-video-preview:-1\" \/>\n<link rel=\"canonical\" href=\"https:\/\/infoecos.com.ar\/index.php\/carla-vizzotti-es-la-reemplazante-de-gines-gonzalez-garcia-en-el-ministerio-de-salud\/\" \/>\n<meta property=\"og:locale\" content=\"es_ES\" \/>\n<meta property=\"og:type\" content=\"article\" \/>\n<meta property=\"og:title\" content=\"Carla Vizzotti es la reemplazante de Gin\u00e9s Gonz\u00e1lez Garc\u00eda en el ministerio de Salud - Infoecos\" \/>\n<meta property=\"og:description\" content=\"La confirmaci\u00f3n se conoci\u00f3 a trav\u00e9s del Decreto 118\/2021, publicado este s\u00e1bado en el Bolet\u00edn Oficial\" \/>\n<meta property=\"og:url\" content=\"https:\/\/infoecos.com.ar\/index.php\/carla-vizzotti-es-la-reemplazante-de-gines-gonzalez-garcia-en-el-ministerio-de-salud\/\" \/>\n<meta property=\"og:site_name\" content=\"Infoecos\" \/>\n<meta property=\"article:publisher\" content=\"https:\/\/www.facebook.com\/profile.php?id=100063200290284\" \/>\n<meta property=\"article:published_time\" content=\"2021-02-20T18:12:44+00:00\" \/>\n<meta property=\"article:modified_time\" content=\"2021-02-20T18:15:30+00:00\" \/>\n<meta property=\"og:image\" content=\"https:\/\/infoecos.com.ar\/wp-content\/uploads\/2021\/02\/vizzotti.jpg\" \/>\n\t<meta property=\"og:image:width\" content=\"1280\" \/>\n\t<meta property=\"og:image:height\" content=\"800\" \/>\n\t<meta property=\"og:image:type\" content=\"image\/jpeg\" \/>\n<meta name=\"author\" content=\"Jorge Matheus\" \/>\n<meta name=\"twitter:card\" content=\"summary_large_image\" \/>\n<meta name=\"twitter:creator\" content=\"@infoecos\" \/>\n<meta name=\"twitter:site\" content=\"@infoecos\" \/>\n<meta name=\"twitter:label1\" content=\"Escrito por\" \/>\n\t<meta name=\"twitter:data1\" content=\"Jorge Matheus\" \/>\n\t<meta name=\"twitter:label2\" content=\"Tiempo de lectura\" \/>\n\t<meta name=\"twitter:data2\" content=\"1 minuto\" \/>\n<script type=\"application\/ld+json\" class=\"yoast-schema-graph\">{\"@context\":\"https:\/\/schema.org\",\"@graph\":[{\"@type\":\"Article\",\"@id\":\"https:\/\/infoecos.com.ar\/index.php\/carla-vizzotti-es-la-reemplazante-de-gines-gonzalez-garcia-en-el-ministerio-de-salud\/#article\",\"isPartOf\":{\"@id\":\"https:\/\/infoecos.com.ar\/index.php\/carla-vizzotti-es-la-reemplazante-de-gines-gonzalez-garcia-en-el-ministerio-de-salud\/\"},\"author\":{\"name\":\"Jorge Matheus\",\"@id\":\"https:\/\/infoecos.com.ar\/#\/schema\/person\/8f5ace5ce73b4b4aac4b7245aee6f191\"},\"headline\":\"Carla Vizzotti es la reemplazante de Gin\u00e9s Gonz\u00e1lez Garc\u00eda en el ministerio de Salud\",\"datePublished\":\"2021-02-20T18:12:44+00:00\",\"dateModified\":\"2021-02-20T18:15:30+00:00\",\"mainEntityOfPage\":{\"@id\":\"https:\/\/infoecos.com.ar\/index.php\/carla-vizzotti-es-la-reemplazante-de-gines-gonzalez-garcia-en-el-ministerio-de-salud\/\"},\"wordCount\":242,\"publisher\":{\"@id\":\"https:\/\/infoecos.com.ar\/#organization\"},\"image\":{\"@id\":\"https:\/\/infoecos.com.ar\/index.php\/carla-vizzotti-es-la-reemplazante-de-gines-gonzalez-garcia-en-el-ministerio-de-salud\/#primaryimage\"},\"thumbnailUrl\":\"https:\/\/infoecos.com.ar\/wp-content\/uploads\/2021\/02\/vizzotti.jpg\",\"keywords\":[\"desde este s\u00e1bado\"],\"articleSection\":[\"Noticia Principal\"],\"inLanguage\":\"es\"},{\"@type\":\"WebPage\",\"@id\":\"https:\/\/infoecos.com.ar\/index.php\/carla-vizzotti-es-la-reemplazante-de-gines-gonzalez-garcia-en-el-ministerio-de-salud\/\",\"url\":\"https:\/\/infoecos.com.ar\/index.php\/carla-vizzotti-es-la-reemplazante-de-gines-gonzalez-garcia-en-el-ministerio-de-salud\/\",\"name\":\"Carla Vizzotti es la reemplazante de Gin\u00e9s Gonz\u00e1lez Garc\u00eda en el ministerio de Salud - Infoecos\",\"isPartOf\":{\"@id\":\"https:\/\/infoecos.com.ar\/#website\"},\"primaryImageOfPage\":{\"@id\":\"https:\/\/infoecos.com.ar\/index.php\/carla-vizzotti-es-la-reemplazante-de-gines-gonzalez-garcia-en-el-ministerio-de-salud\/#primaryimage\"},\"image\":{\"@id\":\"https:\/\/infoecos.com.ar\/index.php\/carla-vizzotti-es-la-reemplazante-de-gines-gonzalez-garcia-en-el-ministerio-de-salud\/#primaryimage\"},\"thumbnailUrl\":\"https:\/\/infoecos.com.ar\/wp-content\/uploads\/2021\/02\/vizzotti.jpg\",\"datePublished\":\"2021-02-20T18:12:44+00:00\",\"dateModified\":\"2021-02-20T18:15:30+00:00\",\"breadcrumb\":{\"@id\":\"https:\/\/infoecos.com.ar\/index.php\/carla-vizzotti-es-la-reemplazante-de-gines-gonzalez-garcia-en-el-ministerio-de-salud\/#breadcrumb\"},\"inLanguage\":\"es\",\"potentialAction\":[{\"@type\":\"ReadAction\",\"target\":[\"https:\/\/infoecos.com.ar\/index.php\/carla-vizzotti-es-la-reemplazante-de-gines-gonzalez-garcia-en-el-ministerio-de-salud\/\"]}]},{\"@type\":\"ImageObject\",\"inLanguage\":\"es\",\"@id\":\"https:\/\/infoecos.com.ar\/index.php\/carla-vizzotti-es-la-reemplazante-de-gines-gonzalez-garcia-en-el-ministerio-de-salud\/#primaryimage\",\"url\":\"https:\/\/infoecos.com.ar\/wp-content\/uploads\/2021\/02\/vizzotti.jpg\",\"contentUrl\":\"https:\/\/infoecos.com.ar\/wp-content\/uploads\/2021\/02\/vizzotti.jpg\",\"width\":1280,\"height\":800},{\"@type\":\"BreadcrumbList\",\"@id\":\"https:\/\/infoecos.com.ar\/index.php\/carla-vizzotti-es-la-reemplazante-de-gines-gonzalez-garcia-en-el-ministerio-de-salud\/#breadcrumb\",\"itemListElement\":[{\"@type\":\"ListItem\",\"position\":1,\"name\":\"Portada\",\"item\":\"https:\/\/infoecos.com.ar\/\"},{\"@type\":\"ListItem\",\"position\":2,\"name\":\"Carla Vizzotti es la reemplazante de Gin\u00e9s Gonz\u00e1lez Garc\u00eda en el ministerio de Salud\"}]},{\"@type\":\"WebSite\",\"@id\":\"https:\/\/infoecos.com.ar\/#website\",\"url\":\"https:\/\/infoecos.com.ar\/\",\"name\":\"Infoecos\",\"description\":\"Noticias de trenque lauquen y la zona\",\"publisher\":{\"@id\":\"https:\/\/infoecos.com.ar\/#organization\"},\"alternateName\":\"Noticias\",\"potentialAction\":[{\"@type\":\"SearchAction\",\"target\":{\"@type\":\"EntryPoint\",\"urlTemplate\":\"https:\/\/infoecos.com.ar\/?s={search_term_string}\"},\"query-input\":{\"@type\":\"PropertyValueSpecification\",\"valueRequired\":true,\"valueName\":\"search_term_string\"}}],\"inLanguage\":\"es\"},{\"@type\":\"Organization\",\"@id\":\"https:\/\/infoecos.com.ar\/#organization\",\"name\":\"Infoecos\",\"alternateName\":\"Noticias\",\"url\":\"https:\/\/infoecos.com.ar\/\",\"logo\":{\"@type\":\"ImageObject\",\"inLanguage\":\"es\",\"@id\":\"https:\/\/infoecos.com.ar\/#\/schema\/logo\/image\/\",\"url\":\"https:\/\/infoecos.com.ar\/wp-content\/uploads\/2024\/03\/cropped-logo.png\",\"contentUrl\":\"https:\/\/infoecos.com.ar\/wp-content\/uploads\/2024\/03\/cropped-logo.png\",\"width\":374,\"height\":90,\"caption\":\"Infoecos\"},\"image\":{\"@id\":\"https:\/\/infoecos.com.ar\/#\/schema\/logo\/image\/\"},\"sameAs\":[\"https:\/\/www.facebook.com\/profile.php?id=100063200290284\",\"https:\/\/x.com\/infoecos\"]},{\"@type\":\"Person\",\"@id\":\"https:\/\/infoecos.com.ar\/#\/schema\/person\/8f5ace5ce73b4b4aac4b7245aee6f191\",\"name\":\"Jorge Matheus\",\"url\":\"https:\/\/infoecos.com.ar\/index.php\/author\/jomatheus\/\"}]}<\/script>\n<!-- \/ Yoast SEO plugin. -->","yoast_head_json":{"title":"Carla Vizzotti es la reemplazante de Gin\u00e9s Gonz\u00e1lez Garc\u00eda en el ministerio de Salud - Infoecos","robots":{"index":"index","follow":"follow","max-snippet":"max-snippet:-1","max-image-preview":"max-image-preview:large","max-video-preview":"max-video-preview:-1"},"canonical":"https:\/\/infoecos.com.ar\/index.php\/carla-vizzotti-es-la-reemplazante-de-gines-gonzalez-garcia-en-el-ministerio-de-salud\/","og_locale":"es_ES","og_type":"article","og_title":"Carla Vizzotti es la reemplazante de Gin\u00e9s Gonz\u00e1lez Garc\u00eda en el ministerio de Salud - Infoecos","og_description":"La confirmaci\u00f3n se conoci\u00f3 a trav\u00e9s del Decreto 118\/2021, publicado este s\u00e1bado en el Bolet\u00edn Oficial","og_url":"https:\/\/infoecos.com.ar\/index.php\/carla-vizzotti-es-la-reemplazante-de-gines-gonzalez-garcia-en-el-ministerio-de-salud\/","og_site_name":"Infoecos","article_publisher":"https:\/\/www.facebook.com\/profile.php?id=100063200290284","article_published_time":"2021-02-20T18:12:44+00:00","article_modified_time":"2021-02-20T18:15:30+00:00","og_image":[{"width":1280,"height":800,"url":"https:\/\/infoecos.com.ar\/wp-content\/uploads\/2021\/02\/vizzotti.jpg","type":"image\/jpeg"}],"author":"Jorge Matheus","twitter_card":"summary_large_image","twitter_creator":"@infoecos","twitter_site":"@infoecos","twitter_misc":{"Escrito por":"Jorge Matheus","Tiempo de lectura":"1 minuto"},"schema":{"@context":"https:\/\/schema.org","@graph":[{"@type":"Article","@id":"https:\/\/infoecos.com.ar\/index.php\/carla-vizzotti-es-la-reemplazante-de-gines-gonzalez-garcia-en-el-ministerio-de-salud\/#article","isPartOf":{"@id":"https:\/\/infoecos.com.ar\/index.php\/carla-vizzotti-es-la-reemplazante-de-gines-gonzalez-garcia-en-el-ministerio-de-salud\/"},"author":{"name":"Jorge Matheus","@id":"https:\/\/infoecos.com.ar\/#\/schema\/person\/8f5ace5ce73b4b4aac4b7245aee6f191"},"headline":"Carla Vizzotti es la reemplazante de Gin\u00e9s Gonz\u00e1lez Garc\u00eda en el ministerio de Salud","datePublished":"2021-02-20T18:12:44+00:00","dateModified":"2021-02-20T18:15:30+00:00","mainEntityOfPage":{"@id":"https:\/\/infoecos.com.ar\/index.php\/carla-vizzotti-es-la-reemplazante-de-gines-gonzalez-garcia-en-el-ministerio-de-salud\/"},"wordCount":242,"publisher":{"@id":"https:\/\/infoecos.com.ar\/#organization"},"image":{"@id":"https:\/\/infoecos.com.ar\/index.php\/carla-vizzotti-es-la-reemplazante-de-gines-gonzalez-garcia-en-el-ministerio-de-salud\/#primaryimage"},"thumbnailUrl":"https:\/\/infoecos.com.ar\/wp-content\/uploads\/2021\/02\/vizzotti.jpg","keywords":["desde este s\u00e1bado"],"articleSection":["Noticia Principal"],"inLanguage":"es"},{"@type":"WebPage","@id":"https:\/\/infoecos.com.ar\/index.php\/carla-vizzotti-es-la-reemplazante-de-gines-gonzalez-garcia-en-el-ministerio-de-salud\/","url":"https:\/\/infoecos.com.ar\/index.php\/carla-vizzotti-es-la-reemplazante-de-gines-gonzalez-garcia-en-el-ministerio-de-salud\/","name":"Carla Vizzotti es la reemplazante de Gin\u00e9s Gonz\u00e1lez Garc\u00eda en el ministerio de Salud - Infoecos","isPartOf":{"@id":"https:\/\/infoecos.com.ar\/#website"},"primaryImageOfPage":{"@id":"https:\/\/infoecos.com.ar\/index.php\/carla-vizzotti-es-la-reemplazante-de-gines-gonzalez-garcia-en-el-ministerio-de-salud\/#primaryimage"},"image":{"@id":"https:\/\/infoecos.com.ar\/index.php\/carla-vizzotti-es-la-reemplazante-de-gines-gonzalez-garcia-en-el-ministerio-de-salud\/#primaryimage"},"thumbnailUrl":"https:\/\/infoecos.com.ar\/wp-content\/uploads\/2021\/02\/vizzotti.jpg","datePublished":"2021-02-20T18:12:44+00:00","dateModified":"2021-02-20T18:15:30+00:00","breadcrumb":{"@id":"https:\/\/infoecos.com.ar\/index.php\/carla-vizzotti-es-la-reemplazante-de-gines-gonzalez-garcia-en-el-ministerio-de-salud\/#breadcrumb"},"inLanguage":"es","potentialAction":[{"@type":"ReadAction","target":["https:\/\/infoecos.com.ar\/index.php\/carla-vizzotti-es-la-reemplazante-de-gines-gonzalez-garcia-en-el-ministerio-de-salud\/"]}]},{"@type":"ImageObject","inLanguage":"es","@id":"https:\/\/infoecos.com.ar\/index.php\/carla-vizzotti-es-la-reemplazante-de-gines-gonzalez-garcia-en-el-ministerio-de-salud\/#primaryimage","url":"https:\/\/infoecos.com.ar\/wp-content\/uploads\/2021\/02\/vizzotti.jpg","contentUrl":"https:\/\/infoecos.com.ar\/wp-content\/uploads\/2021\/02\/vizzotti.jpg","width":1280,"height":800},{"@type":"BreadcrumbList","@id":"https:\/\/infoecos.com.ar\/index.php\/carla-vizzotti-es-la-reemplazante-de-gines-gonzalez-garcia-en-el-ministerio-de-salud\/#breadcrumb","itemListElement":[{"@type":"ListItem","position":1,"name":"Portada","item":"https:\/\/infoecos.com.ar\/"},{"@type":"ListItem","position":2,"name":"Carla Vizzotti es la reemplazante de Gin\u00e9s Gonz\u00e1lez Garc\u00eda en el ministerio de Salud"}]},{"@type":"WebSite","@id":"https:\/\/infoecos.com.ar\/#website","url":"https:\/\/infoecos.com.ar\/","name":"Infoecos","description":"Noticias de trenque lauquen y la zona","publisher":{"@id":"https:\/\/infoecos.com.ar\/#organization"},"alternateName":"Noticias","potentialAction":[{"@type":"SearchAction","target":{"@type":"EntryPoint","urlTemplate":"https:\/\/infoecos.com.ar\/?s={search_term_string}"},"query-input":{"@type":"PropertyValueSpecification","valueRequired":true,"valueName":"search_term_string"}}],"inLanguage":"es"},{"@type":"Organization","@id":"https:\/\/infoecos.com.ar\/#organization","name":"Infoecos","alternateName":"Noticias","url":"https:\/\/infoecos.com.ar\/","logo":{"@type":"ImageObject","inLanguage":"es","@id":"https:\/\/infoecos.com.ar\/#\/schema\/logo\/image\/","url":"https:\/\/infoecos.com.ar\/wp-content\/uploads\/2024\/03\/cropped-logo.png","contentUrl":"https:\/\/infoecos.com.ar\/wp-content\/uploads\/2024\/03\/cropped-logo.png","width":374,"height":90,"caption":"Infoecos"},"image":{"@id":"https:\/\/infoecos.com.ar\/#\/schema\/logo\/image\/"},"sameAs":["https:\/\/www.facebook.com\/profile.php?id=100063200290284","https:\/\/x.com\/infoecos"]},{"@type":"Person","@id":"https:\/\/infoecos.com.ar\/#\/schema\/person\/8f5ace5ce73b4b4aac4b7245aee6f191","name":"Jorge Matheus","url":"https:\/\/infoecos.com.ar\/index.php\/author\/jomatheus\/"}]}},"featured_image_urls":{"full":["https:\/\/infoecos.com.ar\/wp-content\/uploads\/2021\/02\/vizzotti.jpg",1280,800,false],"thumbnail":["https:\/\/infoecos.com.ar\/wp-content\/uploads\/2021\/02\/vizzotti-150x150.jpg",150,150,true],"medium":["https:\/\/infoecos.com.ar\/wp-content\/uploads\/2021\/02\/vizzotti-460x288.jpg",460,288,true],"medium_large":["https:\/\/infoecos.com.ar\/wp-content\/uploads\/2021\/02\/vizzotti-768x480.jpg",640,400,true],"large":["https:\/\/infoecos.com.ar\/wp-content\/uploads\/2021\/02\/vizzotti-920x575.jpg",640,400,true],"1536x1536":["https:\/\/infoecos.com.ar\/wp-content\/uploads\/2021\/02\/vizzotti.jpg",1280,800,false],"2048x2048":["https:\/\/infoecos.com.ar\/wp-content\/uploads\/2021\/02\/vizzotti.jpg",1280,800,false],"covernews-slider-full":["https:\/\/infoecos.com.ar\/wp-content\/uploads\/2021\/02\/vizzotti.jpg",1115,697,false],"covernews-slider-center":["https:\/\/infoecos.com.ar\/wp-content\/uploads\/2021\/02\/vizzotti-936x800.jpg",585,500,true],"covernews-featured":["https:\/\/infoecos.com.ar\/wp-content\/uploads\/2021\/02\/vizzotti-1024x640.jpg",1024,640,true],"covernews-medium":["https:\/\/infoecos.com.ar\/wp-content\/uploads\/2021\/02\/vizzotti-720x380.jpg",540,285,true],"covernews-medium-square":["https:\/\/infoecos.com.ar\/wp-content\/uploads\/2021\/02\/vizzotti-675x450.jpg",375,250,true]},"author_info":{"info":["Jorge Matheus"]},"category_info":"<a href=\"https:\/\/infoecos.com.ar\/index.php\/category\/noticia-principal\/\" rel=\"category tag\">Noticia Principal<\/a>","tag_info":"Noticia Principal","comment_count":"0","_links":{"self":[{"href":"https:\/\/infoecos.com.ar\/index.php\/wp-json\/wp\/v2\/posts\/74623"}],"collection":[{"href":"https:\/\/infoecos.com.ar\/index.php\/wp-json\/wp\/v2\/posts"}],"about":[{"href":"https:\/\/infoecos.com.ar\/index.php\/wp-json\/wp\/v2\/types\/post"}],"author":[{"embeddable":true,"href":"https:\/\/infoecos.com.ar\/index.php\/wp-json\/wp\/v2\/users\/2"}],"replies":[{"embeddable":true,"href":"https:\/\/infoecos.com.ar\/index.php\/wp-json\/wp\/v2\/comments?post=74623"}],"version-history":[{"count":2,"href":"https:\/\/infoecos.com.ar\/index.php\/wp-json\/wp\/v2\/posts\/74623\/revisions"}],"predecessor-version":[{"id":74627,"href":"https:\/\/infoecos.com.ar\/index.php\/wp-json\/wp\/v2\/posts\/74623\/revisions\/74627"}],"wp:featuredmedia":[{"embeddable":true,"href":"https:\/\/infoecos.com.ar\/index.php\/wp-json\/wp\/v2\/media\/74624"}],"wp:attachment":[{"href":"https:\/\/infoecos.com.ar\/index.php\/wp-json\/wp\/v2\/media?parent=74623"}],"wp:term":[{"taxonomy":"category","embeddable":true,"href":"https:\/\/infoecos.com.ar\/index.php\/wp-json\/wp\/v2\/categories?post=74623"},{"taxonomy":"post_tag","embeddable":true,"href":"https:\/\/infoecos.com.ar\/index.php\/wp-json\/wp\/v2\/tags?post=74623"}],"curies":[{"name":"wp","href":"https:\/\/api.w.org\/{rel}","templated":true}]}}