{"id":74636,"date":"2021-02-21T13:28:19","date_gmt":"2021-02-21T16:28:19","guid":{"rendered":"http:\/\/infoecos.com.ar\/?p=74636"},"modified":"2021-02-24T02:18:52","modified_gmt":"2021-02-24T05:18:52","slug":"el-gobierno-bonaerense-informo-un-record-en-la-apliacion-de-la-sputnik-v","status":"publish","type":"post","link":"https:\/\/infoecos.com.ar\/index.php\/el-gobierno-bonaerense-informo-un-record-en-la-apliacion-de-la-sputnik-v\/","title":{"rendered":"El gobierno bonaerense inform\u00f3 un r\u00e9cord en la aplicaci\u00f3n de la Sputnik V"},"content":{"rendered":"\n<p class=\"wp-block-paragraph\">El Gobierno de la provincia de Buenos Aires inform\u00f3 que el viernes 19 de febrero se alcanz\u00f3 un nuevo r\u00e9cord en la aplicaci\u00f3n del primer componente de la vacuna Sputnik V.<\/p>\n\n\n\n<div class=\"wp-block-image\"><figure class=\"aligncenter size-medium\"><img loading=\"lazy\" decoding=\"async\" width=\"306\" height=\"460\" src=\"http:\/\/infoecos.com.ar\/wp-content\/uploads\/2021\/02\/210220-Vacuna-Ensenada_1100-306x460.jpg\" alt=\"\" class=\"wp-image-74637\" srcset=\"https:\/\/infoecos.com.ar\/wp-content\/uploads\/2021\/02\/210220-Vacuna-Ensenada_1100-306x460.jpg 306w, https:\/\/infoecos.com.ar\/wp-content\/uploads\/2021\/02\/210220-Vacuna-Ensenada_1100-612x920.jpg 612w, https:\/\/infoecos.com.ar\/wp-content\/uploads\/2021\/02\/210220-Vacuna-Ensenada_1100-768x1154.jpg 768w, https:\/\/infoecos.com.ar\/wp-content\/uploads\/2021\/02\/210220-Vacuna-Ensenada_1100-1022x1536.jpg 1022w, https:\/\/infoecos.com.ar\/wp-content\/uploads\/2021\/02\/210220-Vacuna-Ensenada_1100-1363x2048.jpg 1363w, https:\/\/infoecos.com.ar\/wp-content\/uploads\/2021\/02\/210220-Vacuna-Ensenada_1100-1024x1539.jpg 1024w, https:\/\/infoecos.com.ar\/wp-content\/uploads\/2021\/02\/210220-Vacuna-Ensenada_1100-scaled.jpg 1703w\" sizes=\"auto, (max-width: 306px) 100vw, 306px\" \/><\/figure><\/div>\n\n\n\n<p class=\"wp-block-paragraph\">Durante el jueves 18, se aplicaron 20.316 dosis del primer componente y 8.352 del segundo, en tanto que el viernes se hizo lo propio con 22.897 de la primera dosis y 5.040 de la segunda. As\u00ed, el plan p\u00fablico, gratuito y optativo de vacunaci\u00f3n contra el coronavirus alcanz\u00f3 las 292.176 aplicaciones desde su comienzo a fines de diciembre de 2020.<\/p>\n\n\n\n<div class=\"wp-block-image\"><figure class=\"aligncenter size-medium\"><img loading=\"lazy\" decoding=\"async\" width=\"460\" height=\"306\" src=\"http:\/\/infoecos.com.ar\/wp-content\/uploads\/2021\/02\/210220-Vacuna-Ensenada_1094-460x306.jpg\" alt=\"\" class=\"wp-image-74638\" srcset=\"https:\/\/infoecos.com.ar\/wp-content\/uploads\/2021\/02\/210220-Vacuna-Ensenada_1094-460x306.jpg 460w, https:\/\/infoecos.com.ar\/wp-content\/uploads\/2021\/02\/210220-Vacuna-Ensenada_1094-920x612.jpg 920w, https:\/\/infoecos.com.ar\/wp-content\/uploads\/2021\/02\/210220-Vacuna-Ensenada_1094-768x511.jpg 768w, https:\/\/infoecos.com.ar\/wp-content\/uploads\/2021\/02\/210220-Vacuna-Ensenada_1094-1536x1020.jpg 1536w, https:\/\/infoecos.com.ar\/wp-content\/uploads\/2021\/02\/210220-Vacuna-Ensenada_1094-2048x1363.jpg 2048w, https:\/\/infoecos.com.ar\/wp-content\/uploads\/2021\/02\/210220-Vacuna-Ensenada_1094-1024x681.jpg 1024w, https:\/\/infoecos.com.ar\/wp-content\/uploads\/2021\/02\/210220-Vacuna-Ensenada_1094-675x450.jpg 675w\" sizes=\"auto, (max-width: 460px) 100vw, 460px\" \/><\/figure><\/div>\n\n\n\n<p class=\"wp-block-paragraph\">Durante la nueva etapa de la campa\u00f1a, se busca completar al personal del sistema de salud inscripto para recibir la vacuna, al tiempo que se prioriza a mayores de 70 a\u00f1os, mayores de 60 que presenten enfermedades preexistentes y, en vistas del regreso a las clases presenciales, a trabajadores y trabajadoras de la comunidad educativa que integren grupos de riesgo.<\/p>\n\n\n\n<p class=\"wp-block-paragraph\">Para ello se cuenta con 169 hospitales provinciales y municipales, a los que se sumaron 167 escuelas bonaerenses y 21 puntos de IOMA. Por su parte, 12 Unidades de Gesti\u00f3n Local (UGL) de PAMI contin\u00faan vacunando en residencias geri\u00e1tricas.&nbsp;<\/p>\n\n\n\n<div class=\"wp-block-image\"><figure class=\"aligncenter size-medium\"><img loading=\"lazy\" decoding=\"async\" width=\"460\" height=\"306\" src=\"http:\/\/infoecos.com.ar\/wp-content\/uploads\/2021\/02\/210220-Vacuna-Ensenada_1138-460x306.jpg\" alt=\"\" class=\"wp-image-74639\" srcset=\"https:\/\/infoecos.com.ar\/wp-content\/uploads\/2021\/02\/210220-Vacuna-Ensenada_1138-460x306.jpg 460w, https:\/\/infoecos.com.ar\/wp-content\/uploads\/2021\/02\/210220-Vacuna-Ensenada_1138-920x612.jpg 920w, https:\/\/infoecos.com.ar\/wp-content\/uploads\/2021\/02\/210220-Vacuna-Ensenada_1138-768x511.jpg 768w, https:\/\/infoecos.com.ar\/wp-content\/uploads\/2021\/02\/210220-Vacuna-Ensenada_1138-1536x1020.jpg 1536w, https:\/\/infoecos.com.ar\/wp-content\/uploads\/2021\/02\/210220-Vacuna-Ensenada_1138-2048x1363.jpg 2048w, https:\/\/infoecos.com.ar\/wp-content\/uploads\/2021\/02\/210220-Vacuna-Ensenada_1138-1024x681.jpg 1024w, https:\/\/infoecos.com.ar\/wp-content\/uploads\/2021\/02\/210220-Vacuna-Ensenada_1138-675x450.jpg 675w\" sizes=\"auto, (max-width: 460px) 100vw, 460px\" \/><\/figure><\/div>\n\n\n\n<p class=\"wp-block-paragraph\">Las y los interesados en recibir la vacuna deben preinscribirse en el sitio&nbsp;<a rel=\"noreferrer noopener\" href=\"http:\/\/vacunatepba.gba.gob.ar\/\" target=\"_blank\">vacunatepba.gba.gob.ar<\/a>&nbsp;o a trav\u00e9s de la aplicaci\u00f3n vacunatePBA. Al hacerlo, integrar\u00e1n una lista en la base de datos que permitir\u00e1 que reciban sus turnos de acuerdo con las distintas prioridades establecidas.<\/p>\n","protected":false},"excerpt":{"rendered":"<p>Durante el jueves 18, se aplicaron 20.316 dosis del primer componente y 8.352 del segundo, en tanto que el viernes se hizo lo propio con 22.897 de la primera dosis y 5.040 de la segunda<\/p>\n","protected":false},"author":2,"featured_media":74637,"comment_status":"closed","ping_status":"open","sticky":false,"template":"","format":"standard","meta":{"footnotes":""},"categories":[1643],"tags":[],"class_list":["post-74636","post","type-post","status-publish","format-standard","has-post-thumbnail","hentry","category-inferior16"],"featured_image_urls":{"full":["https:\/\/infoecos.com.ar\/wp-content\/uploads\/2021\/02\/210220-Vacuna-Ensenada_1100-scaled.jpg",1703,2560,false],"thumbnail":["https:\/\/infoecos.com.ar\/wp-content\/uploads\/2021\/02\/210220-Vacuna-Ensenada_1100-150x150.jpg",150,150,true],"medium":["https:\/\/infoecos.com.ar\/wp-content\/uploads\/2021\/02\/210220-Vacuna-Ensenada_1100-306x460.jpg",306,460,true],"medium_large":["https:\/\/infoecos.com.ar\/wp-content\/uploads\/2021\/02\/210220-Vacuna-Ensenada_1100-768x1154.jpg",640,962,true],"large":["https:\/\/infoecos.com.ar\/wp-content\/uploads\/2021\/02\/210220-Vacuna-Ensenada_1100-612x920.jpg",612,920,true],"1536x1536":["https:\/\/infoecos.com.ar\/wp-content\/uploads\/2021\/02\/210220-Vacuna-Ensenada_1100-1022x1536.jpg",1022,1536,true],"2048x2048":["https:\/\/infoecos.com.ar\/wp-content\/uploads\/2021\/02\/210220-Vacuna-Ensenada_1100-1363x2048.jpg",1363,2048,true],"covernews-slider-full":["https:\/\/infoecos.com.ar\/wp-content\/uploads\/2021\/02\/210220-Vacuna-Ensenada_1100-1536x1020.jpg",1077,715,true],"covernews-slider-center":["https:\/\/infoecos.com.ar\/wp-content\/uploads\/2021\/02\/210220-Vacuna-Ensenada_1100-936x897.jpg",522,500,true],"covernews-featured":["https:\/\/infoecos.com.ar\/wp-content\/uploads\/2021\/02\/210220-Vacuna-Ensenada_1100-1024x1539.jpg",1024,1539,true],"covernews-medium":["https:\/\/infoecos.com.ar\/wp-content\/uploads\/2021\/02\/210220-Vacuna-Ensenada_1100-720x380.jpg",540,285,true],"covernews-medium-square":["https:\/\/infoecos.com.ar\/wp-content\/uploads\/2021\/02\/210220-Vacuna-Ensenada_1100-675x450.jpg",375,250,true]},"author_info":{"info":["Jorge Matheus"]},"category_info":"<a href=\"https:\/\/infoecos.com.ar\/index.php\/category\/inferior16\/\" rel=\"category tag\">Bloque inferior - 16<\/a>","tag_info":"Bloque inferior - 16","comment_count":"0","_links":{"self":[{"href":"https:\/\/infoecos.com.ar\/index.php\/wp-json\/wp\/v2\/posts\/74636","targetHints":{"allow":["GET"]}}],"collection":[{"href":"https:\/\/infoecos.com.ar\/index.php\/wp-json\/wp\/v2\/posts"}],"about":[{"href":"https:\/\/infoecos.com.ar\/index.php\/wp-json\/wp\/v2\/types\/post"}],"author":[{"embeddable":true,"href":"https:\/\/infoecos.com.ar\/index.php\/wp-json\/wp\/v2\/users\/2"}],"replies":[{"embeddable":true,"href":"https:\/\/infoecos.com.ar\/index.php\/wp-json\/wp\/v2\/comments?post=74636"}],"version-history":[{"count":2,"href":"https:\/\/infoecos.com.ar\/index.php\/wp-json\/wp\/v2\/posts\/74636\/revisions"}],"predecessor-version":[{"id":74811,"href":"https:\/\/infoecos.com.ar\/index.php\/wp-json\/wp\/v2\/posts\/74636\/revisions\/74811"}],"wp:featuredmedia":[{"embeddable":true,"href":"https:\/\/infoecos.com.ar\/index.php\/wp-json\/wp\/v2\/media\/74637"}],"wp:attachment":[{"href":"https:\/\/infoecos.com.ar\/index.php\/wp-json\/wp\/v2\/media?parent=74636"}],"wp:term":[{"taxonomy":"category","embeddable":true,"href":"https:\/\/infoecos.com.ar\/index.php\/wp-json\/wp\/v2\/categories?post=74636"},{"taxonomy":"post_tag","embeddable":true,"href":"https:\/\/infoecos.com.ar\/index.php\/wp-json\/wp\/v2\/tags?post=74636"}],"curies":[{"name":"wp","href":"https:\/\/api.w.org\/{rel}","templated":true}]}}