{"id":74644,"date":"2021-02-21T15:57:24","date_gmt":"2021-02-21T18:57:24","guid":{"rendered":"http:\/\/infoecos.com.ar\/?p=74644"},"modified":"2021-02-24T02:12:15","modified_gmt":"2021-02-24T05:12:15","slug":"tercera-posicion-corriente-liderada-por-graciela-camano-tambien-en-trenque-lauquen","status":"publish","type":"post","link":"https:\/\/infoecos.com.ar\/index.php\/tercera-posicion-corriente-liderada-por-graciela-camano-tambien-en-trenque-lauquen\/","title":{"rendered":"Tercera Posici\u00f3n, corriente liderada por Graciela Cama\u00f1o, tambi\u00e9n en Trenque Lauquen"},"content":{"rendered":"\n<p>Comienza a moverse con intensidad en todas las secciones electorales de la provincia de Buenos Aires la corriente pol\u00edtica que tiene como l\u00edder a la diputada nacional, Graciela Cama\u00f1o.<\/p>\n\n\n\n<div class=\"wp-block-image\"><figure class=\"aligncenter size-medium\"><img loading=\"lazy\" decoding=\"async\" width=\"460\" height=\"258\" src=\"http:\/\/infoecos.com.ar\/wp-content\/uploads\/2021\/02\/Britos-Tercera-Posicion-1-460x258.jpg\" alt=\"\" class=\"wp-image-74645\" srcset=\"https:\/\/infoecos.com.ar\/wp-content\/uploads\/2021\/02\/Britos-Tercera-Posicion-1-460x258.jpg 460w, https:\/\/infoecos.com.ar\/wp-content\/uploads\/2021\/02\/Britos-Tercera-Posicion-1-920x516.jpg 920w, https:\/\/infoecos.com.ar\/wp-content\/uploads\/2021\/02\/Britos-Tercera-Posicion-1-768x431.jpg 768w, https:\/\/infoecos.com.ar\/wp-content\/uploads\/2021\/02\/Britos-Tercera-Posicion-1-1024x574.jpg 1024w, https:\/\/infoecos.com.ar\/wp-content\/uploads\/2021\/02\/Britos-Tercera-Posicion-1.jpg 1280w\" sizes=\"(max-width: 460px) 100vw, 460px\" \/><\/figure><\/div>\n\n\n\n<p>Durante el d\u00eda s\u00e1bado se realiz\u00f3 una videoconferencia de la que participaron m\u00e1s de 500 dirigentes de todo el pa\u00eds, de la que particip\u00f3 la conocida dirigente, como as\u00ed tambi\u00e9n el ex gobernador de Salta y Coordinador de Incubadora de Talentos FORODAS, Juan Manuel Urtubey. Lo hicieron tambi\u00e9n legisladores provinciales bonaerenses y quienes han decidido sumarse a Tercera Posici\u00f3n, as\u00ed se denomina la corriente.<\/p>\n\n\n\n<p>Por la cuarta secci\u00f3n electoral, entre otros, estuvo el diputado Fabio Britos, de Chivilcoy y que procede del Frente Renovador. En declaraciones period\u00edsticas que se difundieron a trav\u00e9s de comunicados de prensa, se expone que Britos destac\u00f3 que \u00abestamos en el lugar donde debemos estar, donde se nos exige como dirigentes pol\u00edticos, donde han fracasado los dos polos de la grieta. La mayor\u00eda de los argentinos y los bonaerenses quieren otra cosa y deben poder vernos como alternativa de gobierno\u00bb. <\/p>\n\n\n\n<p>Pudo saberse que Tercera Posici\u00f3n ya trabaja en otros distritos de la cuarta, entre ellos Trenque Lauquen. Trascendi\u00f3 que en esta ciudad, la principal referente es Susana Mu\u00f1oz, que se desempe\u00f1ara como concejal, acompa\u00f1ando en el bloque a Jorge Jord\u00e1n. Hasta el momento no ha hecho ninguna manifestaci\u00f3n p\u00fablica, pero se asegur\u00f3 a Infoecos que su trabajo en sumar voluntades es intenso.<\/p>\n\n\n\n<div class=\"wp-block-image\"><figure class=\"aligncenter size-medium\"><img loading=\"lazy\" decoding=\"async\" width=\"460\" height=\"258\" src=\"http:\/\/infoecos.com.ar\/wp-content\/uploads\/2021\/02\/Britos-Tercera-Posicion-460x258.jpg\" alt=\"\" class=\"wp-image-74646\" srcset=\"https:\/\/infoecos.com.ar\/wp-content\/uploads\/2021\/02\/Britos-Tercera-Posicion-460x258.jpg 460w, https:\/\/infoecos.com.ar\/wp-content\/uploads\/2021\/02\/Britos-Tercera-Posicion-920x516.jpg 920w, https:\/\/infoecos.com.ar\/wp-content\/uploads\/2021\/02\/Britos-Tercera-Posicion-768x431.jpg 768w, https:\/\/infoecos.com.ar\/wp-content\/uploads\/2021\/02\/Britos-Tercera-Posicion-1024x574.jpg 1024w, https:\/\/infoecos.com.ar\/wp-content\/uploads\/2021\/02\/Britos-Tercera-Posicion.jpg 1280w\" sizes=\"(max-width: 460px) 100vw, 460px\" \/><\/figure><\/div>\n\n\n\n<p>Volviendo a la reuni\u00f3n del s\u00e1bado, Graciela Cama\u00f1o dijo que \u00abYa hace alg\u00fan tiempo la dirigencia pol\u00edtica perdi\u00f3 el Norte, y los procesos electorales se conforman no con la idea de una sociedad mejor sino con una estrategia que responde solamente a los comicios. Esto nos llev\u00f3 sistem\u00e1ticamente al fracaso\u201d.<\/p>\n\n\n\n<p>Urtubey, por su parte apunt\u00f3 que \u201cNos esforzamos en hacer todo recurrentemente mal y el mundo insiste en abrirnos la ventana. El post COVID reconfigura el concepto global. El mundo profundiza la globalizaci\u00f3n desde otro lugar. \u00bfCu\u00e1l es la l\u00f3gica para mantener la misma organizaci\u00f3n social en un mundo diferente al de hace 30 o 200 a\u00f1os? Tenemos que saber qu\u00e9 queremos hacer. \u00bfQu\u00e9 Argentina vamos a construir en este nuevo concierto global?\u201d.<\/p>\n","protected":false},"excerpt":{"rendered":"<p>Trascendi\u00f3 que en esta ciudad, la principal referente es Susana Mu\u00f1oz, que se desempe\u00f1ara como concejal<\/p>\n","protected":false},"author":2,"featured_media":74647,"comment_status":"closed","ping_status":"open","sticky":false,"template":"","format":"standard","meta":{"footnotes":""},"categories":[201],"tags":[3028],"class_list":["post-74644","post","type-post","status-publish","format-standard","has-post-thumbnail","hentry","category-inferior9","tag-elecciones-2021"],"yoast_head":"<!-- This site is optimized with the Yoast SEO plugin v23.4 - https:\/\/yoast.com\/wordpress\/plugins\/seo\/ -->\n<title>Tercera Posici\u00f3n, corriente liderada por Graciela Cama\u00f1o, tambi\u00e9n en Trenque Lauquen - Infoecos<\/title>\n<meta name=\"robots\" content=\"index, follow, max-snippet:-1, max-image-preview:large, max-video-preview:-1\" \/>\n<link rel=\"canonical\" href=\"https:\/\/infoecos.com.ar\/index.php\/tercera-posicion-corriente-liderada-por-graciela-camano-tambien-en-trenque-lauquen\/\" \/>\n<meta property=\"og:locale\" content=\"es_ES\" \/>\n<meta property=\"og:type\" content=\"article\" \/>\n<meta property=\"og:title\" content=\"Tercera Posici\u00f3n, corriente liderada por Graciela Cama\u00f1o, tambi\u00e9n en Trenque Lauquen - Infoecos\" \/>\n<meta property=\"og:description\" content=\"Trascendi\u00f3 que en esta ciudad, la principal referente es Susana Mu\u00f1oz, que se desempe\u00f1ara como concejal\" \/>\n<meta property=\"og:url\" content=\"https:\/\/infoecos.com.ar\/index.php\/tercera-posicion-corriente-liderada-por-graciela-camano-tambien-en-trenque-lauquen\/\" \/>\n<meta property=\"og:site_name\" content=\"Infoecos\" \/>\n<meta property=\"article:publisher\" content=\"https:\/\/www.facebook.com\/profile.php?id=100063200290284\" \/>\n<meta property=\"article:published_time\" content=\"2021-02-21T18:57:24+00:00\" \/>\n<meta property=\"article:modified_time\" content=\"2021-02-24T05:12:15+00:00\" \/>\n<meta property=\"og:image\" content=\"https:\/\/infoecos.com.ar\/wp-content\/uploads\/2021\/02\/Britos-Tercera-Posicion-2.jpg\" \/>\n\t<meta property=\"og:image:width\" content=\"1280\" \/>\n\t<meta property=\"og:image:height\" content=\"718\" \/>\n\t<meta property=\"og:image:type\" content=\"image\/jpeg\" \/>\n<meta name=\"author\" content=\"Jorge Matheus\" \/>\n<meta name=\"twitter:card\" content=\"summary_large_image\" \/>\n<meta name=\"twitter:creator\" content=\"@infoecos\" \/>\n<meta name=\"twitter:site\" content=\"@infoecos\" \/>\n<meta name=\"twitter:label1\" content=\"Escrito por\" \/>\n\t<meta name=\"twitter:data1\" content=\"Jorge Matheus\" \/>\n\t<meta name=\"twitter:label2\" content=\"Tiempo de lectura\" \/>\n\t<meta name=\"twitter:data2\" content=\"2 minutos\" \/>\n<script type=\"application\/ld+json\" class=\"yoast-schema-graph\">{\"@context\":\"https:\/\/schema.org\",\"@graph\":[{\"@type\":\"Article\",\"@id\":\"https:\/\/infoecos.com.ar\/index.php\/tercera-posicion-corriente-liderada-por-graciela-camano-tambien-en-trenque-lauquen\/#article\",\"isPartOf\":{\"@id\":\"https:\/\/infoecos.com.ar\/index.php\/tercera-posicion-corriente-liderada-por-graciela-camano-tambien-en-trenque-lauquen\/\"},\"author\":{\"name\":\"Jorge Matheus\",\"@id\":\"https:\/\/infoecos.com.ar\/#\/schema\/person\/8f5ace5ce73b4b4aac4b7245aee6f191\"},\"headline\":\"Tercera Posici\u00f3n, corriente liderada por Graciela Cama\u00f1o, tambi\u00e9n en Trenque Lauquen\",\"datePublished\":\"2021-02-21T18:57:24+00:00\",\"dateModified\":\"2021-02-24T05:12:15+00:00\",\"mainEntityOfPage\":{\"@id\":\"https:\/\/infoecos.com.ar\/index.php\/tercera-posicion-corriente-liderada-por-graciela-camano-tambien-en-trenque-lauquen\/\"},\"wordCount\":402,\"publisher\":{\"@id\":\"https:\/\/infoecos.com.ar\/#organization\"},\"image\":{\"@id\":\"https:\/\/infoecos.com.ar\/index.php\/tercera-posicion-corriente-liderada-por-graciela-camano-tambien-en-trenque-lauquen\/#primaryimage\"},\"thumbnailUrl\":\"https:\/\/infoecos.com.ar\/wp-content\/uploads\/2021\/02\/Britos-Tercera-Posicion-2.jpg\",\"keywords\":[\"Elecciones 2021\"],\"articleSection\":[\"Bloque inferior - 9\"],\"inLanguage\":\"es\"},{\"@type\":\"WebPage\",\"@id\":\"https:\/\/infoecos.com.ar\/index.php\/tercera-posicion-corriente-liderada-por-graciela-camano-tambien-en-trenque-lauquen\/\",\"url\":\"https:\/\/infoecos.com.ar\/index.php\/tercera-posicion-corriente-liderada-por-graciela-camano-tambien-en-trenque-lauquen\/\",\"name\":\"Tercera Posici\u00f3n, corriente liderada por Graciela Cama\u00f1o, tambi\u00e9n en Trenque Lauquen - Infoecos\",\"isPartOf\":{\"@id\":\"https:\/\/infoecos.com.ar\/#website\"},\"primaryImageOfPage\":{\"@id\":\"https:\/\/infoecos.com.ar\/index.php\/tercera-posicion-corriente-liderada-por-graciela-camano-tambien-en-trenque-lauquen\/#primaryimage\"},\"image\":{\"@id\":\"https:\/\/infoecos.com.ar\/index.php\/tercera-posicion-corriente-liderada-por-graciela-camano-tambien-en-trenque-lauquen\/#primaryimage\"},\"thumbnailUrl\":\"https:\/\/infoecos.com.ar\/wp-content\/uploads\/2021\/02\/Britos-Tercera-Posicion-2.jpg\",\"datePublished\":\"2021-02-21T18:57:24+00:00\",\"dateModified\":\"2021-02-24T05:12:15+00:00\",\"breadcrumb\":{\"@id\":\"https:\/\/infoecos.com.ar\/index.php\/tercera-posicion-corriente-liderada-por-graciela-camano-tambien-en-trenque-lauquen\/#breadcrumb\"},\"inLanguage\":\"es\",\"potentialAction\":[{\"@type\":\"ReadAction\",\"target\":[\"https:\/\/infoecos.com.ar\/index.php\/tercera-posicion-corriente-liderada-por-graciela-camano-tambien-en-trenque-lauquen\/\"]}]},{\"@type\":\"ImageObject\",\"inLanguage\":\"es\",\"@id\":\"https:\/\/infoecos.com.ar\/index.php\/tercera-posicion-corriente-liderada-por-graciela-camano-tambien-en-trenque-lauquen\/#primaryimage\",\"url\":\"https:\/\/infoecos.com.ar\/wp-content\/uploads\/2021\/02\/Britos-Tercera-Posicion-2.jpg\",\"contentUrl\":\"https:\/\/infoecos.com.ar\/wp-content\/uploads\/2021\/02\/Britos-Tercera-Posicion-2.jpg\",\"width\":1280,\"height\":718},{\"@type\":\"BreadcrumbList\",\"@id\":\"https:\/\/infoecos.com.ar\/index.php\/tercera-posicion-corriente-liderada-por-graciela-camano-tambien-en-trenque-lauquen\/#breadcrumb\",\"itemListElement\":[{\"@type\":\"ListItem\",\"position\":1,\"name\":\"Portada\",\"item\":\"https:\/\/infoecos.com.ar\/\"},{\"@type\":\"ListItem\",\"position\":2,\"name\":\"Tercera Posici\u00f3n, corriente liderada por Graciela Cama\u00f1o, tambi\u00e9n en Trenque Lauquen\"}]},{\"@type\":\"WebSite\",\"@id\":\"https:\/\/infoecos.com.ar\/#website\",\"url\":\"https:\/\/infoecos.com.ar\/\",\"name\":\"Infoecos\",\"description\":\"Noticias de trenque lauquen y la zona\",\"publisher\":{\"@id\":\"https:\/\/infoecos.com.ar\/#organization\"},\"alternateName\":\"Noticias\",\"potentialAction\":[{\"@type\":\"SearchAction\",\"target\":{\"@type\":\"EntryPoint\",\"urlTemplate\":\"https:\/\/infoecos.com.ar\/?s={search_term_string}\"},\"query-input\":{\"@type\":\"PropertyValueSpecification\",\"valueRequired\":true,\"valueName\":\"search_term_string\"}}],\"inLanguage\":\"es\"},{\"@type\":\"Organization\",\"@id\":\"https:\/\/infoecos.com.ar\/#organization\",\"name\":\"Infoecos\",\"alternateName\":\"Noticias\",\"url\":\"https:\/\/infoecos.com.ar\/\",\"logo\":{\"@type\":\"ImageObject\",\"inLanguage\":\"es\",\"@id\":\"https:\/\/infoecos.com.ar\/#\/schema\/logo\/image\/\",\"url\":\"https:\/\/infoecos.com.ar\/wp-content\/uploads\/2024\/03\/cropped-logo.png\",\"contentUrl\":\"https:\/\/infoecos.com.ar\/wp-content\/uploads\/2024\/03\/cropped-logo.png\",\"width\":374,\"height\":90,\"caption\":\"Infoecos\"},\"image\":{\"@id\":\"https:\/\/infoecos.com.ar\/#\/schema\/logo\/image\/\"},\"sameAs\":[\"https:\/\/www.facebook.com\/profile.php?id=100063200290284\",\"https:\/\/x.com\/infoecos\"]},{\"@type\":\"Person\",\"@id\":\"https:\/\/infoecos.com.ar\/#\/schema\/person\/8f5ace5ce73b4b4aac4b7245aee6f191\",\"name\":\"Jorge Matheus\",\"url\":\"https:\/\/infoecos.com.ar\/index.php\/author\/jomatheus\/\"}]}<\/script>\n<!-- \/ Yoast SEO plugin. -->","yoast_head_json":{"title":"Tercera Posici\u00f3n, corriente liderada por Graciela Cama\u00f1o, tambi\u00e9n en Trenque Lauquen - Infoecos","robots":{"index":"index","follow":"follow","max-snippet":"max-snippet:-1","max-image-preview":"max-image-preview:large","max-video-preview":"max-video-preview:-1"},"canonical":"https:\/\/infoecos.com.ar\/index.php\/tercera-posicion-corriente-liderada-por-graciela-camano-tambien-en-trenque-lauquen\/","og_locale":"es_ES","og_type":"article","og_title":"Tercera Posici\u00f3n, corriente liderada por Graciela Cama\u00f1o, tambi\u00e9n en Trenque Lauquen - Infoecos","og_description":"Trascendi\u00f3 que en esta ciudad, la principal referente es Susana Mu\u00f1oz, que se desempe\u00f1ara como concejal","og_url":"https:\/\/infoecos.com.ar\/index.php\/tercera-posicion-corriente-liderada-por-graciela-camano-tambien-en-trenque-lauquen\/","og_site_name":"Infoecos","article_publisher":"https:\/\/www.facebook.com\/profile.php?id=100063200290284","article_published_time":"2021-02-21T18:57:24+00:00","article_modified_time":"2021-02-24T05:12:15+00:00","og_image":[{"width":1280,"height":718,"url":"https:\/\/infoecos.com.ar\/wp-content\/uploads\/2021\/02\/Britos-Tercera-Posicion-2.jpg","type":"image\/jpeg"}],"author":"Jorge Matheus","twitter_card":"summary_large_image","twitter_creator":"@infoecos","twitter_site":"@infoecos","twitter_misc":{"Escrito por":"Jorge Matheus","Tiempo de lectura":"2 minutos"},"schema":{"@context":"https:\/\/schema.org","@graph":[{"@type":"Article","@id":"https:\/\/infoecos.com.ar\/index.php\/tercera-posicion-corriente-liderada-por-graciela-camano-tambien-en-trenque-lauquen\/#article","isPartOf":{"@id":"https:\/\/infoecos.com.ar\/index.php\/tercera-posicion-corriente-liderada-por-graciela-camano-tambien-en-trenque-lauquen\/"},"author":{"name":"Jorge Matheus","@id":"https:\/\/infoecos.com.ar\/#\/schema\/person\/8f5ace5ce73b4b4aac4b7245aee6f191"},"headline":"Tercera Posici\u00f3n, corriente liderada por Graciela Cama\u00f1o, tambi\u00e9n en Trenque Lauquen","datePublished":"2021-02-21T18:57:24+00:00","dateModified":"2021-02-24T05:12:15+00:00","mainEntityOfPage":{"@id":"https:\/\/infoecos.com.ar\/index.php\/tercera-posicion-corriente-liderada-por-graciela-camano-tambien-en-trenque-lauquen\/"},"wordCount":402,"publisher":{"@id":"https:\/\/infoecos.com.ar\/#organization"},"image":{"@id":"https:\/\/infoecos.com.ar\/index.php\/tercera-posicion-corriente-liderada-por-graciela-camano-tambien-en-trenque-lauquen\/#primaryimage"},"thumbnailUrl":"https:\/\/infoecos.com.ar\/wp-content\/uploads\/2021\/02\/Britos-Tercera-Posicion-2.jpg","keywords":["Elecciones 2021"],"articleSection":["Bloque inferior - 9"],"inLanguage":"es"},{"@type":"WebPage","@id":"https:\/\/infoecos.com.ar\/index.php\/tercera-posicion-corriente-liderada-por-graciela-camano-tambien-en-trenque-lauquen\/","url":"https:\/\/infoecos.com.ar\/index.php\/tercera-posicion-corriente-liderada-por-graciela-camano-tambien-en-trenque-lauquen\/","name":"Tercera Posici\u00f3n, corriente liderada por Graciela Cama\u00f1o, tambi\u00e9n en Trenque Lauquen - Infoecos","isPartOf":{"@id":"https:\/\/infoecos.com.ar\/#website"},"primaryImageOfPage":{"@id":"https:\/\/infoecos.com.ar\/index.php\/tercera-posicion-corriente-liderada-por-graciela-camano-tambien-en-trenque-lauquen\/#primaryimage"},"image":{"@id":"https:\/\/infoecos.com.ar\/index.php\/tercera-posicion-corriente-liderada-por-graciela-camano-tambien-en-trenque-lauquen\/#primaryimage"},"thumbnailUrl":"https:\/\/infoecos.com.ar\/wp-content\/uploads\/2021\/02\/Britos-Tercera-Posicion-2.jpg","datePublished":"2021-02-21T18:57:24+00:00","dateModified":"2021-02-24T05:12:15+00:00","breadcrumb":{"@id":"https:\/\/infoecos.com.ar\/index.php\/tercera-posicion-corriente-liderada-por-graciela-camano-tambien-en-trenque-lauquen\/#breadcrumb"},"inLanguage":"es","potentialAction":[{"@type":"ReadAction","target":["https:\/\/infoecos.com.ar\/index.php\/tercera-posicion-corriente-liderada-por-graciela-camano-tambien-en-trenque-lauquen\/"]}]},{"@type":"ImageObject","inLanguage":"es","@id":"https:\/\/infoecos.com.ar\/index.php\/tercera-posicion-corriente-liderada-por-graciela-camano-tambien-en-trenque-lauquen\/#primaryimage","url":"https:\/\/infoecos.com.ar\/wp-content\/uploads\/2021\/02\/Britos-Tercera-Posicion-2.jpg","contentUrl":"https:\/\/infoecos.com.ar\/wp-content\/uploads\/2021\/02\/Britos-Tercera-Posicion-2.jpg","width":1280,"height":718},{"@type":"BreadcrumbList","@id":"https:\/\/infoecos.com.ar\/index.php\/tercera-posicion-corriente-liderada-por-graciela-camano-tambien-en-trenque-lauquen\/#breadcrumb","itemListElement":[{"@type":"ListItem","position":1,"name":"Portada","item":"https:\/\/infoecos.com.ar\/"},{"@type":"ListItem","position":2,"name":"Tercera Posici\u00f3n, corriente liderada por Graciela Cama\u00f1o, tambi\u00e9n en Trenque Lauquen"}]},{"@type":"WebSite","@id":"https:\/\/infoecos.com.ar\/#website","url":"https:\/\/infoecos.com.ar\/","name":"Infoecos","description":"Noticias de trenque lauquen y la zona","publisher":{"@id":"https:\/\/infoecos.com.ar\/#organization"},"alternateName":"Noticias","potentialAction":[{"@type":"SearchAction","target":{"@type":"EntryPoint","urlTemplate":"https:\/\/infoecos.com.ar\/?s={search_term_string}"},"query-input":{"@type":"PropertyValueSpecification","valueRequired":true,"valueName":"search_term_string"}}],"inLanguage":"es"},{"@type":"Organization","@id":"https:\/\/infoecos.com.ar\/#organization","name":"Infoecos","alternateName":"Noticias","url":"https:\/\/infoecos.com.ar\/","logo":{"@type":"ImageObject","inLanguage":"es","@id":"https:\/\/infoecos.com.ar\/#\/schema\/logo\/image\/","url":"https:\/\/infoecos.com.ar\/wp-content\/uploads\/2024\/03\/cropped-logo.png","contentUrl":"https:\/\/infoecos.com.ar\/wp-content\/uploads\/2024\/03\/cropped-logo.png","width":374,"height":90,"caption":"Infoecos"},"image":{"@id":"https:\/\/infoecos.com.ar\/#\/schema\/logo\/image\/"},"sameAs":["https:\/\/www.facebook.com\/profile.php?id=100063200290284","https:\/\/x.com\/infoecos"]},{"@type":"Person","@id":"https:\/\/infoecos.com.ar\/#\/schema\/person\/8f5ace5ce73b4b4aac4b7245aee6f191","name":"Jorge Matheus","url":"https:\/\/infoecos.com.ar\/index.php\/author\/jomatheus\/"}]}},"featured_image_urls":{"full":["https:\/\/infoecos.com.ar\/wp-content\/uploads\/2021\/02\/Britos-Tercera-Posicion-2.jpg",1280,718,false],"thumbnail":["https:\/\/infoecos.com.ar\/wp-content\/uploads\/2021\/02\/Britos-Tercera-Posicion-2-150x150.jpg",150,150,true],"medium":["https:\/\/infoecos.com.ar\/wp-content\/uploads\/2021\/02\/Britos-Tercera-Posicion-2-460x258.jpg",460,258,true],"medium_large":["https:\/\/infoecos.com.ar\/wp-content\/uploads\/2021\/02\/Britos-Tercera-Posicion-2-768x431.jpg",640,359,true],"large":["https:\/\/infoecos.com.ar\/wp-content\/uploads\/2021\/02\/Britos-Tercera-Posicion-2-920x516.jpg",640,359,true],"1536x1536":["https:\/\/infoecos.com.ar\/wp-content\/uploads\/2021\/02\/Britos-Tercera-Posicion-2.jpg",1280,718,false],"2048x2048":["https:\/\/infoecos.com.ar\/wp-content\/uploads\/2021\/02\/Britos-Tercera-Posicion-2.jpg",1280,718,false],"covernews-slider-full":["https:\/\/infoecos.com.ar\/wp-content\/uploads\/2021\/02\/Britos-Tercera-Posicion-2.jpg",1115,625,false],"covernews-slider-center":["https:\/\/infoecos.com.ar\/wp-content\/uploads\/2021\/02\/Britos-Tercera-Posicion-2-936x718.jpg",652,500,true],"covernews-featured":["https:\/\/infoecos.com.ar\/wp-content\/uploads\/2021\/02\/Britos-Tercera-Posicion-2-1024x574.jpg",1024,574,true],"covernews-medium":["https:\/\/infoecos.com.ar\/wp-content\/uploads\/2021\/02\/Britos-Tercera-Posicion-2-720x380.jpg",540,285,true],"covernews-medium-square":["https:\/\/infoecos.com.ar\/wp-content\/uploads\/2021\/02\/Britos-Tercera-Posicion-2-675x450.jpg",375,250,true]},"author_info":{"info":["Jorge Matheus"]},"category_info":"<a href=\"https:\/\/infoecos.com.ar\/index.php\/category\/inferior9\/\" rel=\"category tag\">Bloque inferior - 9<\/a>","tag_info":"Bloque inferior - 9","comment_count":"0","_links":{"self":[{"href":"https:\/\/infoecos.com.ar\/index.php\/wp-json\/wp\/v2\/posts\/74644"}],"collection":[{"href":"https:\/\/infoecos.com.ar\/index.php\/wp-json\/wp\/v2\/posts"}],"about":[{"href":"https:\/\/infoecos.com.ar\/index.php\/wp-json\/wp\/v2\/types\/post"}],"author":[{"embeddable":true,"href":"https:\/\/infoecos.com.ar\/index.php\/wp-json\/wp\/v2\/users\/2"}],"replies":[{"embeddable":true,"href":"https:\/\/infoecos.com.ar\/index.php\/wp-json\/wp\/v2\/comments?post=74644"}],"version-history":[{"count":1,"href":"https:\/\/infoecos.com.ar\/index.php\/wp-json\/wp\/v2\/posts\/74644\/revisions"}],"predecessor-version":[{"id":74648,"href":"https:\/\/infoecos.com.ar\/index.php\/wp-json\/wp\/v2\/posts\/74644\/revisions\/74648"}],"wp:featuredmedia":[{"embeddable":true,"href":"https:\/\/infoecos.com.ar\/index.php\/wp-json\/wp\/v2\/media\/74647"}],"wp:attachment":[{"href":"https:\/\/infoecos.com.ar\/index.php\/wp-json\/wp\/v2\/media?parent=74644"}],"wp:term":[{"taxonomy":"category","embeddable":true,"href":"https:\/\/infoecos.com.ar\/index.php\/wp-json\/wp\/v2\/categories?post=74644"},{"taxonomy":"post_tag","embeddable":true,"href":"https:\/\/infoecos.com.ar\/index.php\/wp-json\/wp\/v2\/tags?post=74644"}],"curies":[{"name":"wp","href":"https:\/\/api.w.org\/{rel}","templated":true}]}}