{"id":74656,"date":"2021-02-22T14:22:26","date_gmt":"2021-02-22T17:22:26","guid":{"rendered":"http:\/\/infoecos.com.ar\/?p=74656"},"modified":"2021-02-23T18:53:36","modified_gmt":"2021-02-23T21:53:36","slug":"el-gobernador-de-jujuy-y-secretario-general-de-la-ucr-estara-el-viernes-en-trenque-lauquen","status":"publish","type":"post","link":"https:\/\/infoecos.com.ar\/index.php\/el-gobernador-de-jujuy-y-secretario-general-de-la-ucr-estara-el-viernes-en-trenque-lauquen\/","title":{"rendered":"El gobernador de Jujuy y secretario general de la UCR, estar\u00e1 el viernes en Trenque Lauquen"},"content":{"rendered":"\n<p>Gerardo Morales, gobernador de Jujuy, Daniel Salvador, actual presidente del comit\u00e9 provincia de Buenos Aires de la Uni\u00f3n C\u00edvica Radical y Maximiliano Abad, entre otros dirigentes, estar\u00e1n el pr\u00f3ximo viernes en Trenque Lauquen, se anunci\u00f3 este lunes. <\/p>\n\n\n\n<div class=\"wp-block-image\"><figure class=\"aligncenter size-medium\"><img loading=\"lazy\" decoding=\"async\" width=\"460\" height=\"256\" src=\"http:\/\/infoecos.com.ar\/wp-content\/uploads\/2021\/02\/moralesgerardo-460x256.jpg\" alt=\"\" class=\"wp-image-74657\" srcset=\"https:\/\/infoecos.com.ar\/wp-content\/uploads\/2021\/02\/moralesgerardo-460x256.jpg 460w, https:\/\/infoecos.com.ar\/wp-content\/uploads\/2021\/02\/moralesgerardo-768x427.jpg 768w, https:\/\/infoecos.com.ar\/wp-content\/uploads\/2021\/02\/moralesgerardo.jpg 810w\" sizes=\"(max-width: 460px) 100vw, 460px\" \/><\/figure><\/div>\n\n\n\n<p>Ese d\u00eda, a partir de las 19.30, con un acto que se desarrollar\u00e1 al aire libre el comit\u00e9 del radicalismo trenquelauquense celebrar\u00e1 la recuperaci\u00f3n hist\u00f3rica del edificio original partidario.<\/p>\n\n\n\n<p>En un parte de prensa, agregan, que se espera la asistencia de jefes comunales y concejales de una amplia regi\u00f3n. L\u00f3gicamente tambi\u00e9n estar\u00e1 presente Miguel Fern\u00e1ndez, mandatario comunal del distrito y titular del Foro de Intendentes Municipales Radicales de la provincia. El m\u00edtin tambi\u00e9n contribuir\u00e1 a mostrar respaldo a la candidatura del marplatense y titular del bloque de diputados provinciales en Buenos Aires, para la presidencia del radicalismo bonaerense, Maximiliano Abad. El joven dirigente que est\u00e1 teniendo una acentuado protagonismo en la vida p\u00fablica, es el principal impulsor de la Ley provincial que restituye a la Uni\u00f3n C\u00edvica Radical de Trenque Lauquen la posesi\u00f3n total del edificio que est\u00e1 contiguo a la actual sede partidaria sobre la calle San Mart\u00edn. Acompa\u00f1\u00f3 y tambi\u00e9n se constituy\u00f3 en pilar fundamental para la restituci\u00f3n el diputado provincial, Valent\u00edn Miranda. La Ley aprobada por la legislatura fue promulgada por el Poder Ejecutivo. <\/p>\n\n\n\n<div class=\"wp-block-image\"><figure class=\"aligncenter size-medium\"><img loading=\"lazy\" decoding=\"async\" width=\"460\" height=\"307\" src=\"http:\/\/infoecos.com.ar\/wp-content\/uploads\/abad-460x307.jpg\" alt=\"\" class=\"wp-image-62073\" srcset=\"https:\/\/infoecos.com.ar\/wp-content\/uploads\/abad-460x307.jpg 460w, https:\/\/infoecos.com.ar\/wp-content\/uploads\/abad-920x613.jpg 920w, https:\/\/infoecos.com.ar\/wp-content\/uploads\/abad-768x512.jpg 768w, https:\/\/infoecos.com.ar\/wp-content\/uploads\/abad-1024x682.jpg 1024w, https:\/\/infoecos.com.ar\/wp-content\/uploads\/abad-675x450.jpg 675w, https:\/\/infoecos.com.ar\/wp-content\/uploads\/abad.jpg 1280w\" sizes=\"(max-width: 460px) 100vw, 460px\" \/><\/figure><\/div>\n\n\n\n<p>En el acto, el presidente del Comit\u00e9 Trenque Lauquen, Francisco Jos\u00e9 \u201cPepe\u201d Font recibir\u00e1 una copia del texto original del ordenamiento legal sancionado por unanimidad y promulgada el 18 de enero de 2021.<\/p>\n\n\n\n<p>La Provincia transfiere \u201ccon car\u00e1cter de cesi\u00f3n definitiva y a t\u00edtulo gratuito, el inmueble ubicado en Av. San Mart\u00edn entre Pellegrini y Alsina de la localidad de Trenque Lauquen, designado catastralmente como Circunscripci\u00f3n I, Secci\u00f3n A, Manzana 43, Parcela 12b; inscripto en el Registro de la Propiedad de la Provincia de Buenos Aires bajo Matr\u00edcula 2710, Trenque Lauquen (107)\u201d. \u201cLa transferencia es con cargo para que en el mismo funcione el Comit\u00e9 de Distrito de la Uni\u00f3n C\u00edvica Radical de Trenque Lauquen\u201d, indica el texto final promulgado.<\/p>\n\n\n\n<div class=\"wp-block-image\"><figure class=\"aligncenter size-medium\"><img loading=\"lazy\" decoding=\"async\" width=\"460\" height=\"288\" src=\"http:\/\/infoecos.com.ar\/wp-content\/uploads\/2021\/02\/mirandavalentin-460x288.jpg\" alt=\"\" class=\"wp-image-74658\" srcset=\"https:\/\/infoecos.com.ar\/wp-content\/uploads\/2021\/02\/mirandavalentin-460x288.jpg 460w, https:\/\/infoecos.com.ar\/wp-content\/uploads\/2021\/02\/mirandavalentin.jpg 480w\" sizes=\"(max-width: 460px) 100vw, 460px\" \/><\/figure><\/div>\n\n\n\n<p>En un extenso comunicado para los medios se se\u00f1ala que \u00ablos primeros pasos se concretaron en el a\u00f1o 1989 cuando el por entonces diputado provincial Ricardo Tojo (UCR) logr\u00f3 impulsar un acuerdo que permiti\u00f3 recobrar el edificio en forma parcial, el 44% de la superficie, donde actualmente funciona la sede partidaria del Comit\u00e9\u00bb.<\/p>\n\n\n\n<div class=\"wp-block-image\"><figure class=\"aligncenter size-medium\"><img decoding=\"async\" src=\"http:\/\/infoecos.com.ar\/wp-content\/uploads\/IMG_20181129_210638-460x345.jpg\" alt=\"\" class=\"wp-image-50887\"\/><figcaption>UCR &#8211; Trenque Lauquen<\/figcaption><\/figure><\/div>\n\n\n\n<p><\/p>\n\n\n\n<p><\/p>\n","protected":false},"excerpt":{"rendered":"<p>Ese d\u00eda, a partir de las 19.30, con un acto que se desarrollar\u00e1 al aire libre el comit\u00e9 del radicalismo trenquelauquense celebrar\u00e1 la recuperaci\u00f3n hist\u00f3rica del edificio original partidario<\/p>\n","protected":false},"author":2,"featured_media":74657,"comment_status":"closed","ping_status":"open","sticky":false,"template":"","format":"standard","meta":{"footnotes":""},"categories":[50],"tags":[3031],"class_list":["post-74656","post","type-post","status-publish","format-standard","has-post-thumbnail","hentry","category-c1nota4","tag-acto-por-la-restitucion-de-la-ucr"],"yoast_head":"<!-- This site is optimized with the Yoast SEO plugin v23.4 - https:\/\/yoast.com\/wordpress\/plugins\/seo\/ -->\n<title>El gobernador de Jujuy y secretario general de la UCR, estar\u00e1 el viernes en Trenque Lauquen - Infoecos<\/title>\n<meta name=\"robots\" content=\"index, follow, max-snippet:-1, max-image-preview:large, max-video-preview:-1\" \/>\n<link rel=\"canonical\" href=\"https:\/\/infoecos.com.ar\/index.php\/el-gobernador-de-jujuy-y-secretario-general-de-la-ucr-estara-el-viernes-en-trenque-lauquen\/\" \/>\n<meta property=\"og:locale\" content=\"es_ES\" \/>\n<meta property=\"og:type\" content=\"article\" \/>\n<meta property=\"og:title\" content=\"El gobernador de Jujuy y secretario general de la UCR, estar\u00e1 el viernes en Trenque Lauquen - Infoecos\" \/>\n<meta property=\"og:description\" content=\"Ese d\u00eda, a partir de las 19.30, con un acto que se desarrollar\u00e1 al aire libre el comit\u00e9 del radicalismo trenquelauquense celebrar\u00e1 la recuperaci\u00f3n hist\u00f3rica del edificio original partidario\" \/>\n<meta property=\"og:url\" content=\"https:\/\/infoecos.com.ar\/index.php\/el-gobernador-de-jujuy-y-secretario-general-de-la-ucr-estara-el-viernes-en-trenque-lauquen\/\" \/>\n<meta property=\"og:site_name\" content=\"Infoecos\" \/>\n<meta property=\"article:publisher\" content=\"https:\/\/www.facebook.com\/profile.php?id=100063200290284\" \/>\n<meta property=\"article:published_time\" content=\"2021-02-22T17:22:26+00:00\" \/>\n<meta property=\"article:modified_time\" content=\"2021-02-23T21:53:36+00:00\" \/>\n<meta property=\"og:image\" content=\"https:\/\/infoecos.com.ar\/wp-content\/uploads\/2021\/02\/moralesgerardo.jpg\" \/>\n\t<meta property=\"og:image:width\" content=\"810\" \/>\n\t<meta property=\"og:image:height\" content=\"450\" \/>\n\t<meta property=\"og:image:type\" content=\"image\/jpeg\" \/>\n<meta name=\"author\" content=\"Jorge Matheus\" \/>\n<meta name=\"twitter:card\" content=\"summary_large_image\" \/>\n<meta name=\"twitter:creator\" content=\"@infoecos\" \/>\n<meta name=\"twitter:site\" content=\"@infoecos\" \/>\n<meta name=\"twitter:label1\" content=\"Escrito por\" \/>\n\t<meta name=\"twitter:data1\" content=\"Jorge Matheus\" \/>\n\t<meta name=\"twitter:label2\" content=\"Tiempo de lectura\" \/>\n\t<meta name=\"twitter:data2\" content=\"2 minutos\" \/>\n<script type=\"application\/ld+json\" class=\"yoast-schema-graph\">{\"@context\":\"https:\/\/schema.org\",\"@graph\":[{\"@type\":\"Article\",\"@id\":\"https:\/\/infoecos.com.ar\/index.php\/el-gobernador-de-jujuy-y-secretario-general-de-la-ucr-estara-el-viernes-en-trenque-lauquen\/#article\",\"isPartOf\":{\"@id\":\"https:\/\/infoecos.com.ar\/index.php\/el-gobernador-de-jujuy-y-secretario-general-de-la-ucr-estara-el-viernes-en-trenque-lauquen\/\"},\"author\":{\"name\":\"Jorge Matheus\",\"@id\":\"https:\/\/infoecos.com.ar\/#\/schema\/person\/8f5ace5ce73b4b4aac4b7245aee6f191\"},\"headline\":\"El gobernador de Jujuy y secretario general de la UCR, estar\u00e1 el viernes en Trenque Lauquen\",\"datePublished\":\"2021-02-22T17:22:26+00:00\",\"dateModified\":\"2021-02-23T21:53:36+00:00\",\"mainEntityOfPage\":{\"@id\":\"https:\/\/infoecos.com.ar\/index.php\/el-gobernador-de-jujuy-y-secretario-general-de-la-ucr-estara-el-viernes-en-trenque-lauquen\/\"},\"wordCount\":431,\"publisher\":{\"@id\":\"https:\/\/infoecos.com.ar\/#organization\"},\"image\":{\"@id\":\"https:\/\/infoecos.com.ar\/index.php\/el-gobernador-de-jujuy-y-secretario-general-de-la-ucr-estara-el-viernes-en-trenque-lauquen\/#primaryimage\"},\"thumbnailUrl\":\"https:\/\/infoecos.com.ar\/wp-content\/uploads\/2021\/02\/moralesgerardo.jpg\",\"keywords\":[\"ACTO POR LA RESTITUCI\u00d3N DE LA UCR\"],\"articleSection\":[\"C1 N4\"],\"inLanguage\":\"es\"},{\"@type\":\"WebPage\",\"@id\":\"https:\/\/infoecos.com.ar\/index.php\/el-gobernador-de-jujuy-y-secretario-general-de-la-ucr-estara-el-viernes-en-trenque-lauquen\/\",\"url\":\"https:\/\/infoecos.com.ar\/index.php\/el-gobernador-de-jujuy-y-secretario-general-de-la-ucr-estara-el-viernes-en-trenque-lauquen\/\",\"name\":\"El gobernador de Jujuy y secretario general de la UCR, estar\u00e1 el viernes en Trenque Lauquen - Infoecos\",\"isPartOf\":{\"@id\":\"https:\/\/infoecos.com.ar\/#website\"},\"primaryImageOfPage\":{\"@id\":\"https:\/\/infoecos.com.ar\/index.php\/el-gobernador-de-jujuy-y-secretario-general-de-la-ucr-estara-el-viernes-en-trenque-lauquen\/#primaryimage\"},\"image\":{\"@id\":\"https:\/\/infoecos.com.ar\/index.php\/el-gobernador-de-jujuy-y-secretario-general-de-la-ucr-estara-el-viernes-en-trenque-lauquen\/#primaryimage\"},\"thumbnailUrl\":\"https:\/\/infoecos.com.ar\/wp-content\/uploads\/2021\/02\/moralesgerardo.jpg\",\"datePublished\":\"2021-02-22T17:22:26+00:00\",\"dateModified\":\"2021-02-23T21:53:36+00:00\",\"breadcrumb\":{\"@id\":\"https:\/\/infoecos.com.ar\/index.php\/el-gobernador-de-jujuy-y-secretario-general-de-la-ucr-estara-el-viernes-en-trenque-lauquen\/#breadcrumb\"},\"inLanguage\":\"es\",\"potentialAction\":[{\"@type\":\"ReadAction\",\"target\":[\"https:\/\/infoecos.com.ar\/index.php\/el-gobernador-de-jujuy-y-secretario-general-de-la-ucr-estara-el-viernes-en-trenque-lauquen\/\"]}]},{\"@type\":\"ImageObject\",\"inLanguage\":\"es\",\"@id\":\"https:\/\/infoecos.com.ar\/index.php\/el-gobernador-de-jujuy-y-secretario-general-de-la-ucr-estara-el-viernes-en-trenque-lauquen\/#primaryimage\",\"url\":\"https:\/\/infoecos.com.ar\/wp-content\/uploads\/2021\/02\/moralesgerardo.jpg\",\"contentUrl\":\"https:\/\/infoecos.com.ar\/wp-content\/uploads\/2021\/02\/moralesgerardo.jpg\",\"width\":810,\"height\":450},{\"@type\":\"BreadcrumbList\",\"@id\":\"https:\/\/infoecos.com.ar\/index.php\/el-gobernador-de-jujuy-y-secretario-general-de-la-ucr-estara-el-viernes-en-trenque-lauquen\/#breadcrumb\",\"itemListElement\":[{\"@type\":\"ListItem\",\"position\":1,\"name\":\"Portada\",\"item\":\"https:\/\/infoecos.com.ar\/\"},{\"@type\":\"ListItem\",\"position\":2,\"name\":\"El gobernador de Jujuy y secretario general de la UCR, estar\u00e1 el viernes en Trenque Lauquen\"}]},{\"@type\":\"WebSite\",\"@id\":\"https:\/\/infoecos.com.ar\/#website\",\"url\":\"https:\/\/infoecos.com.ar\/\",\"name\":\"Infoecos\",\"description\":\"Noticias de trenque lauquen y la zona\",\"publisher\":{\"@id\":\"https:\/\/infoecos.com.ar\/#organization\"},\"alternateName\":\"Noticias\",\"potentialAction\":[{\"@type\":\"SearchAction\",\"target\":{\"@type\":\"EntryPoint\",\"urlTemplate\":\"https:\/\/infoecos.com.ar\/?s={search_term_string}\"},\"query-input\":{\"@type\":\"PropertyValueSpecification\",\"valueRequired\":true,\"valueName\":\"search_term_string\"}}],\"inLanguage\":\"es\"},{\"@type\":\"Organization\",\"@id\":\"https:\/\/infoecos.com.ar\/#organization\",\"name\":\"Infoecos\",\"alternateName\":\"Noticias\",\"url\":\"https:\/\/infoecos.com.ar\/\",\"logo\":{\"@type\":\"ImageObject\",\"inLanguage\":\"es\",\"@id\":\"https:\/\/infoecos.com.ar\/#\/schema\/logo\/image\/\",\"url\":\"https:\/\/infoecos.com.ar\/wp-content\/uploads\/2024\/03\/cropped-logo.png\",\"contentUrl\":\"https:\/\/infoecos.com.ar\/wp-content\/uploads\/2024\/03\/cropped-logo.png\",\"width\":374,\"height\":90,\"caption\":\"Infoecos\"},\"image\":{\"@id\":\"https:\/\/infoecos.com.ar\/#\/schema\/logo\/image\/\"},\"sameAs\":[\"https:\/\/www.facebook.com\/profile.php?id=100063200290284\",\"https:\/\/x.com\/infoecos\"]},{\"@type\":\"Person\",\"@id\":\"https:\/\/infoecos.com.ar\/#\/schema\/person\/8f5ace5ce73b4b4aac4b7245aee6f191\",\"name\":\"Jorge Matheus\",\"url\":\"https:\/\/infoecos.com.ar\/index.php\/author\/jomatheus\/\"}]}<\/script>\n<!-- \/ Yoast SEO plugin. -->","yoast_head_json":{"title":"El gobernador de Jujuy y secretario general de la UCR, estar\u00e1 el viernes en Trenque Lauquen - Infoecos","robots":{"index":"index","follow":"follow","max-snippet":"max-snippet:-1","max-image-preview":"max-image-preview:large","max-video-preview":"max-video-preview:-1"},"canonical":"https:\/\/infoecos.com.ar\/index.php\/el-gobernador-de-jujuy-y-secretario-general-de-la-ucr-estara-el-viernes-en-trenque-lauquen\/","og_locale":"es_ES","og_type":"article","og_title":"El gobernador de Jujuy y secretario general de la UCR, estar\u00e1 el viernes en Trenque Lauquen - Infoecos","og_description":"Ese d\u00eda, a partir de las 19.30, con un acto que se desarrollar\u00e1 al aire libre el comit\u00e9 del radicalismo trenquelauquense celebrar\u00e1 la recuperaci\u00f3n hist\u00f3rica del edificio original partidario","og_url":"https:\/\/infoecos.com.ar\/index.php\/el-gobernador-de-jujuy-y-secretario-general-de-la-ucr-estara-el-viernes-en-trenque-lauquen\/","og_site_name":"Infoecos","article_publisher":"https:\/\/www.facebook.com\/profile.php?id=100063200290284","article_published_time":"2021-02-22T17:22:26+00:00","article_modified_time":"2021-02-23T21:53:36+00:00","og_image":[{"width":810,"height":450,"url":"https:\/\/infoecos.com.ar\/wp-content\/uploads\/2021\/02\/moralesgerardo.jpg","type":"image\/jpeg"}],"author":"Jorge Matheus","twitter_card":"summary_large_image","twitter_creator":"@infoecos","twitter_site":"@infoecos","twitter_misc":{"Escrito por":"Jorge Matheus","Tiempo de lectura":"2 minutos"},"schema":{"@context":"https:\/\/schema.org","@graph":[{"@type":"Article","@id":"https:\/\/infoecos.com.ar\/index.php\/el-gobernador-de-jujuy-y-secretario-general-de-la-ucr-estara-el-viernes-en-trenque-lauquen\/#article","isPartOf":{"@id":"https:\/\/infoecos.com.ar\/index.php\/el-gobernador-de-jujuy-y-secretario-general-de-la-ucr-estara-el-viernes-en-trenque-lauquen\/"},"author":{"name":"Jorge Matheus","@id":"https:\/\/infoecos.com.ar\/#\/schema\/person\/8f5ace5ce73b4b4aac4b7245aee6f191"},"headline":"El gobernador de Jujuy y secretario general de la UCR, estar\u00e1 el viernes en Trenque Lauquen","datePublished":"2021-02-22T17:22:26+00:00","dateModified":"2021-02-23T21:53:36+00:00","mainEntityOfPage":{"@id":"https:\/\/infoecos.com.ar\/index.php\/el-gobernador-de-jujuy-y-secretario-general-de-la-ucr-estara-el-viernes-en-trenque-lauquen\/"},"wordCount":431,"publisher":{"@id":"https:\/\/infoecos.com.ar\/#organization"},"image":{"@id":"https:\/\/infoecos.com.ar\/index.php\/el-gobernador-de-jujuy-y-secretario-general-de-la-ucr-estara-el-viernes-en-trenque-lauquen\/#primaryimage"},"thumbnailUrl":"https:\/\/infoecos.com.ar\/wp-content\/uploads\/2021\/02\/moralesgerardo.jpg","keywords":["ACTO POR LA RESTITUCI\u00d3N DE LA UCR"],"articleSection":["C1 N4"],"inLanguage":"es"},{"@type":"WebPage","@id":"https:\/\/infoecos.com.ar\/index.php\/el-gobernador-de-jujuy-y-secretario-general-de-la-ucr-estara-el-viernes-en-trenque-lauquen\/","url":"https:\/\/infoecos.com.ar\/index.php\/el-gobernador-de-jujuy-y-secretario-general-de-la-ucr-estara-el-viernes-en-trenque-lauquen\/","name":"El gobernador de Jujuy y secretario general de la UCR, estar\u00e1 el viernes en Trenque Lauquen - Infoecos","isPartOf":{"@id":"https:\/\/infoecos.com.ar\/#website"},"primaryImageOfPage":{"@id":"https:\/\/infoecos.com.ar\/index.php\/el-gobernador-de-jujuy-y-secretario-general-de-la-ucr-estara-el-viernes-en-trenque-lauquen\/#primaryimage"},"image":{"@id":"https:\/\/infoecos.com.ar\/index.php\/el-gobernador-de-jujuy-y-secretario-general-de-la-ucr-estara-el-viernes-en-trenque-lauquen\/#primaryimage"},"thumbnailUrl":"https:\/\/infoecos.com.ar\/wp-content\/uploads\/2021\/02\/moralesgerardo.jpg","datePublished":"2021-02-22T17:22:26+00:00","dateModified":"2021-02-23T21:53:36+00:00","breadcrumb":{"@id":"https:\/\/infoecos.com.ar\/index.php\/el-gobernador-de-jujuy-y-secretario-general-de-la-ucr-estara-el-viernes-en-trenque-lauquen\/#breadcrumb"},"inLanguage":"es","potentialAction":[{"@type":"ReadAction","target":["https:\/\/infoecos.com.ar\/index.php\/el-gobernador-de-jujuy-y-secretario-general-de-la-ucr-estara-el-viernes-en-trenque-lauquen\/"]}]},{"@type":"ImageObject","inLanguage":"es","@id":"https:\/\/infoecos.com.ar\/index.php\/el-gobernador-de-jujuy-y-secretario-general-de-la-ucr-estara-el-viernes-en-trenque-lauquen\/#primaryimage","url":"https:\/\/infoecos.com.ar\/wp-content\/uploads\/2021\/02\/moralesgerardo.jpg","contentUrl":"https:\/\/infoecos.com.ar\/wp-content\/uploads\/2021\/02\/moralesgerardo.jpg","width":810,"height":450},{"@type":"BreadcrumbList","@id":"https:\/\/infoecos.com.ar\/index.php\/el-gobernador-de-jujuy-y-secretario-general-de-la-ucr-estara-el-viernes-en-trenque-lauquen\/#breadcrumb","itemListElement":[{"@type":"ListItem","position":1,"name":"Portada","item":"https:\/\/infoecos.com.ar\/"},{"@type":"ListItem","position":2,"name":"El gobernador de Jujuy y secretario general de la UCR, estar\u00e1 el viernes en Trenque Lauquen"}]},{"@type":"WebSite","@id":"https:\/\/infoecos.com.ar\/#website","url":"https:\/\/infoecos.com.ar\/","name":"Infoecos","description":"Noticias de trenque lauquen y la zona","publisher":{"@id":"https:\/\/infoecos.com.ar\/#organization"},"alternateName":"Noticias","potentialAction":[{"@type":"SearchAction","target":{"@type":"EntryPoint","urlTemplate":"https:\/\/infoecos.com.ar\/?s={search_term_string}"},"query-input":{"@type":"PropertyValueSpecification","valueRequired":true,"valueName":"search_term_string"}}],"inLanguage":"es"},{"@type":"Organization","@id":"https:\/\/infoecos.com.ar\/#organization","name":"Infoecos","alternateName":"Noticias","url":"https:\/\/infoecos.com.ar\/","logo":{"@type":"ImageObject","inLanguage":"es","@id":"https:\/\/infoecos.com.ar\/#\/schema\/logo\/image\/","url":"https:\/\/infoecos.com.ar\/wp-content\/uploads\/2024\/03\/cropped-logo.png","contentUrl":"https:\/\/infoecos.com.ar\/wp-content\/uploads\/2024\/03\/cropped-logo.png","width":374,"height":90,"caption":"Infoecos"},"image":{"@id":"https:\/\/infoecos.com.ar\/#\/schema\/logo\/image\/"},"sameAs":["https:\/\/www.facebook.com\/profile.php?id=100063200290284","https:\/\/x.com\/infoecos"]},{"@type":"Person","@id":"https:\/\/infoecos.com.ar\/#\/schema\/person\/8f5ace5ce73b4b4aac4b7245aee6f191","name":"Jorge Matheus","url":"https:\/\/infoecos.com.ar\/index.php\/author\/jomatheus\/"}]}},"featured_image_urls":{"full":["https:\/\/infoecos.com.ar\/wp-content\/uploads\/2021\/02\/moralesgerardo.jpg",810,450,false],"thumbnail":["https:\/\/infoecos.com.ar\/wp-content\/uploads\/2021\/02\/moralesgerardo-150x150.jpg",150,150,true],"medium":["https:\/\/infoecos.com.ar\/wp-content\/uploads\/2021\/02\/moralesgerardo-460x256.jpg",460,256,true],"medium_large":["https:\/\/infoecos.com.ar\/wp-content\/uploads\/2021\/02\/moralesgerardo-768x427.jpg",640,356,true],"large":["https:\/\/infoecos.com.ar\/wp-content\/uploads\/2021\/02\/moralesgerardo.jpg",640,356,false],"1536x1536":["https:\/\/infoecos.com.ar\/wp-content\/uploads\/2021\/02\/moralesgerardo.jpg",810,450,false],"2048x2048":["https:\/\/infoecos.com.ar\/wp-content\/uploads\/2021\/02\/moralesgerardo.jpg",810,450,false],"covernews-slider-full":["https:\/\/infoecos.com.ar\/wp-content\/uploads\/2021\/02\/moralesgerardo.jpg",810,450,false],"covernews-slider-center":["https:\/\/infoecos.com.ar\/wp-content\/uploads\/2021\/02\/moralesgerardo.jpg",800,444,false],"covernews-featured":["https:\/\/infoecos.com.ar\/wp-content\/uploads\/2021\/02\/moralesgerardo.jpg",810,450,false],"covernews-medium":["https:\/\/infoecos.com.ar\/wp-content\/uploads\/2021\/02\/moralesgerardo-720x380.jpg",540,285,true],"covernews-medium-square":["https:\/\/infoecos.com.ar\/wp-content\/uploads\/2021\/02\/moralesgerardo-675x450.jpg",375,250,true]},"author_info":{"info":["Jorge Matheus"]},"category_info":"<a href=\"https:\/\/infoecos.com.ar\/index.php\/category\/c1nota4\/\" rel=\"category tag\">C1 N4<\/a>","tag_info":"C1 N4","comment_count":"0","_links":{"self":[{"href":"https:\/\/infoecos.com.ar\/index.php\/wp-json\/wp\/v2\/posts\/74656"}],"collection":[{"href":"https:\/\/infoecos.com.ar\/index.php\/wp-json\/wp\/v2\/posts"}],"about":[{"href":"https:\/\/infoecos.com.ar\/index.php\/wp-json\/wp\/v2\/types\/post"}],"author":[{"embeddable":true,"href":"https:\/\/infoecos.com.ar\/index.php\/wp-json\/wp\/v2\/users\/2"}],"replies":[{"embeddable":true,"href":"https:\/\/infoecos.com.ar\/index.php\/wp-json\/wp\/v2\/comments?post=74656"}],"version-history":[{"count":2,"href":"https:\/\/infoecos.com.ar\/index.php\/wp-json\/wp\/v2\/posts\/74656\/revisions"}],"predecessor-version":[{"id":74663,"href":"https:\/\/infoecos.com.ar\/index.php\/wp-json\/wp\/v2\/posts\/74656\/revisions\/74663"}],"wp:featuredmedia":[{"embeddable":true,"href":"https:\/\/infoecos.com.ar\/index.php\/wp-json\/wp\/v2\/media\/74657"}],"wp:attachment":[{"href":"https:\/\/infoecos.com.ar\/index.php\/wp-json\/wp\/v2\/media?parent=74656"}],"wp:term":[{"taxonomy":"category","embeddable":true,"href":"https:\/\/infoecos.com.ar\/index.php\/wp-json\/wp\/v2\/categories?post=74656"},{"taxonomy":"post_tag","embeddable":true,"href":"https:\/\/infoecos.com.ar\/index.php\/wp-json\/wp\/v2\/tags?post=74656"}],"curies":[{"name":"wp","href":"https:\/\/api.w.org\/{rel}","templated":true}]}}