{"id":74684,"date":"2021-02-22T18:25:51","date_gmt":"2021-02-22T21:25:51","guid":{"rendered":"http:\/\/infoecos.com.ar\/?p=74684"},"modified":"2021-02-24T02:10:47","modified_gmt":"2021-02-24T05:10:47","slug":"segun-una-encuesta-la-llamada-vacunacion-vip-afecto-la-expectativa-y-confianza-a-futuro","status":"publish","type":"post","link":"https:\/\/infoecos.com.ar\/index.php\/segun-una-encuesta-la-llamada-vacunacion-vip-afecto-la-expectativa-y-confianza-a-futuro\/","title":{"rendered":"Seg\u00fan una encuesta la llamada \u00abvacunaci\u00f3n VIP\u00bb afect\u00f3 la expectativa y confianza a futuro"},"content":{"rendered":"\n<p class=\"wp-block-paragraph\">La directora de la consultora Management &amp; Fit, Mariel Fornoni, asegur\u00f3 que los \u00faltimos episodios de vacunados de privilegio tuvieron un impacto fuerte y lo que pudimos ver es que se afect\u00f3 la expectativa sobre la vacunaci\u00f3n, la confianza a futuro\u201d.<\/p>\n\n\n\n<div class=\"wp-block-image\"><figure class=\"aligncenter size-medium\"><img loading=\"lazy\" decoding=\"async\" width=\"460\" height=\"259\" src=\"http:\/\/infoecos.com.ar\/wp-content\/uploads\/2021\/02\/fornoni-460x259.png\" alt=\"\" class=\"wp-image-74685\" srcset=\"https:\/\/infoecos.com.ar\/wp-content\/uploads\/2021\/02\/fornoni-460x259.png 460w, https:\/\/infoecos.com.ar\/wp-content\/uploads\/2021\/02\/fornoni-768x432.png 768w, https:\/\/infoecos.com.ar\/wp-content\/uploads\/2021\/02\/fornoni.png 829w\" sizes=\"auto, (max-width: 460px) 100vw, 460px\" \/><\/figure><\/div>\n\n\n\n<p class=\"wp-block-paragraph\">En declaraciones period\u00edsticas indic\u00f3 que \u201chicimos una medici\u00f3n sobre el tema y 6 de cada 10 consultados descreen de la campa\u00f1a de vacunaci\u00f3n que est\u00e1 encarando el gobierno nacional y no creen que pueda haber una vacunaci\u00f3n justa y equitativa\u201d.<\/p>\n\n\n\n<p class=\"wp-block-paragraph\">En ese marco, Fornoni se\u00f1al\u00f3 que \u201cno alcanza con la renuncia del ministro de Salud, Gin\u00e9s Gonz\u00e1lez Garc\u00eda\u201d y agreg\u00f3 que \u201clos consultados ven que cada cosa que falta es un desv\u00edo de fondos que la corrupci\u00f3n llev\u00f3 para otro lado. Y en este caso, esa vacuna que falta es porque se desvi\u00f3 para otro lado\u201d.<\/p>\n\n\n\n<p class=\"wp-block-paragraph\">Al respecto, la analista expres\u00f3 que los \u00faltimos acontecimientos \u201cvienen a dinamitar la confianza que el gobierno ven\u00eda ganando con la llegada de la vacuna\u201d.<\/p>\n\n\n\n<div class=\"wp-block-image\"><figure class=\"aligncenter size-medium\"><img loading=\"lazy\" decoding=\"async\" width=\"460\" height=\"258\" src=\"http:\/\/infoecos.com.ar\/wp-content\/uploads\/2021\/02\/fornoni1-460x258.jpg\" alt=\"\" class=\"wp-image-74686\" srcset=\"https:\/\/infoecos.com.ar\/wp-content\/uploads\/2021\/02\/fornoni1-460x258.jpg 460w, https:\/\/infoecos.com.ar\/wp-content\/uploads\/2021\/02\/fornoni1-768x430.jpg 768w, https:\/\/infoecos.com.ar\/wp-content\/uploads\/2021\/02\/fornoni1.jpg 875w\" sizes=\"auto, (max-width: 460px) 100vw, 460px\" \/><\/figure><\/div>\n\n\n\n<p class=\"wp-block-paragraph\">Fornoni dijo que \u201cal principio, el gobierno ten\u00eda m\u00e1s del 90% de aceptaci\u00f3n. Ya vamos a cumplir un a\u00f1o de pandemia y esto se fue reduciendo la aprobaci\u00f3n de la poblaci\u00f3n. Ahora rondaba el 45% pero hab\u00eda empezado a renovar las expectativas con la llegada de la vacuna\u201d.<\/p>\n\n\n\n<p class=\"wp-block-paragraph\">Finalmente, reiter\u00f3 que \u201cno alcanza con el despido de Gin\u00e9s Gonz\u00e1lez Garc\u00eda. Quieren que renuncien todos los que detentan cargos p\u00fablicos. Pues, muchos creen que Carla Vizzotti sab\u00eda\u201d y a\u00f1adi\u00f3 que \u201ces necesario tomar otras medidas que muestren trasparencia en el proceso porque es un tema que no parece que fuera a salir de agenda\u201d.<\/p>\n","protected":false},"excerpt":{"rendered":"<p>La directora de la consultora Management &#038; Fit, Mariel Fornoni, asegur\u00f3 que los \u00faltimos episodios de vacunados de privilegio tuvieron un impacto fuerte<\/p>\n","protected":false},"author":2,"featured_media":74685,"comment_status":"closed","ping_status":"open","sticky":false,"template":"","format":"standard","meta":{"footnotes":""},"categories":[199],"tags":[3037],"class_list":["post-74684","post","type-post","status-publish","format-standard","has-post-thumbnail","hentry","category-inferior7","tag-encuesta-por-la-polemica"],"featured_image_urls":{"full":["https:\/\/infoecos.com.ar\/wp-content\/uploads\/2021\/02\/fornoni.png",829,466,false],"thumbnail":["https:\/\/infoecos.com.ar\/wp-content\/uploads\/2021\/02\/fornoni-150x150.png",150,150,true],"medium":["https:\/\/infoecos.com.ar\/wp-content\/uploads\/2021\/02\/fornoni-460x259.png",460,259,true],"medium_large":["https:\/\/infoecos.com.ar\/wp-content\/uploads\/2021\/02\/fornoni-768x432.png",640,360,true],"large":["https:\/\/infoecos.com.ar\/wp-content\/uploads\/2021\/02\/fornoni.png",640,360,false],"1536x1536":["https:\/\/infoecos.com.ar\/wp-content\/uploads\/2021\/02\/fornoni.png",829,466,false],"2048x2048":["https:\/\/infoecos.com.ar\/wp-content\/uploads\/2021\/02\/fornoni.png",829,466,false],"covernews-slider-full":["https:\/\/infoecos.com.ar\/wp-content\/uploads\/2021\/02\/fornoni.png",829,466,false],"covernews-slider-center":["https:\/\/infoecos.com.ar\/wp-content\/uploads\/2021\/02\/fornoni.png",800,450,false],"covernews-featured":["https:\/\/infoecos.com.ar\/wp-content\/uploads\/2021\/02\/fornoni.png",829,466,false],"covernews-medium":["https:\/\/infoecos.com.ar\/wp-content\/uploads\/2021\/02\/fornoni-720x380.png",540,285,true],"covernews-medium-square":["https:\/\/infoecos.com.ar\/wp-content\/uploads\/2021\/02\/fornoni-675x450.png",375,250,true]},"author_info":{"info":["Jorge Matheus"]},"category_info":"<a href=\"https:\/\/infoecos.com.ar\/index.php\/category\/inferior7\/\" rel=\"category tag\">Bloque inferior - 7<\/a>","tag_info":"Bloque inferior - 7","comment_count":"0","_links":{"self":[{"href":"https:\/\/infoecos.com.ar\/index.php\/wp-json\/wp\/v2\/posts\/74684","targetHints":{"allow":["GET"]}}],"collection":[{"href":"https:\/\/infoecos.com.ar\/index.php\/wp-json\/wp\/v2\/posts"}],"about":[{"href":"https:\/\/infoecos.com.ar\/index.php\/wp-json\/wp\/v2\/types\/post"}],"author":[{"embeddable":true,"href":"https:\/\/infoecos.com.ar\/index.php\/wp-json\/wp\/v2\/users\/2"}],"replies":[{"embeddable":true,"href":"https:\/\/infoecos.com.ar\/index.php\/wp-json\/wp\/v2\/comments?post=74684"}],"version-history":[{"count":1,"href":"https:\/\/infoecos.com.ar\/index.php\/wp-json\/wp\/v2\/posts\/74684\/revisions"}],"predecessor-version":[{"id":74687,"href":"https:\/\/infoecos.com.ar\/index.php\/wp-json\/wp\/v2\/posts\/74684\/revisions\/74687"}],"wp:featuredmedia":[{"embeddable":true,"href":"https:\/\/infoecos.com.ar\/index.php\/wp-json\/wp\/v2\/media\/74685"}],"wp:attachment":[{"href":"https:\/\/infoecos.com.ar\/index.php\/wp-json\/wp\/v2\/media?parent=74684"}],"wp:term":[{"taxonomy":"category","embeddable":true,"href":"https:\/\/infoecos.com.ar\/index.php\/wp-json\/wp\/v2\/categories?post=74684"},{"taxonomy":"post_tag","embeddable":true,"href":"https:\/\/infoecos.com.ar\/index.php\/wp-json\/wp\/v2\/tags?post=74684"}],"curies":[{"name":"wp","href":"https:\/\/api.w.org\/{rel}","templated":true}]}}