{"id":74729,"date":"2021-02-23T13:11:38","date_gmt":"2021-02-23T16:11:38","guid":{"rendered":"http:\/\/infoecos.com.ar\/?p=74729"},"modified":"2021-02-25T03:46:13","modified_gmt":"2021-02-25T06:46:13","slug":"autorizan-el-registro-general-de-subastas-judiciales-en-el-departamento-judicial-trenque-lauquen","status":"publish","type":"post","link":"https:\/\/infoecos.com.ar\/index.php\/autorizan-el-registro-general-de-subastas-judiciales-en-el-departamento-judicial-trenque-lauquen\/","title":{"rendered":"Autorizan el Registro General de Subastas Judiciales en el Departamento Judicial Trenque Lauquen"},"content":{"rendered":"\n<p class=\"wp-block-paragraph\">La Suprema Corte de Justicia de Buenos Aires resolvi\u00f3 mediante la <strong>Resoluci\u00f3n SPL n\u00ba 118\/21<\/strong> establecer el lunes 8 de marzo pr\u00f3ximo como fecha de comienzo de actividades del<strong>&nbsp;Registro General de Subastas Judiciales<\/strong> en el Departamento Judicial de Trenque Lauquen.<\/p>\n\n\n\n<div class=\"wp-block-image\"><figure class=\"aligncenter size-medium\"><img decoding=\"async\" src=\"http:\/\/infoecos.com.ar\/wp-content\/uploads\/La_Plata_-_Palacio_de_Justicia_-_20090103-05-460x306.jpg\" alt=\"\" class=\"wp-image-56873\"\/><figcaption>Suprema Corte de Justicia Buenos Aires<\/figcaption><\/figure><\/div>\n\n\n\n<p class=\"wp-block-paragraph\">De esta manera culminan exitosamente las gestiones realizadas en conjunto por el Colegio de Abogados de la provincia de Buenos Aires, el Colegio de Abogados del Departamento Judicial Trenque Lauquen y el Colegio de Martilleros y Corredores P\u00fablicos de Trenque Lauquen.<\/p>\n\n\n\n<p class=\"wp-block-paragraph\">Participaron activamente en las gestiones los presidentes de ambos organismos que nuclean a los profesionales de ambas partes, Doctor Hugo Palomeque y Carlos Prono, respectivamente. <\/p>\n\n\n\n<p class=\"wp-block-paragraph\">La Resoluci\u00f3n del m\u00e1ximo tribunal es del jueves 18 de febrero pasado. Se le asigna particular relevancia porque el de Trenque Lauquen era uno de los cinco departamentos judiciales a los que faltaba autorizar. Tambi\u00e9n se incluy\u00f3 a los de Dolores, Moreno-General Rodr\u00edguez y San Nicol\u00e1s.<\/p>\n\n\n\n<p class=\"wp-block-paragraph\">Este sistema&nbsp;proporciona un punto de acceso \u00fanico y seguro de toda la informaci\u00f3n inherente a la realizaci\u00f3n de subastas judiciales permitiendo el seguimiento y la participaci\u00f3n ciudadana a trav\u00e9s de Internet.<\/p>\n\n\n\n<p class=\"wp-block-paragraph\"><\/p>\n","protected":false},"excerpt":{"rendered":"<p>Gestiones en conjunto del Colegio de Abogados del Departamento Judicial Trenque Lauquen y el Colegio de Martilleros y Corredores P\u00fablicos de Trenque Lauquen<\/p>\n","protected":false},"author":2,"featured_media":56873,"comment_status":"closed","ping_status":"open","sticky":false,"template":"","format":"standard","meta":{"footnotes":""},"categories":[199],"tags":[3046],"class_list":["post-74729","post","type-post","status-publish","format-standard","has-post-thumbnail","hentry","category-inferior7","tag-desde-el-8-de-marzo-proximo"],"featured_image_urls":{"full":"","thumbnail":"","medium":"","medium_large":"","large":"","1536x1536":"","2048x2048":"","covernews-slider-full":"","covernews-slider-center":"","covernews-featured":"","covernews-medium":"","covernews-medium-square":""},"author_info":{"info":["Jorge Matheus"]},"category_info":"<a href=\"https:\/\/infoecos.com.ar\/index.php\/category\/inferior7\/\" rel=\"category tag\">Bloque inferior - 7<\/a>","tag_info":"Bloque inferior - 7","comment_count":"0","_links":{"self":[{"href":"https:\/\/infoecos.com.ar\/index.php\/wp-json\/wp\/v2\/posts\/74729","targetHints":{"allow":["GET"]}}],"collection":[{"href":"https:\/\/infoecos.com.ar\/index.php\/wp-json\/wp\/v2\/posts"}],"about":[{"href":"https:\/\/infoecos.com.ar\/index.php\/wp-json\/wp\/v2\/types\/post"}],"author":[{"embeddable":true,"href":"https:\/\/infoecos.com.ar\/index.php\/wp-json\/wp\/v2\/users\/2"}],"replies":[{"embeddable":true,"href":"https:\/\/infoecos.com.ar\/index.php\/wp-json\/wp\/v2\/comments?post=74729"}],"version-history":[{"count":3,"href":"https:\/\/infoecos.com.ar\/index.php\/wp-json\/wp\/v2\/posts\/74729\/revisions"}],"predecessor-version":[{"id":74813,"href":"https:\/\/infoecos.com.ar\/index.php\/wp-json\/wp\/v2\/posts\/74729\/revisions\/74813"}],"wp:attachment":[{"href":"https:\/\/infoecos.com.ar\/index.php\/wp-json\/wp\/v2\/media?parent=74729"}],"wp:term":[{"taxonomy":"category","embeddable":true,"href":"https:\/\/infoecos.com.ar\/index.php\/wp-json\/wp\/v2\/categories?post=74729"},{"taxonomy":"post_tag","embeddable":true,"href":"https:\/\/infoecos.com.ar\/index.php\/wp-json\/wp\/v2\/tags?post=74729"}],"curies":[{"name":"wp","href":"https:\/\/api.w.org\/{rel}","templated":true}]}}