{"id":74802,"date":"2021-02-24T01:43:59","date_gmt":"2021-02-24T04:43:59","guid":{"rendered":"http:\/\/infoecos.com.ar\/?p=74802"},"modified":"2021-02-25T03:30:36","modified_gmt":"2021-02-25T06:30:36","slug":"vacunacion-a-docentes-que-dependen-del-ministerio-de-educacion-de-la-nacion","status":"publish","type":"post","link":"https:\/\/infoecos.com.ar\/index.php\/vacunacion-a-docentes-que-dependen-del-ministerio-de-educacion-de-la-nacion\/","title":{"rendered":"Vacunaci\u00f3n a docentes que dependen del ministerio de Educaci\u00f3n de la Naci\u00f3n"},"content":{"rendered":"\n<p>La ministra de Salud, Carla Vizzotti, anunci\u00f3 el comienzo de la campa\u00f1a de vacunaci\u00f3n contra el coronavirus para el personal docente, que ser\u00e1 inmunizado con las dosis del laboratorio chino Sinopharm y dividido en cinco grupos prioritarios.<\/p>\n\n\n\n<div class=\"wp-block-image\"><figure class=\"aligncenter size-medium\"><img loading=\"lazy\" decoding=\"async\" width=\"460\" height=\"259\" src=\"http:\/\/infoecos.com.ar\/wp-content\/uploads\/2021\/02\/VIZZOTTICAFIERO-460x259.jpg\" alt=\"\" class=\"wp-image-74803\" srcset=\"https:\/\/infoecos.com.ar\/wp-content\/uploads\/2021\/02\/VIZZOTTICAFIERO-460x259.jpg 460w, https:\/\/infoecos.com.ar\/wp-content\/uploads\/2021\/02\/VIZZOTTICAFIERO-920x518.jpg 920w, https:\/\/infoecos.com.ar\/wp-content\/uploads\/2021\/02\/VIZZOTTICAFIERO-768x432.jpg 768w, https:\/\/infoecos.com.ar\/wp-content\/uploads\/2021\/02\/VIZZOTTICAFIERO.jpg 1004w\" sizes=\"(max-width: 460px) 100vw, 460px\" \/><\/figure><\/div>\n\n\n\n<p>Vizzotti hizo el anuncio durante la reuni\u00f3n del Consejo Federal de Salud (Cofesa), poco despu\u00e9s del despegue de un vuelo de Aerol\u00edneas Argentinas con destino a Beijing para traer al pa\u00eds 904.000 dosis de la vacuna de Sinopharm.<\/p>\n\n\n\n<p>Vizzotti y el jefe de Gabinete, Santiago Cafiero, confirmaron ante los titulares de las carteras de Salud de todo el pa\u00eds el inicio de la inoculaci\u00f3n del personal docente a partir del arribo, el jueves, de la vacuna SARS COV-2, desarrollada en China.<\/p>\n\n\n\n<p>\u00abSe ha decido destinar las vacunas de Sinopharm al personal docente y no docente de las escuelas, que abarca una poblaci\u00f3n total de 1.458.000 en todo el pa\u00eds\u00bb, destac\u00f3, por su parte, el ministro de Educaci\u00f3n, Nicol\u00e1s Trotta, quien afirm\u00f3 que, de este modo, quedaron ratificados los \u00abconsensos construidos en el seno del Consejo Federal de Educaci\u00f3n\u00bb.<\/p>\n","protected":false},"excerpt":{"rendered":"<p>Vizzotti hizo el anuncio durante la reuni\u00f3n del Consejo Federal de Salud (Cofesa), poco despu\u00e9s del despegue de un vuelo de Aerol\u00edneas Argentinas<\/p>\n","protected":false},"author":2,"featured_media":74803,"comment_status":"closed","ping_status":"open","sticky":false,"template":"","format":"standard","meta":{"footnotes":""},"categories":[40],"tags":[3058],"class_list":["post-74802","post","type-post","status-publish","format-standard","has-post-thumbnail","hentry","category-inferior1","tag-llegaran-904-mil-dosis-de-china"],"yoast_head":"<!-- This site is optimized with the Yoast SEO plugin v23.4 - https:\/\/yoast.com\/wordpress\/plugins\/seo\/ -->\n<title>Vacunaci\u00f3n a docentes que dependen del ministerio de Educaci\u00f3n de la Naci\u00f3n - Infoecos<\/title>\n<meta name=\"robots\" content=\"index, follow, max-snippet:-1, max-image-preview:large, max-video-preview:-1\" \/>\n<link rel=\"canonical\" href=\"https:\/\/infoecos.com.ar\/index.php\/vacunacion-a-docentes-que-dependen-del-ministerio-de-educacion-de-la-nacion\/\" \/>\n<meta property=\"og:locale\" content=\"es_ES\" \/>\n<meta property=\"og:type\" content=\"article\" \/>\n<meta property=\"og:title\" content=\"Vacunaci\u00f3n a docentes que dependen del ministerio de Educaci\u00f3n de la Naci\u00f3n - Infoecos\" \/>\n<meta property=\"og:description\" content=\"Vizzotti hizo el anuncio durante la reuni\u00f3n del Consejo Federal de Salud (Cofesa), poco despu\u00e9s del despegue de un vuelo de Aerol\u00edneas Argentinas\" \/>\n<meta property=\"og:url\" content=\"https:\/\/infoecos.com.ar\/index.php\/vacunacion-a-docentes-que-dependen-del-ministerio-de-educacion-de-la-nacion\/\" \/>\n<meta property=\"og:site_name\" content=\"Infoecos\" \/>\n<meta property=\"article:publisher\" content=\"https:\/\/www.facebook.com\/profile.php?id=100063200290284\" \/>\n<meta property=\"article:published_time\" content=\"2021-02-24T04:43:59+00:00\" \/>\n<meta property=\"article:modified_time\" content=\"2021-02-25T06:30:36+00:00\" \/>\n<meta property=\"og:image\" content=\"https:\/\/infoecos.com.ar\/wp-content\/uploads\/2021\/02\/VIZZOTTICAFIERO.jpg\" \/>\n\t<meta property=\"og:image:width\" content=\"1004\" \/>\n\t<meta property=\"og:image:height\" content=\"565\" \/>\n\t<meta property=\"og:image:type\" content=\"image\/jpeg\" \/>\n<meta name=\"author\" content=\"Jorge Matheus\" \/>\n<meta name=\"twitter:card\" content=\"summary_large_image\" \/>\n<meta name=\"twitter:creator\" content=\"@infoecos\" \/>\n<meta name=\"twitter:site\" content=\"@infoecos\" \/>\n<meta name=\"twitter:label1\" content=\"Escrito por\" \/>\n\t<meta name=\"twitter:data1\" content=\"Jorge Matheus\" \/>\n\t<meta name=\"twitter:label2\" content=\"Tiempo de lectura\" \/>\n\t<meta name=\"twitter:data2\" content=\"1 minuto\" \/>\n<script type=\"application\/ld+json\" class=\"yoast-schema-graph\">{\"@context\":\"https:\/\/schema.org\",\"@graph\":[{\"@type\":\"Article\",\"@id\":\"https:\/\/infoecos.com.ar\/index.php\/vacunacion-a-docentes-que-dependen-del-ministerio-de-educacion-de-la-nacion\/#article\",\"isPartOf\":{\"@id\":\"https:\/\/infoecos.com.ar\/index.php\/vacunacion-a-docentes-que-dependen-del-ministerio-de-educacion-de-la-nacion\/\"},\"author\":{\"name\":\"Jorge Matheus\",\"@id\":\"https:\/\/infoecos.com.ar\/#\/schema\/person\/8f5ace5ce73b4b4aac4b7245aee6f191\"},\"headline\":\"Vacunaci\u00f3n a docentes que dependen del ministerio de Educaci\u00f3n de la Naci\u00f3n\",\"datePublished\":\"2021-02-24T04:43:59+00:00\",\"dateModified\":\"2021-02-25T06:30:36+00:00\",\"mainEntityOfPage\":{\"@id\":\"https:\/\/infoecos.com.ar\/index.php\/vacunacion-a-docentes-que-dependen-del-ministerio-de-educacion-de-la-nacion\/\"},\"wordCount\":201,\"publisher\":{\"@id\":\"https:\/\/infoecos.com.ar\/#organization\"},\"image\":{\"@id\":\"https:\/\/infoecos.com.ar\/index.php\/vacunacion-a-docentes-que-dependen-del-ministerio-de-educacion-de-la-nacion\/#primaryimage\"},\"thumbnailUrl\":\"https:\/\/infoecos.com.ar\/wp-content\/uploads\/2021\/02\/VIZZOTTICAFIERO.jpg\",\"keywords\":[\"LLEGAR\u00c1N 904 MIL DOSIS DE CHINA\"],\"articleSection\":[\"Bloque inferior - 1\"],\"inLanguage\":\"es\"},{\"@type\":\"WebPage\",\"@id\":\"https:\/\/infoecos.com.ar\/index.php\/vacunacion-a-docentes-que-dependen-del-ministerio-de-educacion-de-la-nacion\/\",\"url\":\"https:\/\/infoecos.com.ar\/index.php\/vacunacion-a-docentes-que-dependen-del-ministerio-de-educacion-de-la-nacion\/\",\"name\":\"Vacunaci\u00f3n a docentes que dependen del ministerio de Educaci\u00f3n de la Naci\u00f3n - Infoecos\",\"isPartOf\":{\"@id\":\"https:\/\/infoecos.com.ar\/#website\"},\"primaryImageOfPage\":{\"@id\":\"https:\/\/infoecos.com.ar\/index.php\/vacunacion-a-docentes-que-dependen-del-ministerio-de-educacion-de-la-nacion\/#primaryimage\"},\"image\":{\"@id\":\"https:\/\/infoecos.com.ar\/index.php\/vacunacion-a-docentes-que-dependen-del-ministerio-de-educacion-de-la-nacion\/#primaryimage\"},\"thumbnailUrl\":\"https:\/\/infoecos.com.ar\/wp-content\/uploads\/2021\/02\/VIZZOTTICAFIERO.jpg\",\"datePublished\":\"2021-02-24T04:43:59+00:00\",\"dateModified\":\"2021-02-25T06:30:36+00:00\",\"breadcrumb\":{\"@id\":\"https:\/\/infoecos.com.ar\/index.php\/vacunacion-a-docentes-que-dependen-del-ministerio-de-educacion-de-la-nacion\/#breadcrumb\"},\"inLanguage\":\"es\",\"potentialAction\":[{\"@type\":\"ReadAction\",\"target\":[\"https:\/\/infoecos.com.ar\/index.php\/vacunacion-a-docentes-que-dependen-del-ministerio-de-educacion-de-la-nacion\/\"]}]},{\"@type\":\"ImageObject\",\"inLanguage\":\"es\",\"@id\":\"https:\/\/infoecos.com.ar\/index.php\/vacunacion-a-docentes-que-dependen-del-ministerio-de-educacion-de-la-nacion\/#primaryimage\",\"url\":\"https:\/\/infoecos.com.ar\/wp-content\/uploads\/2021\/02\/VIZZOTTICAFIERO.jpg\",\"contentUrl\":\"https:\/\/infoecos.com.ar\/wp-content\/uploads\/2021\/02\/VIZZOTTICAFIERO.jpg\",\"width\":1004,\"height\":565},{\"@type\":\"BreadcrumbList\",\"@id\":\"https:\/\/infoecos.com.ar\/index.php\/vacunacion-a-docentes-que-dependen-del-ministerio-de-educacion-de-la-nacion\/#breadcrumb\",\"itemListElement\":[{\"@type\":\"ListItem\",\"position\":1,\"name\":\"Portada\",\"item\":\"https:\/\/infoecos.com.ar\/\"},{\"@type\":\"ListItem\",\"position\":2,\"name\":\"Vacunaci\u00f3n a docentes que dependen del ministerio de Educaci\u00f3n de la Naci\u00f3n\"}]},{\"@type\":\"WebSite\",\"@id\":\"https:\/\/infoecos.com.ar\/#website\",\"url\":\"https:\/\/infoecos.com.ar\/\",\"name\":\"Infoecos\",\"description\":\"Noticias de trenque lauquen y la zona\",\"publisher\":{\"@id\":\"https:\/\/infoecos.com.ar\/#organization\"},\"alternateName\":\"Noticias\",\"potentialAction\":[{\"@type\":\"SearchAction\",\"target\":{\"@type\":\"EntryPoint\",\"urlTemplate\":\"https:\/\/infoecos.com.ar\/?s={search_term_string}\"},\"query-input\":{\"@type\":\"PropertyValueSpecification\",\"valueRequired\":true,\"valueName\":\"search_term_string\"}}],\"inLanguage\":\"es\"},{\"@type\":\"Organization\",\"@id\":\"https:\/\/infoecos.com.ar\/#organization\",\"name\":\"Infoecos\",\"alternateName\":\"Noticias\",\"url\":\"https:\/\/infoecos.com.ar\/\",\"logo\":{\"@type\":\"ImageObject\",\"inLanguage\":\"es\",\"@id\":\"https:\/\/infoecos.com.ar\/#\/schema\/logo\/image\/\",\"url\":\"https:\/\/infoecos.com.ar\/wp-content\/uploads\/2024\/03\/cropped-logo.png\",\"contentUrl\":\"https:\/\/infoecos.com.ar\/wp-content\/uploads\/2024\/03\/cropped-logo.png\",\"width\":374,\"height\":90,\"caption\":\"Infoecos\"},\"image\":{\"@id\":\"https:\/\/infoecos.com.ar\/#\/schema\/logo\/image\/\"},\"sameAs\":[\"https:\/\/www.facebook.com\/profile.php?id=100063200290284\",\"https:\/\/x.com\/infoecos\"]},{\"@type\":\"Person\",\"@id\":\"https:\/\/infoecos.com.ar\/#\/schema\/person\/8f5ace5ce73b4b4aac4b7245aee6f191\",\"name\":\"Jorge Matheus\",\"url\":\"https:\/\/infoecos.com.ar\/index.php\/author\/jomatheus\/\"}]}<\/script>\n<!-- \/ Yoast SEO plugin. -->","yoast_head_json":{"title":"Vacunaci\u00f3n a docentes que dependen del ministerio de Educaci\u00f3n de la Naci\u00f3n - Infoecos","robots":{"index":"index","follow":"follow","max-snippet":"max-snippet:-1","max-image-preview":"max-image-preview:large","max-video-preview":"max-video-preview:-1"},"canonical":"https:\/\/infoecos.com.ar\/index.php\/vacunacion-a-docentes-que-dependen-del-ministerio-de-educacion-de-la-nacion\/","og_locale":"es_ES","og_type":"article","og_title":"Vacunaci\u00f3n a docentes que dependen del ministerio de Educaci\u00f3n de la Naci\u00f3n - Infoecos","og_description":"Vizzotti hizo el anuncio durante la reuni\u00f3n del Consejo Federal de Salud (Cofesa), poco despu\u00e9s del despegue de un vuelo de Aerol\u00edneas Argentinas","og_url":"https:\/\/infoecos.com.ar\/index.php\/vacunacion-a-docentes-que-dependen-del-ministerio-de-educacion-de-la-nacion\/","og_site_name":"Infoecos","article_publisher":"https:\/\/www.facebook.com\/profile.php?id=100063200290284","article_published_time":"2021-02-24T04:43:59+00:00","article_modified_time":"2021-02-25T06:30:36+00:00","og_image":[{"width":1004,"height":565,"url":"https:\/\/infoecos.com.ar\/wp-content\/uploads\/2021\/02\/VIZZOTTICAFIERO.jpg","type":"image\/jpeg"}],"author":"Jorge Matheus","twitter_card":"summary_large_image","twitter_creator":"@infoecos","twitter_site":"@infoecos","twitter_misc":{"Escrito por":"Jorge Matheus","Tiempo de lectura":"1 minuto"},"schema":{"@context":"https:\/\/schema.org","@graph":[{"@type":"Article","@id":"https:\/\/infoecos.com.ar\/index.php\/vacunacion-a-docentes-que-dependen-del-ministerio-de-educacion-de-la-nacion\/#article","isPartOf":{"@id":"https:\/\/infoecos.com.ar\/index.php\/vacunacion-a-docentes-que-dependen-del-ministerio-de-educacion-de-la-nacion\/"},"author":{"name":"Jorge Matheus","@id":"https:\/\/infoecos.com.ar\/#\/schema\/person\/8f5ace5ce73b4b4aac4b7245aee6f191"},"headline":"Vacunaci\u00f3n a docentes que dependen del ministerio de Educaci\u00f3n de la Naci\u00f3n","datePublished":"2021-02-24T04:43:59+00:00","dateModified":"2021-02-25T06:30:36+00:00","mainEntityOfPage":{"@id":"https:\/\/infoecos.com.ar\/index.php\/vacunacion-a-docentes-que-dependen-del-ministerio-de-educacion-de-la-nacion\/"},"wordCount":201,"publisher":{"@id":"https:\/\/infoecos.com.ar\/#organization"},"image":{"@id":"https:\/\/infoecos.com.ar\/index.php\/vacunacion-a-docentes-que-dependen-del-ministerio-de-educacion-de-la-nacion\/#primaryimage"},"thumbnailUrl":"https:\/\/infoecos.com.ar\/wp-content\/uploads\/2021\/02\/VIZZOTTICAFIERO.jpg","keywords":["LLEGAR\u00c1N 904 MIL DOSIS DE CHINA"],"articleSection":["Bloque inferior - 1"],"inLanguage":"es"},{"@type":"WebPage","@id":"https:\/\/infoecos.com.ar\/index.php\/vacunacion-a-docentes-que-dependen-del-ministerio-de-educacion-de-la-nacion\/","url":"https:\/\/infoecos.com.ar\/index.php\/vacunacion-a-docentes-que-dependen-del-ministerio-de-educacion-de-la-nacion\/","name":"Vacunaci\u00f3n a docentes que dependen del ministerio de Educaci\u00f3n de la Naci\u00f3n - Infoecos","isPartOf":{"@id":"https:\/\/infoecos.com.ar\/#website"},"primaryImageOfPage":{"@id":"https:\/\/infoecos.com.ar\/index.php\/vacunacion-a-docentes-que-dependen-del-ministerio-de-educacion-de-la-nacion\/#primaryimage"},"image":{"@id":"https:\/\/infoecos.com.ar\/index.php\/vacunacion-a-docentes-que-dependen-del-ministerio-de-educacion-de-la-nacion\/#primaryimage"},"thumbnailUrl":"https:\/\/infoecos.com.ar\/wp-content\/uploads\/2021\/02\/VIZZOTTICAFIERO.jpg","datePublished":"2021-02-24T04:43:59+00:00","dateModified":"2021-02-25T06:30:36+00:00","breadcrumb":{"@id":"https:\/\/infoecos.com.ar\/index.php\/vacunacion-a-docentes-que-dependen-del-ministerio-de-educacion-de-la-nacion\/#breadcrumb"},"inLanguage":"es","potentialAction":[{"@type":"ReadAction","target":["https:\/\/infoecos.com.ar\/index.php\/vacunacion-a-docentes-que-dependen-del-ministerio-de-educacion-de-la-nacion\/"]}]},{"@type":"ImageObject","inLanguage":"es","@id":"https:\/\/infoecos.com.ar\/index.php\/vacunacion-a-docentes-que-dependen-del-ministerio-de-educacion-de-la-nacion\/#primaryimage","url":"https:\/\/infoecos.com.ar\/wp-content\/uploads\/2021\/02\/VIZZOTTICAFIERO.jpg","contentUrl":"https:\/\/infoecos.com.ar\/wp-content\/uploads\/2021\/02\/VIZZOTTICAFIERO.jpg","width":1004,"height":565},{"@type":"BreadcrumbList","@id":"https:\/\/infoecos.com.ar\/index.php\/vacunacion-a-docentes-que-dependen-del-ministerio-de-educacion-de-la-nacion\/#breadcrumb","itemListElement":[{"@type":"ListItem","position":1,"name":"Portada","item":"https:\/\/infoecos.com.ar\/"},{"@type":"ListItem","position":2,"name":"Vacunaci\u00f3n a docentes que dependen del ministerio de Educaci\u00f3n de la Naci\u00f3n"}]},{"@type":"WebSite","@id":"https:\/\/infoecos.com.ar\/#website","url":"https:\/\/infoecos.com.ar\/","name":"Infoecos","description":"Noticias de trenque lauquen y la zona","publisher":{"@id":"https:\/\/infoecos.com.ar\/#organization"},"alternateName":"Noticias","potentialAction":[{"@type":"SearchAction","target":{"@type":"EntryPoint","urlTemplate":"https:\/\/infoecos.com.ar\/?s={search_term_string}"},"query-input":{"@type":"PropertyValueSpecification","valueRequired":true,"valueName":"search_term_string"}}],"inLanguage":"es"},{"@type":"Organization","@id":"https:\/\/infoecos.com.ar\/#organization","name":"Infoecos","alternateName":"Noticias","url":"https:\/\/infoecos.com.ar\/","logo":{"@type":"ImageObject","inLanguage":"es","@id":"https:\/\/infoecos.com.ar\/#\/schema\/logo\/image\/","url":"https:\/\/infoecos.com.ar\/wp-content\/uploads\/2024\/03\/cropped-logo.png","contentUrl":"https:\/\/infoecos.com.ar\/wp-content\/uploads\/2024\/03\/cropped-logo.png","width":374,"height":90,"caption":"Infoecos"},"image":{"@id":"https:\/\/infoecos.com.ar\/#\/schema\/logo\/image\/"},"sameAs":["https:\/\/www.facebook.com\/profile.php?id=100063200290284","https:\/\/x.com\/infoecos"]},{"@type":"Person","@id":"https:\/\/infoecos.com.ar\/#\/schema\/person\/8f5ace5ce73b4b4aac4b7245aee6f191","name":"Jorge Matheus","url":"https:\/\/infoecos.com.ar\/index.php\/author\/jomatheus\/"}]}},"featured_image_urls":{"full":["https:\/\/infoecos.com.ar\/wp-content\/uploads\/2021\/02\/VIZZOTTICAFIERO.jpg",1004,565,false],"thumbnail":["https:\/\/infoecos.com.ar\/wp-content\/uploads\/2021\/02\/VIZZOTTICAFIERO-150x150.jpg",150,150,true],"medium":["https:\/\/infoecos.com.ar\/wp-content\/uploads\/2021\/02\/VIZZOTTICAFIERO-460x259.jpg",460,259,true],"medium_large":["https:\/\/infoecos.com.ar\/wp-content\/uploads\/2021\/02\/VIZZOTTICAFIERO-768x432.jpg",640,360,true],"large":["https:\/\/infoecos.com.ar\/wp-content\/uploads\/2021\/02\/VIZZOTTICAFIERO-920x518.jpg",640,360,true],"1536x1536":["https:\/\/infoecos.com.ar\/wp-content\/uploads\/2021\/02\/VIZZOTTICAFIERO.jpg",1004,565,false],"2048x2048":["https:\/\/infoecos.com.ar\/wp-content\/uploads\/2021\/02\/VIZZOTTICAFIERO.jpg",1004,565,false],"covernews-slider-full":["https:\/\/infoecos.com.ar\/wp-content\/uploads\/2021\/02\/VIZZOTTICAFIERO.jpg",1004,565,false],"covernews-slider-center":["https:\/\/infoecos.com.ar\/wp-content\/uploads\/2021\/02\/VIZZOTTICAFIERO-936x565.jpg",800,483,true],"covernews-featured":["https:\/\/infoecos.com.ar\/wp-content\/uploads\/2021\/02\/VIZZOTTICAFIERO.jpg",1004,565,false],"covernews-medium":["https:\/\/infoecos.com.ar\/wp-content\/uploads\/2021\/02\/VIZZOTTICAFIERO-720x380.jpg",540,285,true],"covernews-medium-square":["https:\/\/infoecos.com.ar\/wp-content\/uploads\/2021\/02\/VIZZOTTICAFIERO-675x450.jpg",375,250,true]},"author_info":{"info":["Jorge Matheus"]},"category_info":"<a href=\"https:\/\/infoecos.com.ar\/index.php\/category\/inferior1\/\" rel=\"category tag\">Bloque inferior - 1<\/a>","tag_info":"Bloque inferior - 1","comment_count":"0","_links":{"self":[{"href":"https:\/\/infoecos.com.ar\/index.php\/wp-json\/wp\/v2\/posts\/74802"}],"collection":[{"href":"https:\/\/infoecos.com.ar\/index.php\/wp-json\/wp\/v2\/posts"}],"about":[{"href":"https:\/\/infoecos.com.ar\/index.php\/wp-json\/wp\/v2\/types\/post"}],"author":[{"embeddable":true,"href":"https:\/\/infoecos.com.ar\/index.php\/wp-json\/wp\/v2\/users\/2"}],"replies":[{"embeddable":true,"href":"https:\/\/infoecos.com.ar\/index.php\/wp-json\/wp\/v2\/comments?post=74802"}],"version-history":[{"count":1,"href":"https:\/\/infoecos.com.ar\/index.php\/wp-json\/wp\/v2\/posts\/74802\/revisions"}],"predecessor-version":[{"id":74804,"href":"https:\/\/infoecos.com.ar\/index.php\/wp-json\/wp\/v2\/posts\/74802\/revisions\/74804"}],"wp:featuredmedia":[{"embeddable":true,"href":"https:\/\/infoecos.com.ar\/index.php\/wp-json\/wp\/v2\/media\/74803"}],"wp:attachment":[{"href":"https:\/\/infoecos.com.ar\/index.php\/wp-json\/wp\/v2\/media?parent=74802"}],"wp:term":[{"taxonomy":"category","embeddable":true,"href":"https:\/\/infoecos.com.ar\/index.php\/wp-json\/wp\/v2\/categories?post=74802"},{"taxonomy":"post_tag","embeddable":true,"href":"https:\/\/infoecos.com.ar\/index.php\/wp-json\/wp\/v2\/tags?post=74802"}],"curies":[{"name":"wp","href":"https:\/\/api.w.org\/{rel}","templated":true}]}}