{"id":74851,"date":"2021-02-25T02:50:06","date_gmt":"2021-02-25T05:50:06","guid":{"rendered":"http:\/\/infoecos.com.ar\/?p=74851"},"modified":"2021-02-26T00:52:05","modified_gmt":"2021-02-26T03:52:05","slug":"este-jueves-se-inicia-el-festival-nacional-de-folklore-en-pasteur","status":"publish","type":"post","link":"https:\/\/infoecos.com.ar\/index.php\/este-jueves-se-inicia-el-festival-nacional-de-folklore-en-pasteur\/","title":{"rendered":"Este jueves se inicia el Festival Nacional de Folklore en Pasteur"},"content":{"rendered":"\n<p>Desde este jueves 25 al domingo 28 de febrero se realizar\u00e1 la vig\u00e9simo novena edici\u00f3n del Festival Nacional de Folklore en Pasteur, distrito de Lincoln. Se desarrollar\u00e1 bajo el cumplimiento de los estrictos protocolos dispuestos en el marco de la pandemia de COVID-19.<\/p>\n\n\n\n<div class=\"wp-block-image\"><figure class=\"aligncenter size-medium\"><img decoding=\"async\" src=\"http:\/\/infoecos.com.ar\/wp-content\/uploads\/20160327104723_pasteur-460x275.jpg\" alt=\"Pasteur\" class=\"wp-image-23618\"\/><figcaption>Pasteur <\/figcaption><\/figure><\/div>\n\n\n\n<p>Desde la organizaci\u00f3n indicaron que la apertura oficial del festival tendr\u00e1 lugar este jueves, a las 22 horas, con la presentaci\u00f3n de Isabel Pe\u00f1a, Luc\u00eda Modad, D\u00fao Sin Rumbo y Mart\u00edn Schenk.<\/p>\n\n\n\n<p>El viernes 26 la segunda jornada contar\u00e1 con la participaci\u00f3n de la pareja de baile \u201cDanza Guairaluna\u201d, Julio Ju\u00e1rez, Los Pacheco, Quinteto Cler con Anabela Fern\u00e1ndez. En tanto, el s\u00e1bado 27 subir\u00e1n al escenario el grupo Aymara, Omar Gonzalves y Por Tres Folklore.<\/p>\n\n\n\n<p>El cierre estelar de la 29\u00b0 edici\u00f3n de esta tradicional fiesta estar\u00e1 a cargo de un cuerpo de baile local, la actuaci\u00f3n de Tito Acu\u00f1a, Ma\u00f1anas del Tropel y Herederos.<\/p>\n\n\n\n<p>Cabe destacar que este evento cuenta con el apoyo de la Municipalidad de Lincoln, a trav\u00e9s de la Secretar\u00eda de Cultura y Educaci\u00f3n.<\/p>\n\n\n\n<p>El ingreso al festival ser\u00e1 con capacidad reducida<\/p>\n","protected":false},"excerpt":{"rendered":"<p>Desde la organizaci\u00f3n indicaron que la apertura oficial del festival tendr\u00e1 lugar este jueves, a las 22 horas, con la presentaci\u00f3n de Isabel Pe\u00f1a, Luc\u00eda Modad, D\u00fao Sin Rumbo y Mart\u00edn Schenk<\/p>\n","protected":false},"author":2,"featured_media":23618,"comment_status":"closed","ping_status":"open","sticky":false,"template":"","format":"standard","meta":{"footnotes":""},"categories":[43],"tags":[3068],"class_list":["post-74851","post","type-post","status-publish","format-standard","has-post-thumbnail","hentry","category-inferior4","tag-distrito-de-lincoln"],"yoast_head":"<!-- This site is optimized with the Yoast SEO plugin v23.4 - https:\/\/yoast.com\/wordpress\/plugins\/seo\/ -->\n<title>Este jueves se inicia el Festival Nacional de Folklore en Pasteur - Infoecos<\/title>\n<meta name=\"robots\" content=\"index, follow, max-snippet:-1, max-image-preview:large, max-video-preview:-1\" \/>\n<link rel=\"canonical\" href=\"https:\/\/infoecos.com.ar\/index.php\/este-jueves-se-inicia-el-festival-nacional-de-folklore-en-pasteur\/\" \/>\n<meta property=\"og:locale\" content=\"es_ES\" \/>\n<meta property=\"og:type\" content=\"article\" \/>\n<meta property=\"og:title\" content=\"Este jueves se inicia el Festival Nacional de Folklore en Pasteur - Infoecos\" \/>\n<meta property=\"og:description\" content=\"Desde la organizaci\u00f3n indicaron que la apertura oficial del festival tendr\u00e1 lugar este jueves, a las 22 horas, con la presentaci\u00f3n de Isabel Pe\u00f1a, Luc\u00eda Modad, D\u00fao Sin Rumbo y Mart\u00edn Schenk\" \/>\n<meta property=\"og:url\" content=\"https:\/\/infoecos.com.ar\/index.php\/este-jueves-se-inicia-el-festival-nacional-de-folklore-en-pasteur\/\" \/>\n<meta property=\"og:site_name\" content=\"Infoecos\" \/>\n<meta property=\"article:publisher\" content=\"https:\/\/www.facebook.com\/profile.php?id=100063200290284\" \/>\n<meta property=\"article:published_time\" content=\"2021-02-25T05:50:06+00:00\" \/>\n<meta property=\"article:modified_time\" content=\"2021-02-26T03:52:05+00:00\" \/>\n<meta property=\"og:image\" content=\"https:\/\/infoecos.com.ar\/wp-content\/uploads\/20160327104723_pasteur.jpg\" \/>\n\t<meta property=\"og:image:width\" content=\"620\" \/>\n\t<meta property=\"og:image:height\" content=\"370\" \/>\n\t<meta property=\"og:image:type\" content=\"image\/jpeg\" \/>\n<meta name=\"author\" content=\"Jorge Matheus\" \/>\n<meta name=\"twitter:card\" content=\"summary_large_image\" \/>\n<meta name=\"twitter:creator\" content=\"@infoecos\" \/>\n<meta name=\"twitter:site\" content=\"@infoecos\" \/>\n<meta name=\"twitter:label1\" content=\"Escrito por\" \/>\n\t<meta name=\"twitter:data1\" content=\"Jorge Matheus\" \/>\n\t<meta name=\"twitter:label2\" content=\"Tiempo de lectura\" \/>\n\t<meta name=\"twitter:data2\" content=\"1 minuto\" \/>\n<script type=\"application\/ld+json\" class=\"yoast-schema-graph\">{\"@context\":\"https:\/\/schema.org\",\"@graph\":[{\"@type\":\"Article\",\"@id\":\"https:\/\/infoecos.com.ar\/index.php\/este-jueves-se-inicia-el-festival-nacional-de-folklore-en-pasteur\/#article\",\"isPartOf\":{\"@id\":\"https:\/\/infoecos.com.ar\/index.php\/este-jueves-se-inicia-el-festival-nacional-de-folklore-en-pasteur\/\"},\"author\":{\"name\":\"Jorge Matheus\",\"@id\":\"https:\/\/infoecos.com.ar\/#\/schema\/person\/8f5ace5ce73b4b4aac4b7245aee6f191\"},\"headline\":\"Este jueves se inicia el Festival Nacional de Folklore en Pasteur\",\"datePublished\":\"2021-02-25T05:50:06+00:00\",\"dateModified\":\"2021-02-26T03:52:05+00:00\",\"mainEntityOfPage\":{\"@id\":\"https:\/\/infoecos.com.ar\/index.php\/este-jueves-se-inicia-el-festival-nacional-de-folklore-en-pasteur\/\"},\"wordCount\":205,\"publisher\":{\"@id\":\"https:\/\/infoecos.com.ar\/#organization\"},\"image\":{\"@id\":\"https:\/\/infoecos.com.ar\/index.php\/este-jueves-se-inicia-el-festival-nacional-de-folklore-en-pasteur\/#primaryimage\"},\"thumbnailUrl\":\"\",\"keywords\":[\"DISTRITO DE LINCOLN\"],\"articleSection\":[\"Bloque inferior - 4\"],\"inLanguage\":\"es\"},{\"@type\":\"WebPage\",\"@id\":\"https:\/\/infoecos.com.ar\/index.php\/este-jueves-se-inicia-el-festival-nacional-de-folklore-en-pasteur\/\",\"url\":\"https:\/\/infoecos.com.ar\/index.php\/este-jueves-se-inicia-el-festival-nacional-de-folklore-en-pasteur\/\",\"name\":\"Este jueves se inicia el Festival Nacional de Folklore en Pasteur - Infoecos\",\"isPartOf\":{\"@id\":\"https:\/\/infoecos.com.ar\/#website\"},\"primaryImageOfPage\":{\"@id\":\"https:\/\/infoecos.com.ar\/index.php\/este-jueves-se-inicia-el-festival-nacional-de-folklore-en-pasteur\/#primaryimage\"},\"image\":{\"@id\":\"https:\/\/infoecos.com.ar\/index.php\/este-jueves-se-inicia-el-festival-nacional-de-folklore-en-pasteur\/#primaryimage\"},\"thumbnailUrl\":\"\",\"datePublished\":\"2021-02-25T05:50:06+00:00\",\"dateModified\":\"2021-02-26T03:52:05+00:00\",\"breadcrumb\":{\"@id\":\"https:\/\/infoecos.com.ar\/index.php\/este-jueves-se-inicia-el-festival-nacional-de-folklore-en-pasteur\/#breadcrumb\"},\"inLanguage\":\"es\",\"potentialAction\":[{\"@type\":\"ReadAction\",\"target\":[\"https:\/\/infoecos.com.ar\/index.php\/este-jueves-se-inicia-el-festival-nacional-de-folklore-en-pasteur\/\"]}]},{\"@type\":\"ImageObject\",\"inLanguage\":\"es\",\"@id\":\"https:\/\/infoecos.com.ar\/index.php\/este-jueves-se-inicia-el-festival-nacional-de-folklore-en-pasteur\/#primaryimage\",\"url\":\"\",\"contentUrl\":\"\"},{\"@type\":\"BreadcrumbList\",\"@id\":\"https:\/\/infoecos.com.ar\/index.php\/este-jueves-se-inicia-el-festival-nacional-de-folklore-en-pasteur\/#breadcrumb\",\"itemListElement\":[{\"@type\":\"ListItem\",\"position\":1,\"name\":\"Portada\",\"item\":\"https:\/\/infoecos.com.ar\/\"},{\"@type\":\"ListItem\",\"position\":2,\"name\":\"Este jueves se inicia el Festival Nacional de Folklore en Pasteur\"}]},{\"@type\":\"WebSite\",\"@id\":\"https:\/\/infoecos.com.ar\/#website\",\"url\":\"https:\/\/infoecos.com.ar\/\",\"name\":\"Infoecos\",\"description\":\"Noticias de trenque lauquen y la zona\",\"publisher\":{\"@id\":\"https:\/\/infoecos.com.ar\/#organization\"},\"alternateName\":\"Noticias\",\"potentialAction\":[{\"@type\":\"SearchAction\",\"target\":{\"@type\":\"EntryPoint\",\"urlTemplate\":\"https:\/\/infoecos.com.ar\/?s={search_term_string}\"},\"query-input\":{\"@type\":\"PropertyValueSpecification\",\"valueRequired\":true,\"valueName\":\"search_term_string\"}}],\"inLanguage\":\"es\"},{\"@type\":\"Organization\",\"@id\":\"https:\/\/infoecos.com.ar\/#organization\",\"name\":\"Infoecos\",\"alternateName\":\"Noticias\",\"url\":\"https:\/\/infoecos.com.ar\/\",\"logo\":{\"@type\":\"ImageObject\",\"inLanguage\":\"es\",\"@id\":\"https:\/\/infoecos.com.ar\/#\/schema\/logo\/image\/\",\"url\":\"https:\/\/infoecos.com.ar\/wp-content\/uploads\/2024\/03\/cropped-logo.png\",\"contentUrl\":\"https:\/\/infoecos.com.ar\/wp-content\/uploads\/2024\/03\/cropped-logo.png\",\"width\":374,\"height\":90,\"caption\":\"Infoecos\"},\"image\":{\"@id\":\"https:\/\/infoecos.com.ar\/#\/schema\/logo\/image\/\"},\"sameAs\":[\"https:\/\/www.facebook.com\/profile.php?id=100063200290284\",\"https:\/\/x.com\/infoecos\"]},{\"@type\":\"Person\",\"@id\":\"https:\/\/infoecos.com.ar\/#\/schema\/person\/8f5ace5ce73b4b4aac4b7245aee6f191\",\"name\":\"Jorge Matheus\",\"url\":\"https:\/\/infoecos.com.ar\/index.php\/author\/jomatheus\/\"}]}<\/script>\n<!-- \/ Yoast SEO plugin. -->","yoast_head_json":{"title":"Este jueves se inicia el Festival Nacional de Folklore en Pasteur - Infoecos","robots":{"index":"index","follow":"follow","max-snippet":"max-snippet:-1","max-image-preview":"max-image-preview:large","max-video-preview":"max-video-preview:-1"},"canonical":"https:\/\/infoecos.com.ar\/index.php\/este-jueves-se-inicia-el-festival-nacional-de-folklore-en-pasteur\/","og_locale":"es_ES","og_type":"article","og_title":"Este jueves se inicia el Festival Nacional de Folklore en Pasteur - Infoecos","og_description":"Desde la organizaci\u00f3n indicaron que la apertura oficial del festival tendr\u00e1 lugar este jueves, a las 22 horas, con la presentaci\u00f3n de Isabel Pe\u00f1a, Luc\u00eda Modad, D\u00fao Sin Rumbo y Mart\u00edn Schenk","og_url":"https:\/\/infoecos.com.ar\/index.php\/este-jueves-se-inicia-el-festival-nacional-de-folklore-en-pasteur\/","og_site_name":"Infoecos","article_publisher":"https:\/\/www.facebook.com\/profile.php?id=100063200290284","article_published_time":"2021-02-25T05:50:06+00:00","article_modified_time":"2021-02-26T03:52:05+00:00","og_image":[{"width":620,"height":370,"url":"https:\/\/infoecos.com.ar\/wp-content\/uploads\/20160327104723_pasteur.jpg","type":"image\/jpeg"}],"author":"Jorge Matheus","twitter_card":"summary_large_image","twitter_creator":"@infoecos","twitter_site":"@infoecos","twitter_misc":{"Escrito por":"Jorge Matheus","Tiempo de lectura":"1 minuto"},"schema":{"@context":"https:\/\/schema.org","@graph":[{"@type":"Article","@id":"https:\/\/infoecos.com.ar\/index.php\/este-jueves-se-inicia-el-festival-nacional-de-folklore-en-pasteur\/#article","isPartOf":{"@id":"https:\/\/infoecos.com.ar\/index.php\/este-jueves-se-inicia-el-festival-nacional-de-folklore-en-pasteur\/"},"author":{"name":"Jorge Matheus","@id":"https:\/\/infoecos.com.ar\/#\/schema\/person\/8f5ace5ce73b4b4aac4b7245aee6f191"},"headline":"Este jueves se inicia el Festival Nacional de Folklore en Pasteur","datePublished":"2021-02-25T05:50:06+00:00","dateModified":"2021-02-26T03:52:05+00:00","mainEntityOfPage":{"@id":"https:\/\/infoecos.com.ar\/index.php\/este-jueves-se-inicia-el-festival-nacional-de-folklore-en-pasteur\/"},"wordCount":205,"publisher":{"@id":"https:\/\/infoecos.com.ar\/#organization"},"image":{"@id":"https:\/\/infoecos.com.ar\/index.php\/este-jueves-se-inicia-el-festival-nacional-de-folklore-en-pasteur\/#primaryimage"},"thumbnailUrl":"","keywords":["DISTRITO DE LINCOLN"],"articleSection":["Bloque inferior - 4"],"inLanguage":"es"},{"@type":"WebPage","@id":"https:\/\/infoecos.com.ar\/index.php\/este-jueves-se-inicia-el-festival-nacional-de-folklore-en-pasteur\/","url":"https:\/\/infoecos.com.ar\/index.php\/este-jueves-se-inicia-el-festival-nacional-de-folklore-en-pasteur\/","name":"Este jueves se inicia el Festival Nacional de Folklore en Pasteur - Infoecos","isPartOf":{"@id":"https:\/\/infoecos.com.ar\/#website"},"primaryImageOfPage":{"@id":"https:\/\/infoecos.com.ar\/index.php\/este-jueves-se-inicia-el-festival-nacional-de-folklore-en-pasteur\/#primaryimage"},"image":{"@id":"https:\/\/infoecos.com.ar\/index.php\/este-jueves-se-inicia-el-festival-nacional-de-folklore-en-pasteur\/#primaryimage"},"thumbnailUrl":"","datePublished":"2021-02-25T05:50:06+00:00","dateModified":"2021-02-26T03:52:05+00:00","breadcrumb":{"@id":"https:\/\/infoecos.com.ar\/index.php\/este-jueves-se-inicia-el-festival-nacional-de-folklore-en-pasteur\/#breadcrumb"},"inLanguage":"es","potentialAction":[{"@type":"ReadAction","target":["https:\/\/infoecos.com.ar\/index.php\/este-jueves-se-inicia-el-festival-nacional-de-folklore-en-pasteur\/"]}]},{"@type":"ImageObject","inLanguage":"es","@id":"https:\/\/infoecos.com.ar\/index.php\/este-jueves-se-inicia-el-festival-nacional-de-folklore-en-pasteur\/#primaryimage","url":"","contentUrl":""},{"@type":"BreadcrumbList","@id":"https:\/\/infoecos.com.ar\/index.php\/este-jueves-se-inicia-el-festival-nacional-de-folklore-en-pasteur\/#breadcrumb","itemListElement":[{"@type":"ListItem","position":1,"name":"Portada","item":"https:\/\/infoecos.com.ar\/"},{"@type":"ListItem","position":2,"name":"Este jueves se inicia el Festival Nacional de Folklore en Pasteur"}]},{"@type":"WebSite","@id":"https:\/\/infoecos.com.ar\/#website","url":"https:\/\/infoecos.com.ar\/","name":"Infoecos","description":"Noticias de trenque lauquen y la zona","publisher":{"@id":"https:\/\/infoecos.com.ar\/#organization"},"alternateName":"Noticias","potentialAction":[{"@type":"SearchAction","target":{"@type":"EntryPoint","urlTemplate":"https:\/\/infoecos.com.ar\/?s={search_term_string}"},"query-input":{"@type":"PropertyValueSpecification","valueRequired":true,"valueName":"search_term_string"}}],"inLanguage":"es"},{"@type":"Organization","@id":"https:\/\/infoecos.com.ar\/#organization","name":"Infoecos","alternateName":"Noticias","url":"https:\/\/infoecos.com.ar\/","logo":{"@type":"ImageObject","inLanguage":"es","@id":"https:\/\/infoecos.com.ar\/#\/schema\/logo\/image\/","url":"https:\/\/infoecos.com.ar\/wp-content\/uploads\/2024\/03\/cropped-logo.png","contentUrl":"https:\/\/infoecos.com.ar\/wp-content\/uploads\/2024\/03\/cropped-logo.png","width":374,"height":90,"caption":"Infoecos"},"image":{"@id":"https:\/\/infoecos.com.ar\/#\/schema\/logo\/image\/"},"sameAs":["https:\/\/www.facebook.com\/profile.php?id=100063200290284","https:\/\/x.com\/infoecos"]},{"@type":"Person","@id":"https:\/\/infoecos.com.ar\/#\/schema\/person\/8f5ace5ce73b4b4aac4b7245aee6f191","name":"Jorge Matheus","url":"https:\/\/infoecos.com.ar\/index.php\/author\/jomatheus\/"}]}},"featured_image_urls":{"full":"","thumbnail":"","medium":"","medium_large":"","large":"","1536x1536":"","2048x2048":"","covernews-slider-full":"","covernews-slider-center":"","covernews-featured":"","covernews-medium":"","covernews-medium-square":""},"author_info":{"info":["Jorge Matheus"]},"category_info":"<a href=\"https:\/\/infoecos.com.ar\/index.php\/category\/inferior4\/\" rel=\"category tag\">Bloque inferior - 4<\/a>","tag_info":"Bloque inferior - 4","comment_count":"0","_links":{"self":[{"href":"https:\/\/infoecos.com.ar\/index.php\/wp-json\/wp\/v2\/posts\/74851"}],"collection":[{"href":"https:\/\/infoecos.com.ar\/index.php\/wp-json\/wp\/v2\/posts"}],"about":[{"href":"https:\/\/infoecos.com.ar\/index.php\/wp-json\/wp\/v2\/types\/post"}],"author":[{"embeddable":true,"href":"https:\/\/infoecos.com.ar\/index.php\/wp-json\/wp\/v2\/users\/2"}],"replies":[{"embeddable":true,"href":"https:\/\/infoecos.com.ar\/index.php\/wp-json\/wp\/v2\/comments?post=74851"}],"version-history":[{"count":1,"href":"https:\/\/infoecos.com.ar\/index.php\/wp-json\/wp\/v2\/posts\/74851\/revisions"}],"predecessor-version":[{"id":74852,"href":"https:\/\/infoecos.com.ar\/index.php\/wp-json\/wp\/v2\/posts\/74851\/revisions\/74852"}],"wp:featuredmedia":[{"embeddable":true,"href":"https:\/\/infoecos.com.ar\/index.php\/wp-json\/"}],"wp:attachment":[{"href":"https:\/\/infoecos.com.ar\/index.php\/wp-json\/wp\/v2\/media?parent=74851"}],"wp:term":[{"taxonomy":"category","embeddable":true,"href":"https:\/\/infoecos.com.ar\/index.php\/wp-json\/wp\/v2\/categories?post=74851"},{"taxonomy":"post_tag","embeddable":true,"href":"https:\/\/infoecos.com.ar\/index.php\/wp-json\/wp\/v2\/tags?post=74851"}],"curies":[{"name":"wp","href":"https:\/\/api.w.org\/{rel}","templated":true}]}}