{"id":74853,"date":"2021-02-25T03:01:33","date_gmt":"2021-02-25T06:01:33","guid":{"rendered":"http:\/\/infoecos.com.ar\/?p=74853"},"modified":"2021-02-26T00:51:36","modified_gmt":"2021-02-26T03:51:36","slug":"trenque-lauquen-ya-tiene-un-sitio-oficial-con-musicos-locales","status":"publish","type":"post","link":"https:\/\/infoecos.com.ar\/index.php\/trenque-lauquen-ya-tiene-un-sitio-oficial-con-musicos-locales\/","title":{"rendered":"Trenque Lauquen ya tiene un sitio oficial con m\u00fasicos locales"},"content":{"rendered":"\n<p>La direcci\u00f3n de Cultura del Municipio de Trenque Lauquen realiz\u00f3 el lanzamiento de un sitio oficial digitalizado de todo el registro musical de Trenque Lauquen, que se encuentra en pleno proceso de armado, y que tiene como principal objetivo compilar y difundir el trabajo de los artistas locales de distintas \u00e9pocas, que sea de f\u00e1cil acceso para los medios de comunicaci\u00f3n y vecinos en general, y que permita resguardar en un solo lugar el patrimonio musical del distrito.<\/p>\n\n\n\n<div class=\"wp-block-image\"><figure class=\"aligncenter size-medium\"><img loading=\"lazy\" decoding=\"async\" width=\"460\" height=\"307\" src=\"http:\/\/infoecos.com.ar\/wp-content\/uploads\/2021\/02\/Conferencia-Cultura-460x307.jpg\" alt=\"\" class=\"wp-image-74854\" srcset=\"https:\/\/infoecos.com.ar\/wp-content\/uploads\/2021\/02\/Conferencia-Cultura-460x307.jpg 460w, https:\/\/infoecos.com.ar\/wp-content\/uploads\/2021\/02\/Conferencia-Cultura-768x512.jpg 768w, https:\/\/infoecos.com.ar\/wp-content\/uploads\/2021\/02\/Conferencia-Cultura-675x450.jpg 675w, https:\/\/infoecos.com.ar\/wp-content\/uploads\/2021\/02\/Conferencia-Cultura.jpg 852w\" sizes=\"(max-width: 460px) 100vw, 460px\" \/><\/figure><\/div>\n\n\n\n<p>A la plataforma virtual se puede acceder a trav\u00e9s de la p\u00e1gina oficial del Municipio, ingresando al Link: <strong>trenquelauquen.gov.ar\/\/m\u00fasica<\/strong>. El anuncio se hizo en el marco de una conferencia de prensa de la que participaron la directora de Cultura del Municipio, <strong>Mar\u00eda Elena Bocca<\/strong>, y los m\u00fasicos <strong>Pablo P\u00e9rez Zabala<\/strong> y <strong>Orlando Moro.<\/strong><\/p>\n\n\n\n<p>\u201cEsto surgi\u00f3 de una idea que nos acerc\u00f3 hace un tiempo Pablo P\u00e9rez Zabala, una persona que adem\u00e1s de conocida por su actividad profesional (como m\u00e9dico) es m\u00fasico\u201d, comenz\u00f3 diciendo la titular de Cultura, para se\u00f1alar que \u201ces interesante contar con un registro de toda la producci\u00f3n musical que se ha generado en Trenque Lauquen durante tantos a\u00f1os\u201d.<\/p>\n\n\n\n<p>Al respecto explic\u00f3 que \u201cla idea es que sea accesible a los medios de comunicaci\u00f3n para que en las tandas o cortes publicitarios se pueda pasar m\u00fasica local, tambi\u00e9n para musicalizar con los artistas nuestros una edici\u00f3n que se haga en un noticiero de televisi\u00f3n y que adem\u00e1s pueda estar a disposici\u00f3n de cualquier vecino de la comunidad que quiera escuchar la m\u00fasica nuestra\u201d.<\/p>\n\n\n\n<p>Bocca coment\u00f3 que \u00abya hemos incorporado a unos 40 m\u00fasicos, grupos, coros y recitadores, desde los Kcocho Massi hasta el Coro Juvenil de la Escuela Municipal de M\u00fasica que gan\u00f3 en varias oportunidades los Juegos Bonaerenses, m\u00fasica de rock, solitas y grupos folcl\u00f3ricos\u201d<\/p>\n\n\n\n<div class=\"wp-block-image\"><figure class=\"aligncenter size-medium\"><img loading=\"lazy\" decoding=\"async\" width=\"460\" height=\"307\" src=\"http:\/\/infoecos.com.ar\/wp-content\/uploads\/2021\/02\/Conferencia-Cultura-1-460x307.jpg\" alt=\"\" class=\"wp-image-74855\" srcset=\"https:\/\/infoecos.com.ar\/wp-content\/uploads\/2021\/02\/Conferencia-Cultura-1-460x307.jpg 460w, https:\/\/infoecos.com.ar\/wp-content\/uploads\/2021\/02\/Conferencia-Cultura-1-768x512.jpg 768w, https:\/\/infoecos.com.ar\/wp-content\/uploads\/2021\/02\/Conferencia-Cultura-1-675x450.jpg 675w, https:\/\/infoecos.com.ar\/wp-content\/uploads\/2021\/02\/Conferencia-Cultura-1.jpg 852w\" sizes=\"(max-width: 460px) 100vw, 460px\" \/><\/figure><\/div>\n\n\n\n<p>Pablo P\u00e9rez Zabala, ide\u00f3logo de la iniciativa, dijo que \u201cla idea de esto es que se haga esa p\u00e1gina y se recopile toda esa informaci\u00f3n y que no solo est\u00e9 a mano de la gente que lo quiera escuchar sino que es una forma de difundir el trabajo de muchos grupos que no tienen la posibilidad de bancarse la grabaci\u00f3n de un CD, y que es les sirva tambi\u00e9n de marketing cuando quieran presentarse en alguna localidad de la zona\u201d.<\/p>\n\n\n\n<p>Se\u00f1al\u00f3 que \u201cmientras esto sea una pol\u00edtica de Estado, que se mantenga en el tiempo, va a ser un elemento muy \u00fatil para los m\u00fasicos y la cultura de Trenque Lauquen\u201d.<\/p>\n\n\n\n<p>Orlando Moro dijo que \u201cestamos muy felices con esta idea de que Trenque Lauquen tenga este sitio oficial digitalizado de lo que es el patrimonio musical del distrito y que arranca con grabaciones del a\u00f1o `54 y `55, as\u00ed que hay mucho trabajo para hacer de la mitad del siglo XX para ac\u00e1\u201d.<\/p>\n\n\n\n<div class=\"wp-block-image\"><figure class=\"aligncenter size-medium\"><img loading=\"lazy\" decoding=\"async\" width=\"460\" height=\"307\" src=\"http:\/\/infoecos.com.ar\/wp-content\/uploads\/2021\/02\/Conferencia-Cultura-2-460x307.jpg\" alt=\"\" class=\"wp-image-74856\" srcset=\"https:\/\/infoecos.com.ar\/wp-content\/uploads\/2021\/02\/Conferencia-Cultura-2-460x307.jpg 460w, https:\/\/infoecos.com.ar\/wp-content\/uploads\/2021\/02\/Conferencia-Cultura-2-768x512.jpg 768w, https:\/\/infoecos.com.ar\/wp-content\/uploads\/2021\/02\/Conferencia-Cultura-2-675x450.jpg 675w, https:\/\/infoecos.com.ar\/wp-content\/uploads\/2021\/02\/Conferencia-Cultura-2.jpg 852w\" sizes=\"(max-width: 460px) 100vw, 460px\" \/><\/figure><\/div>\n\n\n\n<p>Como hecho destacado Moro rescat\u00f3 que \u201cse trata de un sitio din\u00e1mico que est\u00e1 vivo, no se cerr\u00f3 en estas 40 expresiones, ya hay un mont\u00f3n que tenemos para seguir cargando y cuando se ingresa a la p\u00e1gina podr\u00e1n ver la gr\u00e1fica, el nombre del artista, alguna foto para luego llegar a la m\u00fasica, que en principio son entre dos y cuatro temas, en MP3 y Wav, que son dos formatos muy accesibles para cualquiera que pueda escuchar desde un tel\u00e9fono o una radio que tenga mejor equipamiento\u201d.<\/p>\n\n\n\n<p>En este sentido convoc\u00f3 a todos los artistas a acercarse a Cultura, \u201ccon un pendrive, una foto y &nbsp;van a tener acceso a estar en el banco de m\u00fasica local\u201d.<\/p>\n\n\n\n<p>Entre las ideas a futuro figura la posibilidad de hacer \u201cregistros en vivo\u201d de eventos que producto la Municipalidad cuando se pueda volver a la presencialidad.<\/p>\n","protected":false},"excerpt":{"rendered":"<p>A la plataforma virtual se puede acceder a trav\u00e9s de la p\u00e1gina oficial del Municipio, ingresando al Link: trenquelauquen.gov.ar\/\/m\u00fasica<\/p>\n","protected":false},"author":2,"featured_media":74854,"comment_status":"closed","ping_status":"open","sticky":false,"template":"","format":"standard","meta":{"footnotes":""},"categories":[42],"tags":[3070],"class_list":["post-74853","post","type-post","status-publish","format-standard","has-post-thumbnail","hentry","category-inferior3","tag-con-sabor-a-inedito"],"yoast_head":"<!-- This site is optimized with the Yoast SEO plugin v23.4 - https:\/\/yoast.com\/wordpress\/plugins\/seo\/ -->\n<title>Trenque Lauquen ya tiene un sitio oficial con m\u00fasicos locales - Infoecos<\/title>\n<meta name=\"robots\" content=\"index, follow, max-snippet:-1, max-image-preview:large, max-video-preview:-1\" \/>\n<link rel=\"canonical\" href=\"https:\/\/infoecos.com.ar\/index.php\/trenque-lauquen-ya-tiene-un-sitio-oficial-con-musicos-locales\/\" \/>\n<meta property=\"og:locale\" content=\"es_ES\" \/>\n<meta property=\"og:type\" content=\"article\" \/>\n<meta property=\"og:title\" content=\"Trenque Lauquen ya tiene un sitio oficial con m\u00fasicos locales - Infoecos\" \/>\n<meta property=\"og:description\" content=\"A la plataforma virtual se puede acceder a trav\u00e9s de la p\u00e1gina oficial del Municipio, ingresando al Link: trenquelauquen.gov.ar\/\/m\u00fasica\" \/>\n<meta property=\"og:url\" content=\"https:\/\/infoecos.com.ar\/index.php\/trenque-lauquen-ya-tiene-un-sitio-oficial-con-musicos-locales\/\" \/>\n<meta property=\"og:site_name\" content=\"Infoecos\" \/>\n<meta property=\"article:publisher\" content=\"https:\/\/www.facebook.com\/profile.php?id=100063200290284\" \/>\n<meta property=\"article:published_time\" content=\"2021-02-25T06:01:33+00:00\" \/>\n<meta property=\"article:modified_time\" content=\"2021-02-26T03:51:36+00:00\" \/>\n<meta property=\"og:image\" content=\"https:\/\/infoecos.com.ar\/wp-content\/uploads\/2021\/02\/Conferencia-Cultura.jpg\" \/>\n\t<meta property=\"og:image:width\" content=\"852\" \/>\n\t<meta property=\"og:image:height\" content=\"568\" \/>\n\t<meta property=\"og:image:type\" content=\"image\/jpeg\" \/>\n<meta name=\"author\" content=\"Jorge Matheus\" \/>\n<meta name=\"twitter:card\" content=\"summary_large_image\" \/>\n<meta name=\"twitter:creator\" content=\"@infoecos\" \/>\n<meta name=\"twitter:site\" content=\"@infoecos\" \/>\n<meta name=\"twitter:label1\" content=\"Escrito por\" \/>\n\t<meta name=\"twitter:data1\" content=\"Jorge Matheus\" \/>\n\t<meta name=\"twitter:label2\" content=\"Tiempo de lectura\" \/>\n\t<meta name=\"twitter:data2\" content=\"3 minutos\" \/>\n<script type=\"application\/ld+json\" class=\"yoast-schema-graph\">{\"@context\":\"https:\/\/schema.org\",\"@graph\":[{\"@type\":\"Article\",\"@id\":\"https:\/\/infoecos.com.ar\/index.php\/trenque-lauquen-ya-tiene-un-sitio-oficial-con-musicos-locales\/#article\",\"isPartOf\":{\"@id\":\"https:\/\/infoecos.com.ar\/index.php\/trenque-lauquen-ya-tiene-un-sitio-oficial-con-musicos-locales\/\"},\"author\":{\"name\":\"Jorge Matheus\",\"@id\":\"https:\/\/infoecos.com.ar\/#\/schema\/person\/8f5ace5ce73b4b4aac4b7245aee6f191\"},\"headline\":\"Trenque Lauquen ya tiene un sitio oficial con m\u00fasicos locales\",\"datePublished\":\"2021-02-25T06:01:33+00:00\",\"dateModified\":\"2021-02-26T03:51:36+00:00\",\"mainEntityOfPage\":{\"@id\":\"https:\/\/infoecos.com.ar\/index.php\/trenque-lauquen-ya-tiene-un-sitio-oficial-con-musicos-locales\/\"},\"wordCount\":661,\"publisher\":{\"@id\":\"https:\/\/infoecos.com.ar\/#organization\"},\"image\":{\"@id\":\"https:\/\/infoecos.com.ar\/index.php\/trenque-lauquen-ya-tiene-un-sitio-oficial-con-musicos-locales\/#primaryimage\"},\"thumbnailUrl\":\"https:\/\/infoecos.com.ar\/wp-content\/uploads\/2021\/02\/Conferencia-Cultura.jpg\",\"keywords\":[\"CON SABOR A IN\u00c9DITO\"],\"articleSection\":[\"Bloque inferior - 3\"],\"inLanguage\":\"es\"},{\"@type\":\"WebPage\",\"@id\":\"https:\/\/infoecos.com.ar\/index.php\/trenque-lauquen-ya-tiene-un-sitio-oficial-con-musicos-locales\/\",\"url\":\"https:\/\/infoecos.com.ar\/index.php\/trenque-lauquen-ya-tiene-un-sitio-oficial-con-musicos-locales\/\",\"name\":\"Trenque Lauquen ya tiene un sitio oficial con m\u00fasicos locales - Infoecos\",\"isPartOf\":{\"@id\":\"https:\/\/infoecos.com.ar\/#website\"},\"primaryImageOfPage\":{\"@id\":\"https:\/\/infoecos.com.ar\/index.php\/trenque-lauquen-ya-tiene-un-sitio-oficial-con-musicos-locales\/#primaryimage\"},\"image\":{\"@id\":\"https:\/\/infoecos.com.ar\/index.php\/trenque-lauquen-ya-tiene-un-sitio-oficial-con-musicos-locales\/#primaryimage\"},\"thumbnailUrl\":\"https:\/\/infoecos.com.ar\/wp-content\/uploads\/2021\/02\/Conferencia-Cultura.jpg\",\"datePublished\":\"2021-02-25T06:01:33+00:00\",\"dateModified\":\"2021-02-26T03:51:36+00:00\",\"breadcrumb\":{\"@id\":\"https:\/\/infoecos.com.ar\/index.php\/trenque-lauquen-ya-tiene-un-sitio-oficial-con-musicos-locales\/#breadcrumb\"},\"inLanguage\":\"es\",\"potentialAction\":[{\"@type\":\"ReadAction\",\"target\":[\"https:\/\/infoecos.com.ar\/index.php\/trenque-lauquen-ya-tiene-un-sitio-oficial-con-musicos-locales\/\"]}]},{\"@type\":\"ImageObject\",\"inLanguage\":\"es\",\"@id\":\"https:\/\/infoecos.com.ar\/index.php\/trenque-lauquen-ya-tiene-un-sitio-oficial-con-musicos-locales\/#primaryimage\",\"url\":\"https:\/\/infoecos.com.ar\/wp-content\/uploads\/2021\/02\/Conferencia-Cultura.jpg\",\"contentUrl\":\"https:\/\/infoecos.com.ar\/wp-content\/uploads\/2021\/02\/Conferencia-Cultura.jpg\",\"width\":852,\"height\":568},{\"@type\":\"BreadcrumbList\",\"@id\":\"https:\/\/infoecos.com.ar\/index.php\/trenque-lauquen-ya-tiene-un-sitio-oficial-con-musicos-locales\/#breadcrumb\",\"itemListElement\":[{\"@type\":\"ListItem\",\"position\":1,\"name\":\"Portada\",\"item\":\"https:\/\/infoecos.com.ar\/\"},{\"@type\":\"ListItem\",\"position\":2,\"name\":\"Trenque Lauquen ya tiene un sitio oficial con m\u00fasicos locales\"}]},{\"@type\":\"WebSite\",\"@id\":\"https:\/\/infoecos.com.ar\/#website\",\"url\":\"https:\/\/infoecos.com.ar\/\",\"name\":\"Infoecos\",\"description\":\"Noticias de trenque lauquen y la zona\",\"publisher\":{\"@id\":\"https:\/\/infoecos.com.ar\/#organization\"},\"alternateName\":\"Noticias\",\"potentialAction\":[{\"@type\":\"SearchAction\",\"target\":{\"@type\":\"EntryPoint\",\"urlTemplate\":\"https:\/\/infoecos.com.ar\/?s={search_term_string}\"},\"query-input\":{\"@type\":\"PropertyValueSpecification\",\"valueRequired\":true,\"valueName\":\"search_term_string\"}}],\"inLanguage\":\"es\"},{\"@type\":\"Organization\",\"@id\":\"https:\/\/infoecos.com.ar\/#organization\",\"name\":\"Infoecos\",\"alternateName\":\"Noticias\",\"url\":\"https:\/\/infoecos.com.ar\/\",\"logo\":{\"@type\":\"ImageObject\",\"inLanguage\":\"es\",\"@id\":\"https:\/\/infoecos.com.ar\/#\/schema\/logo\/image\/\",\"url\":\"https:\/\/infoecos.com.ar\/wp-content\/uploads\/2024\/03\/cropped-logo.png\",\"contentUrl\":\"https:\/\/infoecos.com.ar\/wp-content\/uploads\/2024\/03\/cropped-logo.png\",\"width\":374,\"height\":90,\"caption\":\"Infoecos\"},\"image\":{\"@id\":\"https:\/\/infoecos.com.ar\/#\/schema\/logo\/image\/\"},\"sameAs\":[\"https:\/\/www.facebook.com\/profile.php?id=100063200290284\",\"https:\/\/x.com\/infoecos\"]},{\"@type\":\"Person\",\"@id\":\"https:\/\/infoecos.com.ar\/#\/schema\/person\/8f5ace5ce73b4b4aac4b7245aee6f191\",\"name\":\"Jorge Matheus\",\"url\":\"https:\/\/infoecos.com.ar\/index.php\/author\/jomatheus\/\"}]}<\/script>\n<!-- \/ Yoast SEO plugin. -->","yoast_head_json":{"title":"Trenque Lauquen ya tiene un sitio oficial con m\u00fasicos locales - Infoecos","robots":{"index":"index","follow":"follow","max-snippet":"max-snippet:-1","max-image-preview":"max-image-preview:large","max-video-preview":"max-video-preview:-1"},"canonical":"https:\/\/infoecos.com.ar\/index.php\/trenque-lauquen-ya-tiene-un-sitio-oficial-con-musicos-locales\/","og_locale":"es_ES","og_type":"article","og_title":"Trenque Lauquen ya tiene un sitio oficial con m\u00fasicos locales - Infoecos","og_description":"A la plataforma virtual se puede acceder a trav\u00e9s de la p\u00e1gina oficial del Municipio, ingresando al Link: trenquelauquen.gov.ar\/\/m\u00fasica","og_url":"https:\/\/infoecos.com.ar\/index.php\/trenque-lauquen-ya-tiene-un-sitio-oficial-con-musicos-locales\/","og_site_name":"Infoecos","article_publisher":"https:\/\/www.facebook.com\/profile.php?id=100063200290284","article_published_time":"2021-02-25T06:01:33+00:00","article_modified_time":"2021-02-26T03:51:36+00:00","og_image":[{"width":852,"height":568,"url":"https:\/\/infoecos.com.ar\/wp-content\/uploads\/2021\/02\/Conferencia-Cultura.jpg","type":"image\/jpeg"}],"author":"Jorge Matheus","twitter_card":"summary_large_image","twitter_creator":"@infoecos","twitter_site":"@infoecos","twitter_misc":{"Escrito por":"Jorge Matheus","Tiempo de lectura":"3 minutos"},"schema":{"@context":"https:\/\/schema.org","@graph":[{"@type":"Article","@id":"https:\/\/infoecos.com.ar\/index.php\/trenque-lauquen-ya-tiene-un-sitio-oficial-con-musicos-locales\/#article","isPartOf":{"@id":"https:\/\/infoecos.com.ar\/index.php\/trenque-lauquen-ya-tiene-un-sitio-oficial-con-musicos-locales\/"},"author":{"name":"Jorge Matheus","@id":"https:\/\/infoecos.com.ar\/#\/schema\/person\/8f5ace5ce73b4b4aac4b7245aee6f191"},"headline":"Trenque Lauquen ya tiene un sitio oficial con m\u00fasicos locales","datePublished":"2021-02-25T06:01:33+00:00","dateModified":"2021-02-26T03:51:36+00:00","mainEntityOfPage":{"@id":"https:\/\/infoecos.com.ar\/index.php\/trenque-lauquen-ya-tiene-un-sitio-oficial-con-musicos-locales\/"},"wordCount":661,"publisher":{"@id":"https:\/\/infoecos.com.ar\/#organization"},"image":{"@id":"https:\/\/infoecos.com.ar\/index.php\/trenque-lauquen-ya-tiene-un-sitio-oficial-con-musicos-locales\/#primaryimage"},"thumbnailUrl":"https:\/\/infoecos.com.ar\/wp-content\/uploads\/2021\/02\/Conferencia-Cultura.jpg","keywords":["CON SABOR A IN\u00c9DITO"],"articleSection":["Bloque inferior - 3"],"inLanguage":"es"},{"@type":"WebPage","@id":"https:\/\/infoecos.com.ar\/index.php\/trenque-lauquen-ya-tiene-un-sitio-oficial-con-musicos-locales\/","url":"https:\/\/infoecos.com.ar\/index.php\/trenque-lauquen-ya-tiene-un-sitio-oficial-con-musicos-locales\/","name":"Trenque Lauquen ya tiene un sitio oficial con m\u00fasicos locales - Infoecos","isPartOf":{"@id":"https:\/\/infoecos.com.ar\/#website"},"primaryImageOfPage":{"@id":"https:\/\/infoecos.com.ar\/index.php\/trenque-lauquen-ya-tiene-un-sitio-oficial-con-musicos-locales\/#primaryimage"},"image":{"@id":"https:\/\/infoecos.com.ar\/index.php\/trenque-lauquen-ya-tiene-un-sitio-oficial-con-musicos-locales\/#primaryimage"},"thumbnailUrl":"https:\/\/infoecos.com.ar\/wp-content\/uploads\/2021\/02\/Conferencia-Cultura.jpg","datePublished":"2021-02-25T06:01:33+00:00","dateModified":"2021-02-26T03:51:36+00:00","breadcrumb":{"@id":"https:\/\/infoecos.com.ar\/index.php\/trenque-lauquen-ya-tiene-un-sitio-oficial-con-musicos-locales\/#breadcrumb"},"inLanguage":"es","potentialAction":[{"@type":"ReadAction","target":["https:\/\/infoecos.com.ar\/index.php\/trenque-lauquen-ya-tiene-un-sitio-oficial-con-musicos-locales\/"]}]},{"@type":"ImageObject","inLanguage":"es","@id":"https:\/\/infoecos.com.ar\/index.php\/trenque-lauquen-ya-tiene-un-sitio-oficial-con-musicos-locales\/#primaryimage","url":"https:\/\/infoecos.com.ar\/wp-content\/uploads\/2021\/02\/Conferencia-Cultura.jpg","contentUrl":"https:\/\/infoecos.com.ar\/wp-content\/uploads\/2021\/02\/Conferencia-Cultura.jpg","width":852,"height":568},{"@type":"BreadcrumbList","@id":"https:\/\/infoecos.com.ar\/index.php\/trenque-lauquen-ya-tiene-un-sitio-oficial-con-musicos-locales\/#breadcrumb","itemListElement":[{"@type":"ListItem","position":1,"name":"Portada","item":"https:\/\/infoecos.com.ar\/"},{"@type":"ListItem","position":2,"name":"Trenque Lauquen ya tiene un sitio oficial con m\u00fasicos locales"}]},{"@type":"WebSite","@id":"https:\/\/infoecos.com.ar\/#website","url":"https:\/\/infoecos.com.ar\/","name":"Infoecos","description":"Noticias de trenque lauquen y la zona","publisher":{"@id":"https:\/\/infoecos.com.ar\/#organization"},"alternateName":"Noticias","potentialAction":[{"@type":"SearchAction","target":{"@type":"EntryPoint","urlTemplate":"https:\/\/infoecos.com.ar\/?s={search_term_string}"},"query-input":{"@type":"PropertyValueSpecification","valueRequired":true,"valueName":"search_term_string"}}],"inLanguage":"es"},{"@type":"Organization","@id":"https:\/\/infoecos.com.ar\/#organization","name":"Infoecos","alternateName":"Noticias","url":"https:\/\/infoecos.com.ar\/","logo":{"@type":"ImageObject","inLanguage":"es","@id":"https:\/\/infoecos.com.ar\/#\/schema\/logo\/image\/","url":"https:\/\/infoecos.com.ar\/wp-content\/uploads\/2024\/03\/cropped-logo.png","contentUrl":"https:\/\/infoecos.com.ar\/wp-content\/uploads\/2024\/03\/cropped-logo.png","width":374,"height":90,"caption":"Infoecos"},"image":{"@id":"https:\/\/infoecos.com.ar\/#\/schema\/logo\/image\/"},"sameAs":["https:\/\/www.facebook.com\/profile.php?id=100063200290284","https:\/\/x.com\/infoecos"]},{"@type":"Person","@id":"https:\/\/infoecos.com.ar\/#\/schema\/person\/8f5ace5ce73b4b4aac4b7245aee6f191","name":"Jorge Matheus","url":"https:\/\/infoecos.com.ar\/index.php\/author\/jomatheus\/"}]}},"featured_image_urls":{"full":["https:\/\/infoecos.com.ar\/wp-content\/uploads\/2021\/02\/Conferencia-Cultura.jpg",852,568,false],"thumbnail":["https:\/\/infoecos.com.ar\/wp-content\/uploads\/2021\/02\/Conferencia-Cultura-150x150.jpg",150,150,true],"medium":["https:\/\/infoecos.com.ar\/wp-content\/uploads\/2021\/02\/Conferencia-Cultura-460x307.jpg",460,307,true],"medium_large":["https:\/\/infoecos.com.ar\/wp-content\/uploads\/2021\/02\/Conferencia-Cultura-768x512.jpg",640,427,true],"large":["https:\/\/infoecos.com.ar\/wp-content\/uploads\/2021\/02\/Conferencia-Cultura.jpg",640,427,false],"1536x1536":["https:\/\/infoecos.com.ar\/wp-content\/uploads\/2021\/02\/Conferencia-Cultura.jpg",852,568,false],"2048x2048":["https:\/\/infoecos.com.ar\/wp-content\/uploads\/2021\/02\/Conferencia-Cultura.jpg",852,568,false],"covernews-slider-full":["https:\/\/infoecos.com.ar\/wp-content\/uploads\/2021\/02\/Conferencia-Cultura.jpg",852,568,false],"covernews-slider-center":["https:\/\/infoecos.com.ar\/wp-content\/uploads\/2021\/02\/Conferencia-Cultura.jpg",750,500,false],"covernews-featured":["https:\/\/infoecos.com.ar\/wp-content\/uploads\/2021\/02\/Conferencia-Cultura.jpg",852,568,false],"covernews-medium":["https:\/\/infoecos.com.ar\/wp-content\/uploads\/2021\/02\/Conferencia-Cultura-720x380.jpg",540,285,true],"covernews-medium-square":["https:\/\/infoecos.com.ar\/wp-content\/uploads\/2021\/02\/Conferencia-Cultura-675x450.jpg",375,250,true]},"author_info":{"info":["Jorge Matheus"]},"category_info":"<a href=\"https:\/\/infoecos.com.ar\/index.php\/category\/inferior3\/\" rel=\"category tag\">Bloque inferior - 3<\/a>","tag_info":"Bloque inferior - 3","comment_count":"0","_links":{"self":[{"href":"https:\/\/infoecos.com.ar\/index.php\/wp-json\/wp\/v2\/posts\/74853"}],"collection":[{"href":"https:\/\/infoecos.com.ar\/index.php\/wp-json\/wp\/v2\/posts"}],"about":[{"href":"https:\/\/infoecos.com.ar\/index.php\/wp-json\/wp\/v2\/types\/post"}],"author":[{"embeddable":true,"href":"https:\/\/infoecos.com.ar\/index.php\/wp-json\/wp\/v2\/users\/2"}],"replies":[{"embeddable":true,"href":"https:\/\/infoecos.com.ar\/index.php\/wp-json\/wp\/v2\/comments?post=74853"}],"version-history":[{"count":2,"href":"https:\/\/infoecos.com.ar\/index.php\/wp-json\/wp\/v2\/posts\/74853\/revisions"}],"predecessor-version":[{"id":74940,"href":"https:\/\/infoecos.com.ar\/index.php\/wp-json\/wp\/v2\/posts\/74853\/revisions\/74940"}],"wp:featuredmedia":[{"embeddable":true,"href":"https:\/\/infoecos.com.ar\/index.php\/wp-json\/wp\/v2\/media\/74854"}],"wp:attachment":[{"href":"https:\/\/infoecos.com.ar\/index.php\/wp-json\/wp\/v2\/media?parent=74853"}],"wp:term":[{"taxonomy":"category","embeddable":true,"href":"https:\/\/infoecos.com.ar\/index.php\/wp-json\/wp\/v2\/categories?post=74853"},{"taxonomy":"post_tag","embeddable":true,"href":"https:\/\/infoecos.com.ar\/index.php\/wp-json\/wp\/v2\/tags?post=74853"}],"curies":[{"name":"wp","href":"https:\/\/api.w.org\/{rel}","templated":true}]}}