{"id":74858,"date":"2021-02-25T03:14:33","date_gmt":"2021-02-25T06:14:33","guid":{"rendered":"http:\/\/infoecos.com.ar\/?p=74858"},"modified":"2021-02-26T01:15:39","modified_gmt":"2021-02-26T04:15:39","slug":"intendentes-de-la-cuarta-seccion-electoral-enrolados-en-el-frente-de-todos-se-reunieron-en-el-ministerio-del-interior","status":"publish","type":"post","link":"https:\/\/infoecos.com.ar\/index.php\/intendentes-de-la-cuarta-seccion-electoral-enrolados-en-el-frente-de-todos-se-reunieron-en-el-ministerio-del-interior\/","title":{"rendered":"Intendentes de la cuarta secci\u00f3n electoral, del Frente de Todos, se reunieron en el ministerio del Interior"},"content":{"rendered":"\n<p>Intendentes municipales de la cuarta secci\u00f3n electoral alineados en el Frente de Todos se reunieron en el ministerio del Interior de la Naci\u00f3n.<\/p>\n\n\n\n<div class=\"wp-block-image\"><figure class=\"aligncenter size-medium\"><img loading=\"lazy\" decoding=\"async\" width=\"460\" height=\"307\" src=\"http:\/\/infoecos.com.ar\/wp-content\/uploads\/2021\/02\/zurroconintendent4-460x307.jpg\" alt=\"\" class=\"wp-image-74859\" srcset=\"https:\/\/infoecos.com.ar\/wp-content\/uploads\/2021\/02\/zurroconintendent4-460x307.jpg 460w, https:\/\/infoecos.com.ar\/wp-content\/uploads\/2021\/02\/zurroconintendent4-920x614.jpg 920w, https:\/\/infoecos.com.ar\/wp-content\/uploads\/2021\/02\/zurroconintendent4-768x512.jpg 768w, https:\/\/infoecos.com.ar\/wp-content\/uploads\/2021\/02\/zurroconintendent4-1024x683.jpg 1024w, https:\/\/infoecos.com.ar\/wp-content\/uploads\/2021\/02\/zurroconintendent4-675x450.jpg 675w, https:\/\/infoecos.com.ar\/wp-content\/uploads\/2021\/02\/zurroconintendent4.jpg 1280w\" sizes=\"(max-width: 460px) 100vw, 460px\" \/><\/figure><\/div>\n\n\n\n<p>La informaci\u00f3n fue difundida en la cuenta que posee el mandatario comunal de Pehuaj\u00f3, Pablo Zurro. Se puede ver en el encuentro, entre otros, a Mar\u00eda Celia Gianini, intendenta de Carlos Tejedor y a Walter Torchio de Carlos Casares.<\/p>\n\n\n\n<p>Zurro inform\u00f3 que tambi\u00e9n asisti\u00f3 el presidente del bloque del FDT en la c\u00e1mara de Diputados bonaerense, Facundo Tignanelli.<\/p>\n\n\n\n<p>Apunto el Jefe Comunal pehuajense que \u00abhemos obtenido para Pehuaj\u00f3 nuevos fondos por 15 millones de pesos que utilizaremos para la adquisici\u00f3n de bienes de capital\u201d.<\/p>\n\n\n\n<div class=\"wp-block-image\"><figure class=\"aligncenter size-medium\"><img loading=\"lazy\" decoding=\"async\" width=\"460\" height=\"307\" src=\"http:\/\/infoecos.com.ar\/wp-content\/uploads\/2021\/02\/zurroconinten4-460x307.jpg\" alt=\"\" class=\"wp-image-74860\" srcset=\"https:\/\/infoecos.com.ar\/wp-content\/uploads\/2021\/02\/zurroconinten4-460x307.jpg 460w, https:\/\/infoecos.com.ar\/wp-content\/uploads\/2021\/02\/zurroconinten4-920x614.jpg 920w, https:\/\/infoecos.com.ar\/wp-content\/uploads\/2021\/02\/zurroconinten4-768x512.jpg 768w, https:\/\/infoecos.com.ar\/wp-content\/uploads\/2021\/02\/zurroconinten4-1024x683.jpg 1024w, https:\/\/infoecos.com.ar\/wp-content\/uploads\/2021\/02\/zurroconinten4-675x450.jpg 675w, https:\/\/infoecos.com.ar\/wp-content\/uploads\/2021\/02\/zurroconinten4.jpg 1280w\" sizes=\"(max-width: 460px) 100vw, 460px\" \/><\/figure><\/div>\n\n\n\n<p>\u201cCelebro poder volver a trabajar con un Gobierno nacional y provincial, que desde su llegada ha retomado la agenda para con los Municipios, con el objetivo de mejorar la calidad de vida de los y las vecinas\u201d, subray\u00f3. Agreg\u00f3 que \u201cla verdad que m\u00e1s que all\u00e1 que est\u00e1 muy bueno lo que nos dan porque nos sirve para nuestros pueblos, tambi\u00e9n est\u00e1 muy bueno encontrarse, intercambiar ideas para tratar de hacer un pa\u00eds mejor desde todo aporte que nosotros podamos hacer\u201d.<\/p>\n\n\n\n<p><\/p>\n","protected":false},"excerpt":{"rendered":"<p>Se puede ver en el encuentro, adem\u00e1s, entre otros, a Mar\u00eda Celia Gianini, intendenta de Carlos Tejedor y a Walter Torchio de Carlos Casares<\/p>\n","protected":false},"author":2,"featured_media":74862,"comment_status":"closed","ping_status":"open","sticky":false,"template":"","format":"standard","meta":{"footnotes":""},"categories":[43],"tags":[3071],"class_list":["post-74858","post","type-post","status-publish","format-standard","has-post-thumbnail","hentry","category-inferior4","tag-15-millones-de-pesos-para-pehuajo"],"yoast_head":"<!-- This site is optimized with the Yoast SEO plugin v23.4 - https:\/\/yoast.com\/wordpress\/plugins\/seo\/ -->\n<title>Intendentes de la cuarta secci\u00f3n electoral, del Frente de Todos, se reunieron en el ministerio del Interior - Infoecos<\/title>\n<meta name=\"robots\" content=\"index, follow, max-snippet:-1, max-image-preview:large, max-video-preview:-1\" \/>\n<link rel=\"canonical\" href=\"https:\/\/infoecos.com.ar\/index.php\/intendentes-de-la-cuarta-seccion-electoral-enrolados-en-el-frente-de-todos-se-reunieron-en-el-ministerio-del-interior\/\" \/>\n<meta property=\"og:locale\" content=\"es_ES\" \/>\n<meta property=\"og:type\" content=\"article\" \/>\n<meta property=\"og:title\" content=\"Intendentes de la cuarta secci\u00f3n electoral, del Frente de Todos, se reunieron en el ministerio del Interior - Infoecos\" \/>\n<meta property=\"og:description\" content=\"Se puede ver en el encuentro, adem\u00e1s, entre otros, a Mar\u00eda Celia Gianini, intendenta de Carlos Tejedor y a Walter Torchio de Carlos Casares\" \/>\n<meta property=\"og:url\" content=\"https:\/\/infoecos.com.ar\/index.php\/intendentes-de-la-cuarta-seccion-electoral-enrolados-en-el-frente-de-todos-se-reunieron-en-el-ministerio-del-interior\/\" \/>\n<meta property=\"og:site_name\" content=\"Infoecos\" \/>\n<meta property=\"article:publisher\" content=\"https:\/\/www.facebook.com\/profile.php?id=100063200290284\" \/>\n<meta property=\"article:published_time\" content=\"2021-02-25T06:14:33+00:00\" \/>\n<meta property=\"article:modified_time\" content=\"2021-02-26T04:15:39+00:00\" \/>\n<meta property=\"og:image\" content=\"https:\/\/infoecos.com.ar\/wp-content\/uploads\/2021\/02\/zurromiinterior-1.jpeg\" \/>\n\t<meta property=\"og:image:width\" content=\"620\" \/>\n\t<meta property=\"og:image:height\" content=\"350\" \/>\n\t<meta property=\"og:image:type\" content=\"image\/jpeg\" \/>\n<meta name=\"author\" content=\"Jorge Matheus\" \/>\n<meta name=\"twitter:card\" content=\"summary_large_image\" \/>\n<meta name=\"twitter:creator\" content=\"@infoecos\" \/>\n<meta name=\"twitter:site\" content=\"@infoecos\" \/>\n<meta name=\"twitter:label1\" content=\"Escrito por\" \/>\n\t<meta name=\"twitter:data1\" content=\"Jorge Matheus\" \/>\n\t<meta name=\"twitter:label2\" content=\"Tiempo de lectura\" \/>\n\t<meta name=\"twitter:data2\" content=\"1 minuto\" \/>\n<script type=\"application\/ld+json\" class=\"yoast-schema-graph\">{\"@context\":\"https:\/\/schema.org\",\"@graph\":[{\"@type\":\"Article\",\"@id\":\"https:\/\/infoecos.com.ar\/index.php\/intendentes-de-la-cuarta-seccion-electoral-enrolados-en-el-frente-de-todos-se-reunieron-en-el-ministerio-del-interior\/#article\",\"isPartOf\":{\"@id\":\"https:\/\/infoecos.com.ar\/index.php\/intendentes-de-la-cuarta-seccion-electoral-enrolados-en-el-frente-de-todos-se-reunieron-en-el-ministerio-del-interior\/\"},\"author\":{\"name\":\"Jorge Matheus\",\"@id\":\"https:\/\/infoecos.com.ar\/#\/schema\/person\/8f5ace5ce73b4b4aac4b7245aee6f191\"},\"headline\":\"Intendentes de la cuarta secci\u00f3n electoral, del Frente de Todos, se reunieron en el ministerio del Interior\",\"datePublished\":\"2021-02-25T06:14:33+00:00\",\"dateModified\":\"2021-02-26T04:15:39+00:00\",\"mainEntityOfPage\":{\"@id\":\"https:\/\/infoecos.com.ar\/index.php\/intendentes-de-la-cuarta-seccion-electoral-enrolados-en-el-frente-de-todos-se-reunieron-en-el-ministerio-del-interior\/\"},\"wordCount\":215,\"publisher\":{\"@id\":\"https:\/\/infoecos.com.ar\/#organization\"},\"image\":{\"@id\":\"https:\/\/infoecos.com.ar\/index.php\/intendentes-de-la-cuarta-seccion-electoral-enrolados-en-el-frente-de-todos-se-reunieron-en-el-ministerio-del-interior\/#primaryimage\"},\"thumbnailUrl\":\"https:\/\/infoecos.com.ar\/wp-content\/uploads\/2021\/02\/zurromiinterior-1.jpeg\",\"keywords\":[\"15 millones de pesos para Pehuaj\u00f3\"],\"articleSection\":[\"Bloque inferior - 4\"],\"inLanguage\":\"es\"},{\"@type\":\"WebPage\",\"@id\":\"https:\/\/infoecos.com.ar\/index.php\/intendentes-de-la-cuarta-seccion-electoral-enrolados-en-el-frente-de-todos-se-reunieron-en-el-ministerio-del-interior\/\",\"url\":\"https:\/\/infoecos.com.ar\/index.php\/intendentes-de-la-cuarta-seccion-electoral-enrolados-en-el-frente-de-todos-se-reunieron-en-el-ministerio-del-interior\/\",\"name\":\"Intendentes de la cuarta secci\u00f3n electoral, del Frente de Todos, se reunieron en el ministerio del Interior - Infoecos\",\"isPartOf\":{\"@id\":\"https:\/\/infoecos.com.ar\/#website\"},\"primaryImageOfPage\":{\"@id\":\"https:\/\/infoecos.com.ar\/index.php\/intendentes-de-la-cuarta-seccion-electoral-enrolados-en-el-frente-de-todos-se-reunieron-en-el-ministerio-del-interior\/#primaryimage\"},\"image\":{\"@id\":\"https:\/\/infoecos.com.ar\/index.php\/intendentes-de-la-cuarta-seccion-electoral-enrolados-en-el-frente-de-todos-se-reunieron-en-el-ministerio-del-interior\/#primaryimage\"},\"thumbnailUrl\":\"https:\/\/infoecos.com.ar\/wp-content\/uploads\/2021\/02\/zurromiinterior-1.jpeg\",\"datePublished\":\"2021-02-25T06:14:33+00:00\",\"dateModified\":\"2021-02-26T04:15:39+00:00\",\"breadcrumb\":{\"@id\":\"https:\/\/infoecos.com.ar\/index.php\/intendentes-de-la-cuarta-seccion-electoral-enrolados-en-el-frente-de-todos-se-reunieron-en-el-ministerio-del-interior\/#breadcrumb\"},\"inLanguage\":\"es\",\"potentialAction\":[{\"@type\":\"ReadAction\",\"target\":[\"https:\/\/infoecos.com.ar\/index.php\/intendentes-de-la-cuarta-seccion-electoral-enrolados-en-el-frente-de-todos-se-reunieron-en-el-ministerio-del-interior\/\"]}]},{\"@type\":\"ImageObject\",\"inLanguage\":\"es\",\"@id\":\"https:\/\/infoecos.com.ar\/index.php\/intendentes-de-la-cuarta-seccion-electoral-enrolados-en-el-frente-de-todos-se-reunieron-en-el-ministerio-del-interior\/#primaryimage\",\"url\":\"https:\/\/infoecos.com.ar\/wp-content\/uploads\/2021\/02\/zurromiinterior-1.jpeg\",\"contentUrl\":\"https:\/\/infoecos.com.ar\/wp-content\/uploads\/2021\/02\/zurromiinterior-1.jpeg\",\"width\":620,\"height\":350},{\"@type\":\"BreadcrumbList\",\"@id\":\"https:\/\/infoecos.com.ar\/index.php\/intendentes-de-la-cuarta-seccion-electoral-enrolados-en-el-frente-de-todos-se-reunieron-en-el-ministerio-del-interior\/#breadcrumb\",\"itemListElement\":[{\"@type\":\"ListItem\",\"position\":1,\"name\":\"Portada\",\"item\":\"https:\/\/infoecos.com.ar\/\"},{\"@type\":\"ListItem\",\"position\":2,\"name\":\"Intendentes de la cuarta secci\u00f3n electoral, del Frente de Todos, se reunieron en el ministerio del Interior\"}]},{\"@type\":\"WebSite\",\"@id\":\"https:\/\/infoecos.com.ar\/#website\",\"url\":\"https:\/\/infoecos.com.ar\/\",\"name\":\"Infoecos\",\"description\":\"Noticias de trenque lauquen y la zona\",\"publisher\":{\"@id\":\"https:\/\/infoecos.com.ar\/#organization\"},\"alternateName\":\"Noticias\",\"potentialAction\":[{\"@type\":\"SearchAction\",\"target\":{\"@type\":\"EntryPoint\",\"urlTemplate\":\"https:\/\/infoecos.com.ar\/?s={search_term_string}\"},\"query-input\":{\"@type\":\"PropertyValueSpecification\",\"valueRequired\":true,\"valueName\":\"search_term_string\"}}],\"inLanguage\":\"es\"},{\"@type\":\"Organization\",\"@id\":\"https:\/\/infoecos.com.ar\/#organization\",\"name\":\"Infoecos\",\"alternateName\":\"Noticias\",\"url\":\"https:\/\/infoecos.com.ar\/\",\"logo\":{\"@type\":\"ImageObject\",\"inLanguage\":\"es\",\"@id\":\"https:\/\/infoecos.com.ar\/#\/schema\/logo\/image\/\",\"url\":\"https:\/\/infoecos.com.ar\/wp-content\/uploads\/2024\/03\/cropped-logo.png\",\"contentUrl\":\"https:\/\/infoecos.com.ar\/wp-content\/uploads\/2024\/03\/cropped-logo.png\",\"width\":374,\"height\":90,\"caption\":\"Infoecos\"},\"image\":{\"@id\":\"https:\/\/infoecos.com.ar\/#\/schema\/logo\/image\/\"},\"sameAs\":[\"https:\/\/www.facebook.com\/profile.php?id=100063200290284\",\"https:\/\/x.com\/infoecos\"]},{\"@type\":\"Person\",\"@id\":\"https:\/\/infoecos.com.ar\/#\/schema\/person\/8f5ace5ce73b4b4aac4b7245aee6f191\",\"name\":\"Jorge Matheus\",\"url\":\"https:\/\/infoecos.com.ar\/index.php\/author\/jomatheus\/\"}]}<\/script>\n<!-- \/ Yoast SEO plugin. -->","yoast_head_json":{"title":"Intendentes de la cuarta secci\u00f3n electoral, del Frente de Todos, se reunieron en el ministerio del Interior - Infoecos","robots":{"index":"index","follow":"follow","max-snippet":"max-snippet:-1","max-image-preview":"max-image-preview:large","max-video-preview":"max-video-preview:-1"},"canonical":"https:\/\/infoecos.com.ar\/index.php\/intendentes-de-la-cuarta-seccion-electoral-enrolados-en-el-frente-de-todos-se-reunieron-en-el-ministerio-del-interior\/","og_locale":"es_ES","og_type":"article","og_title":"Intendentes de la cuarta secci\u00f3n electoral, del Frente de Todos, se reunieron en el ministerio del Interior - Infoecos","og_description":"Se puede ver en el encuentro, adem\u00e1s, entre otros, a Mar\u00eda Celia Gianini, intendenta de Carlos Tejedor y a Walter Torchio de Carlos Casares","og_url":"https:\/\/infoecos.com.ar\/index.php\/intendentes-de-la-cuarta-seccion-electoral-enrolados-en-el-frente-de-todos-se-reunieron-en-el-ministerio-del-interior\/","og_site_name":"Infoecos","article_publisher":"https:\/\/www.facebook.com\/profile.php?id=100063200290284","article_published_time":"2021-02-25T06:14:33+00:00","article_modified_time":"2021-02-26T04:15:39+00:00","og_image":[{"width":620,"height":350,"url":"https:\/\/infoecos.com.ar\/wp-content\/uploads\/2021\/02\/zurromiinterior-1.jpeg","type":"image\/jpeg"}],"author":"Jorge Matheus","twitter_card":"summary_large_image","twitter_creator":"@infoecos","twitter_site":"@infoecos","twitter_misc":{"Escrito por":"Jorge Matheus","Tiempo de lectura":"1 minuto"},"schema":{"@context":"https:\/\/schema.org","@graph":[{"@type":"Article","@id":"https:\/\/infoecos.com.ar\/index.php\/intendentes-de-la-cuarta-seccion-electoral-enrolados-en-el-frente-de-todos-se-reunieron-en-el-ministerio-del-interior\/#article","isPartOf":{"@id":"https:\/\/infoecos.com.ar\/index.php\/intendentes-de-la-cuarta-seccion-electoral-enrolados-en-el-frente-de-todos-se-reunieron-en-el-ministerio-del-interior\/"},"author":{"name":"Jorge Matheus","@id":"https:\/\/infoecos.com.ar\/#\/schema\/person\/8f5ace5ce73b4b4aac4b7245aee6f191"},"headline":"Intendentes de la cuarta secci\u00f3n electoral, del Frente de Todos, se reunieron en el ministerio del Interior","datePublished":"2021-02-25T06:14:33+00:00","dateModified":"2021-02-26T04:15:39+00:00","mainEntityOfPage":{"@id":"https:\/\/infoecos.com.ar\/index.php\/intendentes-de-la-cuarta-seccion-electoral-enrolados-en-el-frente-de-todos-se-reunieron-en-el-ministerio-del-interior\/"},"wordCount":215,"publisher":{"@id":"https:\/\/infoecos.com.ar\/#organization"},"image":{"@id":"https:\/\/infoecos.com.ar\/index.php\/intendentes-de-la-cuarta-seccion-electoral-enrolados-en-el-frente-de-todos-se-reunieron-en-el-ministerio-del-interior\/#primaryimage"},"thumbnailUrl":"https:\/\/infoecos.com.ar\/wp-content\/uploads\/2021\/02\/zurromiinterior-1.jpeg","keywords":["15 millones de pesos para Pehuaj\u00f3"],"articleSection":["Bloque inferior - 4"],"inLanguage":"es"},{"@type":"WebPage","@id":"https:\/\/infoecos.com.ar\/index.php\/intendentes-de-la-cuarta-seccion-electoral-enrolados-en-el-frente-de-todos-se-reunieron-en-el-ministerio-del-interior\/","url":"https:\/\/infoecos.com.ar\/index.php\/intendentes-de-la-cuarta-seccion-electoral-enrolados-en-el-frente-de-todos-se-reunieron-en-el-ministerio-del-interior\/","name":"Intendentes de la cuarta secci\u00f3n electoral, del Frente de Todos, se reunieron en el ministerio del Interior - Infoecos","isPartOf":{"@id":"https:\/\/infoecos.com.ar\/#website"},"primaryImageOfPage":{"@id":"https:\/\/infoecos.com.ar\/index.php\/intendentes-de-la-cuarta-seccion-electoral-enrolados-en-el-frente-de-todos-se-reunieron-en-el-ministerio-del-interior\/#primaryimage"},"image":{"@id":"https:\/\/infoecos.com.ar\/index.php\/intendentes-de-la-cuarta-seccion-electoral-enrolados-en-el-frente-de-todos-se-reunieron-en-el-ministerio-del-interior\/#primaryimage"},"thumbnailUrl":"https:\/\/infoecos.com.ar\/wp-content\/uploads\/2021\/02\/zurromiinterior-1.jpeg","datePublished":"2021-02-25T06:14:33+00:00","dateModified":"2021-02-26T04:15:39+00:00","breadcrumb":{"@id":"https:\/\/infoecos.com.ar\/index.php\/intendentes-de-la-cuarta-seccion-electoral-enrolados-en-el-frente-de-todos-se-reunieron-en-el-ministerio-del-interior\/#breadcrumb"},"inLanguage":"es","potentialAction":[{"@type":"ReadAction","target":["https:\/\/infoecos.com.ar\/index.php\/intendentes-de-la-cuarta-seccion-electoral-enrolados-en-el-frente-de-todos-se-reunieron-en-el-ministerio-del-interior\/"]}]},{"@type":"ImageObject","inLanguage":"es","@id":"https:\/\/infoecos.com.ar\/index.php\/intendentes-de-la-cuarta-seccion-electoral-enrolados-en-el-frente-de-todos-se-reunieron-en-el-ministerio-del-interior\/#primaryimage","url":"https:\/\/infoecos.com.ar\/wp-content\/uploads\/2021\/02\/zurromiinterior-1.jpeg","contentUrl":"https:\/\/infoecos.com.ar\/wp-content\/uploads\/2021\/02\/zurromiinterior-1.jpeg","width":620,"height":350},{"@type":"BreadcrumbList","@id":"https:\/\/infoecos.com.ar\/index.php\/intendentes-de-la-cuarta-seccion-electoral-enrolados-en-el-frente-de-todos-se-reunieron-en-el-ministerio-del-interior\/#breadcrumb","itemListElement":[{"@type":"ListItem","position":1,"name":"Portada","item":"https:\/\/infoecos.com.ar\/"},{"@type":"ListItem","position":2,"name":"Intendentes de la cuarta secci\u00f3n electoral, del Frente de Todos, se reunieron en el ministerio del Interior"}]},{"@type":"WebSite","@id":"https:\/\/infoecos.com.ar\/#website","url":"https:\/\/infoecos.com.ar\/","name":"Infoecos","description":"Noticias de trenque lauquen y la zona","publisher":{"@id":"https:\/\/infoecos.com.ar\/#organization"},"alternateName":"Noticias","potentialAction":[{"@type":"SearchAction","target":{"@type":"EntryPoint","urlTemplate":"https:\/\/infoecos.com.ar\/?s={search_term_string}"},"query-input":{"@type":"PropertyValueSpecification","valueRequired":true,"valueName":"search_term_string"}}],"inLanguage":"es"},{"@type":"Organization","@id":"https:\/\/infoecos.com.ar\/#organization","name":"Infoecos","alternateName":"Noticias","url":"https:\/\/infoecos.com.ar\/","logo":{"@type":"ImageObject","inLanguage":"es","@id":"https:\/\/infoecos.com.ar\/#\/schema\/logo\/image\/","url":"https:\/\/infoecos.com.ar\/wp-content\/uploads\/2024\/03\/cropped-logo.png","contentUrl":"https:\/\/infoecos.com.ar\/wp-content\/uploads\/2024\/03\/cropped-logo.png","width":374,"height":90,"caption":"Infoecos"},"image":{"@id":"https:\/\/infoecos.com.ar\/#\/schema\/logo\/image\/"},"sameAs":["https:\/\/www.facebook.com\/profile.php?id=100063200290284","https:\/\/x.com\/infoecos"]},{"@type":"Person","@id":"https:\/\/infoecos.com.ar\/#\/schema\/person\/8f5ace5ce73b4b4aac4b7245aee6f191","name":"Jorge Matheus","url":"https:\/\/infoecos.com.ar\/index.php\/author\/jomatheus\/"}]}},"featured_image_urls":{"full":["https:\/\/infoecos.com.ar\/wp-content\/uploads\/2021\/02\/zurromiinterior-1.jpeg",620,350,false],"thumbnail":["https:\/\/infoecos.com.ar\/wp-content\/uploads\/2021\/02\/zurromiinterior-1-150x150.jpeg",150,150,true],"medium":["https:\/\/infoecos.com.ar\/wp-content\/uploads\/2021\/02\/zurromiinterior-1-460x260.jpeg",460,260,true],"medium_large":["https:\/\/infoecos.com.ar\/wp-content\/uploads\/2021\/02\/zurromiinterior-1.jpeg",620,350,false],"large":["https:\/\/infoecos.com.ar\/wp-content\/uploads\/2021\/02\/zurromiinterior-1.jpeg",620,350,false],"1536x1536":["https:\/\/infoecos.com.ar\/wp-content\/uploads\/2021\/02\/zurromiinterior-1.jpeg",620,350,false],"2048x2048":["https:\/\/infoecos.com.ar\/wp-content\/uploads\/2021\/02\/zurromiinterior-1.jpeg",620,350,false],"covernews-slider-full":["https:\/\/infoecos.com.ar\/wp-content\/uploads\/2021\/02\/zurromiinterior-1.jpeg",620,350,false],"covernews-slider-center":["https:\/\/infoecos.com.ar\/wp-content\/uploads\/2021\/02\/zurromiinterior-1.jpeg",620,350,false],"covernews-featured":["https:\/\/infoecos.com.ar\/wp-content\/uploads\/2021\/02\/zurromiinterior-1.jpeg",620,350,false],"covernews-medium":["https:\/\/infoecos.com.ar\/wp-content\/uploads\/2021\/02\/zurromiinterior-1.jpeg",540,305,false],"covernews-medium-square":["https:\/\/infoecos.com.ar\/wp-content\/uploads\/2021\/02\/zurromiinterior-1.jpeg",400,226,false]},"author_info":{"info":["Jorge Matheus"]},"category_info":"<a href=\"https:\/\/infoecos.com.ar\/index.php\/category\/inferior4\/\" rel=\"category tag\">Bloque inferior - 4<\/a>","tag_info":"Bloque inferior - 4","comment_count":"0","_links":{"self":[{"href":"https:\/\/infoecos.com.ar\/index.php\/wp-json\/wp\/v2\/posts\/74858"}],"collection":[{"href":"https:\/\/infoecos.com.ar\/index.php\/wp-json\/wp\/v2\/posts"}],"about":[{"href":"https:\/\/infoecos.com.ar\/index.php\/wp-json\/wp\/v2\/types\/post"}],"author":[{"embeddable":true,"href":"https:\/\/infoecos.com.ar\/index.php\/wp-json\/wp\/v2\/users\/2"}],"replies":[{"embeddable":true,"href":"https:\/\/infoecos.com.ar\/index.php\/wp-json\/wp\/v2\/comments?post=74858"}],"version-history":[{"count":3,"href":"https:\/\/infoecos.com.ar\/index.php\/wp-json\/wp\/v2\/posts\/74858\/revisions"}],"predecessor-version":[{"id":74865,"href":"https:\/\/infoecos.com.ar\/index.php\/wp-json\/wp\/v2\/posts\/74858\/revisions\/74865"}],"wp:featuredmedia":[{"embeddable":true,"href":"https:\/\/infoecos.com.ar\/index.php\/wp-json\/wp\/v2\/media\/74862"}],"wp:attachment":[{"href":"https:\/\/infoecos.com.ar\/index.php\/wp-json\/wp\/v2\/media?parent=74858"}],"wp:term":[{"taxonomy":"category","embeddable":true,"href":"https:\/\/infoecos.com.ar\/index.php\/wp-json\/wp\/v2\/categories?post=74858"},{"taxonomy":"post_tag","embeddable":true,"href":"https:\/\/infoecos.com.ar\/index.php\/wp-json\/wp\/v2\/tags?post=74858"}],"curies":[{"name":"wp","href":"https:\/\/api.w.org\/{rel}","templated":true}]}}