{"id":74884,"date":"2021-02-25T14:48:09","date_gmt":"2021-02-25T17:48:09","guid":{"rendered":"http:\/\/infoecos.com.ar\/?p=74884"},"modified":"2021-02-25T14:48:13","modified_gmt":"2021-02-25T17:48:13","slug":"el-colegio-de-farmaceuticos-de-buenos-aires-se-puso-a-disposicion-para-vacunar-contra-el-covid-19","status":"publish","type":"post","link":"https:\/\/infoecos.com.ar\/index.php\/el-colegio-de-farmaceuticos-de-buenos-aires-se-puso-a-disposicion-para-vacunar-contra-el-covid-19\/","title":{"rendered":"El Colegio de Farmac\u00e9uticos de Buenos Aires se puso a disposici\u00f3n para vacunar contra el COVID-19"},"content":{"rendered":"\n<p class=\"wp-block-paragraph\">La presidenta del Colegio de Farmac\u00e9uticos de la provincia de Buenos Aires, Isabel Reinoso, indic\u00f3 que le propusieron al gobierno nacional y al bonaerense usar las instalaciones de las farmacias como centros de vacunaci\u00f3n contra el coronavirus.\u00a0<\/p>\n\n\n\n<div class=\"wp-block-image\"><figure class=\"aligncenter size-medium\"><img loading=\"lazy\" decoding=\"async\" width=\"460\" height=\"306\" src=\"http:\/\/infoecos.com.ar\/wp-content\/uploads\/2021\/02\/210220-Vacuna-Ensenada_1094-460x306.jpg\" alt=\"\" class=\"wp-image-74638\" srcset=\"https:\/\/infoecos.com.ar\/wp-content\/uploads\/2021\/02\/210220-Vacuna-Ensenada_1094-460x306.jpg 460w, https:\/\/infoecos.com.ar\/wp-content\/uploads\/2021\/02\/210220-Vacuna-Ensenada_1094-920x612.jpg 920w, https:\/\/infoecos.com.ar\/wp-content\/uploads\/2021\/02\/210220-Vacuna-Ensenada_1094-768x511.jpg 768w, https:\/\/infoecos.com.ar\/wp-content\/uploads\/2021\/02\/210220-Vacuna-Ensenada_1094-1536x1020.jpg 1536w, https:\/\/infoecos.com.ar\/wp-content\/uploads\/2021\/02\/210220-Vacuna-Ensenada_1094-2048x1363.jpg 2048w, https:\/\/infoecos.com.ar\/wp-content\/uploads\/2021\/02\/210220-Vacuna-Ensenada_1094-1024x681.jpg 1024w, https:\/\/infoecos.com.ar\/wp-content\/uploads\/2021\/02\/210220-Vacuna-Ensenada_1094-675x450.jpg 675w\" sizes=\"auto, (max-width: 460px) 100vw, 460px\" \/><\/figure><\/div>\n\n\n\n<p class=\"wp-block-paragraph\">En declaraciones a <strong>Radio Provincia<\/strong> explic\u00f3 que se puso \u00aba disposici\u00f3n la red de farmacias porque sab\u00edamos que en alg\u00fan momento la vacuna iba a llegar y tenemos la infraestructura para llevar adelante una campa\u00f1a de vacunaci\u00f3n\u00bb.<\/p>\n\n\n\n<p class=\"wp-block-paragraph\">En cuanto a la log\u00edstica para aplicar la vacuna, dijo que \u00ablos farmac\u00e9uticos tienen la formaci\u00f3n para vacunar y muchas farmacias de la Provincia tienen la infraestructura necesaria. De hecho vacunamos para la gripe todos los a\u00f1os\u201d.<\/p>\n\n\n\n<p class=\"wp-block-paragraph\">Reinoso se\u00f1al\u00f3 que \u201cdesde el 2002, todas las farmacias de la Provincia tienen gabinete sanitario, espacio para vacunar, es obligatorio para estar habilitados\u201d.<\/p>\n","protected":false},"excerpt":{"rendered":"<p>Declaraciones de la presidenta del Colegio de Farmac\u00e9uticos de la provincia de Buenos Aires, Isabel Reinoso<\/p>\n","protected":false},"author":2,"featured_media":74638,"comment_status":"closed","ping_status":"open","sticky":false,"template":"","format":"standard","meta":{"footnotes":""},"categories":[28],"tags":[3076],"class_list":["post-74884","post","type-post","status-publish","format-standard","has-post-thumbnail","hentry","category-c1nota1","tag-propuesta-a-los-gobiernos-nacional-y-provincial"],"featured_image_urls":{"full":["https:\/\/infoecos.com.ar\/wp-content\/uploads\/2021\/02\/210220-Vacuna-Ensenada_1094-scaled.jpg",2560,1703,false],"thumbnail":["https:\/\/infoecos.com.ar\/wp-content\/uploads\/2021\/02\/210220-Vacuna-Ensenada_1094-150x150.jpg",150,150,true],"medium":["https:\/\/infoecos.com.ar\/wp-content\/uploads\/2021\/02\/210220-Vacuna-Ensenada_1094-460x306.jpg",460,306,true],"medium_large":["https:\/\/infoecos.com.ar\/wp-content\/uploads\/2021\/02\/210220-Vacuna-Ensenada_1094-768x511.jpg",640,426,true],"large":["https:\/\/infoecos.com.ar\/wp-content\/uploads\/2021\/02\/210220-Vacuna-Ensenada_1094-920x612.jpg",640,426,true],"1536x1536":["https:\/\/infoecos.com.ar\/wp-content\/uploads\/2021\/02\/210220-Vacuna-Ensenada_1094-1536x1022.jpg",1536,1022,true],"2048x2048":["https:\/\/infoecos.com.ar\/wp-content\/uploads\/2021\/02\/210220-Vacuna-Ensenada_1094-2048x1363.jpg",2048,1363,true],"covernews-slider-full":["https:\/\/infoecos.com.ar\/wp-content\/uploads\/2021\/02\/210220-Vacuna-Ensenada_1094-1536x1020.jpg",1077,715,true],"covernews-slider-center":["https:\/\/infoecos.com.ar\/wp-content\/uploads\/2021\/02\/210220-Vacuna-Ensenada_1094-936x897.jpg",522,500,true],"covernews-featured":["https:\/\/infoecos.com.ar\/wp-content\/uploads\/2021\/02\/210220-Vacuna-Ensenada_1094-1024x681.jpg",1024,681,true],"covernews-medium":["https:\/\/infoecos.com.ar\/wp-content\/uploads\/2021\/02\/210220-Vacuna-Ensenada_1094-720x380.jpg",540,285,true],"covernews-medium-square":["https:\/\/infoecos.com.ar\/wp-content\/uploads\/2021\/02\/210220-Vacuna-Ensenada_1094-675x450.jpg",375,250,true]},"author_info":{"info":["Jorge Matheus"]},"category_info":"<a href=\"https:\/\/infoecos.com.ar\/index.php\/category\/c1nota1\/\" rel=\"category tag\">C1 N1<\/a>","tag_info":"C1 N1","comment_count":"0","_links":{"self":[{"href":"https:\/\/infoecos.com.ar\/index.php\/wp-json\/wp\/v2\/posts\/74884","targetHints":{"allow":["GET"]}}],"collection":[{"href":"https:\/\/infoecos.com.ar\/index.php\/wp-json\/wp\/v2\/posts"}],"about":[{"href":"https:\/\/infoecos.com.ar\/index.php\/wp-json\/wp\/v2\/types\/post"}],"author":[{"embeddable":true,"href":"https:\/\/infoecos.com.ar\/index.php\/wp-json\/wp\/v2\/users\/2"}],"replies":[{"embeddable":true,"href":"https:\/\/infoecos.com.ar\/index.php\/wp-json\/wp\/v2\/comments?post=74884"}],"version-history":[{"count":1,"href":"https:\/\/infoecos.com.ar\/index.php\/wp-json\/wp\/v2\/posts\/74884\/revisions"}],"predecessor-version":[{"id":74885,"href":"https:\/\/infoecos.com.ar\/index.php\/wp-json\/wp\/v2\/posts\/74884\/revisions\/74885"}],"wp:featuredmedia":[{"embeddable":true,"href":"https:\/\/infoecos.com.ar\/index.php\/wp-json\/wp\/v2\/media\/74638"}],"wp:attachment":[{"href":"https:\/\/infoecos.com.ar\/index.php\/wp-json\/wp\/v2\/media?parent=74884"}],"wp:term":[{"taxonomy":"category","embeddable":true,"href":"https:\/\/infoecos.com.ar\/index.php\/wp-json\/wp\/v2\/categories?post=74884"},{"taxonomy":"post_tag","embeddable":true,"href":"https:\/\/infoecos.com.ar\/index.php\/wp-json\/wp\/v2\/tags?post=74884"}],"curies":[{"name":"wp","href":"https:\/\/api.w.org\/{rel}","templated":true}]}}