{"id":74886,"date":"2021-02-25T15:03:03","date_gmt":"2021-02-25T18:03:03","guid":{"rendered":"http:\/\/infoecos.com.ar\/?p=74886"},"modified":"2021-02-25T15:03:07","modified_gmt":"2021-02-25T18:03:07","slug":"kicillof-en-la-provincia-no-hay-vacunatorios-ocultos-ni-privatizados","status":"publish","type":"post","link":"https:\/\/infoecos.com.ar\/index.php\/kicillof-en-la-provincia-no-hay-vacunatorios-ocultos-ni-privatizados\/","title":{"rendered":"Kicillof: \u201cEn la Provincia no hay vacunatorios ocultos ni privatizados\u00bb"},"content":{"rendered":"\n<p class=\"wp-block-paragraph\">En declaraciones que formul\u00f3 en Almirante Brown, distrito que visit\u00f3 este jueves, el gobernador de la provincia de Buenos Aires, Axel Kicillof se\u00f1al\u00f3 que \u201cnuestra prioridad es continuar con el ritmo de vacunaci\u00f3n e incluso poder aumentarlo con la llegada de una mayor cantidad de dosis\u201d. Y a\u00f1adi\u00f3: \u201cValoro que, a pesar de todo lo que se ha dicho, hoy todos quieran recibir la vacuna. Vamos a seguir generando mecanismos de transparencia para que se respeten las prioridades y para sancionar a quienes cometan alguna irregularidad\u201d.<\/p>\n\n\n\n<div class=\"wp-block-image\"><figure class=\"aligncenter size-medium\"><img loading=\"lazy\" decoding=\"async\" width=\"460\" height=\"307\" src=\"http:\/\/infoecos.com.ar\/wp-content\/uploads\/2021\/02\/AB7435_2-460x307.jpg\" alt=\"\" class=\"wp-image-74887\" srcset=\"https:\/\/infoecos.com.ar\/wp-content\/uploads\/2021\/02\/AB7435_2-460x307.jpg 460w, https:\/\/infoecos.com.ar\/wp-content\/uploads\/2021\/02\/AB7435_2-920x613.jpg 920w, https:\/\/infoecos.com.ar\/wp-content\/uploads\/2021\/02\/AB7435_2-768x512.jpg 768w, https:\/\/infoecos.com.ar\/wp-content\/uploads\/2021\/02\/AB7435_2-1536x1024.jpg 1536w, https:\/\/infoecos.com.ar\/wp-content\/uploads\/2021\/02\/AB7435_2-2048x1365.jpg 2048w, https:\/\/infoecos.com.ar\/wp-content\/uploads\/2021\/02\/AB7435_2-1024x683.jpg 1024w, https:\/\/infoecos.com.ar\/wp-content\/uploads\/2021\/02\/AB7435_2-675x450.jpg 675w\" sizes=\"auto, (max-width: 460px) 100vw, 460px\" \/><\/figure><\/div>\n\n\n\n<p class=\"wp-block-paragraph\">\u201cEn la Provincia no hay vacunatorios ocultos ni privatizados, los turnos son provistos a trav\u00e9s de un sitio web y desde una aplicaci\u00f3n para el celular\u201d, indic\u00f3 el mandatario bonaerense y agreg\u00f3: \u201cEstamos priorizando a mayores de 70 a\u00f1os, a mayores de 60 a\u00f1os con enfermedades preexistentes y a quienes viven en residencias de larga estad\u00eda\u201d.<\/p>\n\n\n\n<p class=\"wp-block-paragraph\">Asimismo, Kicillof explic\u00f3 que \u201cen la Provincia ya hab\u00edamos comenzado con la inmunizaci\u00f3n de los trabajadores y las trabajadoras de la educaci\u00f3n, haciendo hincapi\u00e9 en quienes presentaban enfermedades previas\u201d. \u201cTambi\u00e9n invertimos en infraestructura y en un sistema de suplencias para garantizar la mayor presencialidad posible a los 4.150.000 alumnos y alumnas que comenzar\u00e1n el ciclo lectivo en marzo\u201d, sostuvo.<\/p>\n\n\n\n<p class=\"wp-block-paragraph\">El gobernador de la provincia de Buenos Aires, visit\u00f3 el municipio junto a la ministra de Gobierno, Teresa Garc\u00eda, y el intendente Mariano Cascallares, donde se desarrolla desde el martes pasado el operativo \u201cMi Registro, Mi Barrio\u201d, plan m\u00f3vil para la gesti\u00f3n gratuita de documentaci\u00f3n.<\/p>\n","protected":false},"excerpt":{"rendered":"<p> \u201cEstamos priorizando a mayores de 70 a\u00f1os, a mayores de 60 a\u00f1os con enfermedades preexistentes y a quienes viven en residencias de larga estad\u00eda\u201d, se\u00f1al\u00f3<\/p>\n","protected":false},"author":2,"featured_media":74887,"comment_status":"closed","ping_status":"open","sticky":false,"template":"","format":"standard","meta":{"footnotes":""},"categories":[29],"tags":[3077],"class_list":["post-74886","post","type-post","status-publish","format-standard","has-post-thumbnail","hentry","category-c2nota1","tag-declaraciones-en-almirante-brown"],"featured_image_urls":{"full":["https:\/\/infoecos.com.ar\/wp-content\/uploads\/2021\/02\/AB7435_2-scaled.jpg",2560,1707,false],"thumbnail":["https:\/\/infoecos.com.ar\/wp-content\/uploads\/2021\/02\/AB7435_2-150x150.jpg",150,150,true],"medium":["https:\/\/infoecos.com.ar\/wp-content\/uploads\/2021\/02\/AB7435_2-460x307.jpg",460,307,true],"medium_large":["https:\/\/infoecos.com.ar\/wp-content\/uploads\/2021\/02\/AB7435_2-768x512.jpg",640,427,true],"large":["https:\/\/infoecos.com.ar\/wp-content\/uploads\/2021\/02\/AB7435_2-920x613.jpg",640,426,true],"1536x1536":["https:\/\/infoecos.com.ar\/wp-content\/uploads\/2021\/02\/AB7435_2-1536x1024.jpg",1536,1024,true],"2048x2048":["https:\/\/infoecos.com.ar\/wp-content\/uploads\/2021\/02\/AB7435_2-2048x1365.jpg",2048,1365,true],"covernews-slider-full":["https:\/\/infoecos.com.ar\/wp-content\/uploads\/2021\/02\/AB7435_2-1536x1020.jpg",1077,715,true],"covernews-slider-center":["https:\/\/infoecos.com.ar\/wp-content\/uploads\/2021\/02\/AB7435_2-936x897.jpg",522,500,true],"covernews-featured":["https:\/\/infoecos.com.ar\/wp-content\/uploads\/2021\/02\/AB7435_2-1024x683.jpg",1024,683,true],"covernews-medium":["https:\/\/infoecos.com.ar\/wp-content\/uploads\/2021\/02\/AB7435_2-720x380.jpg",540,285,true],"covernews-medium-square":["https:\/\/infoecos.com.ar\/wp-content\/uploads\/2021\/02\/AB7435_2-675x450.jpg",375,250,true]},"author_info":{"info":["Jorge Matheus"]},"category_info":"<a href=\"https:\/\/infoecos.com.ar\/index.php\/category\/c2nota1\/\" rel=\"category tag\">C2 nota 1<\/a>","tag_info":"C2 nota 1","comment_count":"0","_links":{"self":[{"href":"https:\/\/infoecos.com.ar\/index.php\/wp-json\/wp\/v2\/posts\/74886","targetHints":{"allow":["GET"]}}],"collection":[{"href":"https:\/\/infoecos.com.ar\/index.php\/wp-json\/wp\/v2\/posts"}],"about":[{"href":"https:\/\/infoecos.com.ar\/index.php\/wp-json\/wp\/v2\/types\/post"}],"author":[{"embeddable":true,"href":"https:\/\/infoecos.com.ar\/index.php\/wp-json\/wp\/v2\/users\/2"}],"replies":[{"embeddable":true,"href":"https:\/\/infoecos.com.ar\/index.php\/wp-json\/wp\/v2\/comments?post=74886"}],"version-history":[{"count":1,"href":"https:\/\/infoecos.com.ar\/index.php\/wp-json\/wp\/v2\/posts\/74886\/revisions"}],"predecessor-version":[{"id":74888,"href":"https:\/\/infoecos.com.ar\/index.php\/wp-json\/wp\/v2\/posts\/74886\/revisions\/74888"}],"wp:featuredmedia":[{"embeddable":true,"href":"https:\/\/infoecos.com.ar\/index.php\/wp-json\/wp\/v2\/media\/74887"}],"wp:attachment":[{"href":"https:\/\/infoecos.com.ar\/index.php\/wp-json\/wp\/v2\/media?parent=74886"}],"wp:term":[{"taxonomy":"category","embeddable":true,"href":"https:\/\/infoecos.com.ar\/index.php\/wp-json\/wp\/v2\/categories?post=74886"},{"taxonomy":"post_tag","embeddable":true,"href":"https:\/\/infoecos.com.ar\/index.php\/wp-json\/wp\/v2\/tags?post=74886"}],"curies":[{"name":"wp","href":"https:\/\/api.w.org\/{rel}","templated":true}]}}