{"id":74913,"date":"2021-02-25T21:54:54","date_gmt":"2021-02-26T00:54:54","guid":{"rendered":"http:\/\/infoecos.com.ar\/?p=74913"},"modified":"2021-02-25T21:54:56","modified_gmt":"2021-02-26T00:54:56","slug":"visito-trenque-lauquen-la-presidenta-de-la-comision-de-turismo-de-la-camara-de-diputados-de-buenos-aires","status":"publish","type":"post","link":"https:\/\/infoecos.com.ar\/index.php\/visito-trenque-lauquen-la-presidenta-de-la-comision-de-turismo-de-la-camara-de-diputados-de-buenos-aires\/","title":{"rendered":"Visit\u00f3 Trenque Lauquen la presidenta de la Comisi\u00f3n de Turismo de la C\u00e1mara de Diputados de Buenos Aires"},"content":{"rendered":"\n<p class=\"wp-block-paragraph\">Visit\u00f3 Trenque Lauquen la diputada provincial y presidenta de la Comisi\u00f3n de Turismo, Laura Ricchini.<\/p>\n\n\n\n<div class=\"wp-block-image\"><figure class=\"aligncenter size-medium\"><img loading=\"lazy\" decoding=\"async\" width=\"460\" height=\"460\" src=\"http:\/\/infoecos.com.ar\/wp-content\/uploads\/2021\/02\/velazquezadriana-460x460.jpg\" alt=\"\" class=\"wp-image-74914\" srcset=\"https:\/\/infoecos.com.ar\/wp-content\/uploads\/2021\/02\/velazquezadriana-460x460.jpg 460w, https:\/\/infoecos.com.ar\/wp-content\/uploads\/2021\/02\/velazquezadriana-920x920.jpg 920w, https:\/\/infoecos.com.ar\/wp-content\/uploads\/2021\/02\/velazquezadriana-150x150.jpg 150w, https:\/\/infoecos.com.ar\/wp-content\/uploads\/2021\/02\/velazquezadriana-768x768.jpg 768w, https:\/\/infoecos.com.ar\/wp-content\/uploads\/2021\/02\/velazquezadriana.jpg 960w\" sizes=\"auto, (max-width: 460px) 100vw, 460px\" \/><\/figure><\/div>\n\n\n\n<p class=\"wp-block-paragraph\">La legisladora bonaerense de Juntos por el Cambio por la cuarta secci\u00f3n electoral, se reuni\u00f3 con dirigentes del PRO Trenque Lauquen y, adem\u00e1s, realiz\u00f3 una recorrida por algunos lugares del distrito.<\/p>\n\n\n\n<p class=\"wp-block-paragraph\">En sus cuentas en las redes sociales la presidenta de la corriente y concejal Adriana Vel\u00e1zquez, coment\u00f3 que Ricchini visit\u00f3 Cuero de Zorro. Convers\u00f3 con el responsable del concesionario a los fines de interiorizarse del presente y el futuro de ese lugar que concentra una intensa actividad tur\u00edstica, fundamentalmente de car\u00e1cter regional, pero con convocatoria a otros lugares del pa\u00eds en virtud de la pesca deportiva que se realiza en la laguna existente. <\/p>\n\n\n\n<div class=\"wp-block-image\"><figure class=\"aligncenter size-medium\"><img loading=\"lazy\" decoding=\"async\" width=\"460\" height=\"460\" src=\"http:\/\/infoecos.com.ar\/wp-content\/uploads\/2021\/02\/richinientl-460x460.jpg\" alt=\"\" class=\"wp-image-74916\" srcset=\"https:\/\/infoecos.com.ar\/wp-content\/uploads\/2021\/02\/richinientl-460x460.jpg 460w, https:\/\/infoecos.com.ar\/wp-content\/uploads\/2021\/02\/richinientl-920x920.jpg 920w, https:\/\/infoecos.com.ar\/wp-content\/uploads\/2021\/02\/richinientl-150x150.jpg 150w, https:\/\/infoecos.com.ar\/wp-content\/uploads\/2021\/02\/richinientl-768x768.jpg 768w, https:\/\/infoecos.com.ar\/wp-content\/uploads\/2021\/02\/richinientl.jpg 960w\" sizes=\"auto, (max-width: 460px) 100vw, 460px\" \/><\/figure><\/div>\n\n\n\n<p class=\"wp-block-paragraph\">No tuvo ning\u00fan encuentro con medios period\u00edsticos. <\/p>\n","protected":false},"excerpt":{"rendered":"<p>Convers\u00f3 con el responsable del concesionario a los fines de interiorizarse del presente y el futuro de ese lugar<\/p>\n","protected":false},"author":2,"featured_media":74916,"comment_status":"closed","ping_status":"open","sticky":false,"template":"","format":"standard","meta":{"footnotes":""},"categories":[46],"tags":[3084],"class_list":["post-74913","post","type-post","status-publish","format-standard","has-post-thumbnail","hentry","category-c2nota2","tag-recorrio-cuero-de-zorro"],"featured_image_urls":{"full":["https:\/\/infoecos.com.ar\/wp-content\/uploads\/2021\/02\/richinientl.jpg",960,960,false],"thumbnail":["https:\/\/infoecos.com.ar\/wp-content\/uploads\/2021\/02\/richinientl-150x150.jpg",150,150,true],"medium":["https:\/\/infoecos.com.ar\/wp-content\/uploads\/2021\/02\/richinientl-460x460.jpg",460,460,true],"medium_large":["https:\/\/infoecos.com.ar\/wp-content\/uploads\/2021\/02\/richinientl-768x768.jpg",640,640,true],"large":["https:\/\/infoecos.com.ar\/wp-content\/uploads\/2021\/02\/richinientl-920x920.jpg",640,640,true],"1536x1536":["https:\/\/infoecos.com.ar\/wp-content\/uploads\/2021\/02\/richinientl.jpg",960,960,false],"2048x2048":["https:\/\/infoecos.com.ar\/wp-content\/uploads\/2021\/02\/richinientl.jpg",960,960,false],"covernews-slider-full":["https:\/\/infoecos.com.ar\/wp-content\/uploads\/2021\/02\/richinientl.jpg",715,715,false],"covernews-slider-center":["https:\/\/infoecos.com.ar\/wp-content\/uploads\/2021\/02\/richinientl-936x897.jpg",522,500,true],"covernews-featured":["https:\/\/infoecos.com.ar\/wp-content\/uploads\/2021\/02\/richinientl.jpg",960,960,false],"covernews-medium":["https:\/\/infoecos.com.ar\/wp-content\/uploads\/2021\/02\/richinientl-720x380.jpg",540,285,true],"covernews-medium-square":["https:\/\/infoecos.com.ar\/wp-content\/uploads\/2021\/02\/richinientl-675x450.jpg",375,250,true]},"author_info":{"info":["Jorge Matheus"]},"category_info":"<a href=\"https:\/\/infoecos.com.ar\/index.php\/category\/c2nota2\/\" rel=\"category tag\">C2 N2<\/a>","tag_info":"C2 N2","comment_count":"0","_links":{"self":[{"href":"https:\/\/infoecos.com.ar\/index.php\/wp-json\/wp\/v2\/posts\/74913","targetHints":{"allow":["GET"]}}],"collection":[{"href":"https:\/\/infoecos.com.ar\/index.php\/wp-json\/wp\/v2\/posts"}],"about":[{"href":"https:\/\/infoecos.com.ar\/index.php\/wp-json\/wp\/v2\/types\/post"}],"author":[{"embeddable":true,"href":"https:\/\/infoecos.com.ar\/index.php\/wp-json\/wp\/v2\/users\/2"}],"replies":[{"embeddable":true,"href":"https:\/\/infoecos.com.ar\/index.php\/wp-json\/wp\/v2\/comments?post=74913"}],"version-history":[{"count":1,"href":"https:\/\/infoecos.com.ar\/index.php\/wp-json\/wp\/v2\/posts\/74913\/revisions"}],"predecessor-version":[{"id":74917,"href":"https:\/\/infoecos.com.ar\/index.php\/wp-json\/wp\/v2\/posts\/74913\/revisions\/74917"}],"wp:featuredmedia":[{"embeddable":true,"href":"https:\/\/infoecos.com.ar\/index.php\/wp-json\/wp\/v2\/media\/74916"}],"wp:attachment":[{"href":"https:\/\/infoecos.com.ar\/index.php\/wp-json\/wp\/v2\/media?parent=74913"}],"wp:term":[{"taxonomy":"category","embeddable":true,"href":"https:\/\/infoecos.com.ar\/index.php\/wp-json\/wp\/v2\/categories?post=74913"},{"taxonomy":"post_tag","embeddable":true,"href":"https:\/\/infoecos.com.ar\/index.php\/wp-json\/wp\/v2\/tags?post=74913"}],"curies":[{"name":"wp","href":"https:\/\/api.w.org\/{rel}","templated":true}]}}