{"id":74928,"date":"2021-02-26T00:34:35","date_gmt":"2021-02-26T03:34:35","guid":{"rendered":"http:\/\/infoecos.com.ar\/?p=74928"},"modified":"2021-02-26T00:34:39","modified_gmt":"2021-02-26T03:34:39","slug":"los-municipales-de-junin-siguen-con-medidas-de-fuerza-hasta-el-domingo","status":"publish","type":"post","link":"https:\/\/infoecos.com.ar\/index.php\/los-municipales-de-junin-siguen-con-medidas-de-fuerza-hasta-el-domingo\/","title":{"rendered":"Los municipales de Jun\u00edn siguen con medidas de fuerza hasta el domingo"},"content":{"rendered":"\n<p class=\"wp-block-paragraph\">Los municipales de Junin vuelven al paro, tras una nueva negativa del Ejecutivo municipal sobre la propuesta salarial acercada por el Sindicato que representa a los trabajadores.<\/p>\n\n\n\n<div class=\"wp-block-image\"><figure class=\"aligncenter size-medium\"><img loading=\"lazy\" decoding=\"async\" width=\"460\" height=\"258\" src=\"http:\/\/infoecos.com.ar\/wp-content\/uploads\/2021\/02\/juninsindicatotrabaja-460x258.jpg\" alt=\"\" class=\"wp-image-74492\" srcset=\"https:\/\/infoecos.com.ar\/wp-content\/uploads\/2021\/02\/juninsindicatotrabaja-460x258.jpg 460w, https:\/\/infoecos.com.ar\/wp-content\/uploads\/2021\/02\/juninsindicatotrabaja.jpg 730w\" sizes=\"auto, (max-width: 460px) 100vw, 460px\" \/><\/figure><\/div>\n\n\n\n<p class=\"wp-block-paragraph\">Seg\u00fan informaron desde el portal <strong>Semanariodejunin<\/strong>, ante esa decisi\u00f3n, los trabajadores decidieron movilizarse por las calles c\u00e9ntricas de Jun\u00edn.<\/p>\n\n\n\n<p class=\"wp-block-paragraph\">El mi\u00e9rcoles por la noche se conoci\u00f3 que el gobierno de Petrecca ofert\u00f3 un 40% de aumento salarial en todo concepto, como recomposici\u00f3n del 2020 (a\u00f1o en que los salarios no tuvieron modificaciones) y para el 2021, algo que no satisfizo las expectativas del Sindicato y los trabajadores.<\/p>\n\n\n\n<p class=\"wp-block-paragraph\">Este jueves, los dirigentes acercaron una nueva propuesta a las autoridades municipales: un 55% de aumento hasta el mes de junio, y recategorizaci\u00f3n urgente del personal que est\u00e1 por debajo del m\u00ednimo vital y m\u00f3vil.<\/p>\n\n\n\n<p class=\"wp-block-paragraph\">Y esta vez, la negativa provino del gobierno municipal, con lo cual las conversaciones otra vez estar\u00edan estancadas.<\/p>\n\n\n\n<p class=\"wp-block-paragraph\">De este modo, se cumplir\u00e1 un nuevo paro de actividades hasta el domingo inclusive.<\/p>\n\n\n\n<p class=\"wp-block-paragraph\"><strong>Fuente: infogei.com<\/strong><\/p>\n","protected":false},"excerpt":{"rendered":"<p>Este jueves, los dirigentes acercaron una nueva propuesta a las autoridades municipales: un 55% de aumento hasta el mes de junio, y recategorizaci\u00f3n urgente del personal que est\u00e1 por debajo del m\u00ednimo vital y m\u00f3vil<\/p>\n","protected":false},"author":2,"featured_media":74492,"comment_status":"closed","ping_status":"open","sticky":false,"template":"","format":"standard","meta":{"footnotes":""},"categories":[198],"tags":[3088],"class_list":["post-74928","post","type-post","status-publish","format-standard","has-post-thumbnail","hentry","category-c1nota5","tag-el-gobierno-municipal-rechazo-propuesta-salarial"],"featured_image_urls":{"full":["https:\/\/infoecos.com.ar\/wp-content\/uploads\/2021\/02\/juninsindicatotrabaja.jpg",730,409,false],"thumbnail":["https:\/\/infoecos.com.ar\/wp-content\/uploads\/2021\/02\/juninsindicatotrabaja-150x150.jpg",150,150,true],"medium":["https:\/\/infoecos.com.ar\/wp-content\/uploads\/2021\/02\/juninsindicatotrabaja-460x258.jpg",460,258,true],"medium_large":["https:\/\/infoecos.com.ar\/wp-content\/uploads\/2021\/02\/juninsindicatotrabaja.jpg",640,359,false],"large":["https:\/\/infoecos.com.ar\/wp-content\/uploads\/2021\/02\/juninsindicatotrabaja.jpg",640,359,false],"1536x1536":["https:\/\/infoecos.com.ar\/wp-content\/uploads\/2021\/02\/juninsindicatotrabaja.jpg",730,409,false],"2048x2048":["https:\/\/infoecos.com.ar\/wp-content\/uploads\/2021\/02\/juninsindicatotrabaja.jpg",730,409,false],"covernews-slider-full":["https:\/\/infoecos.com.ar\/wp-content\/uploads\/2021\/02\/juninsindicatotrabaja.jpg",730,409,false],"covernews-slider-center":["https:\/\/infoecos.com.ar\/wp-content\/uploads\/2021\/02\/juninsindicatotrabaja.jpg",730,409,false],"covernews-featured":["https:\/\/infoecos.com.ar\/wp-content\/uploads\/2021\/02\/juninsindicatotrabaja.jpg",730,409,false],"covernews-medium":["https:\/\/infoecos.com.ar\/wp-content\/uploads\/2021\/02\/juninsindicatotrabaja-720x380.jpg",540,285,true],"covernews-medium-square":["https:\/\/infoecos.com.ar\/wp-content\/uploads\/2021\/02\/juninsindicatotrabaja-675x409.jpg",400,242,true]},"author_info":{"info":["Jorge Matheus"]},"category_info":"<a href=\"https:\/\/infoecos.com.ar\/index.php\/category\/c1nota5\/\" rel=\"category tag\">C1 nota 5<\/a>","tag_info":"C1 nota 5","comment_count":"0","_links":{"self":[{"href":"https:\/\/infoecos.com.ar\/index.php\/wp-json\/wp\/v2\/posts\/74928","targetHints":{"allow":["GET"]}}],"collection":[{"href":"https:\/\/infoecos.com.ar\/index.php\/wp-json\/wp\/v2\/posts"}],"about":[{"href":"https:\/\/infoecos.com.ar\/index.php\/wp-json\/wp\/v2\/types\/post"}],"author":[{"embeddable":true,"href":"https:\/\/infoecos.com.ar\/index.php\/wp-json\/wp\/v2\/users\/2"}],"replies":[{"embeddable":true,"href":"https:\/\/infoecos.com.ar\/index.php\/wp-json\/wp\/v2\/comments?post=74928"}],"version-history":[{"count":1,"href":"https:\/\/infoecos.com.ar\/index.php\/wp-json\/wp\/v2\/posts\/74928\/revisions"}],"predecessor-version":[{"id":74929,"href":"https:\/\/infoecos.com.ar\/index.php\/wp-json\/wp\/v2\/posts\/74928\/revisions\/74929"}],"wp:featuredmedia":[{"embeddable":true,"href":"https:\/\/infoecos.com.ar\/index.php\/wp-json\/wp\/v2\/media\/74492"}],"wp:attachment":[{"href":"https:\/\/infoecos.com.ar\/index.php\/wp-json\/wp\/v2\/media?parent=74928"}],"wp:term":[{"taxonomy":"category","embeddable":true,"href":"https:\/\/infoecos.com.ar\/index.php\/wp-json\/wp\/v2\/categories?post=74928"},{"taxonomy":"post_tag","embeddable":true,"href":"https:\/\/infoecos.com.ar\/index.php\/wp-json\/wp\/v2\/tags?post=74928"}],"curies":[{"name":"wp","href":"https:\/\/api.w.org\/{rel}","templated":true}]}}