{"id":74936,"date":"2021-02-26T00:47:16","date_gmt":"2021-02-26T03:47:16","guid":{"rendered":"http:\/\/infoecos.com.ar\/?p=74936"},"modified":"2021-02-26T00:47:18","modified_gmt":"2021-02-26T03:47:18","slug":"se-establecio-la-reapertura-de-las-salas-de-cine-en-caba-y-en-la-provincia-de-buenos-aires","status":"publish","type":"post","link":"https:\/\/infoecos.com.ar\/index.php\/se-establecio-la-reapertura-de-las-salas-de-cine-en-caba-y-en-la-provincia-de-buenos-aires\/","title":{"rendered":"Se estableci\u00f3 la reapertura de las salas de cine en CABA y en la provincia de Buenos Aires"},"content":{"rendered":"\n<p>El gobierno nacional estableci\u00f3 la reapertura de las salas de cine en la Ciudad Aut\u00f3noma de Buenos Aires y en la provincia de Buenos Aires, seg\u00fan dos disposiciones publicadas en el Bolet\u00edn Oficial.<\/p>\n\n\n\n<div class=\"wp-block-image\"><figure class=\"aligncenter size-medium\"><img loading=\"lazy\" decoding=\"async\" width=\"460\" height=\"268\" src=\"http:\/\/infoecos.com.ar\/wp-content\/uploads\/2021\/01\/cines-460x268.jpg\" alt=\"\" class=\"wp-image-72626\" srcset=\"https:\/\/infoecos.com.ar\/wp-content\/uploads\/2021\/01\/cines-460x268.jpg 460w, https:\/\/infoecos.com.ar\/wp-content\/uploads\/2021\/01\/cines-920x536.jpg 920w, https:\/\/infoecos.com.ar\/wp-content\/uploads\/2021\/01\/cines-768x447.jpg 768w, https:\/\/infoecos.com.ar\/wp-content\/uploads\/2021\/01\/cines.jpg 944w\" sizes=\"(max-width: 460px) 100vw, 460px\" \/><\/figure><\/div>\n\n\n\n<p>Por medio de la Decisi\u00f3n Administrativa 133\/2021, se establece el permiso para los cines de la Ciudad, que deber\u00e1n funcionar con un aforo del 30 por ciento de la sala.<\/p>\n\n\n\n<p>En tanto, por medio de la Decisi\u00f3n Administrativa 145\/2021, se indica que los cines de la provincia de Buenos Aires podr\u00e1n abrir con un aforo que \u00abinicialmente no podr\u00e1 superar el 50 por ciento por sala\u00bb.<\/p>\n\n\n\n<p>Ambas normativas est\u00e1n firmadas por el jefe de Gabinete, Santiago Cafiero; y la ministra de Salud, Carla Vizzotti.<\/p>\n\n\n\n<p>En tanto, por medio de la Decisi\u00f3n Administrativa 145\/2021, se indica que los cines de la provincia de Buenos Aires podr\u00e1n abrir con un aforo que \u00abinicialmente no podr\u00e1 superar el 50 por ciento por sala\u00bb.<\/p>\n","protected":false},"excerpt":{"rendered":"<p>Se indica que los cines de la provincia de Buenos Aires podr\u00e1n abrir con un aforo que \u00abinicialmente no podr\u00e1 superar el 50 por ciento por sala<\/p>\n","protected":false},"author":2,"featured_media":72626,"comment_status":"closed","ping_status":"open","sticky":false,"template":"","format":"standard","meta":{"footnotes":""},"categories":[1614],"tags":[2353],"class_list":["post-74936","post","type-post","status-publish","format-standard","has-post-thumbnail","hentry","category-c2nota7","tag-nueva-normalidad"],"yoast_head":"<!-- This site is optimized with the Yoast SEO plugin v23.4 - https:\/\/yoast.com\/wordpress\/plugins\/seo\/ -->\n<title>Se estableci\u00f3 la reapertura de las salas de cine en CABA y en la provincia de Buenos Aires - Infoecos<\/title>\n<meta name=\"robots\" content=\"index, follow, max-snippet:-1, max-image-preview:large, max-video-preview:-1\" \/>\n<link rel=\"canonical\" href=\"https:\/\/infoecos.com.ar\/index.php\/se-establecio-la-reapertura-de-las-salas-de-cine-en-caba-y-en-la-provincia-de-buenos-aires\/\" \/>\n<meta property=\"og:locale\" content=\"es_ES\" \/>\n<meta property=\"og:type\" content=\"article\" \/>\n<meta property=\"og:title\" content=\"Se estableci\u00f3 la reapertura de las salas de cine en CABA y en la provincia de Buenos Aires - Infoecos\" \/>\n<meta property=\"og:description\" content=\"Se indica que los cines de la provincia de Buenos Aires podr\u00e1n abrir con un aforo que &quot;inicialmente no podr\u00e1 superar el 50 por ciento por sala\" \/>\n<meta property=\"og:url\" content=\"https:\/\/infoecos.com.ar\/index.php\/se-establecio-la-reapertura-de-las-salas-de-cine-en-caba-y-en-la-provincia-de-buenos-aires\/\" \/>\n<meta property=\"og:site_name\" content=\"Infoecos\" \/>\n<meta property=\"article:publisher\" content=\"https:\/\/www.facebook.com\/profile.php?id=100063200290284\" \/>\n<meta property=\"article:published_time\" content=\"2021-02-26T03:47:16+00:00\" \/>\n<meta property=\"article:modified_time\" content=\"2021-02-26T03:47:18+00:00\" \/>\n<meta property=\"og:image\" content=\"https:\/\/infoecos.com.ar\/wp-content\/uploads\/2021\/01\/cines.jpg\" \/>\n\t<meta property=\"og:image:width\" content=\"944\" \/>\n\t<meta property=\"og:image:height\" content=\"550\" \/>\n\t<meta property=\"og:image:type\" content=\"image\/jpeg\" \/>\n<meta name=\"author\" content=\"Jorge Matheus\" \/>\n<meta name=\"twitter:card\" content=\"summary_large_image\" \/>\n<meta name=\"twitter:creator\" content=\"@infoecos\" \/>\n<meta name=\"twitter:site\" content=\"@infoecos\" \/>\n<meta name=\"twitter:label1\" content=\"Escrito por\" \/>\n\t<meta name=\"twitter:data1\" content=\"Jorge Matheus\" \/>\n\t<meta name=\"twitter:label2\" content=\"Tiempo de lectura\" \/>\n\t<meta name=\"twitter:data2\" content=\"1 minuto\" \/>\n<script type=\"application\/ld+json\" class=\"yoast-schema-graph\">{\"@context\":\"https:\/\/schema.org\",\"@graph\":[{\"@type\":\"Article\",\"@id\":\"https:\/\/infoecos.com.ar\/index.php\/se-establecio-la-reapertura-de-las-salas-de-cine-en-caba-y-en-la-provincia-de-buenos-aires\/#article\",\"isPartOf\":{\"@id\":\"https:\/\/infoecos.com.ar\/index.php\/se-establecio-la-reapertura-de-las-salas-de-cine-en-caba-y-en-la-provincia-de-buenos-aires\/\"},\"author\":{\"name\":\"Jorge Matheus\",\"@id\":\"https:\/\/infoecos.com.ar\/#\/schema\/person\/8f5ace5ce73b4b4aac4b7245aee6f191\"},\"headline\":\"Se estableci\u00f3 la reapertura de las salas de cine en CABA y en la provincia de Buenos Aires\",\"datePublished\":\"2021-02-26T03:47:16+00:00\",\"dateModified\":\"2021-02-26T03:47:18+00:00\",\"mainEntityOfPage\":{\"@id\":\"https:\/\/infoecos.com.ar\/index.php\/se-establecio-la-reapertura-de-las-salas-de-cine-en-caba-y-en-la-provincia-de-buenos-aires\/\"},\"wordCount\":175,\"publisher\":{\"@id\":\"https:\/\/infoecos.com.ar\/#organization\"},\"image\":{\"@id\":\"https:\/\/infoecos.com.ar\/index.php\/se-establecio-la-reapertura-de-las-salas-de-cine-en-caba-y-en-la-provincia-de-buenos-aires\/#primaryimage\"},\"thumbnailUrl\":\"https:\/\/infoecos.com.ar\/wp-content\/uploads\/2021\/01\/cines.jpg\",\"keywords\":[\"NUEVA NORMALIDAD\"],\"articleSection\":[\"C2 N7\"],\"inLanguage\":\"es\"},{\"@type\":\"WebPage\",\"@id\":\"https:\/\/infoecos.com.ar\/index.php\/se-establecio-la-reapertura-de-las-salas-de-cine-en-caba-y-en-la-provincia-de-buenos-aires\/\",\"url\":\"https:\/\/infoecos.com.ar\/index.php\/se-establecio-la-reapertura-de-las-salas-de-cine-en-caba-y-en-la-provincia-de-buenos-aires\/\",\"name\":\"Se estableci\u00f3 la reapertura de las salas de cine en CABA y en la provincia de Buenos Aires - Infoecos\",\"isPartOf\":{\"@id\":\"https:\/\/infoecos.com.ar\/#website\"},\"primaryImageOfPage\":{\"@id\":\"https:\/\/infoecos.com.ar\/index.php\/se-establecio-la-reapertura-de-las-salas-de-cine-en-caba-y-en-la-provincia-de-buenos-aires\/#primaryimage\"},\"image\":{\"@id\":\"https:\/\/infoecos.com.ar\/index.php\/se-establecio-la-reapertura-de-las-salas-de-cine-en-caba-y-en-la-provincia-de-buenos-aires\/#primaryimage\"},\"thumbnailUrl\":\"https:\/\/infoecos.com.ar\/wp-content\/uploads\/2021\/01\/cines.jpg\",\"datePublished\":\"2021-02-26T03:47:16+00:00\",\"dateModified\":\"2021-02-26T03:47:18+00:00\",\"breadcrumb\":{\"@id\":\"https:\/\/infoecos.com.ar\/index.php\/se-establecio-la-reapertura-de-las-salas-de-cine-en-caba-y-en-la-provincia-de-buenos-aires\/#breadcrumb\"},\"inLanguage\":\"es\",\"potentialAction\":[{\"@type\":\"ReadAction\",\"target\":[\"https:\/\/infoecos.com.ar\/index.php\/se-establecio-la-reapertura-de-las-salas-de-cine-en-caba-y-en-la-provincia-de-buenos-aires\/\"]}]},{\"@type\":\"ImageObject\",\"inLanguage\":\"es\",\"@id\":\"https:\/\/infoecos.com.ar\/index.php\/se-establecio-la-reapertura-de-las-salas-de-cine-en-caba-y-en-la-provincia-de-buenos-aires\/#primaryimage\",\"url\":\"https:\/\/infoecos.com.ar\/wp-content\/uploads\/2021\/01\/cines.jpg\",\"contentUrl\":\"https:\/\/infoecos.com.ar\/wp-content\/uploads\/2021\/01\/cines.jpg\",\"width\":944,\"height\":550},{\"@type\":\"BreadcrumbList\",\"@id\":\"https:\/\/infoecos.com.ar\/index.php\/se-establecio-la-reapertura-de-las-salas-de-cine-en-caba-y-en-la-provincia-de-buenos-aires\/#breadcrumb\",\"itemListElement\":[{\"@type\":\"ListItem\",\"position\":1,\"name\":\"Portada\",\"item\":\"https:\/\/infoecos.com.ar\/\"},{\"@type\":\"ListItem\",\"position\":2,\"name\":\"Se estableci\u00f3 la reapertura de las salas de cine en CABA y en la provincia de Buenos Aires\"}]},{\"@type\":\"WebSite\",\"@id\":\"https:\/\/infoecos.com.ar\/#website\",\"url\":\"https:\/\/infoecos.com.ar\/\",\"name\":\"Infoecos\",\"description\":\"Noticias de trenque lauquen y la zona\",\"publisher\":{\"@id\":\"https:\/\/infoecos.com.ar\/#organization\"},\"alternateName\":\"Noticias\",\"potentialAction\":[{\"@type\":\"SearchAction\",\"target\":{\"@type\":\"EntryPoint\",\"urlTemplate\":\"https:\/\/infoecos.com.ar\/?s={search_term_string}\"},\"query-input\":{\"@type\":\"PropertyValueSpecification\",\"valueRequired\":true,\"valueName\":\"search_term_string\"}}],\"inLanguage\":\"es\"},{\"@type\":\"Organization\",\"@id\":\"https:\/\/infoecos.com.ar\/#organization\",\"name\":\"Infoecos\",\"alternateName\":\"Noticias\",\"url\":\"https:\/\/infoecos.com.ar\/\",\"logo\":{\"@type\":\"ImageObject\",\"inLanguage\":\"es\",\"@id\":\"https:\/\/infoecos.com.ar\/#\/schema\/logo\/image\/\",\"url\":\"https:\/\/infoecos.com.ar\/wp-content\/uploads\/2024\/03\/cropped-logo.png\",\"contentUrl\":\"https:\/\/infoecos.com.ar\/wp-content\/uploads\/2024\/03\/cropped-logo.png\",\"width\":374,\"height\":90,\"caption\":\"Infoecos\"},\"image\":{\"@id\":\"https:\/\/infoecos.com.ar\/#\/schema\/logo\/image\/\"},\"sameAs\":[\"https:\/\/www.facebook.com\/profile.php?id=100063200290284\",\"https:\/\/x.com\/infoecos\"]},{\"@type\":\"Person\",\"@id\":\"https:\/\/infoecos.com.ar\/#\/schema\/person\/8f5ace5ce73b4b4aac4b7245aee6f191\",\"name\":\"Jorge Matheus\",\"url\":\"https:\/\/infoecos.com.ar\/index.php\/author\/jomatheus\/\"}]}<\/script>\n<!-- \/ Yoast SEO plugin. -->","yoast_head_json":{"title":"Se estableci\u00f3 la reapertura de las salas de cine en CABA y en la provincia de Buenos Aires - Infoecos","robots":{"index":"index","follow":"follow","max-snippet":"max-snippet:-1","max-image-preview":"max-image-preview:large","max-video-preview":"max-video-preview:-1"},"canonical":"https:\/\/infoecos.com.ar\/index.php\/se-establecio-la-reapertura-de-las-salas-de-cine-en-caba-y-en-la-provincia-de-buenos-aires\/","og_locale":"es_ES","og_type":"article","og_title":"Se estableci\u00f3 la reapertura de las salas de cine en CABA y en la provincia de Buenos Aires - Infoecos","og_description":"Se indica que los cines de la provincia de Buenos Aires podr\u00e1n abrir con un aforo que \"inicialmente no podr\u00e1 superar el 50 por ciento por sala","og_url":"https:\/\/infoecos.com.ar\/index.php\/se-establecio-la-reapertura-de-las-salas-de-cine-en-caba-y-en-la-provincia-de-buenos-aires\/","og_site_name":"Infoecos","article_publisher":"https:\/\/www.facebook.com\/profile.php?id=100063200290284","article_published_time":"2021-02-26T03:47:16+00:00","article_modified_time":"2021-02-26T03:47:18+00:00","og_image":[{"width":944,"height":550,"url":"https:\/\/infoecos.com.ar\/wp-content\/uploads\/2021\/01\/cines.jpg","type":"image\/jpeg"}],"author":"Jorge Matheus","twitter_card":"summary_large_image","twitter_creator":"@infoecos","twitter_site":"@infoecos","twitter_misc":{"Escrito por":"Jorge Matheus","Tiempo de lectura":"1 minuto"},"schema":{"@context":"https:\/\/schema.org","@graph":[{"@type":"Article","@id":"https:\/\/infoecos.com.ar\/index.php\/se-establecio-la-reapertura-de-las-salas-de-cine-en-caba-y-en-la-provincia-de-buenos-aires\/#article","isPartOf":{"@id":"https:\/\/infoecos.com.ar\/index.php\/se-establecio-la-reapertura-de-las-salas-de-cine-en-caba-y-en-la-provincia-de-buenos-aires\/"},"author":{"name":"Jorge Matheus","@id":"https:\/\/infoecos.com.ar\/#\/schema\/person\/8f5ace5ce73b4b4aac4b7245aee6f191"},"headline":"Se estableci\u00f3 la reapertura de las salas de cine en CABA y en la provincia de Buenos Aires","datePublished":"2021-02-26T03:47:16+00:00","dateModified":"2021-02-26T03:47:18+00:00","mainEntityOfPage":{"@id":"https:\/\/infoecos.com.ar\/index.php\/se-establecio-la-reapertura-de-las-salas-de-cine-en-caba-y-en-la-provincia-de-buenos-aires\/"},"wordCount":175,"publisher":{"@id":"https:\/\/infoecos.com.ar\/#organization"},"image":{"@id":"https:\/\/infoecos.com.ar\/index.php\/se-establecio-la-reapertura-de-las-salas-de-cine-en-caba-y-en-la-provincia-de-buenos-aires\/#primaryimage"},"thumbnailUrl":"https:\/\/infoecos.com.ar\/wp-content\/uploads\/2021\/01\/cines.jpg","keywords":["NUEVA NORMALIDAD"],"articleSection":["C2 N7"],"inLanguage":"es"},{"@type":"WebPage","@id":"https:\/\/infoecos.com.ar\/index.php\/se-establecio-la-reapertura-de-las-salas-de-cine-en-caba-y-en-la-provincia-de-buenos-aires\/","url":"https:\/\/infoecos.com.ar\/index.php\/se-establecio-la-reapertura-de-las-salas-de-cine-en-caba-y-en-la-provincia-de-buenos-aires\/","name":"Se estableci\u00f3 la reapertura de las salas de cine en CABA y en la provincia de Buenos Aires - Infoecos","isPartOf":{"@id":"https:\/\/infoecos.com.ar\/#website"},"primaryImageOfPage":{"@id":"https:\/\/infoecos.com.ar\/index.php\/se-establecio-la-reapertura-de-las-salas-de-cine-en-caba-y-en-la-provincia-de-buenos-aires\/#primaryimage"},"image":{"@id":"https:\/\/infoecos.com.ar\/index.php\/se-establecio-la-reapertura-de-las-salas-de-cine-en-caba-y-en-la-provincia-de-buenos-aires\/#primaryimage"},"thumbnailUrl":"https:\/\/infoecos.com.ar\/wp-content\/uploads\/2021\/01\/cines.jpg","datePublished":"2021-02-26T03:47:16+00:00","dateModified":"2021-02-26T03:47:18+00:00","breadcrumb":{"@id":"https:\/\/infoecos.com.ar\/index.php\/se-establecio-la-reapertura-de-las-salas-de-cine-en-caba-y-en-la-provincia-de-buenos-aires\/#breadcrumb"},"inLanguage":"es","potentialAction":[{"@type":"ReadAction","target":["https:\/\/infoecos.com.ar\/index.php\/se-establecio-la-reapertura-de-las-salas-de-cine-en-caba-y-en-la-provincia-de-buenos-aires\/"]}]},{"@type":"ImageObject","inLanguage":"es","@id":"https:\/\/infoecos.com.ar\/index.php\/se-establecio-la-reapertura-de-las-salas-de-cine-en-caba-y-en-la-provincia-de-buenos-aires\/#primaryimage","url":"https:\/\/infoecos.com.ar\/wp-content\/uploads\/2021\/01\/cines.jpg","contentUrl":"https:\/\/infoecos.com.ar\/wp-content\/uploads\/2021\/01\/cines.jpg","width":944,"height":550},{"@type":"BreadcrumbList","@id":"https:\/\/infoecos.com.ar\/index.php\/se-establecio-la-reapertura-de-las-salas-de-cine-en-caba-y-en-la-provincia-de-buenos-aires\/#breadcrumb","itemListElement":[{"@type":"ListItem","position":1,"name":"Portada","item":"https:\/\/infoecos.com.ar\/"},{"@type":"ListItem","position":2,"name":"Se estableci\u00f3 la reapertura de las salas de cine en CABA y en la provincia de Buenos Aires"}]},{"@type":"WebSite","@id":"https:\/\/infoecos.com.ar\/#website","url":"https:\/\/infoecos.com.ar\/","name":"Infoecos","description":"Noticias de trenque lauquen y la zona","publisher":{"@id":"https:\/\/infoecos.com.ar\/#organization"},"alternateName":"Noticias","potentialAction":[{"@type":"SearchAction","target":{"@type":"EntryPoint","urlTemplate":"https:\/\/infoecos.com.ar\/?s={search_term_string}"},"query-input":{"@type":"PropertyValueSpecification","valueRequired":true,"valueName":"search_term_string"}}],"inLanguage":"es"},{"@type":"Organization","@id":"https:\/\/infoecos.com.ar\/#organization","name":"Infoecos","alternateName":"Noticias","url":"https:\/\/infoecos.com.ar\/","logo":{"@type":"ImageObject","inLanguage":"es","@id":"https:\/\/infoecos.com.ar\/#\/schema\/logo\/image\/","url":"https:\/\/infoecos.com.ar\/wp-content\/uploads\/2024\/03\/cropped-logo.png","contentUrl":"https:\/\/infoecos.com.ar\/wp-content\/uploads\/2024\/03\/cropped-logo.png","width":374,"height":90,"caption":"Infoecos"},"image":{"@id":"https:\/\/infoecos.com.ar\/#\/schema\/logo\/image\/"},"sameAs":["https:\/\/www.facebook.com\/profile.php?id=100063200290284","https:\/\/x.com\/infoecos"]},{"@type":"Person","@id":"https:\/\/infoecos.com.ar\/#\/schema\/person\/8f5ace5ce73b4b4aac4b7245aee6f191","name":"Jorge Matheus","url":"https:\/\/infoecos.com.ar\/index.php\/author\/jomatheus\/"}]}},"featured_image_urls":{"full":["https:\/\/infoecos.com.ar\/wp-content\/uploads\/2021\/01\/cines.jpg",944,550,false],"thumbnail":["https:\/\/infoecos.com.ar\/wp-content\/uploads\/2021\/01\/cines-150x150.jpg",150,150,true],"medium":["https:\/\/infoecos.com.ar\/wp-content\/uploads\/2021\/01\/cines-460x268.jpg",460,268,true],"medium_large":["https:\/\/infoecos.com.ar\/wp-content\/uploads\/2021\/01\/cines-768x447.jpg",640,373,true],"large":["https:\/\/infoecos.com.ar\/wp-content\/uploads\/2021\/01\/cines-920x536.jpg",640,373,true],"1536x1536":["https:\/\/infoecos.com.ar\/wp-content\/uploads\/2021\/01\/cines.jpg",944,550,false],"2048x2048":["https:\/\/infoecos.com.ar\/wp-content\/uploads\/2021\/01\/cines.jpg",944,550,false],"covernews-slider-full":["https:\/\/infoecos.com.ar\/wp-content\/uploads\/2021\/01\/cines.jpg",944,550,false],"covernews-slider-center":["https:\/\/infoecos.com.ar\/wp-content\/uploads\/2021\/01\/cines-936x550.jpg",800,470,true],"covernews-featured":["https:\/\/infoecos.com.ar\/wp-content\/uploads\/2021\/01\/cines.jpg",944,550,false],"covernews-medium":["https:\/\/infoecos.com.ar\/wp-content\/uploads\/2021\/01\/cines-720x380.jpg",540,285,true],"covernews-medium-square":["https:\/\/infoecos.com.ar\/wp-content\/uploads\/2021\/01\/cines-675x450.jpg",375,250,true]},"author_info":{"info":["Jorge Matheus"]},"category_info":"<a href=\"https:\/\/infoecos.com.ar\/index.php\/category\/c2nota7\/\" rel=\"category tag\">C2 N7<\/a>","tag_info":"C2 N7","comment_count":"0","_links":{"self":[{"href":"https:\/\/infoecos.com.ar\/index.php\/wp-json\/wp\/v2\/posts\/74936"}],"collection":[{"href":"https:\/\/infoecos.com.ar\/index.php\/wp-json\/wp\/v2\/posts"}],"about":[{"href":"https:\/\/infoecos.com.ar\/index.php\/wp-json\/wp\/v2\/types\/post"}],"author":[{"embeddable":true,"href":"https:\/\/infoecos.com.ar\/index.php\/wp-json\/wp\/v2\/users\/2"}],"replies":[{"embeddable":true,"href":"https:\/\/infoecos.com.ar\/index.php\/wp-json\/wp\/v2\/comments?post=74936"}],"version-history":[{"count":1,"href":"https:\/\/infoecos.com.ar\/index.php\/wp-json\/wp\/v2\/posts\/74936\/revisions"}],"predecessor-version":[{"id":74937,"href":"https:\/\/infoecos.com.ar\/index.php\/wp-json\/wp\/v2\/posts\/74936\/revisions\/74937"}],"wp:featuredmedia":[{"embeddable":true,"href":"https:\/\/infoecos.com.ar\/index.php\/wp-json\/wp\/v2\/media\/72626"}],"wp:attachment":[{"href":"https:\/\/infoecos.com.ar\/index.php\/wp-json\/wp\/v2\/media?parent=74936"}],"wp:term":[{"taxonomy":"category","embeddable":true,"href":"https:\/\/infoecos.com.ar\/index.php\/wp-json\/wp\/v2\/categories?post=74936"},{"taxonomy":"post_tag","embeddable":true,"href":"https:\/\/infoecos.com.ar\/index.php\/wp-json\/wp\/v2\/tags?post=74936"}],"curies":[{"name":"wp","href":"https:\/\/api.w.org\/{rel}","templated":true}]}}