{"id":74945,"date":"2021-02-26T01:14:21","date_gmt":"2021-02-26T04:14:21","guid":{"rendered":"http:\/\/infoecos.com.ar\/?p=74945"},"modified":"2021-02-26T01:14:24","modified_gmt":"2021-02-26T04:14:24","slug":"dos-vecinos-de-espartillar-se-mataron-en-un-accidente-ocurrido-en-el-acceso-a-guamini","status":"publish","type":"post","link":"https:\/\/infoecos.com.ar\/index.php\/dos-vecinos-de-espartillar-se-mataron-en-un-accidente-ocurrido-en-el-acceso-a-guamini\/","title":{"rendered":"Dos vecinos de Espartillar se mataron en un accidente ocurrido en el acceso a Guamin\u00ed"},"content":{"rendered":"\n<p class=\"wp-block-paragraph\">Dos adultos mayores murieron ayer en un accidente que ocurri\u00f3 en el acceso a Guamin\u00ed.<\/p>\n\n\n\n<div class=\"wp-block-image\"><figure class=\"aligncenter size-medium\"><img loading=\"lazy\" decoding=\"async\" width=\"460\" height=\"259\" src=\"http:\/\/infoecos.com.ar\/wp-content\/uploads\/2021\/02\/accidenteguaminui-460x259.jpg\" alt=\"\" class=\"wp-image-74946\" srcset=\"https:\/\/infoecos.com.ar\/wp-content\/uploads\/2021\/02\/accidenteguaminui-460x259.jpg 460w, https:\/\/infoecos.com.ar\/wp-content\/uploads\/2021\/02\/accidenteguaminui-920x518.jpg 920w, https:\/\/infoecos.com.ar\/wp-content\/uploads\/2021\/02\/accidenteguaminui-768x432.jpg 768w, https:\/\/infoecos.com.ar\/wp-content\/uploads\/2021\/02\/accidenteguaminui.jpg 1024w\" sizes=\"auto, (max-width: 460px) 100vw, 460px\" \/><\/figure><\/div>\n\n\n\n<p class=\"wp-block-paragraph\">Aproximadamente a las 9:45&nbsp;un auto Volkswagen Gol Trend&nbsp;se despist\u00f3 en el&nbsp;camino Marcelino Estanislao Freyre,&nbsp;a la altura del ingreso al camino que conduce al cementerio, e impact\u00f3 contra una alcantarilla. Producto del choque, el veh\u00edculo volc\u00f3 y ambos ocupantes murieron.<\/p>\n\n\n\n<p class=\"wp-block-paragraph\">Las v\u00edctimas fueron identificadas como Juan Carlos \u00c1lvarez (80 a\u00f1os de edad) y Lidia Dora Mancuello (70 a\u00f1os de edad), oriundos de Espartillar. Si bien est\u00e1 claro que circulaban en direcci\u00f3n a Guamin\u00ed, las causas del accidente son materia de investigaci\u00f3n, por eso intervino en las tareas periciales la Polic\u00eda Cient\u00edfica de la Delegaci\u00f3n de Adolfo Alsina.<\/p>\n\n\n\n<div class=\"wp-block-image\"><figure class=\"aligncenter size-medium\"><img loading=\"lazy\" decoding=\"async\" width=\"460\" height=\"259\" src=\"http:\/\/infoecos.com.ar\/wp-content\/uploads\/2021\/02\/accidenteguamini-460x259.jpg\" alt=\"\" class=\"wp-image-74947\" srcset=\"https:\/\/infoecos.com.ar\/wp-content\/uploads\/2021\/02\/accidenteguamini-460x259.jpg 460w, https:\/\/infoecos.com.ar\/wp-content\/uploads\/2021\/02\/accidenteguamini-920x518.jpg 920w, https:\/\/infoecos.com.ar\/wp-content\/uploads\/2021\/02\/accidenteguamini-768x432.jpg 768w, https:\/\/infoecos.com.ar\/wp-content\/uploads\/2021\/02\/accidenteguamini.jpg 1024w\" sizes=\"auto, (max-width: 460px) 100vw, 460px\" \/><\/figure><\/div>\n\n\n\n<p class=\"wp-block-paragraph\">Adem\u00e1s, intervino personal de la comisar\u00eda Primera de Guamin\u00ed, bomberos voluntarios y el Hospital Municipal Joaqu\u00edn Llamb\u00edas.&nbsp;<\/p>\n\n\n\n<p class=\"wp-block-paragraph\">La causa fue caratulada como \u201cDoble Homicidio Culposo\u201d e interviene la UFI N\u00ba 3 del departamento Judicial de Trenque Lauquen y la Ayudant\u00eda Fiscal de Guamin\u00ed.<\/p>\n\n\n\n<p class=\"wp-block-paragraph\"><strong>Fuente: (La Nueva.)<\/strong><\/p>\n","protected":false},"excerpt":{"rendered":"<p>Aproximadamente a las 9:45 un auto Volkswagen Gol Trend se despist\u00f3 en el camino Marcelino Estanislao Freyre, a la altura del ingreso al camino que conduce al cementerio<\/p>\n","protected":false},"author":2,"featured_media":74947,"comment_status":"closed","ping_status":"open","sticky":false,"template":"","format":"standard","meta":{"footnotes":""},"categories":[50],"tags":[2406],"class_list":["post-74945","post","type-post","status-publish","format-standard","has-post-thumbnail","hentry","category-c1nota4","tag-grave"],"featured_image_urls":{"full":["https:\/\/infoecos.com.ar\/wp-content\/uploads\/2021\/02\/accidenteguamini.jpg",1024,576,false],"thumbnail":["https:\/\/infoecos.com.ar\/wp-content\/uploads\/2021\/02\/accidenteguamini-150x150.jpg",150,150,true],"medium":["https:\/\/infoecos.com.ar\/wp-content\/uploads\/2021\/02\/accidenteguamini-460x259.jpg",460,259,true],"medium_large":["https:\/\/infoecos.com.ar\/wp-content\/uploads\/2021\/02\/accidenteguamini-768x432.jpg",640,360,true],"large":["https:\/\/infoecos.com.ar\/wp-content\/uploads\/2021\/02\/accidenteguamini-920x518.jpg",640,360,true],"1536x1536":["https:\/\/infoecos.com.ar\/wp-content\/uploads\/2021\/02\/accidenteguamini.jpg",1024,576,false],"2048x2048":["https:\/\/infoecos.com.ar\/wp-content\/uploads\/2021\/02\/accidenteguamini.jpg",1024,576,false],"covernews-slider-full":["https:\/\/infoecos.com.ar\/wp-content\/uploads\/2021\/02\/accidenteguamini.jpg",1024,576,false],"covernews-slider-center":["https:\/\/infoecos.com.ar\/wp-content\/uploads\/2021\/02\/accidenteguamini-936x576.jpg",800,492,true],"covernews-featured":["https:\/\/infoecos.com.ar\/wp-content\/uploads\/2021\/02\/accidenteguamini.jpg",1024,576,false],"covernews-medium":["https:\/\/infoecos.com.ar\/wp-content\/uploads\/2021\/02\/accidenteguamini-720x380.jpg",540,285,true],"covernews-medium-square":["https:\/\/infoecos.com.ar\/wp-content\/uploads\/2021\/02\/accidenteguamini-675x450.jpg",375,250,true]},"author_info":{"info":["Jorge Matheus"]},"category_info":"<a href=\"https:\/\/infoecos.com.ar\/index.php\/category\/c1nota4\/\" rel=\"category tag\">C1 N4<\/a>","tag_info":"C1 N4","comment_count":"0","_links":{"self":[{"href":"https:\/\/infoecos.com.ar\/index.php\/wp-json\/wp\/v2\/posts\/74945","targetHints":{"allow":["GET"]}}],"collection":[{"href":"https:\/\/infoecos.com.ar\/index.php\/wp-json\/wp\/v2\/posts"}],"about":[{"href":"https:\/\/infoecos.com.ar\/index.php\/wp-json\/wp\/v2\/types\/post"}],"author":[{"embeddable":true,"href":"https:\/\/infoecos.com.ar\/index.php\/wp-json\/wp\/v2\/users\/2"}],"replies":[{"embeddable":true,"href":"https:\/\/infoecos.com.ar\/index.php\/wp-json\/wp\/v2\/comments?post=74945"}],"version-history":[{"count":1,"href":"https:\/\/infoecos.com.ar\/index.php\/wp-json\/wp\/v2\/posts\/74945\/revisions"}],"predecessor-version":[{"id":74948,"href":"https:\/\/infoecos.com.ar\/index.php\/wp-json\/wp\/v2\/posts\/74945\/revisions\/74948"}],"wp:featuredmedia":[{"embeddable":true,"href":"https:\/\/infoecos.com.ar\/index.php\/wp-json\/wp\/v2\/media\/74947"}],"wp:attachment":[{"href":"https:\/\/infoecos.com.ar\/index.php\/wp-json\/wp\/v2\/media?parent=74945"}],"wp:term":[{"taxonomy":"category","embeddable":true,"href":"https:\/\/infoecos.com.ar\/index.php\/wp-json\/wp\/v2\/categories?post=74945"},{"taxonomy":"post_tag","embeddable":true,"href":"https:\/\/infoecos.com.ar\/index.php\/wp-json\/wp\/v2\/tags?post=74945"}],"curies":[{"name":"wp","href":"https:\/\/api.w.org\/{rel}","templated":true}]}}