{"id":75007,"date":"2021-02-27T04:35:01","date_gmt":"2021-02-27T07:35:01","guid":{"rendered":"http:\/\/infoecos.com.ar\/?p=75007"},"modified":"2021-03-02T03:13:04","modified_gmt":"2021-03-02T06:13:04","slug":"guamini-tres-lomas-daireaux-entre-cinco-partidos-que-firmaron-la-adhesion-al-programa-casa-propia","status":"publish","type":"post","link":"https:\/\/infoecos.com.ar\/index.php\/guamini-tres-lomas-daireaux-entre-cinco-partidos-que-firmaron-la-adhesion-al-programa-casa-propia\/","title":{"rendered":"Guamin\u00ed, Tres Lomas, Daireaux, entre cinco partidos que firmaron la adhesi\u00f3n al programa \u00abCasa Propia\u00bb"},"content":{"rendered":"\n<p class=\"wp-block-paragraph\">El intendente municipal de Guamin\u00ed firm\u00f3 el acta de adhesi\u00f3n al programa \u00abCasa Propia\u00bb que motoriza el ministerio de Desarrollo Territorial y H\u00e1bitat de la Naci\u00f3n.<\/p>\n\n\n\n<div class=\"wp-block-image\"><figure class=\"aligncenter size-medium\"><img loading=\"lazy\" decoding=\"async\" width=\"460\" height=\"307\" src=\"http:\/\/infoecos.com.ar\/wp-content\/uploads\/2021\/02\/nobreferreiraconferraresi-460x307.jpg\" alt=\"\" class=\"wp-image-75008\" srcset=\"https:\/\/infoecos.com.ar\/wp-content\/uploads\/2021\/02\/nobreferreiraconferraresi-460x307.jpg 460w, https:\/\/infoecos.com.ar\/wp-content\/uploads\/2021\/02\/nobreferreiraconferraresi-920x613.jpg 920w, https:\/\/infoecos.com.ar\/wp-content\/uploads\/2021\/02\/nobreferreiraconferraresi-768x512.jpg 768w, https:\/\/infoecos.com.ar\/wp-content\/uploads\/2021\/02\/nobreferreiraconferraresi-1024x683.jpg 1024w, https:\/\/infoecos.com.ar\/wp-content\/uploads\/2021\/02\/nobreferreiraconferraresi-675x450.jpg 675w, https:\/\/infoecos.com.ar\/wp-content\/uploads\/2021\/02\/nobreferreiraconferraresi.jpg 1116w\" sizes=\"auto, (max-width: 460px) 100vw, 460px\" \/><\/figure><\/div>\n\n\n\n<p class=\"wp-block-paragraph\">El programa prev\u00e9 la construcci\u00f3n de 120 mil nuevas viviendas durante el trienio 2021\/2023 en todo el territorio argentino.<\/p>\n\n\n\n<p class=\"wp-block-paragraph\">Del encuentro participaron, tambi\u00e9n, el titular del mencionado organismo nacional, Jorge Ferraresi, el secretario de H\u00e1bitat de la Naci\u00f3n, Santiago Maggiotti, y los jefes comunales de Daireaux, Adolfo Gonz\u00e1lez Chaves y Tres Lomas, junto al secretario de Obras P\u00fablicas de Monte Hermoso. <\/p>\n\n\n\n<p class=\"wp-block-paragraph\">De esta forma, los cinco municipios de la sexta secci\u00f3n electoral formar\u00e1n parte de esta iniciativa.<\/p>\n\n\n\n<p class=\"wp-block-paragraph\">Los mencionados partidos bonaerenses integrar\u00e1n el Fondo Nacional Solidario de la Vivienda que posibilitar\u00e1 la accesibilidad a los potenciales adjudicatarios. <\/p>\n","protected":false},"excerpt":{"rendered":"<p>El programa prev\u00e9 la construcci\u00f3n de 120 mil nuevas viviendas durante el trienio 2021\/2023 en todo el territorio argentino<\/p>\n","protected":false},"author":2,"featured_media":75008,"comment_status":"closed","ping_status":"open","sticky":false,"template":"","format":"standard","meta":{"footnotes":""},"categories":[1643],"tags":[3103],"class_list":["post-75007","post","type-post","status-publish","format-standard","has-post-thumbnail","hentry","category-inferior16","tag-ministerio-de-desarrollo-territorial-y-habitat"],"featured_image_urls":{"full":["https:\/\/infoecos.com.ar\/wp-content\/uploads\/2021\/02\/nobreferreiraconferraresi.jpg",1116,744,false],"thumbnail":["https:\/\/infoecos.com.ar\/wp-content\/uploads\/2021\/02\/nobreferreiraconferraresi-150x150.jpg",150,150,true],"medium":["https:\/\/infoecos.com.ar\/wp-content\/uploads\/2021\/02\/nobreferreiraconferraresi-460x307.jpg",460,307,true],"medium_large":["https:\/\/infoecos.com.ar\/wp-content\/uploads\/2021\/02\/nobreferreiraconferraresi-768x512.jpg",640,427,true],"large":["https:\/\/infoecos.com.ar\/wp-content\/uploads\/2021\/02\/nobreferreiraconferraresi-920x613.jpg",640,426,true],"1536x1536":["https:\/\/infoecos.com.ar\/wp-content\/uploads\/2021\/02\/nobreferreiraconferraresi.jpg",1116,744,false],"2048x2048":["https:\/\/infoecos.com.ar\/wp-content\/uploads\/2021\/02\/nobreferreiraconferraresi.jpg",1116,744,false],"covernews-slider-full":["https:\/\/infoecos.com.ar\/wp-content\/uploads\/2021\/02\/nobreferreiraconferraresi.jpg",1073,715,false],"covernews-slider-center":["https:\/\/infoecos.com.ar\/wp-content\/uploads\/2021\/02\/nobreferreiraconferraresi-936x744.jpg",629,500,true],"covernews-featured":["https:\/\/infoecos.com.ar\/wp-content\/uploads\/2021\/02\/nobreferreiraconferraresi-1024x683.jpg",1024,683,true],"covernews-medium":["https:\/\/infoecos.com.ar\/wp-content\/uploads\/2021\/02\/nobreferreiraconferraresi-720x380.jpg",540,285,true],"covernews-medium-square":["https:\/\/infoecos.com.ar\/wp-content\/uploads\/2021\/02\/nobreferreiraconferraresi-675x450.jpg",375,250,true]},"author_info":{"info":["Jorge Matheus"]},"category_info":"<a href=\"https:\/\/infoecos.com.ar\/index.php\/category\/inferior16\/\" rel=\"category tag\">Bloque inferior - 16<\/a>","tag_info":"Bloque inferior - 16","comment_count":"0","_links":{"self":[{"href":"https:\/\/infoecos.com.ar\/index.php\/wp-json\/wp\/v2\/posts\/75007","targetHints":{"allow":["GET"]}}],"collection":[{"href":"https:\/\/infoecos.com.ar\/index.php\/wp-json\/wp\/v2\/posts"}],"about":[{"href":"https:\/\/infoecos.com.ar\/index.php\/wp-json\/wp\/v2\/types\/post"}],"author":[{"embeddable":true,"href":"https:\/\/infoecos.com.ar\/index.php\/wp-json\/wp\/v2\/users\/2"}],"replies":[{"embeddable":true,"href":"https:\/\/infoecos.com.ar\/index.php\/wp-json\/wp\/v2\/comments?post=75007"}],"version-history":[{"count":1,"href":"https:\/\/infoecos.com.ar\/index.php\/wp-json\/wp\/v2\/posts\/75007\/revisions"}],"predecessor-version":[{"id":75009,"href":"https:\/\/infoecos.com.ar\/index.php\/wp-json\/wp\/v2\/posts\/75007\/revisions\/75009"}],"wp:featuredmedia":[{"embeddable":true,"href":"https:\/\/infoecos.com.ar\/index.php\/wp-json\/wp\/v2\/media\/75008"}],"wp:attachment":[{"href":"https:\/\/infoecos.com.ar\/index.php\/wp-json\/wp\/v2\/media?parent=75007"}],"wp:term":[{"taxonomy":"category","embeddable":true,"href":"https:\/\/infoecos.com.ar\/index.php\/wp-json\/wp\/v2\/categories?post=75007"},{"taxonomy":"post_tag","embeddable":true,"href":"https:\/\/infoecos.com.ar\/index.php\/wp-json\/wp\/v2\/tags?post=75007"}],"curies":[{"name":"wp","href":"https:\/\/api.w.org\/{rel}","templated":true}]}}