{"id":75015,"date":"2021-02-27T05:10:05","date_gmt":"2021-02-27T08:10:05","guid":{"rendered":"http:\/\/infoecos.com.ar\/?p=75015"},"modified":"2021-03-01T03:03:21","modified_gmt":"2021-03-01T06:03:21","slug":"los-docentes-nacionales-recibiran-un-aumento-salarial-del-345-por-ciento","status":"publish","type":"post","link":"https:\/\/infoecos.com.ar\/index.php\/los-docentes-nacionales-recibiran-un-aumento-salarial-del-345-por-ciento\/","title":{"rendered":"Los docentes nacionales recibir\u00e1n un aumento salarial del 34,5 por ciento"},"content":{"rendered":"\n<p class=\"wp-block-paragraph\">Los docentes nacionales recibir\u00e1n este a\u00f1o un aumento salarial del 34,55%, entre marzo y septiembre, de acuerdo con una negociaci\u00f3n entre autoridades del gobierno y sindicatos del sector.<\/p>\n\n\n\n<div class=\"wp-block-image\"><figure class=\"aligncenter size-medium\"><img loading=\"lazy\" decoding=\"async\" width=\"460\" height=\"258\" src=\"http:\/\/infoecos.com.ar\/wp-content\/uploads\/2021\/02\/fernandezcondocentes-460x258.png\" alt=\"\" class=\"wp-image-75016\" srcset=\"https:\/\/infoecos.com.ar\/wp-content\/uploads\/2021\/02\/fernandezcondocentes-460x258.png 460w, https:\/\/infoecos.com.ar\/wp-content\/uploads\/2021\/02\/fernandezcondocentes-920x516.png 920w, https:\/\/infoecos.com.ar\/wp-content\/uploads\/2021\/02\/fernandezcondocentes-768x431.png 768w, https:\/\/infoecos.com.ar\/wp-content\/uploads\/2021\/02\/fernandezcondocentes.png 1004w\" sizes=\"auto, (max-width: 460px) 100vw, 460px\" \/><\/figure><\/div>\n\n\n\n<p class=\"wp-block-paragraph\"><strong>El acuerdo har\u00e1 que el salario m\u00ednimo docente alcance los 31 mil pesos a partir del mes pr\u00f3ximo y llegue a los 37 mil pesos en septiembre.<\/strong><\/p>\n\n\n\n<p class=\"wp-block-paragraph\">El Presidente recibi\u00f3 a los dirigentes de los sindicatos docentes despu\u00e9s de que se llegara a un acuerdo en la paritaria nacional que fija el salario m\u00ednimo para los maestros de todo el pa\u00eds.<\/p>\n\n\n\n<p class=\"wp-block-paragraph\">Del encuentro participaron los ministros de Educaci\u00f3n, Nicol\u00e1s Trotta, y de Trabajo, Claudio Moroni, las secretarias y los secretarias generales de CTERA (Confederaci\u00f3n de Trabajadores de la Educaci\u00f3n), Sonia Alesso; de CEA (Confederaci\u00f3n de Educadores Argentinos), Fabi\u00e1n Felman; y de UDA (Uni\u00f3n Docentes Argentinos), Sergio Romero.<\/p>\n\n\n\n<figure class=\"wp-block-embed is-type-video is-provider-youtube wp-block-embed-youtube wp-embed-aspect-16-9 wp-has-aspect-ratio\"><div class=\"wp-block-embed__wrapper\">\n<iframe loading=\"lazy\" title=\"El Gobierno acord\u00f3 con los docentes un aumento salarial escalonado del 34,55%\" width=\"640\" height=\"360\" src=\"https:\/\/www.youtube.com\/embed\/pOLEtJ1cvOU?feature=oembed\" frameborder=\"0\" allow=\"accelerometer; autoplay; clipboard-write; encrypted-media; gyroscope; picture-in-picture; web-share\" referrerpolicy=\"strict-origin-when-cross-origin\" allowfullscreen><\/iframe>\n<\/div><\/figure>\n","protected":false},"excerpt":{"rendered":"<p>El Presidente recibi\u00f3 a los dirigentes de los sindicatos docentes despu\u00e9s de que se llegara a un acuerdo en la paritaria nacional que fija el salario m\u00ednimo para los maestros de todo el pa\u00eds<\/p>\n","protected":false},"author":2,"featured_media":75016,"comment_status":"closed","ping_status":"open","sticky":false,"template":"","format":"standard","meta":{"footnotes":""},"categories":[1327,42,1328],"tags":[3104],"class_list":["post-75015","post","type-post","status-publish","format-standard","has-post-thumbnail","hentry","category-audio","category-inferior3","category-video","tag-se-acordo-este-viernes"],"featured_image_urls":{"full":["https:\/\/infoecos.com.ar\/wp-content\/uploads\/2021\/02\/fernandezcondocentes.png",1004,563,false],"thumbnail":["https:\/\/infoecos.com.ar\/wp-content\/uploads\/2021\/02\/fernandezcondocentes-150x150.png",150,150,true],"medium":["https:\/\/infoecos.com.ar\/wp-content\/uploads\/2021\/02\/fernandezcondocentes-460x258.png",460,258,true],"medium_large":["https:\/\/infoecos.com.ar\/wp-content\/uploads\/2021\/02\/fernandezcondocentes-768x431.png",640,359,true],"large":["https:\/\/infoecos.com.ar\/wp-content\/uploads\/2021\/02\/fernandezcondocentes-920x516.png",640,359,true],"1536x1536":["https:\/\/infoecos.com.ar\/wp-content\/uploads\/2021\/02\/fernandezcondocentes.png",1004,563,false],"2048x2048":["https:\/\/infoecos.com.ar\/wp-content\/uploads\/2021\/02\/fernandezcondocentes.png",1004,563,false],"covernews-slider-full":["https:\/\/infoecos.com.ar\/wp-content\/uploads\/2021\/02\/fernandezcondocentes.png",1004,563,false],"covernews-slider-center":["https:\/\/infoecos.com.ar\/wp-content\/uploads\/2021\/02\/fernandezcondocentes-936x563.png",800,481,true],"covernews-featured":["https:\/\/infoecos.com.ar\/wp-content\/uploads\/2021\/02\/fernandezcondocentes.png",1004,563,false],"covernews-medium":["https:\/\/infoecos.com.ar\/wp-content\/uploads\/2021\/02\/fernandezcondocentes-720x380.png",540,285,true],"covernews-medium-square":["https:\/\/infoecos.com.ar\/wp-content\/uploads\/2021\/02\/fernandezcondocentes-675x450.png",375,250,true]},"author_info":{"info":["Jorge Matheus"]},"category_info":"<a href=\"https:\/\/infoecos.com.ar\/index.php\/category\/audio\/\" rel=\"category tag\">Audio<\/a> <a href=\"https:\/\/infoecos.com.ar\/index.php\/category\/inferior3\/\" rel=\"category tag\">Bloque inferior - 3<\/a> <a href=\"https:\/\/infoecos.com.ar\/index.php\/category\/video\/\" rel=\"category tag\">Video<\/a>","tag_info":"Video","comment_count":"0","_links":{"self":[{"href":"https:\/\/infoecos.com.ar\/index.php\/wp-json\/wp\/v2\/posts\/75015","targetHints":{"allow":["GET"]}}],"collection":[{"href":"https:\/\/infoecos.com.ar\/index.php\/wp-json\/wp\/v2\/posts"}],"about":[{"href":"https:\/\/infoecos.com.ar\/index.php\/wp-json\/wp\/v2\/types\/post"}],"author":[{"embeddable":true,"href":"https:\/\/infoecos.com.ar\/index.php\/wp-json\/wp\/v2\/users\/2"}],"replies":[{"embeddable":true,"href":"https:\/\/infoecos.com.ar\/index.php\/wp-json\/wp\/v2\/comments?post=75015"}],"version-history":[{"count":1,"href":"https:\/\/infoecos.com.ar\/index.php\/wp-json\/wp\/v2\/posts\/75015\/revisions"}],"predecessor-version":[{"id":75017,"href":"https:\/\/infoecos.com.ar\/index.php\/wp-json\/wp\/v2\/posts\/75015\/revisions\/75017"}],"wp:featuredmedia":[{"embeddable":true,"href":"https:\/\/infoecos.com.ar\/index.php\/wp-json\/wp\/v2\/media\/75016"}],"wp:attachment":[{"href":"https:\/\/infoecos.com.ar\/index.php\/wp-json\/wp\/v2\/media?parent=75015"}],"wp:term":[{"taxonomy":"category","embeddable":true,"href":"https:\/\/infoecos.com.ar\/index.php\/wp-json\/wp\/v2\/categories?post=75015"},{"taxonomy":"post_tag","embeddable":true,"href":"https:\/\/infoecos.com.ar\/index.php\/wp-json\/wp\/v2\/tags?post=75015"}],"curies":[{"name":"wp","href":"https:\/\/api.w.org\/{rel}","templated":true}]}}