{"id":75025,"date":"2021-02-28T13:19:01","date_gmt":"2021-02-28T16:19:01","guid":{"rendered":"http:\/\/infoecos.com.ar\/?p=75025"},"modified":"2021-03-04T02:22:19","modified_gmt":"2021-03-04T05:22:19","slug":"jardines-maternales-matriculados-los-alumnos-matriculados-en-anos-anteriores-volveran-el-lunes-8-de-marzo","status":"publish","type":"post","link":"https:\/\/infoecos.com.ar\/index.php\/jardines-maternales-matriculados-los-alumnos-matriculados-en-anos-anteriores-volveran-el-lunes-8-de-marzo\/","title":{"rendered":"Jardines Maternales Matriculados: los alumnos matriculados en a\u00f1os anteriores volver\u00e1n el lunes 8 de marzo"},"content":{"rendered":"\n<p>El lunes 8 de marzo, volver\u00e1n los alumnos matriculados de a\u00f1os anteriores a los Jardines Maternales Municipales de Trenque Lauquen. En estas horas se inician las tareas de adecuaci\u00f3n de las instalaciones y la realizaci\u00f3n de reuniones individuales con las familias de los ni\u00f1os. <\/p>\n\n\n\n<div class=\"wp-block-image\"><figure class=\"aligncenter size-medium\"><img loading=\"lazy\" decoding=\"async\" width=\"460\" height=\"303\" src=\"http:\/\/infoecos.com.ar\/wp-content\/uploads\/2021\/02\/Jardines-Maternales-460x303.jpg\" alt=\"\" class=\"wp-image-75026\" srcset=\"https:\/\/infoecos.com.ar\/wp-content\/uploads\/2021\/02\/Jardines-Maternales-460x303.jpg 460w, https:\/\/infoecos.com.ar\/wp-content\/uploads\/2021\/02\/Jardines-Maternales-920x606.jpg 920w, https:\/\/infoecos.com.ar\/wp-content\/uploads\/2021\/02\/Jardines-Maternales-768x506.jpg 768w, https:\/\/infoecos.com.ar\/wp-content\/uploads\/2021\/02\/Jardines-Maternales.jpg 1024w\" sizes=\"(max-width: 460px) 100vw, 460px\" \/><\/figure><\/div>\n\n\n\n<p>Se inform\u00f3 desde el municipio que debido a la situaci\u00f3n sanitaria producto de la pandemia de Covid.-19 y a las pautas protocolares que se imponen para el regreso a la presencialidad, las vacantes de cada sala tuvieron que disminuirse afectando el ingreso de nuevas ni\u00f1as y ni\u00f1os.<\/p>\n\n\n\n<p>La planificaci\u00f3n de trabajo para este ciclo 2021, indicaron las autoridades comunales, contempla trabajar implementando burbujas socializantes con un m\u00e1ximo de diez (10) alumnas\/os por sal\u00f3n, aunque el n\u00famero de concurrentes puede ser menor, ya que depender\u00e1 de la cantidad de metros cuadrados que tengan los edificios de los diferentes jardines municipales.<\/p>\n\n\n\n<p>Debido a este condicionante, se har\u00e1 un an\u00e1lisis de las inscripciones virtuales recibidas en el mes de diciembre pasado, para una posterior entrevista con las familias \u00fanicamente en caso de que haya vacantes disponibles.<\/p>\n\n\n\n<p>Asimismo, Jardines Maternales har\u00e1 un estricto seguimiento interno vinculado a la asistencia de la matr\u00edcula actual y de detectarse una ausencia prolongada, y sin que esta pueda ser debidamente justificada, evaluar eventualmente su baja para dar lugar a un nuevo ingreso.&nbsp;&nbsp;<\/p>\n\n\n\n<p>Por informes o consultas, comunicarse de lunes a viernes de 7 a 13 al n\u00famero de tel\u00e9fono (2392) 61-1112.<\/p>\n","protected":false},"excerpt":{"rendered":"<p>En estas horas se inician las tareas de adecuaci\u00f3n de las instalaciones y la realizaci\u00f3n de reuniones individuales con las familias de los ni\u00f1os<\/p>\n","protected":false},"author":2,"featured_media":75026,"comment_status":"closed","ping_status":"open","sticky":false,"template":"","format":"standard","meta":{"footnotes":""},"categories":[1331],"tags":[3062],"class_list":["post-75025","post","type-post","status-publish","format-standard","has-post-thumbnail","hentry","category-inferior11","tag-en-trenque-lauquen"],"yoast_head":"<!-- This site is optimized with the Yoast SEO plugin v23.4 - https:\/\/yoast.com\/wordpress\/plugins\/seo\/ -->\n<title>Jardines Maternales Matriculados: los alumnos matriculados en a\u00f1os anteriores volver\u00e1n el lunes 8 de marzo - Infoecos<\/title>\n<meta name=\"robots\" content=\"index, follow, max-snippet:-1, max-image-preview:large, max-video-preview:-1\" \/>\n<link rel=\"canonical\" href=\"https:\/\/infoecos.com.ar\/index.php\/jardines-maternales-matriculados-los-alumnos-matriculados-en-anos-anteriores-volveran-el-lunes-8-de-marzo\/\" \/>\n<meta property=\"og:locale\" content=\"es_ES\" \/>\n<meta property=\"og:type\" content=\"article\" \/>\n<meta property=\"og:title\" content=\"Jardines Maternales Matriculados: los alumnos matriculados en a\u00f1os anteriores volver\u00e1n el lunes 8 de marzo - Infoecos\" \/>\n<meta property=\"og:description\" content=\"En estas horas se inician las tareas de adecuaci\u00f3n de las instalaciones y la realizaci\u00f3n de reuniones individuales con las familias de los ni\u00f1os\" \/>\n<meta property=\"og:url\" content=\"https:\/\/infoecos.com.ar\/index.php\/jardines-maternales-matriculados-los-alumnos-matriculados-en-anos-anteriores-volveran-el-lunes-8-de-marzo\/\" \/>\n<meta property=\"og:site_name\" content=\"Infoecos\" \/>\n<meta property=\"article:publisher\" content=\"https:\/\/www.facebook.com\/profile.php?id=100063200290284\" \/>\n<meta property=\"article:published_time\" content=\"2021-02-28T16:19:01+00:00\" \/>\n<meta property=\"article:modified_time\" content=\"2021-03-04T05:22:19+00:00\" \/>\n<meta property=\"og:image\" content=\"https:\/\/infoecos.com.ar\/wp-content\/uploads\/2021\/02\/Jardines-Maternales.jpg\" \/>\n\t<meta property=\"og:image:width\" content=\"1024\" \/>\n\t<meta property=\"og:image:height\" content=\"675\" \/>\n\t<meta property=\"og:image:type\" content=\"image\/jpeg\" \/>\n<meta name=\"author\" content=\"Jorge Matheus\" \/>\n<meta name=\"twitter:card\" content=\"summary_large_image\" \/>\n<meta name=\"twitter:creator\" content=\"@infoecos\" \/>\n<meta name=\"twitter:site\" content=\"@infoecos\" \/>\n<meta name=\"twitter:label1\" content=\"Escrito por\" \/>\n\t<meta name=\"twitter:data1\" content=\"Jorge Matheus\" \/>\n\t<meta name=\"twitter:label2\" content=\"Tiempo de lectura\" \/>\n\t<meta name=\"twitter:data2\" content=\"1 minuto\" \/>\n<script type=\"application\/ld+json\" class=\"yoast-schema-graph\">{\"@context\":\"https:\/\/schema.org\",\"@graph\":[{\"@type\":\"Article\",\"@id\":\"https:\/\/infoecos.com.ar\/index.php\/jardines-maternales-matriculados-los-alumnos-matriculados-en-anos-anteriores-volveran-el-lunes-8-de-marzo\/#article\",\"isPartOf\":{\"@id\":\"https:\/\/infoecos.com.ar\/index.php\/jardines-maternales-matriculados-los-alumnos-matriculados-en-anos-anteriores-volveran-el-lunes-8-de-marzo\/\"},\"author\":{\"name\":\"Jorge Matheus\",\"@id\":\"https:\/\/infoecos.com.ar\/#\/schema\/person\/8f5ace5ce73b4b4aac4b7245aee6f191\"},\"headline\":\"Jardines Maternales Matriculados: los alumnos matriculados en a\u00f1os anteriores volver\u00e1n el lunes 8 de marzo\",\"datePublished\":\"2021-02-28T16:19:01+00:00\",\"dateModified\":\"2021-03-04T05:22:19+00:00\",\"mainEntityOfPage\":{\"@id\":\"https:\/\/infoecos.com.ar\/index.php\/jardines-maternales-matriculados-los-alumnos-matriculados-en-anos-anteriores-volveran-el-lunes-8-de-marzo\/\"},\"wordCount\":267,\"publisher\":{\"@id\":\"https:\/\/infoecos.com.ar\/#organization\"},\"image\":{\"@id\":\"https:\/\/infoecos.com.ar\/index.php\/jardines-maternales-matriculados-los-alumnos-matriculados-en-anos-anteriores-volveran-el-lunes-8-de-marzo\/#primaryimage\"},\"thumbnailUrl\":\"https:\/\/infoecos.com.ar\/wp-content\/uploads\/2021\/02\/Jardines-Maternales.jpg\",\"keywords\":[\"EN TRENQUE LAUQUEN\"],\"articleSection\":[\"Bloque inferior - 11\"],\"inLanguage\":\"es\"},{\"@type\":\"WebPage\",\"@id\":\"https:\/\/infoecos.com.ar\/index.php\/jardines-maternales-matriculados-los-alumnos-matriculados-en-anos-anteriores-volveran-el-lunes-8-de-marzo\/\",\"url\":\"https:\/\/infoecos.com.ar\/index.php\/jardines-maternales-matriculados-los-alumnos-matriculados-en-anos-anteriores-volveran-el-lunes-8-de-marzo\/\",\"name\":\"Jardines Maternales Matriculados: los alumnos matriculados en a\u00f1os anteriores volver\u00e1n el lunes 8 de marzo - Infoecos\",\"isPartOf\":{\"@id\":\"https:\/\/infoecos.com.ar\/#website\"},\"primaryImageOfPage\":{\"@id\":\"https:\/\/infoecos.com.ar\/index.php\/jardines-maternales-matriculados-los-alumnos-matriculados-en-anos-anteriores-volveran-el-lunes-8-de-marzo\/#primaryimage\"},\"image\":{\"@id\":\"https:\/\/infoecos.com.ar\/index.php\/jardines-maternales-matriculados-los-alumnos-matriculados-en-anos-anteriores-volveran-el-lunes-8-de-marzo\/#primaryimage\"},\"thumbnailUrl\":\"https:\/\/infoecos.com.ar\/wp-content\/uploads\/2021\/02\/Jardines-Maternales.jpg\",\"datePublished\":\"2021-02-28T16:19:01+00:00\",\"dateModified\":\"2021-03-04T05:22:19+00:00\",\"breadcrumb\":{\"@id\":\"https:\/\/infoecos.com.ar\/index.php\/jardines-maternales-matriculados-los-alumnos-matriculados-en-anos-anteriores-volveran-el-lunes-8-de-marzo\/#breadcrumb\"},\"inLanguage\":\"es\",\"potentialAction\":[{\"@type\":\"ReadAction\",\"target\":[\"https:\/\/infoecos.com.ar\/index.php\/jardines-maternales-matriculados-los-alumnos-matriculados-en-anos-anteriores-volveran-el-lunes-8-de-marzo\/\"]}]},{\"@type\":\"ImageObject\",\"inLanguage\":\"es\",\"@id\":\"https:\/\/infoecos.com.ar\/index.php\/jardines-maternales-matriculados-los-alumnos-matriculados-en-anos-anteriores-volveran-el-lunes-8-de-marzo\/#primaryimage\",\"url\":\"https:\/\/infoecos.com.ar\/wp-content\/uploads\/2021\/02\/Jardines-Maternales.jpg\",\"contentUrl\":\"https:\/\/infoecos.com.ar\/wp-content\/uploads\/2021\/02\/Jardines-Maternales.jpg\",\"width\":1024,\"height\":675},{\"@type\":\"BreadcrumbList\",\"@id\":\"https:\/\/infoecos.com.ar\/index.php\/jardines-maternales-matriculados-los-alumnos-matriculados-en-anos-anteriores-volveran-el-lunes-8-de-marzo\/#breadcrumb\",\"itemListElement\":[{\"@type\":\"ListItem\",\"position\":1,\"name\":\"Portada\",\"item\":\"https:\/\/infoecos.com.ar\/\"},{\"@type\":\"ListItem\",\"position\":2,\"name\":\"Jardines Maternales Matriculados: los alumnos matriculados en a\u00f1os anteriores volver\u00e1n el lunes 8 de marzo\"}]},{\"@type\":\"WebSite\",\"@id\":\"https:\/\/infoecos.com.ar\/#website\",\"url\":\"https:\/\/infoecos.com.ar\/\",\"name\":\"Infoecos\",\"description\":\"Noticias de trenque lauquen y la zona\",\"publisher\":{\"@id\":\"https:\/\/infoecos.com.ar\/#organization\"},\"alternateName\":\"Noticias\",\"potentialAction\":[{\"@type\":\"SearchAction\",\"target\":{\"@type\":\"EntryPoint\",\"urlTemplate\":\"https:\/\/infoecos.com.ar\/?s={search_term_string}\"},\"query-input\":{\"@type\":\"PropertyValueSpecification\",\"valueRequired\":true,\"valueName\":\"search_term_string\"}}],\"inLanguage\":\"es\"},{\"@type\":\"Organization\",\"@id\":\"https:\/\/infoecos.com.ar\/#organization\",\"name\":\"Infoecos\",\"alternateName\":\"Noticias\",\"url\":\"https:\/\/infoecos.com.ar\/\",\"logo\":{\"@type\":\"ImageObject\",\"inLanguage\":\"es\",\"@id\":\"https:\/\/infoecos.com.ar\/#\/schema\/logo\/image\/\",\"url\":\"https:\/\/infoecos.com.ar\/wp-content\/uploads\/2024\/03\/cropped-logo.png\",\"contentUrl\":\"https:\/\/infoecos.com.ar\/wp-content\/uploads\/2024\/03\/cropped-logo.png\",\"width\":374,\"height\":90,\"caption\":\"Infoecos\"},\"image\":{\"@id\":\"https:\/\/infoecos.com.ar\/#\/schema\/logo\/image\/\"},\"sameAs\":[\"https:\/\/www.facebook.com\/profile.php?id=100063200290284\",\"https:\/\/x.com\/infoecos\"]},{\"@type\":\"Person\",\"@id\":\"https:\/\/infoecos.com.ar\/#\/schema\/person\/8f5ace5ce73b4b4aac4b7245aee6f191\",\"name\":\"Jorge Matheus\",\"url\":\"https:\/\/infoecos.com.ar\/index.php\/author\/jomatheus\/\"}]}<\/script>\n<!-- \/ Yoast SEO plugin. -->","yoast_head_json":{"title":"Jardines Maternales Matriculados: los alumnos matriculados en a\u00f1os anteriores volver\u00e1n el lunes 8 de marzo - Infoecos","robots":{"index":"index","follow":"follow","max-snippet":"max-snippet:-1","max-image-preview":"max-image-preview:large","max-video-preview":"max-video-preview:-1"},"canonical":"https:\/\/infoecos.com.ar\/index.php\/jardines-maternales-matriculados-los-alumnos-matriculados-en-anos-anteriores-volveran-el-lunes-8-de-marzo\/","og_locale":"es_ES","og_type":"article","og_title":"Jardines Maternales Matriculados: los alumnos matriculados en a\u00f1os anteriores volver\u00e1n el lunes 8 de marzo - Infoecos","og_description":"En estas horas se inician las tareas de adecuaci\u00f3n de las instalaciones y la realizaci\u00f3n de reuniones individuales con las familias de los ni\u00f1os","og_url":"https:\/\/infoecos.com.ar\/index.php\/jardines-maternales-matriculados-los-alumnos-matriculados-en-anos-anteriores-volveran-el-lunes-8-de-marzo\/","og_site_name":"Infoecos","article_publisher":"https:\/\/www.facebook.com\/profile.php?id=100063200290284","article_published_time":"2021-02-28T16:19:01+00:00","article_modified_time":"2021-03-04T05:22:19+00:00","og_image":[{"width":1024,"height":675,"url":"https:\/\/infoecos.com.ar\/wp-content\/uploads\/2021\/02\/Jardines-Maternales.jpg","type":"image\/jpeg"}],"author":"Jorge Matheus","twitter_card":"summary_large_image","twitter_creator":"@infoecos","twitter_site":"@infoecos","twitter_misc":{"Escrito por":"Jorge Matheus","Tiempo de lectura":"1 minuto"},"schema":{"@context":"https:\/\/schema.org","@graph":[{"@type":"Article","@id":"https:\/\/infoecos.com.ar\/index.php\/jardines-maternales-matriculados-los-alumnos-matriculados-en-anos-anteriores-volveran-el-lunes-8-de-marzo\/#article","isPartOf":{"@id":"https:\/\/infoecos.com.ar\/index.php\/jardines-maternales-matriculados-los-alumnos-matriculados-en-anos-anteriores-volveran-el-lunes-8-de-marzo\/"},"author":{"name":"Jorge Matheus","@id":"https:\/\/infoecos.com.ar\/#\/schema\/person\/8f5ace5ce73b4b4aac4b7245aee6f191"},"headline":"Jardines Maternales Matriculados: los alumnos matriculados en a\u00f1os anteriores volver\u00e1n el lunes 8 de marzo","datePublished":"2021-02-28T16:19:01+00:00","dateModified":"2021-03-04T05:22:19+00:00","mainEntityOfPage":{"@id":"https:\/\/infoecos.com.ar\/index.php\/jardines-maternales-matriculados-los-alumnos-matriculados-en-anos-anteriores-volveran-el-lunes-8-de-marzo\/"},"wordCount":267,"publisher":{"@id":"https:\/\/infoecos.com.ar\/#organization"},"image":{"@id":"https:\/\/infoecos.com.ar\/index.php\/jardines-maternales-matriculados-los-alumnos-matriculados-en-anos-anteriores-volveran-el-lunes-8-de-marzo\/#primaryimage"},"thumbnailUrl":"https:\/\/infoecos.com.ar\/wp-content\/uploads\/2021\/02\/Jardines-Maternales.jpg","keywords":["EN TRENQUE LAUQUEN"],"articleSection":["Bloque inferior - 11"],"inLanguage":"es"},{"@type":"WebPage","@id":"https:\/\/infoecos.com.ar\/index.php\/jardines-maternales-matriculados-los-alumnos-matriculados-en-anos-anteriores-volveran-el-lunes-8-de-marzo\/","url":"https:\/\/infoecos.com.ar\/index.php\/jardines-maternales-matriculados-los-alumnos-matriculados-en-anos-anteriores-volveran-el-lunes-8-de-marzo\/","name":"Jardines Maternales Matriculados: los alumnos matriculados en a\u00f1os anteriores volver\u00e1n el lunes 8 de marzo - Infoecos","isPartOf":{"@id":"https:\/\/infoecos.com.ar\/#website"},"primaryImageOfPage":{"@id":"https:\/\/infoecos.com.ar\/index.php\/jardines-maternales-matriculados-los-alumnos-matriculados-en-anos-anteriores-volveran-el-lunes-8-de-marzo\/#primaryimage"},"image":{"@id":"https:\/\/infoecos.com.ar\/index.php\/jardines-maternales-matriculados-los-alumnos-matriculados-en-anos-anteriores-volveran-el-lunes-8-de-marzo\/#primaryimage"},"thumbnailUrl":"https:\/\/infoecos.com.ar\/wp-content\/uploads\/2021\/02\/Jardines-Maternales.jpg","datePublished":"2021-02-28T16:19:01+00:00","dateModified":"2021-03-04T05:22:19+00:00","breadcrumb":{"@id":"https:\/\/infoecos.com.ar\/index.php\/jardines-maternales-matriculados-los-alumnos-matriculados-en-anos-anteriores-volveran-el-lunes-8-de-marzo\/#breadcrumb"},"inLanguage":"es","potentialAction":[{"@type":"ReadAction","target":["https:\/\/infoecos.com.ar\/index.php\/jardines-maternales-matriculados-los-alumnos-matriculados-en-anos-anteriores-volveran-el-lunes-8-de-marzo\/"]}]},{"@type":"ImageObject","inLanguage":"es","@id":"https:\/\/infoecos.com.ar\/index.php\/jardines-maternales-matriculados-los-alumnos-matriculados-en-anos-anteriores-volveran-el-lunes-8-de-marzo\/#primaryimage","url":"https:\/\/infoecos.com.ar\/wp-content\/uploads\/2021\/02\/Jardines-Maternales.jpg","contentUrl":"https:\/\/infoecos.com.ar\/wp-content\/uploads\/2021\/02\/Jardines-Maternales.jpg","width":1024,"height":675},{"@type":"BreadcrumbList","@id":"https:\/\/infoecos.com.ar\/index.php\/jardines-maternales-matriculados-los-alumnos-matriculados-en-anos-anteriores-volveran-el-lunes-8-de-marzo\/#breadcrumb","itemListElement":[{"@type":"ListItem","position":1,"name":"Portada","item":"https:\/\/infoecos.com.ar\/"},{"@type":"ListItem","position":2,"name":"Jardines Maternales Matriculados: los alumnos matriculados en a\u00f1os anteriores volver\u00e1n el lunes 8 de marzo"}]},{"@type":"WebSite","@id":"https:\/\/infoecos.com.ar\/#website","url":"https:\/\/infoecos.com.ar\/","name":"Infoecos","description":"Noticias de trenque lauquen y la zona","publisher":{"@id":"https:\/\/infoecos.com.ar\/#organization"},"alternateName":"Noticias","potentialAction":[{"@type":"SearchAction","target":{"@type":"EntryPoint","urlTemplate":"https:\/\/infoecos.com.ar\/?s={search_term_string}"},"query-input":{"@type":"PropertyValueSpecification","valueRequired":true,"valueName":"search_term_string"}}],"inLanguage":"es"},{"@type":"Organization","@id":"https:\/\/infoecos.com.ar\/#organization","name":"Infoecos","alternateName":"Noticias","url":"https:\/\/infoecos.com.ar\/","logo":{"@type":"ImageObject","inLanguage":"es","@id":"https:\/\/infoecos.com.ar\/#\/schema\/logo\/image\/","url":"https:\/\/infoecos.com.ar\/wp-content\/uploads\/2024\/03\/cropped-logo.png","contentUrl":"https:\/\/infoecos.com.ar\/wp-content\/uploads\/2024\/03\/cropped-logo.png","width":374,"height":90,"caption":"Infoecos"},"image":{"@id":"https:\/\/infoecos.com.ar\/#\/schema\/logo\/image\/"},"sameAs":["https:\/\/www.facebook.com\/profile.php?id=100063200290284","https:\/\/x.com\/infoecos"]},{"@type":"Person","@id":"https:\/\/infoecos.com.ar\/#\/schema\/person\/8f5ace5ce73b4b4aac4b7245aee6f191","name":"Jorge Matheus","url":"https:\/\/infoecos.com.ar\/index.php\/author\/jomatheus\/"}]}},"featured_image_urls":{"full":["https:\/\/infoecos.com.ar\/wp-content\/uploads\/2021\/02\/Jardines-Maternales.jpg",1024,675,false],"thumbnail":["https:\/\/infoecos.com.ar\/wp-content\/uploads\/2021\/02\/Jardines-Maternales-150x150.jpg",150,150,true],"medium":["https:\/\/infoecos.com.ar\/wp-content\/uploads\/2021\/02\/Jardines-Maternales-460x303.jpg",460,303,true],"medium_large":["https:\/\/infoecos.com.ar\/wp-content\/uploads\/2021\/02\/Jardines-Maternales-768x506.jpg",640,422,true],"large":["https:\/\/infoecos.com.ar\/wp-content\/uploads\/2021\/02\/Jardines-Maternales-920x606.jpg",640,422,true],"1536x1536":["https:\/\/infoecos.com.ar\/wp-content\/uploads\/2021\/02\/Jardines-Maternales.jpg",1024,675,false],"2048x2048":["https:\/\/infoecos.com.ar\/wp-content\/uploads\/2021\/02\/Jardines-Maternales.jpg",1024,675,false],"covernews-slider-full":["https:\/\/infoecos.com.ar\/wp-content\/uploads\/2021\/02\/Jardines-Maternales.jpg",1024,675,false],"covernews-slider-center":["https:\/\/infoecos.com.ar\/wp-content\/uploads\/2021\/02\/Jardines-Maternales-936x675.jpg",693,500,true],"covernews-featured":["https:\/\/infoecos.com.ar\/wp-content\/uploads\/2021\/02\/Jardines-Maternales.jpg",1024,675,false],"covernews-medium":["https:\/\/infoecos.com.ar\/wp-content\/uploads\/2021\/02\/Jardines-Maternales-720x380.jpg",540,285,true],"covernews-medium-square":["https:\/\/infoecos.com.ar\/wp-content\/uploads\/2021\/02\/Jardines-Maternales-675x450.jpg",375,250,true]},"author_info":{"info":["Jorge Matheus"]},"category_info":"<a href=\"https:\/\/infoecos.com.ar\/index.php\/category\/inferior11\/\" rel=\"category tag\">Bloque inferior - 11<\/a>","tag_info":"Bloque inferior - 11","comment_count":"0","_links":{"self":[{"href":"https:\/\/infoecos.com.ar\/index.php\/wp-json\/wp\/v2\/posts\/75025"}],"collection":[{"href":"https:\/\/infoecos.com.ar\/index.php\/wp-json\/wp\/v2\/posts"}],"about":[{"href":"https:\/\/infoecos.com.ar\/index.php\/wp-json\/wp\/v2\/types\/post"}],"author":[{"embeddable":true,"href":"https:\/\/infoecos.com.ar\/index.php\/wp-json\/wp\/v2\/users\/2"}],"replies":[{"embeddable":true,"href":"https:\/\/infoecos.com.ar\/index.php\/wp-json\/wp\/v2\/comments?post=75025"}],"version-history":[{"count":2,"href":"https:\/\/infoecos.com.ar\/index.php\/wp-json\/wp\/v2\/posts\/75025\/revisions"}],"predecessor-version":[{"id":75172,"href":"https:\/\/infoecos.com.ar\/index.php\/wp-json\/wp\/v2\/posts\/75025\/revisions\/75172"}],"wp:featuredmedia":[{"embeddable":true,"href":"https:\/\/infoecos.com.ar\/index.php\/wp-json\/wp\/v2\/media\/75026"}],"wp:attachment":[{"href":"https:\/\/infoecos.com.ar\/index.php\/wp-json\/wp\/v2\/media?parent=75025"}],"wp:term":[{"taxonomy":"category","embeddable":true,"href":"https:\/\/infoecos.com.ar\/index.php\/wp-json\/wp\/v2\/categories?post=75025"},{"taxonomy":"post_tag","embeddable":true,"href":"https:\/\/infoecos.com.ar\/index.php\/wp-json\/wp\/v2\/tags?post=75025"}],"curies":[{"name":"wp","href":"https:\/\/api.w.org\/{rel}","templated":true}]}}