{"id":75070,"date":"2021-03-01T02:29:34","date_gmt":"2021-03-01T05:29:34","guid":{"rendered":"http:\/\/infoecos.com.ar\/?p=75070"},"modified":"2021-03-02T03:00:56","modified_gmt":"2021-03-02T06:00:56","slug":"suteba-y-la-feb-aceptaron-la-propuesta-salarial-del-gobierno-de-la-provincia-de-buenos-aires","status":"publish","type":"post","link":"https:\/\/infoecos.com.ar\/index.php\/suteba-y-la-feb-aceptaron-la-propuesta-salarial-del-gobierno-de-la-provincia-de-buenos-aires\/","title":{"rendered":"SUTEBA y la FEB aceptaron la propuesta salarial del gobierno de la provincia de Buenos Aires"},"content":{"rendered":"\n<p>Los gremios docentes bonaerenses aceptaron ayer la propuesta salarial formulada el viernes por el Gobierno de la provincia de Buenos Aires, por lo que este lunes comenzar\u00e1n las clases m\u00e1s de 4 millones de alumnos, inform\u00f3 la ministra de Trabajo, Mara Ruiz Malec.<\/p>\n\n\n\n<div class=\"wp-block-image\"><figure class=\"aligncenter size-medium\"><img loading=\"lazy\" decoding=\"async\" width=\"460\" height=\"286\" src=\"http:\/\/infoecos.com.ar\/wp-content\/uploads\/2021\/02\/2021_02_26_AK_-Paritarias_La-PlataGBA_2891-460x286.jpg\" alt=\"\" class=\"wp-image-75039\" srcset=\"https:\/\/infoecos.com.ar\/wp-content\/uploads\/2021\/02\/2021_02_26_AK_-Paritarias_La-PlataGBA_2891-460x286.jpg 460w, https:\/\/infoecos.com.ar\/wp-content\/uploads\/2021\/02\/2021_02_26_AK_-Paritarias_La-PlataGBA_2891-920x572.jpg 920w, https:\/\/infoecos.com.ar\/wp-content\/uploads\/2021\/02\/2021_02_26_AK_-Paritarias_La-PlataGBA_2891-768x477.jpg 768w, https:\/\/infoecos.com.ar\/wp-content\/uploads\/2021\/02\/2021_02_26_AK_-Paritarias_La-PlataGBA_2891-1536x955.jpg 1536w, https:\/\/infoecos.com.ar\/wp-content\/uploads\/2021\/02\/2021_02_26_AK_-Paritarias_La-PlataGBA_2891-2048x1273.jpg 2048w, https:\/\/infoecos.com.ar\/wp-content\/uploads\/2021\/02\/2021_02_26_AK_-Paritarias_La-PlataGBA_2891-1024x637.jpg 1024w\" sizes=\"(max-width: 460px) 100vw, 460px\" \/><\/figure><\/div>\n\n\n\n<p>\u00abLa propuesta salarial docente de la Provincia fue aprobada. De este modo, comenzamos un nuevo ciclo lectivo con los chicos en las aulas, garantizando el derecho social a la educaci\u00f3n y los derechos laborales delos trabajadores de nuestro sistema educativo\u00bb, public\u00f3 la funcionaria en redes sociales.<\/p>\n\n\n\n<p>Ruiz Malec agradeci\u00f3 a los gremios docentes, a la cartera de Hacienda que conduce Pablo L\u00f3pez y a la de Educaci\u00f3n, a cargo de Agustina Vila, por el \u00abtrabajo y el di\u00e1logo honesto que a\u00fan. en las diferencias, permiti\u00f3 alcanzar acuerdos\u00bb.<\/p>\n\n\n\n<p>La propuesta salarial, que fue aceptada por los dos gremios mayoritarios del Frente de Unidad Docente Bonaerense (Suteba y FEB), consiste en un 32% de aumento al mes de septiembre, a lo que se agrega el incremento del Fondo de Incentivo Docente (Fonid) y la suma por conectividad acordada en la paritaria nacional.<\/p>\n\n\n\n<p>De esta forma el salario de maestro de grado inicial quedar\u00e1 establecido en 48.508 pesos a partir de septiembre, mientras que un profesor con 20 m\u00f3dulos recibir\u00eda 69.822 pesos y un preceptor 41.987 pesos.<\/p>\n","protected":false},"excerpt":{"rendered":"<p>Consiste en un 32% de aumento al mes de septiembre, a lo que se agrega el incremento del Fondo de Incentivo Docente (Fonid) <\/p>\n","protected":false},"author":2,"featured_media":75039,"comment_status":"closed","ping_status":"open","sticky":false,"template":"","format":"standard","meta":{"footnotes":""},"categories":[201],"tags":[3115],"class_list":["post-75070","post","type-post","status-publish","format-standard","has-post-thumbnail","hentry","category-inferior9","tag-normal-comienzo-de-las-clases"],"yoast_head":"<!-- This site is optimized with the Yoast SEO plugin v23.4 - https:\/\/yoast.com\/wordpress\/plugins\/seo\/ -->\n<title>SUTEBA y la FEB aceptaron la propuesta salarial del gobierno de la provincia de Buenos Aires - Infoecos<\/title>\n<meta name=\"robots\" content=\"index, follow, max-snippet:-1, max-image-preview:large, max-video-preview:-1\" \/>\n<link rel=\"canonical\" href=\"https:\/\/infoecos.com.ar\/index.php\/suteba-y-la-feb-aceptaron-la-propuesta-salarial-del-gobierno-de-la-provincia-de-buenos-aires\/\" \/>\n<meta property=\"og:locale\" content=\"es_ES\" \/>\n<meta property=\"og:type\" content=\"article\" \/>\n<meta property=\"og:title\" content=\"SUTEBA y la FEB aceptaron la propuesta salarial del gobierno de la provincia de Buenos Aires - Infoecos\" \/>\n<meta property=\"og:description\" content=\"Consiste en un 32% de aumento al mes de septiembre, a lo que se agrega el incremento del Fondo de Incentivo Docente (Fonid)\" \/>\n<meta property=\"og:url\" content=\"https:\/\/infoecos.com.ar\/index.php\/suteba-y-la-feb-aceptaron-la-propuesta-salarial-del-gobierno-de-la-provincia-de-buenos-aires\/\" \/>\n<meta property=\"og:site_name\" content=\"Infoecos\" \/>\n<meta property=\"article:publisher\" content=\"https:\/\/www.facebook.com\/profile.php?id=100063200290284\" \/>\n<meta property=\"article:published_time\" content=\"2021-03-01T05:29:34+00:00\" \/>\n<meta property=\"article:modified_time\" content=\"2021-03-02T06:00:56+00:00\" \/>\n<meta property=\"og:image\" content=\"https:\/\/infoecos.com.ar\/wp-content\/uploads\/2021\/02\/2021_02_26_AK_-Paritarias_La-PlataGBA_2891-scaled.jpg\" \/>\n\t<meta property=\"og:image:width\" content=\"2560\" \/>\n\t<meta property=\"og:image:height\" content=\"1592\" \/>\n\t<meta property=\"og:image:type\" content=\"image\/jpeg\" \/>\n<meta name=\"author\" content=\"Jorge Matheus\" \/>\n<meta name=\"twitter:card\" content=\"summary_large_image\" \/>\n<meta name=\"twitter:creator\" content=\"@infoecos\" \/>\n<meta name=\"twitter:site\" content=\"@infoecos\" \/>\n<meta name=\"twitter:label1\" content=\"Escrito por\" \/>\n\t<meta name=\"twitter:data1\" content=\"Jorge Matheus\" \/>\n\t<meta name=\"twitter:label2\" content=\"Tiempo de lectura\" \/>\n\t<meta name=\"twitter:data2\" content=\"1 minuto\" \/>\n<script type=\"application\/ld+json\" class=\"yoast-schema-graph\">{\"@context\":\"https:\/\/schema.org\",\"@graph\":[{\"@type\":\"Article\",\"@id\":\"https:\/\/infoecos.com.ar\/index.php\/suteba-y-la-feb-aceptaron-la-propuesta-salarial-del-gobierno-de-la-provincia-de-buenos-aires\/#article\",\"isPartOf\":{\"@id\":\"https:\/\/infoecos.com.ar\/index.php\/suteba-y-la-feb-aceptaron-la-propuesta-salarial-del-gobierno-de-la-provincia-de-buenos-aires\/\"},\"author\":{\"name\":\"Jorge Matheus\",\"@id\":\"https:\/\/infoecos.com.ar\/#\/schema\/person\/8f5ace5ce73b4b4aac4b7245aee6f191\"},\"headline\":\"SUTEBA y la FEB aceptaron la propuesta salarial del gobierno de la provincia de Buenos Aires\",\"datePublished\":\"2021-03-01T05:29:34+00:00\",\"dateModified\":\"2021-03-02T06:00:56+00:00\",\"mainEntityOfPage\":{\"@id\":\"https:\/\/infoecos.com.ar\/index.php\/suteba-y-la-feb-aceptaron-la-propuesta-salarial-del-gobierno-de-la-provincia-de-buenos-aires\/\"},\"wordCount\":236,\"publisher\":{\"@id\":\"https:\/\/infoecos.com.ar\/#organization\"},\"image\":{\"@id\":\"https:\/\/infoecos.com.ar\/index.php\/suteba-y-la-feb-aceptaron-la-propuesta-salarial-del-gobierno-de-la-provincia-de-buenos-aires\/#primaryimage\"},\"thumbnailUrl\":\"https:\/\/infoecos.com.ar\/wp-content\/uploads\/2021\/02\/2021_02_26_AK_-Paritarias_La-PlataGBA_2891-scaled.jpg\",\"keywords\":[\"normal comienzo de las clases\"],\"articleSection\":[\"Bloque inferior - 9\"],\"inLanguage\":\"es\"},{\"@type\":\"WebPage\",\"@id\":\"https:\/\/infoecos.com.ar\/index.php\/suteba-y-la-feb-aceptaron-la-propuesta-salarial-del-gobierno-de-la-provincia-de-buenos-aires\/\",\"url\":\"https:\/\/infoecos.com.ar\/index.php\/suteba-y-la-feb-aceptaron-la-propuesta-salarial-del-gobierno-de-la-provincia-de-buenos-aires\/\",\"name\":\"SUTEBA y la FEB aceptaron la propuesta salarial del gobierno de la provincia de Buenos Aires - Infoecos\",\"isPartOf\":{\"@id\":\"https:\/\/infoecos.com.ar\/#website\"},\"primaryImageOfPage\":{\"@id\":\"https:\/\/infoecos.com.ar\/index.php\/suteba-y-la-feb-aceptaron-la-propuesta-salarial-del-gobierno-de-la-provincia-de-buenos-aires\/#primaryimage\"},\"image\":{\"@id\":\"https:\/\/infoecos.com.ar\/index.php\/suteba-y-la-feb-aceptaron-la-propuesta-salarial-del-gobierno-de-la-provincia-de-buenos-aires\/#primaryimage\"},\"thumbnailUrl\":\"https:\/\/infoecos.com.ar\/wp-content\/uploads\/2021\/02\/2021_02_26_AK_-Paritarias_La-PlataGBA_2891-scaled.jpg\",\"datePublished\":\"2021-03-01T05:29:34+00:00\",\"dateModified\":\"2021-03-02T06:00:56+00:00\",\"breadcrumb\":{\"@id\":\"https:\/\/infoecos.com.ar\/index.php\/suteba-y-la-feb-aceptaron-la-propuesta-salarial-del-gobierno-de-la-provincia-de-buenos-aires\/#breadcrumb\"},\"inLanguage\":\"es\",\"potentialAction\":[{\"@type\":\"ReadAction\",\"target\":[\"https:\/\/infoecos.com.ar\/index.php\/suteba-y-la-feb-aceptaron-la-propuesta-salarial-del-gobierno-de-la-provincia-de-buenos-aires\/\"]}]},{\"@type\":\"ImageObject\",\"inLanguage\":\"es\",\"@id\":\"https:\/\/infoecos.com.ar\/index.php\/suteba-y-la-feb-aceptaron-la-propuesta-salarial-del-gobierno-de-la-provincia-de-buenos-aires\/#primaryimage\",\"url\":\"https:\/\/infoecos.com.ar\/wp-content\/uploads\/2021\/02\/2021_02_26_AK_-Paritarias_La-PlataGBA_2891-scaled.jpg\",\"contentUrl\":\"https:\/\/infoecos.com.ar\/wp-content\/uploads\/2021\/02\/2021_02_26_AK_-Paritarias_La-PlataGBA_2891-scaled.jpg\",\"width\":2560,\"height\":1592},{\"@type\":\"BreadcrumbList\",\"@id\":\"https:\/\/infoecos.com.ar\/index.php\/suteba-y-la-feb-aceptaron-la-propuesta-salarial-del-gobierno-de-la-provincia-de-buenos-aires\/#breadcrumb\",\"itemListElement\":[{\"@type\":\"ListItem\",\"position\":1,\"name\":\"Portada\",\"item\":\"https:\/\/infoecos.com.ar\/\"},{\"@type\":\"ListItem\",\"position\":2,\"name\":\"SUTEBA y la FEB aceptaron la propuesta salarial del gobierno de la provincia de Buenos Aires\"}]},{\"@type\":\"WebSite\",\"@id\":\"https:\/\/infoecos.com.ar\/#website\",\"url\":\"https:\/\/infoecos.com.ar\/\",\"name\":\"Infoecos\",\"description\":\"Noticias de trenque lauquen y la zona\",\"publisher\":{\"@id\":\"https:\/\/infoecos.com.ar\/#organization\"},\"alternateName\":\"Noticias\",\"potentialAction\":[{\"@type\":\"SearchAction\",\"target\":{\"@type\":\"EntryPoint\",\"urlTemplate\":\"https:\/\/infoecos.com.ar\/?s={search_term_string}\"},\"query-input\":{\"@type\":\"PropertyValueSpecification\",\"valueRequired\":true,\"valueName\":\"search_term_string\"}}],\"inLanguage\":\"es\"},{\"@type\":\"Organization\",\"@id\":\"https:\/\/infoecos.com.ar\/#organization\",\"name\":\"Infoecos\",\"alternateName\":\"Noticias\",\"url\":\"https:\/\/infoecos.com.ar\/\",\"logo\":{\"@type\":\"ImageObject\",\"inLanguage\":\"es\",\"@id\":\"https:\/\/infoecos.com.ar\/#\/schema\/logo\/image\/\",\"url\":\"https:\/\/infoecos.com.ar\/wp-content\/uploads\/2024\/03\/cropped-logo.png\",\"contentUrl\":\"https:\/\/infoecos.com.ar\/wp-content\/uploads\/2024\/03\/cropped-logo.png\",\"width\":374,\"height\":90,\"caption\":\"Infoecos\"},\"image\":{\"@id\":\"https:\/\/infoecos.com.ar\/#\/schema\/logo\/image\/\"},\"sameAs\":[\"https:\/\/www.facebook.com\/profile.php?id=100063200290284\",\"https:\/\/x.com\/infoecos\"]},{\"@type\":\"Person\",\"@id\":\"https:\/\/infoecos.com.ar\/#\/schema\/person\/8f5ace5ce73b4b4aac4b7245aee6f191\",\"name\":\"Jorge Matheus\",\"url\":\"https:\/\/infoecos.com.ar\/index.php\/author\/jomatheus\/\"}]}<\/script>\n<!-- \/ Yoast SEO plugin. -->","yoast_head_json":{"title":"SUTEBA y la FEB aceptaron la propuesta salarial del gobierno de la provincia de Buenos Aires - Infoecos","robots":{"index":"index","follow":"follow","max-snippet":"max-snippet:-1","max-image-preview":"max-image-preview:large","max-video-preview":"max-video-preview:-1"},"canonical":"https:\/\/infoecos.com.ar\/index.php\/suteba-y-la-feb-aceptaron-la-propuesta-salarial-del-gobierno-de-la-provincia-de-buenos-aires\/","og_locale":"es_ES","og_type":"article","og_title":"SUTEBA y la FEB aceptaron la propuesta salarial del gobierno de la provincia de Buenos Aires - Infoecos","og_description":"Consiste en un 32% de aumento al mes de septiembre, a lo que se agrega el incremento del Fondo de Incentivo Docente (Fonid)","og_url":"https:\/\/infoecos.com.ar\/index.php\/suteba-y-la-feb-aceptaron-la-propuesta-salarial-del-gobierno-de-la-provincia-de-buenos-aires\/","og_site_name":"Infoecos","article_publisher":"https:\/\/www.facebook.com\/profile.php?id=100063200290284","article_published_time":"2021-03-01T05:29:34+00:00","article_modified_time":"2021-03-02T06:00:56+00:00","og_image":[{"width":2560,"height":1592,"url":"https:\/\/infoecos.com.ar\/wp-content\/uploads\/2021\/02\/2021_02_26_AK_-Paritarias_La-PlataGBA_2891-scaled.jpg","type":"image\/jpeg"}],"author":"Jorge Matheus","twitter_card":"summary_large_image","twitter_creator":"@infoecos","twitter_site":"@infoecos","twitter_misc":{"Escrito por":"Jorge Matheus","Tiempo de lectura":"1 minuto"},"schema":{"@context":"https:\/\/schema.org","@graph":[{"@type":"Article","@id":"https:\/\/infoecos.com.ar\/index.php\/suteba-y-la-feb-aceptaron-la-propuesta-salarial-del-gobierno-de-la-provincia-de-buenos-aires\/#article","isPartOf":{"@id":"https:\/\/infoecos.com.ar\/index.php\/suteba-y-la-feb-aceptaron-la-propuesta-salarial-del-gobierno-de-la-provincia-de-buenos-aires\/"},"author":{"name":"Jorge Matheus","@id":"https:\/\/infoecos.com.ar\/#\/schema\/person\/8f5ace5ce73b4b4aac4b7245aee6f191"},"headline":"SUTEBA y la FEB aceptaron la propuesta salarial del gobierno de la provincia de Buenos Aires","datePublished":"2021-03-01T05:29:34+00:00","dateModified":"2021-03-02T06:00:56+00:00","mainEntityOfPage":{"@id":"https:\/\/infoecos.com.ar\/index.php\/suteba-y-la-feb-aceptaron-la-propuesta-salarial-del-gobierno-de-la-provincia-de-buenos-aires\/"},"wordCount":236,"publisher":{"@id":"https:\/\/infoecos.com.ar\/#organization"},"image":{"@id":"https:\/\/infoecos.com.ar\/index.php\/suteba-y-la-feb-aceptaron-la-propuesta-salarial-del-gobierno-de-la-provincia-de-buenos-aires\/#primaryimage"},"thumbnailUrl":"https:\/\/infoecos.com.ar\/wp-content\/uploads\/2021\/02\/2021_02_26_AK_-Paritarias_La-PlataGBA_2891-scaled.jpg","keywords":["normal comienzo de las clases"],"articleSection":["Bloque inferior - 9"],"inLanguage":"es"},{"@type":"WebPage","@id":"https:\/\/infoecos.com.ar\/index.php\/suteba-y-la-feb-aceptaron-la-propuesta-salarial-del-gobierno-de-la-provincia-de-buenos-aires\/","url":"https:\/\/infoecos.com.ar\/index.php\/suteba-y-la-feb-aceptaron-la-propuesta-salarial-del-gobierno-de-la-provincia-de-buenos-aires\/","name":"SUTEBA y la FEB aceptaron la propuesta salarial del gobierno de la provincia de Buenos Aires - Infoecos","isPartOf":{"@id":"https:\/\/infoecos.com.ar\/#website"},"primaryImageOfPage":{"@id":"https:\/\/infoecos.com.ar\/index.php\/suteba-y-la-feb-aceptaron-la-propuesta-salarial-del-gobierno-de-la-provincia-de-buenos-aires\/#primaryimage"},"image":{"@id":"https:\/\/infoecos.com.ar\/index.php\/suteba-y-la-feb-aceptaron-la-propuesta-salarial-del-gobierno-de-la-provincia-de-buenos-aires\/#primaryimage"},"thumbnailUrl":"https:\/\/infoecos.com.ar\/wp-content\/uploads\/2021\/02\/2021_02_26_AK_-Paritarias_La-PlataGBA_2891-scaled.jpg","datePublished":"2021-03-01T05:29:34+00:00","dateModified":"2021-03-02T06:00:56+00:00","breadcrumb":{"@id":"https:\/\/infoecos.com.ar\/index.php\/suteba-y-la-feb-aceptaron-la-propuesta-salarial-del-gobierno-de-la-provincia-de-buenos-aires\/#breadcrumb"},"inLanguage":"es","potentialAction":[{"@type":"ReadAction","target":["https:\/\/infoecos.com.ar\/index.php\/suteba-y-la-feb-aceptaron-la-propuesta-salarial-del-gobierno-de-la-provincia-de-buenos-aires\/"]}]},{"@type":"ImageObject","inLanguage":"es","@id":"https:\/\/infoecos.com.ar\/index.php\/suteba-y-la-feb-aceptaron-la-propuesta-salarial-del-gobierno-de-la-provincia-de-buenos-aires\/#primaryimage","url":"https:\/\/infoecos.com.ar\/wp-content\/uploads\/2021\/02\/2021_02_26_AK_-Paritarias_La-PlataGBA_2891-scaled.jpg","contentUrl":"https:\/\/infoecos.com.ar\/wp-content\/uploads\/2021\/02\/2021_02_26_AK_-Paritarias_La-PlataGBA_2891-scaled.jpg","width":2560,"height":1592},{"@type":"BreadcrumbList","@id":"https:\/\/infoecos.com.ar\/index.php\/suteba-y-la-feb-aceptaron-la-propuesta-salarial-del-gobierno-de-la-provincia-de-buenos-aires\/#breadcrumb","itemListElement":[{"@type":"ListItem","position":1,"name":"Portada","item":"https:\/\/infoecos.com.ar\/"},{"@type":"ListItem","position":2,"name":"SUTEBA y la FEB aceptaron la propuesta salarial del gobierno de la provincia de Buenos Aires"}]},{"@type":"WebSite","@id":"https:\/\/infoecos.com.ar\/#website","url":"https:\/\/infoecos.com.ar\/","name":"Infoecos","description":"Noticias de trenque lauquen y la zona","publisher":{"@id":"https:\/\/infoecos.com.ar\/#organization"},"alternateName":"Noticias","potentialAction":[{"@type":"SearchAction","target":{"@type":"EntryPoint","urlTemplate":"https:\/\/infoecos.com.ar\/?s={search_term_string}"},"query-input":{"@type":"PropertyValueSpecification","valueRequired":true,"valueName":"search_term_string"}}],"inLanguage":"es"},{"@type":"Organization","@id":"https:\/\/infoecos.com.ar\/#organization","name":"Infoecos","alternateName":"Noticias","url":"https:\/\/infoecos.com.ar\/","logo":{"@type":"ImageObject","inLanguage":"es","@id":"https:\/\/infoecos.com.ar\/#\/schema\/logo\/image\/","url":"https:\/\/infoecos.com.ar\/wp-content\/uploads\/2024\/03\/cropped-logo.png","contentUrl":"https:\/\/infoecos.com.ar\/wp-content\/uploads\/2024\/03\/cropped-logo.png","width":374,"height":90,"caption":"Infoecos"},"image":{"@id":"https:\/\/infoecos.com.ar\/#\/schema\/logo\/image\/"},"sameAs":["https:\/\/www.facebook.com\/profile.php?id=100063200290284","https:\/\/x.com\/infoecos"]},{"@type":"Person","@id":"https:\/\/infoecos.com.ar\/#\/schema\/person\/8f5ace5ce73b4b4aac4b7245aee6f191","name":"Jorge Matheus","url":"https:\/\/infoecos.com.ar\/index.php\/author\/jomatheus\/"}]}},"featured_image_urls":{"full":["https:\/\/infoecos.com.ar\/wp-content\/uploads\/2021\/02\/2021_02_26_AK_-Paritarias_La-PlataGBA_2891-scaled.jpg",2560,1592,false],"thumbnail":["https:\/\/infoecos.com.ar\/wp-content\/uploads\/2021\/02\/2021_02_26_AK_-Paritarias_La-PlataGBA_2891-150x150.jpg",150,150,true],"medium":["https:\/\/infoecos.com.ar\/wp-content\/uploads\/2021\/02\/2021_02_26_AK_-Paritarias_La-PlataGBA_2891-460x286.jpg",460,286,true],"medium_large":["https:\/\/infoecos.com.ar\/wp-content\/uploads\/2021\/02\/2021_02_26_AK_-Paritarias_La-PlataGBA_2891-768x477.jpg",640,398,true],"large":["https:\/\/infoecos.com.ar\/wp-content\/uploads\/2021\/02\/2021_02_26_AK_-Paritarias_La-PlataGBA_2891-920x572.jpg",640,398,true],"1536x1536":["https:\/\/infoecos.com.ar\/wp-content\/uploads\/2021\/02\/2021_02_26_AK_-Paritarias_La-PlataGBA_2891-1536x955.jpg",1536,955,true],"2048x2048":["https:\/\/infoecos.com.ar\/wp-content\/uploads\/2021\/02\/2021_02_26_AK_-Paritarias_La-PlataGBA_2891-2048x1273.jpg",2048,1273,true],"covernews-slider-full":["https:\/\/infoecos.com.ar\/wp-content\/uploads\/2021\/02\/2021_02_26_AK_-Paritarias_La-PlataGBA_2891-1536x1020.jpg",1077,715,true],"covernews-slider-center":["https:\/\/infoecos.com.ar\/wp-content\/uploads\/2021\/02\/2021_02_26_AK_-Paritarias_La-PlataGBA_2891-936x897.jpg",522,500,true],"covernews-featured":["https:\/\/infoecos.com.ar\/wp-content\/uploads\/2021\/02\/2021_02_26_AK_-Paritarias_La-PlataGBA_2891-1024x637.jpg",1024,637,true],"covernews-medium":["https:\/\/infoecos.com.ar\/wp-content\/uploads\/2021\/02\/2021_02_26_AK_-Paritarias_La-PlataGBA_2891-720x380.jpg",540,285,true],"covernews-medium-square":["https:\/\/infoecos.com.ar\/wp-content\/uploads\/2021\/02\/2021_02_26_AK_-Paritarias_La-PlataGBA_2891-675x450.jpg",375,250,true]},"author_info":{"info":["Jorge Matheus"]},"category_info":"<a href=\"https:\/\/infoecos.com.ar\/index.php\/category\/inferior9\/\" rel=\"category tag\">Bloque inferior - 9<\/a>","tag_info":"Bloque inferior - 9","comment_count":"0","_links":{"self":[{"href":"https:\/\/infoecos.com.ar\/index.php\/wp-json\/wp\/v2\/posts\/75070"}],"collection":[{"href":"https:\/\/infoecos.com.ar\/index.php\/wp-json\/wp\/v2\/posts"}],"about":[{"href":"https:\/\/infoecos.com.ar\/index.php\/wp-json\/wp\/v2\/types\/post"}],"author":[{"embeddable":true,"href":"https:\/\/infoecos.com.ar\/index.php\/wp-json\/wp\/v2\/users\/2"}],"replies":[{"embeddable":true,"href":"https:\/\/infoecos.com.ar\/index.php\/wp-json\/wp\/v2\/comments?post=75070"}],"version-history":[{"count":1,"href":"https:\/\/infoecos.com.ar\/index.php\/wp-json\/wp\/v2\/posts\/75070\/revisions"}],"predecessor-version":[{"id":75071,"href":"https:\/\/infoecos.com.ar\/index.php\/wp-json\/wp\/v2\/posts\/75070\/revisions\/75071"}],"wp:featuredmedia":[{"embeddable":true,"href":"https:\/\/infoecos.com.ar\/index.php\/wp-json\/wp\/v2\/media\/75039"}],"wp:attachment":[{"href":"https:\/\/infoecos.com.ar\/index.php\/wp-json\/wp\/v2\/media?parent=75070"}],"wp:term":[{"taxonomy":"category","embeddable":true,"href":"https:\/\/infoecos.com.ar\/index.php\/wp-json\/wp\/v2\/categories?post=75070"},{"taxonomy":"post_tag","embeddable":true,"href":"https:\/\/infoecos.com.ar\/index.php\/wp-json\/wp\/v2\/tags?post=75070"}],"curies":[{"name":"wp","href":"https:\/\/api.w.org\/{rel}","templated":true}]}}