{"id":75080,"date":"2021-03-01T03:00:15","date_gmt":"2021-03-01T06:00:15","guid":{"rendered":"http:\/\/infoecos.com.ar\/?p=75080"},"modified":"2021-03-03T01:41:36","modified_gmt":"2021-03-03T04:41:36","slug":"jovenes-radicales-se-reunieron-en-mar-del-plata-para-apoyar-la-formula-abad-revilla","status":"publish","type":"post","link":"https:\/\/infoecos.com.ar\/index.php\/jovenes-radicales-se-reunieron-en-mar-del-plata-para-apoyar-la-formula-abad-revilla\/","title":{"rendered":"J\u00f3venes radicales se reunieron en Mar del Plata para apoyar la f\u00f3rmula Abad-Revilla"},"content":{"rendered":"\n<p class=\"wp-block-paragraph\">J\u00f3venes radicales organizaron su encuentro \u201cFlow Radical\u201d en Mar del Plata para apoyar a la f\u00f3rmula Abad-Revilla en las internas radicales del 21 de marzo.<\/p>\n\n\n\n<p class=\"wp-block-paragraph\">Por Trenque Lauquen estuvieron presentes el intendente Miguel Fern\u00e1ndez, el diputado Valentin Miranda, el concejal Juan Borrazas y otros militantes j\u00f3venes encabezados por el pr\u00f3ximo presidente de la JR del distrito Pablo Aguirre.<\/p>\n\n\n\n<div class=\"wp-block-image\"><figure class=\"aligncenter size-medium\"><img loading=\"lazy\" decoding=\"async\" width=\"460\" height=\"344\" src=\"http:\/\/infoecos.com.ar\/wp-content\/uploads\/2021\/03\/IMG-20210228-WA0087-460x344.jpg\" alt=\"\" class=\"wp-image-75081\" srcset=\"https:\/\/infoecos.com.ar\/wp-content\/uploads\/2021\/03\/IMG-20210228-WA0087-460x344.jpg 460w, https:\/\/infoecos.com.ar\/wp-content\/uploads\/2021\/03\/IMG-20210228-WA0087-920x689.jpg 920w, https:\/\/infoecos.com.ar\/wp-content\/uploads\/2021\/03\/IMG-20210228-WA0087-768x575.jpg 768w, https:\/\/infoecos.com.ar\/wp-content\/uploads\/2021\/03\/IMG-20210228-WA0087-1024x766.jpg 1024w, https:\/\/infoecos.com.ar\/wp-content\/uploads\/2021\/03\/IMG-20210228-WA0087.jpg 1280w\" sizes=\"auto, (max-width: 460px) 100vw, 460px\" \/><figcaption>J\u00f3venes radicales en Mar del Plata<\/figcaption><\/figure><\/div>\n\n\n\n<p class=\"wp-block-paragraph\">En la apertura del encuentro, Abad y Revilla estuvieron acompa\u00f1ados por el presidente del bloque UCR en el Senado de la Naci\u00f3n, Luis Naidenoff, y por el presidente del bloque UCR de la C\u00e1mara de Diputados de la Naci\u00f3n, Mario Negri.<\/p>\n\n\n\n<p class=\"wp-block-paragraph\">El Diputado Nacional por C\u00f3rdoba, afirm\u00f3 que \u201csi Adelante Buenos Aires sigue con esta fuerza va a empujar a toda la Argentina para que, de la mano del radicalismo, no se detenga mas\u201d. Y agreg\u00f3 \u201cestoy convencido que esta reuni\u00f3n no es para resolver una lucha interna. Ac\u00e1 hay decisi\u00f3n, hay convicci\u00f3n de enaltecer la pol\u00edtica como instrumento eficaz que cambia la sociedad\u201d.<\/p>\n\n\n\n<p class=\"wp-block-paragraph\">Por su parte, el Senador Naidenoff, se\u00f1al\u00f3 que \u201clos que hoy gobiernan son un desastre\u201d y agreg\u00f3 \u201cque depende de nosotros construir una alternativa por eso estamos aqu\u00ed en Mar del Plata para acompa\u00f1ar a Maximiliano Abad\u201d.<\/p>\n\n\n\n<p class=\"wp-block-paragraph\">En tanto, el candidato a Presidente del Comit\u00e9 Provincia de Buenos Aires, Maximiliano Abad vaticin\u00f3 que \u201clos radicales vamos a volver al poder en 2023 para gobernar la provincia y el pa\u00eds\u201d. Ademas, advirti\u00f3 que \u201cya le avisamos a nuestros socios que estamos convencidos de sostener la coalici\u00f3n opositora con el fin de liderarla\u201d.<\/p>\n\n\n\n<p class=\"wp-block-paragraph\">La compa\u00f1era de f\u00f3rmula por la Lista Adelante Buenos Aires, Erica Revilla, remarc\u00f3 que \u201cnosotros nunca nos fuimos del radicalismo, nunca transamos con nadie\u201d y se pregunt\u00f3 \u201cdonde estaban ellos cuando nosotros nos quedamos solos bancando los trapos del radicalismo\u201d.<\/p>\n\n\n\n<p class=\"wp-block-paragraph\">Los referentes juveniles del radicalismo Manuel Cisneros (candidato a delegado por la s\u00e9ptima secci\u00f3n) y Lucia Rodr\u00edguez (candidata a delegada por la sexta secci\u00f3n) se\u00f1alaron en su discurso que \u201cac\u00e1 estamos los j\u00f3venes que protagonizamos la mayor renovaci\u00f3n partidaria de los \u00faltimos a\u00f1os acompa\u00f1ando este proceso de crecimiento y fortaleciendo de la UCR\u201d.<\/p>\n\n\n\n<p class=\"wp-block-paragraph\">\u201cEste 21 de marzo, los radicales bonaerenses vamos a elegir a candidatos que nunca abandonaron a la UCR. Que estuvieron siempre trabajando por un mejor partido\u201d, agregaron.<\/p>\n\n\n\n<div class=\"wp-block-image\"><figure class=\"aligncenter size-medium\"><img loading=\"lazy\" decoding=\"async\" width=\"460\" height=\"460\" src=\"http:\/\/infoecos.com.ar\/wp-content\/uploads\/2021\/03\/IMG-20210228-WA0117-460x460.jpg\" alt=\"\" class=\"wp-image-75082\" srcset=\"https:\/\/infoecos.com.ar\/wp-content\/uploads\/2021\/03\/IMG-20210228-WA0117-460x460.jpg 460w, https:\/\/infoecos.com.ar\/wp-content\/uploads\/2021\/03\/IMG-20210228-WA0117-920x920.jpg 920w, https:\/\/infoecos.com.ar\/wp-content\/uploads\/2021\/03\/IMG-20210228-WA0117-150x150.jpg 150w, https:\/\/infoecos.com.ar\/wp-content\/uploads\/2021\/03\/IMG-20210228-WA0117-768x768.jpg 768w, https:\/\/infoecos.com.ar\/wp-content\/uploads\/2021\/03\/IMG-20210228-WA0117-1024x1024.jpg 1024w, https:\/\/infoecos.com.ar\/wp-content\/uploads\/2021\/03\/IMG-20210228-WA0117.jpg 1280w\" sizes=\"auto, (max-width: 460px) 100vw, 460px\" \/><figcaption>J\u00f3venes radicales en Mar del Plat<\/figcaption><\/figure><\/div>\n\n\n\n<p class=\"wp-block-paragraph\">De los paneles que se llevaron adelante durante el d\u00eda, formaron parte el ex ministro de Salud Adolfo Rubinstein, Luciano Grasso y la legisladora Alejandra Lord\u00e9n (salud); Emilio Cornaglia, Monica Marquina y Diego Mart\u00ednez (educaci\u00f3n); Gast\u00f3n Tenembaum y Antonela Moreno (ambiente); y Eduardo Levi Yeyati con la diputada Melisa Greco (trabajo).<\/p>\n\n\n\n<p class=\"wp-block-paragraph\">El cierre estuvo a cargo del emprendedor y campe\u00f3n de rob\u00f3tica, Mateo Salvatto, y de Facundo Manes.<\/p>\n\n\n\n<p class=\"wp-block-paragraph\">En su discurso, Facundo Manes, adelant\u00f3 su fuerte apoyo a Maxi Abad y a su hermano Gast\u00f3n Manes que es candidato a Convencional Nacional por Adelante Buenos Aires.<\/p>\n\n\n\n<p class=\"wp-block-paragraph\">El neurocient\u00edfico sostuvo que \u201cmi coraz\u00f3n es radical y me llena de orgullo que la enorme Juventud Radical tome iniciativas que tienen que ver con la formaci\u00f3n de sus militantes para trabajar por un mejor pa\u00eds\u201d.<\/p>\n\n\n\n<p class=\"wp-block-paragraph\">\u201cLa revoluci\u00f3n por la que debemos comprometernos es la educaci\u00f3n\u201d, concluy\u00f3 Facundo Manes.<\/p>\n","protected":false},"excerpt":{"rendered":"<p>Asistieron y apoyaron a los dos dirigentes para presidir el comit\u00e9 provincia de Buenos Aires, Facundo Manes, Mario Negri, Luis Naidenoff, Miguel Fern\u00e1ndez, entre otros<\/p>\n","protected":false},"author":2,"featured_media":75082,"comment_status":"closed","ping_status":"open","sticky":false,"template":"","format":"standard","meta":{"footnotes":""},"categories":[200],"tags":[3118],"class_list":["post-75080","post","type-post","status-publish","format-standard","has-post-thumbnail","hentry","category-inferior8","tag-asistieron-varios-trenquelauquenses"],"featured_image_urls":{"full":["https:\/\/infoecos.com.ar\/wp-content\/uploads\/2021\/03\/IMG-20210228-WA0117.jpg",1280,1280,false],"thumbnail":["https:\/\/infoecos.com.ar\/wp-content\/uploads\/2021\/03\/IMG-20210228-WA0117-150x150.jpg",150,150,true],"medium":["https:\/\/infoecos.com.ar\/wp-content\/uploads\/2021\/03\/IMG-20210228-WA0117-460x460.jpg",460,460,true],"medium_large":["https:\/\/infoecos.com.ar\/wp-content\/uploads\/2021\/03\/IMG-20210228-WA0117-768x768.jpg",640,640,true],"large":["https:\/\/infoecos.com.ar\/wp-content\/uploads\/2021\/03\/IMG-20210228-WA0117-920x920.jpg",640,640,true],"1536x1536":["https:\/\/infoecos.com.ar\/wp-content\/uploads\/2021\/03\/IMG-20210228-WA0117.jpg",1280,1280,false],"2048x2048":["https:\/\/infoecos.com.ar\/wp-content\/uploads\/2021\/03\/IMG-20210228-WA0117.jpg",1280,1280,false],"covernews-slider-full":["https:\/\/infoecos.com.ar\/wp-content\/uploads\/2021\/03\/IMG-20210228-WA0117-1280x1020.jpg",897,715,true],"covernews-slider-center":["https:\/\/infoecos.com.ar\/wp-content\/uploads\/2021\/03\/IMG-20210228-WA0117-936x897.jpg",522,500,true],"covernews-featured":["https:\/\/infoecos.com.ar\/wp-content\/uploads\/2021\/03\/IMG-20210228-WA0117-1024x1024.jpg",1024,1024,true],"covernews-medium":["https:\/\/infoecos.com.ar\/wp-content\/uploads\/2021\/03\/IMG-20210228-WA0117-720x380.jpg",540,285,true],"covernews-medium-square":["https:\/\/infoecos.com.ar\/wp-content\/uploads\/2021\/03\/IMG-20210228-WA0117-675x450.jpg",375,250,true]},"author_info":{"info":["Jorge Matheus"]},"category_info":"<a href=\"https:\/\/infoecos.com.ar\/index.php\/category\/inferior8\/\" rel=\"category tag\">Bloque inferior - 8<\/a>","tag_info":"Bloque inferior - 8","comment_count":"0","_links":{"self":[{"href":"https:\/\/infoecos.com.ar\/index.php\/wp-json\/wp\/v2\/posts\/75080","targetHints":{"allow":["GET"]}}],"collection":[{"href":"https:\/\/infoecos.com.ar\/index.php\/wp-json\/wp\/v2\/posts"}],"about":[{"href":"https:\/\/infoecos.com.ar\/index.php\/wp-json\/wp\/v2\/types\/post"}],"author":[{"embeddable":true,"href":"https:\/\/infoecos.com.ar\/index.php\/wp-json\/wp\/v2\/users\/2"}],"replies":[{"embeddable":true,"href":"https:\/\/infoecos.com.ar\/index.php\/wp-json\/wp\/v2\/comments?post=75080"}],"version-history":[{"count":1,"href":"https:\/\/infoecos.com.ar\/index.php\/wp-json\/wp\/v2\/posts\/75080\/revisions"}],"predecessor-version":[{"id":75083,"href":"https:\/\/infoecos.com.ar\/index.php\/wp-json\/wp\/v2\/posts\/75080\/revisions\/75083"}],"wp:featuredmedia":[{"embeddable":true,"href":"https:\/\/infoecos.com.ar\/index.php\/wp-json\/wp\/v2\/media\/75082"}],"wp:attachment":[{"href":"https:\/\/infoecos.com.ar\/index.php\/wp-json\/wp\/v2\/media?parent=75080"}],"wp:term":[{"taxonomy":"category","embeddable":true,"href":"https:\/\/infoecos.com.ar\/index.php\/wp-json\/wp\/v2\/categories?post=75080"},{"taxonomy":"post_tag","embeddable":true,"href":"https:\/\/infoecos.com.ar\/index.php\/wp-json\/wp\/v2\/tags?post=75080"}],"curies":[{"name":"wp","href":"https:\/\/api.w.org\/{rel}","templated":true}]}}