{"id":75110,"date":"2021-03-01T15:22:56","date_gmt":"2021-03-01T18:22:56","guid":{"rendered":"http:\/\/infoecos.com.ar\/?p=75110"},"modified":"2021-03-03T01:39:37","modified_gmt":"2021-03-03T04:39:37","slug":"petrocini-y-el-acuerdo-salarial-de-los-docentes-con-el-gobierno-bonaerense","status":"publish","type":"post","link":"https:\/\/infoecos.com.ar\/index.php\/petrocini-y-el-acuerdo-salarial-de-los-docentes-con-el-gobierno-bonaerense\/","title":{"rendered":"Petrocini y el acuerdo salarial de los docentes con el gobierno bonaerense"},"content":{"rendered":"\n<p class=\"wp-block-paragraph\">La secretaria general de la Federaci\u00f3n de Educadores Bonaerenses (FEB), Mirta Petrocini, afirm\u00f3 que el acuerdo salarial alcanzado con el gobierno en paritarias es hasta el mes de septiembre, donde volver\u00e1n a reunirse.<\/p>\n\n\n\n<div class=\"wp-block-image\"><figure class=\"aligncenter size-medium\"><img decoding=\"async\" src=\"http:\/\/infoecos.com.ar\/wp-content\/uploads\/20150227115451_mirta-460x252.jpg\" alt=\"\" class=\"wp-image-16602\"\/><figcaption>Petrocini &#8211; FEB<\/figcaption><\/figure><\/div>\n\n\n\n<p class=\"wp-block-paragraph\">En declaraciones a <strong>Radio Provincia<\/strong> dijo que \u201cse logr\u00f3 un aumento del 35,1% a pagar en tres etapas: marzo, julio y septiembre\u201d.<\/p>\n\n\n\n<p class=\"wp-block-paragraph\">Con respecto al inicio del ciclo lectivo explic\u00f3 que \u201choy las escuelas tienen seg\u00fan su distrito, una situaci\u00f3n distinta. El plan es claro y las clases comenzaron seg\u00fan cada escuela y su organizaci\u00f3n\u201d.<\/p>\n\n\n\n<p class=\"wp-block-paragraph\">Petrocini indic\u00f3 que \u201cven\u00edamos de a\u00f1os reclamando la infraestructura escolar y&nbsp; condiciones edilicias. Deseamos que el debate por la educaci\u00f3n p\u00fablica se siga instalando, es un compromiso de toda la sociedad y que esta&nbsp; preocupaci\u00f3n exceda lo coyuntural y el oportunismo\u201d.<\/p>\n","protected":false},"excerpt":{"rendered":"<p>En declaraciones a Radio Provincia dijo que \u201cse logr\u00f3 un aumento del 35,1% a pagar en tres etapas: marzo, julio y septiembre\u201d<\/p>\n","protected":false},"author":2,"featured_media":16602,"comment_status":"closed","ping_status":"open","sticky":false,"template":"","format":"standard","meta":{"footnotes":""},"categories":[44],"tags":[3123],"class_list":["post-75110","post","type-post","status-publish","format-standard","has-post-thumbnail","hentry","category-inferior5","tag-es-hasta-el-mes-de-septiembre"],"featured_image_urls":{"full":"","thumbnail":"","medium":"","medium_large":"","large":"","1536x1536":"","2048x2048":"","covernews-slider-full":"","covernews-slider-center":"","covernews-featured":"","covernews-medium":"","covernews-medium-square":""},"author_info":{"info":["Jorge Matheus"]},"category_info":"<a href=\"https:\/\/infoecos.com.ar\/index.php\/category\/inferior5\/\" rel=\"category tag\">Bloque inferior - 5<\/a>","tag_info":"Bloque inferior - 5","comment_count":"0","_links":{"self":[{"href":"https:\/\/infoecos.com.ar\/index.php\/wp-json\/wp\/v2\/posts\/75110","targetHints":{"allow":["GET"]}}],"collection":[{"href":"https:\/\/infoecos.com.ar\/index.php\/wp-json\/wp\/v2\/posts"}],"about":[{"href":"https:\/\/infoecos.com.ar\/index.php\/wp-json\/wp\/v2\/types\/post"}],"author":[{"embeddable":true,"href":"https:\/\/infoecos.com.ar\/index.php\/wp-json\/wp\/v2\/users\/2"}],"replies":[{"embeddable":true,"href":"https:\/\/infoecos.com.ar\/index.php\/wp-json\/wp\/v2\/comments?post=75110"}],"version-history":[{"count":2,"href":"https:\/\/infoecos.com.ar\/index.php\/wp-json\/wp\/v2\/posts\/75110\/revisions"}],"predecessor-version":[{"id":75251,"href":"https:\/\/infoecos.com.ar\/index.php\/wp-json\/wp\/v2\/posts\/75110\/revisions\/75251"}],"wp:attachment":[{"href":"https:\/\/infoecos.com.ar\/index.php\/wp-json\/wp\/v2\/media?parent=75110"}],"wp:term":[{"taxonomy":"category","embeddable":true,"href":"https:\/\/infoecos.com.ar\/index.php\/wp-json\/wp\/v2\/categories?post=75110"},{"taxonomy":"post_tag","embeddable":true,"href":"https:\/\/infoecos.com.ar\/index.php\/wp-json\/wp\/v2\/tags?post=75110"}],"curies":[{"name":"wp","href":"https:\/\/api.w.org\/{rel}","templated":true}]}}